
{"id":4084,"date":"2009-06-25T06:07:44","date_gmt":"2009-06-25T09:07:44","guid":{"rendered":"http:\/\/www.oarcanjo.net\/site\/?p=4084"},"modified":"2009-06-24T22:26:50","modified_gmt":"2009-06-25T01:26:50","slug":"a-volta-de-deus","status":"publish","type":"post","link":"https:\/\/www.oarcanjo.net\/site\/a-volta-de-deus\/","title":{"rendered":"A volta de Deus"},"content":{"rendered":"<p>Maria Clara Lucchetti Bingemer<\/p>\n<p>N\u00e3o chega a ser uma novidade o fato de estarmos assistindo, j\u00e1 h\u00e1 algum tempo, a certo &#8220;reencantamento do mundo&#8221;, isto \u00e9, a uma invers\u00e3o do processo de seculariza\u00e7\u00e3o deslanchado com a modernidade e sua crise. Essa tend\u00eancia come\u00e7ou a visibilizar-se com a nova consci\u00eancia religiosa trazida pela Nova Era, o esoterismo, o culto das pir\u00e2mides de cristal, o I-Ching, o tar\u00f4, o retorno dos anjos e duendes. A raz\u00e3o banida permanecia oculta pelo deslumbramento com um al\u00e9m povoado de deuses maiores e menores, por\u00e9m fluidos e sem consist\u00eancia. E o resgate da transcend\u00eancia sem absolutos expressou-se at\u00e9 mesmo, mais recentemente, em livros de grande tiragem que falavam sobre meninos bruxos e an\u00e9is m\u00e1gicos.<\/p>\n<p>Os atentados de 11 de setembro de 2001 trouxeram novos e terr\u00edveis exemplos para completarem esse panorama. O fanatismo fundamentalista em todos os campos, e n\u00e3o somente no isl\u00e2mico, semeou o estupor e o medo, mas tamb\u00e9m trouxe uma mudan\u00e7a de perspectiva para enxergar o mundo. No entanto, ao mesmo tempo em que crescia a avers\u00e3o da opini\u00e3o p\u00fablica ocidental pelo fundamentalismo, assistia-se ao aumento de receptividade para com a atitude religiosa como tal. N\u00e3o se pode mais dizer que Deus n\u00e3o \u00e9 um tema atual.<\/p>\n<p>A ideia da incompatibilidade de princ\u00edpio da seculariza\u00e7\u00e3o com a religi\u00e3o entra decididamente em decl\u00ednio. E os sintomas do que poder\u00edamos chamar de uma volta de Deus aparecem como sinais vis\u00edveis de novos tempos. &#8220;Aquilo que muitos acreditavam que destruiria a religi\u00e3o &#8211; a tecnologia, a ci\u00eancia, a democracia, a raz\u00e3o e os mercados -, tudo isso est\u00e1 se combinando para faz\u00ea-la ficar mais forte&#8221;, escreveram John Micklethwait e Adrian Wooldridge, ambos jornalistas da revista brit\u00e2nica The Economist, no livro &#8220;God is back&#8221;. Para muitos e bem concretamente para os jovens, como diz o t\u00edtulo do livro, Deus est\u00e1 de volta.<\/p>\n<p>A recente reportagem de revista de grande circula\u00e7\u00e3o analisa a rela\u00e7\u00e3o da juventude de hoje com a religi\u00e3o. E a conclus\u00e3o n\u00e3o deixa de ser surpreendente: os jovens s\u00e3o religiosos. N\u00e3o como seus pais ou av\u00f3s, mas de outra maneira, pr\u00f3pria, fazendo uma nova s\u00edntese entre a experi\u00eancia da f\u00e9 e sua express\u00e3o. E a internet \u00e9 um dos recursos que mais interv\u00eam na sede de transcend\u00eancia do jovem que vai para diante do computador buscar interlocu\u00e7\u00e3o para seus anseios espirituais.  <\/p>\n<p>A modernidade, com efeito, significa uma humaniza\u00e7\u00e3o do divino, a ascens\u00e3o irrevers\u00edvel da secularidade. Foi um extraordin\u00e1rio progresso para o esp\u00edrito humano, porque permitiu ao homem, enfim, pensar por si mesmo. Mas a modernidade tamb\u00e9m comporta um movimento oposto, que eleva e diviniza o humano. A humaniza\u00e7\u00e3o do divino implica o fim das transcend\u00eancias &#8220;verticais&#8221;, autorit\u00e1rias, situadas fora e acima do sujeito. Nesse sentido, a modernidade \u00e9 o reino da iman\u00eancia.<\/p>\n<p>No entanto, hoje se percebe ser poss\u00edvel, tamb\u00e9m, nas entranhas da iman\u00eancia &#8211; da raz\u00e3o, do conhecimento e da ci\u00eancia &#8211; pensar algo que a transborda, que a extravasa e a faz autotranscender-se. A for\u00e7a motriz dessa nova transcend\u00eancia \u00e9 o amor, que leva os seres humanos a ultrapassar sua interioridade solit\u00e1ria para alcan\u00e7ar o Outro e com ele entrar em rela\u00e7\u00e3o.<\/p>\n<p>Tal experi\u00eancia e tal atitude n\u00e3o significam o banimento da raz\u00e3o; ao contr\u00e1rio, d\u00e3o \u00e0 ci\u00eancia estatuto pleno de cidadania quando se trata de pensar esse Deus que volta a ser elemento constitutivo do conhecimento e do pensar humanos. A constata\u00e7\u00e3o da volta de Deus traduz, por outro lado, a certeza de que nenhuma sociedade pode sobreviver sem a religi\u00e3o, j\u00e1 que a maioria dos homens considera insatisfat\u00f3rias as respostas dadas pela ci\u00eancia \u00e0s perguntas existenciais sobre a vida e a morte.<\/p>\n<p>Como impulso ut\u00f3pico e como consci\u00eancia vigilante dos limites, a f\u00e9 e sua express\u00e3o religiosa t\u00eam hoje um lugar assegurado na sociedade do conhecimento e na comunidade cient\u00edfica. Deus est\u00e1 de volta e muito concretamente ali onde menos se esperava que estivesse: entre as novas gera\u00e7\u00f5es, filhas da ci\u00eancia e da t\u00e9cnica. \u00c9 preciso abrir os ouvidos para entender como esses novos crentes percebem o sujeito maior de sua cren\u00e7a.<\/p>\n<div id=\"themify_builder_content-4084\" data-postid=\"4084\" class=\"themify_builder_content themify_builder_content-4084 themify_builder themify_builder_front\">\n\t<\/div>\n<!-- \/themify_builder_content -->","protected":false},"excerpt":{"rendered":"<p>Maria Clara Lucchetti Bingemer N\u00e3o chega a ser uma novidade o fato de estarmos assistindo, j\u00e1 h\u00e1 algum tempo, a certo &#8220;reencantamento do mundo&#8221;, isto \u00e9, a uma invers\u00e3o do processo de seculariza\u00e7\u00e3o deslanchado com a modernidade e sua crise. Essa tend\u00eancia come\u00e7ou a visibilizar-se com a nova consci\u00eancia religiosa trazida pela Nova Era, o [&hellip;]<\/p>\n","protected":false},"author":5,"featured_media":0,"comment_status":"open","ping_status":"open","sticky":false,"template":"","format":"standard","meta":{"ngg_post_thumbnail":0,"footnotes":""},"categories":[9],"tags":[855,459,441,21,225,291,268,300],"yoast_head":"<!-- This site is optimized with the Yoast SEO plugin v23.5 - https:\/\/yoast.com\/wordpress\/plugins\/seo\/ -->\n<title>A volta de Deus - O Arcanjo no ar<\/title>\n<meta name=\"robots\" content=\"index, follow, max-snippet:-1, max-image-preview:large, max-video-preview:-1\" \/>\n<link rel=\"canonical\" href=\"https:\/\/www.oarcanjo.net\/site\/a-volta-de-deus\/\" \/>\n<meta property=\"og:locale\" content=\"pt_BR\" \/>\n<meta property=\"og:type\" content=\"article\" \/>\n<meta property=\"og:title\" content=\"A volta de Deus - O Arcanjo no ar\" \/>\n<meta property=\"og:description\" content=\"Maria Clara Lucchetti Bingemer N\u00e3o chega a ser uma novidade o fato de estarmos assistindo, j\u00e1 h\u00e1 algum tempo, a certo &#8220;reencantamento do mundo&#8221;, isto \u00e9, a uma invers\u00e3o do processo de seculariza\u00e7\u00e3o deslanchado com a modernidade e sua crise. Essa tend\u00eancia come\u00e7ou a visibilizar-se com a nova consci\u00eancia religiosa trazida pela Nova Era, o [&hellip;]\" \/>\n<meta property=\"og:url\" content=\"https:\/\/www.oarcanjo.net\/site\/a-volta-de-deus\/\" \/>\n<meta property=\"og:site_name\" content=\"O Arcanjo no ar\" \/>\n<meta property=\"article:publisher\" content=\"https:\/\/www.facebook.com\/OArcanjoNoAr\/\" \/>\n<meta property=\"article:published_time\" content=\"2009-06-25T09:07:44+00:00\" \/>\n<meta property=\"article:modified_time\" content=\"2009-06-25T01:26:50+00:00\" \/>\n<meta property=\"og:image\" content=\"https:\/\/www.oarcanjo.net\/site\/wp-content\/uploads\/logo-o-arcanjo-no-ar-facebook.png\" \/>\n\t<meta property=\"og:image:width\" content=\"300\" \/>\n\t<meta property=\"og:image:height\" content=\"300\" \/>\n\t<meta property=\"og:image:type\" content=\"image\/png\" \/>\n<meta name=\"author\" content=\"editor\" \/>\n<meta name=\"twitter:card\" content=\"summary_large_image\" \/>\n<meta name=\"twitter:label1\" content=\"Escrito por\" \/>\n\t<meta name=\"twitter:data1\" content=\"editor\" \/>\n\t<meta name=\"twitter:label2\" content=\"Est. tempo de leitura\" \/>\n\t<meta name=\"twitter:data2\" content=\"4 minutos\" \/>\n<script type=\"application\/ld+json\" class=\"yoast-schema-graph\">{\"@context\":\"https:\/\/schema.org\",\"@graph\":[{\"@type\":\"Article\",\"@id\":\"https:\/\/www.oarcanjo.net\/site\/a-volta-de-deus\/#article\",\"isPartOf\":{\"@id\":\"https:\/\/www.oarcanjo.net\/site\/a-volta-de-deus\/\"},\"author\":{\"name\":\"editor\",\"@id\":\"https:\/\/www.oarcanjo.net\/site\/#\/schema\/person\/f7024d007863202483a31326673a0838\"},\"headline\":\"A volta de Deus\",\"datePublished\":\"2009-06-25T09:07:44+00:00\",\"dateModified\":\"2009-06-25T01:26:50+00:00\",\"mainEntityOfPage\":{\"@id\":\"https:\/\/www.oarcanjo.net\/site\/a-volta-de-deus\/\"},\"wordCount\":756,\"commentCount\":0,\"publisher\":{\"@id\":\"https:\/\/www.oarcanjo.net\/site\/#organization\"},\"keywords\":[\"ate\u00edsmo\",\"ci\u00eancia\",\"f\u00e9\",\"internet\",\"juventude\",\"Raz\u00e3o\",\"religi\u00e3o\",\"tecnologia\"],\"articleSection\":[\"Reflex\u00f5es\"],\"inLanguage\":\"pt-BR\",\"potentialAction\":[{\"@type\":\"CommentAction\",\"name\":\"Comment\",\"target\":[\"https:\/\/www.oarcanjo.net\/site\/a-volta-de-deus\/#respond\"]}]},{\"@type\":\"WebPage\",\"@id\":\"https:\/\/www.oarcanjo.net\/site\/a-volta-de-deus\/\",\"url\":\"https:\/\/www.oarcanjo.net\/site\/a-volta-de-deus\/\",\"name\":\"A volta de Deus - O Arcanjo no ar\",\"isPartOf\":{\"@id\":\"https:\/\/www.oarcanjo.net\/site\/#website\"},\"datePublished\":\"2009-06-25T09:07:44+00:00\",\"dateModified\":\"2009-06-25T01:26:50+00:00\",\"breadcrumb\":{\"@id\":\"https:\/\/www.oarcanjo.net\/site\/a-volta-de-deus\/#breadcrumb\"},\"inLanguage\":\"pt-BR\",\"potentialAction\":[{\"@type\":\"ReadAction\",\"target\":[\"https:\/\/www.oarcanjo.net\/site\/a-volta-de-deus\/\"]}]},{\"@type\":\"BreadcrumbList\",\"@id\":\"https:\/\/www.oarcanjo.net\/site\/a-volta-de-deus\/#breadcrumb\",\"itemListElement\":[{\"@type\":\"ListItem\",\"position\":1,\"name\":\"In\u00edcio\",\"item\":\"https:\/\/www.oarcanjo.net\/site\/\"},{\"@type\":\"ListItem\",\"position\":2,\"name\":\"A volta de Deus\"}]},{\"@type\":\"WebSite\",\"@id\":\"https:\/\/www.oarcanjo.net\/site\/#website\",\"url\":\"https:\/\/www.oarcanjo.net\/site\/\",\"name\":\"O Arcanjo no ar\",\"description\":\"Site da Par\u00f3quia S\u00e3o Miguel Arcanjo (Arquidiocese de SP)\",\"publisher\":{\"@id\":\"https:\/\/www.oarcanjo.net\/site\/#organization\"},\"potentialAction\":[{\"@type\":\"SearchAction\",\"target\":{\"@type\":\"EntryPoint\",\"urlTemplate\":\"https:\/\/www.oarcanjo.net\/site\/?s={search_term_string}\"},\"query-input\":{\"@type\":\"PropertyValueSpecification\",\"valueRequired\":true,\"valueName\":\"search_term_string\"}}],\"inLanguage\":\"pt-BR\"},{\"@type\":\"Organization\",\"@id\":\"https:\/\/www.oarcanjo.net\/site\/#organization\",\"name\":\"Par\u00f3quia S\u00e3o Miguel Arcanjo\",\"url\":\"https:\/\/www.oarcanjo.net\/site\/\",\"logo\":{\"@type\":\"ImageObject\",\"inLanguage\":\"pt-BR\",\"@id\":\"https:\/\/www.oarcanjo.net\/site\/#\/schema\/logo\/image\/\",\"url\":\"https:\/\/www.oarcanjo.net\/site\/wp-content\/uploads\/LogoOArcanjo.png\",\"contentUrl\":\"https:\/\/www.oarcanjo.net\/site\/wp-content\/uploads\/LogoOArcanjo.png\",\"width\":319,\"height\":99,\"caption\":\"Par\u00f3quia S\u00e3o Miguel Arcanjo\"},\"image\":{\"@id\":\"https:\/\/www.oarcanjo.net\/site\/#\/schema\/logo\/image\/\"},\"sameAs\":[\"https:\/\/www.facebook.com\/OArcanjoNoAr\/\"]},{\"@type\":\"Person\",\"@id\":\"https:\/\/www.oarcanjo.net\/site\/#\/schema\/person\/f7024d007863202483a31326673a0838\",\"name\":\"editor\",\"sameAs\":[\"http:\/\/www.oarcanjo.net\"]}]}<\/script>\n<!-- \/ Yoast SEO plugin. -->","yoast_head_json":{"title":"A volta de Deus - O Arcanjo no ar","robots":{"index":"index","follow":"follow","max-snippet":"max-snippet:-1","max-image-preview":"max-image-preview:large","max-video-preview":"max-video-preview:-1"},"canonical":"https:\/\/www.oarcanjo.net\/site\/a-volta-de-deus\/","og_locale":"pt_BR","og_type":"article","og_title":"A volta de Deus - O Arcanjo no ar","og_description":"Maria Clara Lucchetti Bingemer N\u00e3o chega a ser uma novidade o fato de estarmos assistindo, j\u00e1 h\u00e1 algum tempo, a certo &#8220;reencantamento do mundo&#8221;, isto \u00e9, a uma invers\u00e3o do processo de seculariza\u00e7\u00e3o deslanchado com a modernidade e sua crise. Essa tend\u00eancia come\u00e7ou a visibilizar-se com a nova consci\u00eancia religiosa trazida pela Nova Era, o [&hellip;]","og_url":"https:\/\/www.oarcanjo.net\/site\/a-volta-de-deus\/","og_site_name":"O Arcanjo no ar","article_publisher":"https:\/\/www.facebook.com\/OArcanjoNoAr\/","article_published_time":"2009-06-25T09:07:44+00:00","article_modified_time":"2009-06-25T01:26:50+00:00","og_image":[{"width":300,"height":300,"url":"https:\/\/www.oarcanjo.net\/site\/wp-content\/uploads\/logo-o-arcanjo-no-ar-facebook.png","type":"image\/png"}],"author":"editor","twitter_card":"summary_large_image","twitter_misc":{"Escrito por":"editor","Est. tempo de leitura":"4 minutos"},"schema":{"@context":"https:\/\/schema.org","@graph":[{"@type":"Article","@id":"https:\/\/www.oarcanjo.net\/site\/a-volta-de-deus\/#article","isPartOf":{"@id":"https:\/\/www.oarcanjo.net\/site\/a-volta-de-deus\/"},"author":{"name":"editor","@id":"https:\/\/www.oarcanjo.net\/site\/#\/schema\/person\/f7024d007863202483a31326673a0838"},"headline":"A volta de Deus","datePublished":"2009-06-25T09:07:44+00:00","dateModified":"2009-06-25T01:26:50+00:00","mainEntityOfPage":{"@id":"https:\/\/www.oarcanjo.net\/site\/a-volta-de-deus\/"},"wordCount":756,"commentCount":0,"publisher":{"@id":"https:\/\/www.oarcanjo.net\/site\/#organization"},"keywords":["ate\u00edsmo","ci\u00eancia","f\u00e9","internet","juventude","Raz\u00e3o","religi\u00e3o","tecnologia"],"articleSection":["Reflex\u00f5es"],"inLanguage":"pt-BR","potentialAction":[{"@type":"CommentAction","name":"Comment","target":["https:\/\/www.oarcanjo.net\/site\/a-volta-de-deus\/#respond"]}]},{"@type":"WebPage","@id":"https:\/\/www.oarcanjo.net\/site\/a-volta-de-deus\/","url":"https:\/\/www.oarcanjo.net\/site\/a-volta-de-deus\/","name":"A volta de Deus - O Arcanjo no ar","isPartOf":{"@id":"https:\/\/www.oarcanjo.net\/site\/#website"},"datePublished":"2009-06-25T09:07:44+00:00","dateModified":"2009-06-25T01:26:50+00:00","breadcrumb":{"@id":"https:\/\/www.oarcanjo.net\/site\/a-volta-de-deus\/#breadcrumb"},"inLanguage":"pt-BR","potentialAction":[{"@type":"ReadAction","target":["https:\/\/www.oarcanjo.net\/site\/a-volta-de-deus\/"]}]},{"@type":"BreadcrumbList","@id":"https:\/\/www.oarcanjo.net\/site\/a-volta-de-deus\/#breadcrumb","itemListElement":[{"@type":"ListItem","position":1,"name":"In\u00edcio","item":"https:\/\/www.oarcanjo.net\/site\/"},{"@type":"ListItem","position":2,"name":"A volta de Deus"}]},{"@type":"WebSite","@id":"https:\/\/www.oarcanjo.net\/site\/#website","url":"https:\/\/www.oarcanjo.net\/site\/","name":"O Arcanjo no ar","description":"Site da Par\u00f3quia S\u00e3o Miguel Arcanjo (Arquidiocese de SP)","publisher":{"@id":"https:\/\/www.oarcanjo.net\/site\/#organization"},"potentialAction":[{"@type":"SearchAction","target":{"@type":"EntryPoint","urlTemplate":"https:\/\/www.oarcanjo.net\/site\/?s={search_term_string}"},"query-input":{"@type":"PropertyValueSpecification","valueRequired":true,"valueName":"search_term_string"}}],"inLanguage":"pt-BR"},{"@type":"Organization","@id":"https:\/\/www.oarcanjo.net\/site\/#organization","name":"Par\u00f3quia S\u00e3o Miguel Arcanjo","url":"https:\/\/www.oarcanjo.net\/site\/","logo":{"@type":"ImageObject","inLanguage":"pt-BR","@id":"https:\/\/www.oarcanjo.net\/site\/#\/schema\/logo\/image\/","url":"https:\/\/www.oarcanjo.net\/site\/wp-content\/uploads\/LogoOArcanjo.png","contentUrl":"https:\/\/www.oarcanjo.net\/site\/wp-content\/uploads\/LogoOArcanjo.png","width":319,"height":99,"caption":"Par\u00f3quia S\u00e3o Miguel Arcanjo"},"image":{"@id":"https:\/\/www.oarcanjo.net\/site\/#\/schema\/logo\/image\/"},"sameAs":["https:\/\/www.facebook.com\/OArcanjoNoAr\/"]},{"@type":"Person","@id":"https:\/\/www.oarcanjo.net\/site\/#\/schema\/person\/f7024d007863202483a31326673a0838","name":"editor","sameAs":["http:\/\/www.oarcanjo.net"]}]}},"publishpress_future_action":{"enabled":false,"date":"2026-05-09 10:23:42","action":"category","newStatus":"draft","terms":[],"taxonomy":"category"},"publishpress_future_workflow_manual_trigger":{"enabledWorkflows":[]},"_links":{"self":[{"href":"https:\/\/www.oarcanjo.net\/site\/wp-json\/wp\/v2\/posts\/4084"}],"collection":[{"href":"https:\/\/www.oarcanjo.net\/site\/wp-json\/wp\/v2\/posts"}],"about":[{"href":"https:\/\/www.oarcanjo.net\/site\/wp-json\/wp\/v2\/types\/post"}],"author":[{"embeddable":true,"href":"https:\/\/www.oarcanjo.net\/site\/wp-json\/wp\/v2\/users\/5"}],"replies":[{"embeddable":true,"href":"https:\/\/www.oarcanjo.net\/site\/wp-json\/wp\/v2\/comments?post=4084"}],"version-history":[{"count":0,"href":"https:\/\/www.oarcanjo.net\/site\/wp-json\/wp\/v2\/posts\/4084\/revisions"}],"wp:attachment":[{"href":"https:\/\/www.oarcanjo.net\/site\/wp-json\/wp\/v2\/media?parent=4084"}],"wp:term":[{"taxonomy":"category","embeddable":true,"href":"https:\/\/www.oarcanjo.net\/site\/wp-json\/wp\/v2\/categories?post=4084"},{"taxonomy":"post_tag","embeddable":true,"href":"https:\/\/www.oarcanjo.net\/site\/wp-json\/wp\/v2\/tags?post=4084"}],"curies":[{"name":"wp","href":"https:\/\/api.w.org\/{rel}","templated":true}]}}