
{"id":4086,"date":"2009-06-25T19:08:01","date_gmt":"2009-06-25T22:08:01","guid":{"rendered":"http:\/\/www.oarcanjo.net\/site\/?p=4086"},"modified":"2009-06-25T19:08:01","modified_gmt":"2009-06-25T22:08:01","slug":"licoes-do-ano-paulino","status":"publish","type":"post","link":"https:\/\/www.oarcanjo.net\/site\/licoes-do-ano-paulino\/","title":{"rendered":"Li\u00e7\u00f5es do Ano Paulino"},"content":{"rendered":"<p>Dom Dem\u00e9trio Valentini<\/p>\n<p>Neste domingo, termina o ano paulino, institu\u00eddo para comemorar os dois mil anos de nascimento do Ap\u00f3stolo S\u00e3o Paulo. A iniciativa encontrou ades\u00e3o espont\u00e2nea em toda a Igreja.<\/p>\n<p>Fazia sentido! Depois de celebrados os dois mil anos de Jesus, nada mais condizente do que celebrar a personalidade humana que, depois de Cristo, historicamente mais determinou as fei\u00e7\u00f5es do cristianismo. Tanto que alguns o consideram como verdadeiro fundador, no sentido de ter ele, Paulo, dado o formato te\u00f3rico da nova express\u00e3o religiosa, que se propagou com rapidez surpreendente no imp\u00e9rio romano, e se tornou a religi\u00e3o com maior n\u00famero de seguidores no mundo inteiro.<\/p>\n<p>Conclu\u00eddo agora o &#8220;ano paulino&#8221;, podemos melhor nos dar conta de como \u00e9 fortemente &#8220;paulina&#8221; a formula\u00e7\u00e3o da f\u00e9 crist\u00e3, e continuam sendo muito &#8220;paulinas&#8221; as fei\u00e7\u00f5es da Igreja de Cristo.<\/p>\n<p>Algumas dimens\u00f5es merecem destaque. Uma delas sobressai, pela amplid\u00e3o do seu significado. Antes de sua convers\u00e3o, Saulo personificava a oposi\u00e7\u00e3o mais radical e mais feroz \u00e0 nova religi\u00e3o que estava surgindo. Mas a rejei\u00e7\u00e3o radical levou \u00e0 ades\u00e3o profunda e envolvente. Na experi\u00eancia de Saulo, que o levou a ser &#8220;Paulo &#8211; o Ap\u00f3stolo das na\u00e7\u00f5es&#8221;, a f\u00e9 crist\u00e3 mostrou sua singular for\u00e7a de atra\u00e7\u00e3o, com a capacidade surpreendente de iluminar a intelig\u00eancia e de seduzir a vontade humana, no pleno respeito \u00e0 dignidade e \u00e0 liberdade.<\/p>\n<p>Em Paulo, toda pessoa encontra inspira\u00e7\u00e3o para empreender a mesma trajet\u00f3ria. Da atitude de descaso, ou at\u00e9 de rejei\u00e7\u00e3o, quem resolve se defrontar com Cristo, percebe logo a sintonia profunda que \u00e9 poss\u00edvel estabelecer entre f\u00e9 e raz\u00e3o. Em Cristo se harmoniza, com perfei\u00e7\u00e3o, a natureza humana com a natureza divina. Paulo, com sua busca radical da verdade, nos d\u00e1 a demonstra\u00e7\u00e3o cabal de quanto a f\u00e9 crist\u00e3 n\u00e3o s\u00f3 \u00e9 palat\u00e1vel \u00e0 intelig\u00eancia, mas tem a for\u00e7a de atra\u00ed-la, e quanto o seguimento de Cristo abre caminho para a verdadeira realiza\u00e7\u00e3o humana.<\/p>\n<p>Em Jesus, temos a presen\u00e7a plena do mist\u00e9rio de Deus na humanidade. Em Paulo, temos a demonstra\u00e7\u00e3o de como esta presen\u00e7a se coaduna com nossa condi\u00e7\u00e3o humana. Esta a grandeza maior de Paulo.<\/p>\n<p>Mas as li\u00e7\u00f5es do ano paulino n\u00e3o param a\u00ed.<\/p>\n<p>Sua experi\u00eancia de convers\u00e3o \u00e9 comovente, e sobretudo exemplar. Tinha um temperamento dif\u00edcil, com seu \u00e2nimo impetuoso suscitando muitos atritos, mesmo entre os crist\u00e3os. Precisou empreender um longo e penoso itiner\u00e1rio de convers\u00e3o que o levou a passar anos em Tarso, onde finalmente Barnab\u00e9 foi busc\u00e1-lo. A vida de Paulo se constitui em precioso exemplo de empenho pessoal para colocar as energias vitais a servi\u00e7o da causa de Cristo.<\/p>\n<p>Outra li\u00e7\u00e3o est\u00e1 na centralidade de Cristo. Da rejei\u00e7\u00e3o inicial, quando Saulo achava que o Nazareno tinha sido um taumaturgo perturbador da ordem religiosa, Paulo foi aos poucos se dando conta da densidade do mist\u00e9rio de Jesus, &#8220;em quem est\u00e1 a plenitude da divindade&#8221;. Tanto que no final de sua vida, Paulo p\u00f4de dizer com sinceridade: &#8220;Para mim, o viver \u00e9 Cristo!&#8221; Perceber como em Cristo encontramos a s\u00edntese do mist\u00e9rio e do projeto de Deus, \u00e9 outro salutar testemunho que Paulo nos deixou, e que o ano paulino nos recorda.<\/p>\n<p>Podemos identificar outros aspectos importantes, que acabaram sendo ressaltados por este ano providencial, que est\u00e1 se encerrando. Como por exemplo a import\u00e2ncia da miss\u00e3o, que possibilitou a Paulo desabrochar seus talentos na evangeliza\u00e7\u00e3o dos gentios. E a validade de sua estrat\u00e9gia de deixar por escrito suas mensagens, nas numerosas cartas que continuam alimentando a Igreja.<\/p>\n<p>Na verdade, em Paulo reconhecemos um dom precioso, do qual a Igreja nunca poder\u00e1 prescindir, para formular sua f\u00e9 e para cumprir sua miss\u00e3o.<\/p>\n<div id=\"themify_builder_content-4086\" data-postid=\"4086\" class=\"themify_builder_content themify_builder_content-4086 themify_builder themify_builder_front\">\n\t<\/div>\n<!-- \/themify_builder_content -->","protected":false},"excerpt":{"rendered":"<p>Dom Dem\u00e9trio Valentini Neste domingo, termina o ano paulino, institu\u00eddo para comemorar os dois mil anos de nascimento do Ap\u00f3stolo S\u00e3o Paulo. A iniciativa encontrou ades\u00e3o espont\u00e2nea em toda a Igreja. Fazia sentido! Depois de celebrados os dois mil anos de Jesus, nada mais condizente do que celebrar a personalidade humana que, depois de Cristo, [&hellip;]<\/p>\n","protected":false},"author":5,"featured_media":0,"comment_status":"open","ping_status":"open","sticky":false,"template":"","format":"standard","meta":{"ngg_post_thumbnail":0,"footnotes":""},"categories":[9],"tags":[265,155],"yoast_head":"<!-- This site is optimized with the Yoast SEO plugin v23.5 - https:\/\/yoast.com\/wordpress\/plugins\/seo\/ -->\n<title>Li\u00e7\u00f5es do Ano Paulino - O Arcanjo no ar<\/title>\n<meta name=\"robots\" content=\"index, follow, max-snippet:-1, max-image-preview:large, max-video-preview:-1\" \/>\n<link rel=\"canonical\" href=\"https:\/\/www.oarcanjo.net\/site\/licoes-do-ano-paulino\/\" \/>\n<meta property=\"og:locale\" content=\"pt_BR\" \/>\n<meta property=\"og:type\" content=\"article\" \/>\n<meta property=\"og:title\" content=\"Li\u00e7\u00f5es do Ano Paulino - O Arcanjo no ar\" \/>\n<meta property=\"og:description\" content=\"Dom Dem\u00e9trio Valentini Neste domingo, termina o ano paulino, institu\u00eddo para comemorar os dois mil anos de nascimento do Ap\u00f3stolo S\u00e3o Paulo. A iniciativa encontrou ades\u00e3o espont\u00e2nea em toda a Igreja. Fazia sentido! Depois de celebrados os dois mil anos de Jesus, nada mais condizente do que celebrar a personalidade humana que, depois de Cristo, [&hellip;]\" \/>\n<meta property=\"og:url\" content=\"https:\/\/www.oarcanjo.net\/site\/licoes-do-ano-paulino\/\" \/>\n<meta property=\"og:site_name\" content=\"O Arcanjo no ar\" \/>\n<meta property=\"article:publisher\" content=\"https:\/\/www.facebook.com\/OArcanjoNoAr\/\" \/>\n<meta property=\"article:published_time\" content=\"2009-06-25T22:08:01+00:00\" \/>\n<meta property=\"og:image\" content=\"https:\/\/www.oarcanjo.net\/site\/wp-content\/uploads\/logo-o-arcanjo-no-ar-facebook.png\" \/>\n\t<meta property=\"og:image:width\" content=\"300\" \/>\n\t<meta property=\"og:image:height\" content=\"300\" \/>\n\t<meta property=\"og:image:type\" content=\"image\/png\" \/>\n<meta name=\"author\" content=\"editor\" \/>\n<meta name=\"twitter:card\" content=\"summary_large_image\" \/>\n<meta name=\"twitter:label1\" content=\"Escrito por\" \/>\n\t<meta name=\"twitter:data1\" content=\"editor\" \/>\n\t<meta name=\"twitter:label2\" content=\"Est. tempo de leitura\" \/>\n\t<meta name=\"twitter:data2\" content=\"3 minutos\" \/>\n<script type=\"application\/ld+json\" class=\"yoast-schema-graph\">{\"@context\":\"https:\/\/schema.org\",\"@graph\":[{\"@type\":\"Article\",\"@id\":\"https:\/\/www.oarcanjo.net\/site\/licoes-do-ano-paulino\/#article\",\"isPartOf\":{\"@id\":\"https:\/\/www.oarcanjo.net\/site\/licoes-do-ano-paulino\/\"},\"author\":{\"name\":\"editor\",\"@id\":\"https:\/\/www.oarcanjo.net\/site\/#\/schema\/person\/f7024d007863202483a31326673a0838\"},\"headline\":\"Li\u00e7\u00f5es do Ano Paulino\",\"datePublished\":\"2009-06-25T22:08:01+00:00\",\"dateModified\":\"2009-06-25T22:08:01+00:00\",\"mainEntityOfPage\":{\"@id\":\"https:\/\/www.oarcanjo.net\/site\/licoes-do-ano-paulino\/\"},\"wordCount\":659,\"commentCount\":0,\"publisher\":{\"@id\":\"https:\/\/www.oarcanjo.net\/site\/#organization\"},\"keywords\":[\"ano paulino\",\"S\u00e3o Paulo Ap\u00f3stolo\"],\"articleSection\":[\"Reflex\u00f5es\"],\"inLanguage\":\"pt-BR\",\"potentialAction\":[{\"@type\":\"CommentAction\",\"name\":\"Comment\",\"target\":[\"https:\/\/www.oarcanjo.net\/site\/licoes-do-ano-paulino\/#respond\"]}]},{\"@type\":\"WebPage\",\"@id\":\"https:\/\/www.oarcanjo.net\/site\/licoes-do-ano-paulino\/\",\"url\":\"https:\/\/www.oarcanjo.net\/site\/licoes-do-ano-paulino\/\",\"name\":\"Li\u00e7\u00f5es do Ano Paulino - O Arcanjo no ar\",\"isPartOf\":{\"@id\":\"https:\/\/www.oarcanjo.net\/site\/#website\"},\"datePublished\":\"2009-06-25T22:08:01+00:00\",\"dateModified\":\"2009-06-25T22:08:01+00:00\",\"breadcrumb\":{\"@id\":\"https:\/\/www.oarcanjo.net\/site\/licoes-do-ano-paulino\/#breadcrumb\"},\"inLanguage\":\"pt-BR\",\"potentialAction\":[{\"@type\":\"ReadAction\",\"target\":[\"https:\/\/www.oarcanjo.net\/site\/licoes-do-ano-paulino\/\"]}]},{\"@type\":\"BreadcrumbList\",\"@id\":\"https:\/\/www.oarcanjo.net\/site\/licoes-do-ano-paulino\/#breadcrumb\",\"itemListElement\":[{\"@type\":\"ListItem\",\"position\":1,\"name\":\"In\u00edcio\",\"item\":\"https:\/\/www.oarcanjo.net\/site\/\"},{\"@type\":\"ListItem\",\"position\":2,\"name\":\"Li\u00e7\u00f5es do Ano Paulino\"}]},{\"@type\":\"WebSite\",\"@id\":\"https:\/\/www.oarcanjo.net\/site\/#website\",\"url\":\"https:\/\/www.oarcanjo.net\/site\/\",\"name\":\"O Arcanjo no ar\",\"description\":\"Site da Par\u00f3quia S\u00e3o Miguel Arcanjo (Arquidiocese de SP)\",\"publisher\":{\"@id\":\"https:\/\/www.oarcanjo.net\/site\/#organization\"},\"potentialAction\":[{\"@type\":\"SearchAction\",\"target\":{\"@type\":\"EntryPoint\",\"urlTemplate\":\"https:\/\/www.oarcanjo.net\/site\/?s={search_term_string}\"},\"query-input\":{\"@type\":\"PropertyValueSpecification\",\"valueRequired\":true,\"valueName\":\"search_term_string\"}}],\"inLanguage\":\"pt-BR\"},{\"@type\":\"Organization\",\"@id\":\"https:\/\/www.oarcanjo.net\/site\/#organization\",\"name\":\"Par\u00f3quia S\u00e3o Miguel Arcanjo\",\"url\":\"https:\/\/www.oarcanjo.net\/site\/\",\"logo\":{\"@type\":\"ImageObject\",\"inLanguage\":\"pt-BR\",\"@id\":\"https:\/\/www.oarcanjo.net\/site\/#\/schema\/logo\/image\/\",\"url\":\"https:\/\/www.oarcanjo.net\/site\/wp-content\/uploads\/LogoOArcanjo.png\",\"contentUrl\":\"https:\/\/www.oarcanjo.net\/site\/wp-content\/uploads\/LogoOArcanjo.png\",\"width\":319,\"height\":99,\"caption\":\"Par\u00f3quia S\u00e3o Miguel Arcanjo\"},\"image\":{\"@id\":\"https:\/\/www.oarcanjo.net\/site\/#\/schema\/logo\/image\/\"},\"sameAs\":[\"https:\/\/www.facebook.com\/OArcanjoNoAr\/\"]},{\"@type\":\"Person\",\"@id\":\"https:\/\/www.oarcanjo.net\/site\/#\/schema\/person\/f7024d007863202483a31326673a0838\",\"name\":\"editor\",\"sameAs\":[\"http:\/\/www.oarcanjo.net\"]}]}<\/script>\n<!-- \/ Yoast SEO plugin. -->","yoast_head_json":{"title":"Li\u00e7\u00f5es do Ano Paulino - O Arcanjo no ar","robots":{"index":"index","follow":"follow","max-snippet":"max-snippet:-1","max-image-preview":"max-image-preview:large","max-video-preview":"max-video-preview:-1"},"canonical":"https:\/\/www.oarcanjo.net\/site\/licoes-do-ano-paulino\/","og_locale":"pt_BR","og_type":"article","og_title":"Li\u00e7\u00f5es do Ano Paulino - O Arcanjo no ar","og_description":"Dom Dem\u00e9trio Valentini Neste domingo, termina o ano paulino, institu\u00eddo para comemorar os dois mil anos de nascimento do Ap\u00f3stolo S\u00e3o Paulo. A iniciativa encontrou ades\u00e3o espont\u00e2nea em toda a Igreja. Fazia sentido! Depois de celebrados os dois mil anos de Jesus, nada mais condizente do que celebrar a personalidade humana que, depois de Cristo, [&hellip;]","og_url":"https:\/\/www.oarcanjo.net\/site\/licoes-do-ano-paulino\/","og_site_name":"O Arcanjo no ar","article_publisher":"https:\/\/www.facebook.com\/OArcanjoNoAr\/","article_published_time":"2009-06-25T22:08:01+00:00","og_image":[{"width":300,"height":300,"url":"https:\/\/www.oarcanjo.net\/site\/wp-content\/uploads\/logo-o-arcanjo-no-ar-facebook.png","type":"image\/png"}],"author":"editor","twitter_card":"summary_large_image","twitter_misc":{"Escrito por":"editor","Est. tempo de leitura":"3 minutos"},"schema":{"@context":"https:\/\/schema.org","@graph":[{"@type":"Article","@id":"https:\/\/www.oarcanjo.net\/site\/licoes-do-ano-paulino\/#article","isPartOf":{"@id":"https:\/\/www.oarcanjo.net\/site\/licoes-do-ano-paulino\/"},"author":{"name":"editor","@id":"https:\/\/www.oarcanjo.net\/site\/#\/schema\/person\/f7024d007863202483a31326673a0838"},"headline":"Li\u00e7\u00f5es do Ano Paulino","datePublished":"2009-06-25T22:08:01+00:00","dateModified":"2009-06-25T22:08:01+00:00","mainEntityOfPage":{"@id":"https:\/\/www.oarcanjo.net\/site\/licoes-do-ano-paulino\/"},"wordCount":659,"commentCount":0,"publisher":{"@id":"https:\/\/www.oarcanjo.net\/site\/#organization"},"keywords":["ano paulino","S\u00e3o Paulo Ap\u00f3stolo"],"articleSection":["Reflex\u00f5es"],"inLanguage":"pt-BR","potentialAction":[{"@type":"CommentAction","name":"Comment","target":["https:\/\/www.oarcanjo.net\/site\/licoes-do-ano-paulino\/#respond"]}]},{"@type":"WebPage","@id":"https:\/\/www.oarcanjo.net\/site\/licoes-do-ano-paulino\/","url":"https:\/\/www.oarcanjo.net\/site\/licoes-do-ano-paulino\/","name":"Li\u00e7\u00f5es do Ano Paulino - O Arcanjo no ar","isPartOf":{"@id":"https:\/\/www.oarcanjo.net\/site\/#website"},"datePublished":"2009-06-25T22:08:01+00:00","dateModified":"2009-06-25T22:08:01+00:00","breadcrumb":{"@id":"https:\/\/www.oarcanjo.net\/site\/licoes-do-ano-paulino\/#breadcrumb"},"inLanguage":"pt-BR","potentialAction":[{"@type":"ReadAction","target":["https:\/\/www.oarcanjo.net\/site\/licoes-do-ano-paulino\/"]}]},{"@type":"BreadcrumbList","@id":"https:\/\/www.oarcanjo.net\/site\/licoes-do-ano-paulino\/#breadcrumb","itemListElement":[{"@type":"ListItem","position":1,"name":"In\u00edcio","item":"https:\/\/www.oarcanjo.net\/site\/"},{"@type":"ListItem","position":2,"name":"Li\u00e7\u00f5es do Ano Paulino"}]},{"@type":"WebSite","@id":"https:\/\/www.oarcanjo.net\/site\/#website","url":"https:\/\/www.oarcanjo.net\/site\/","name":"O Arcanjo no ar","description":"Site da Par\u00f3quia S\u00e3o Miguel Arcanjo (Arquidiocese de SP)","publisher":{"@id":"https:\/\/www.oarcanjo.net\/site\/#organization"},"potentialAction":[{"@type":"SearchAction","target":{"@type":"EntryPoint","urlTemplate":"https:\/\/www.oarcanjo.net\/site\/?s={search_term_string}"},"query-input":{"@type":"PropertyValueSpecification","valueRequired":true,"valueName":"search_term_string"}}],"inLanguage":"pt-BR"},{"@type":"Organization","@id":"https:\/\/www.oarcanjo.net\/site\/#organization","name":"Par\u00f3quia S\u00e3o Miguel Arcanjo","url":"https:\/\/www.oarcanjo.net\/site\/","logo":{"@type":"ImageObject","inLanguage":"pt-BR","@id":"https:\/\/www.oarcanjo.net\/site\/#\/schema\/logo\/image\/","url":"https:\/\/www.oarcanjo.net\/site\/wp-content\/uploads\/LogoOArcanjo.png","contentUrl":"https:\/\/www.oarcanjo.net\/site\/wp-content\/uploads\/LogoOArcanjo.png","width":319,"height":99,"caption":"Par\u00f3quia S\u00e3o Miguel Arcanjo"},"image":{"@id":"https:\/\/www.oarcanjo.net\/site\/#\/schema\/logo\/image\/"},"sameAs":["https:\/\/www.facebook.com\/OArcanjoNoAr\/"]},{"@type":"Person","@id":"https:\/\/www.oarcanjo.net\/site\/#\/schema\/person\/f7024d007863202483a31326673a0838","name":"editor","sameAs":["http:\/\/www.oarcanjo.net"]}]}},"publishpress_future_action":{"enabled":false,"date":"2026-05-09 10:23:55","action":"category","newStatus":"draft","terms":[],"taxonomy":"category"},"publishpress_future_workflow_manual_trigger":{"enabledWorkflows":[]},"_links":{"self":[{"href":"https:\/\/www.oarcanjo.net\/site\/wp-json\/wp\/v2\/posts\/4086"}],"collection":[{"href":"https:\/\/www.oarcanjo.net\/site\/wp-json\/wp\/v2\/posts"}],"about":[{"href":"https:\/\/www.oarcanjo.net\/site\/wp-json\/wp\/v2\/types\/post"}],"author":[{"embeddable":true,"href":"https:\/\/www.oarcanjo.net\/site\/wp-json\/wp\/v2\/users\/5"}],"replies":[{"embeddable":true,"href":"https:\/\/www.oarcanjo.net\/site\/wp-json\/wp\/v2\/comments?post=4086"}],"version-history":[{"count":0,"href":"https:\/\/www.oarcanjo.net\/site\/wp-json\/wp\/v2\/posts\/4086\/revisions"}],"wp:attachment":[{"href":"https:\/\/www.oarcanjo.net\/site\/wp-json\/wp\/v2\/media?parent=4086"}],"wp:term":[{"taxonomy":"category","embeddable":true,"href":"https:\/\/www.oarcanjo.net\/site\/wp-json\/wp\/v2\/categories?post=4086"},{"taxonomy":"post_tag","embeddable":true,"href":"https:\/\/www.oarcanjo.net\/site\/wp-json\/wp\/v2\/tags?post=4086"}],"curies":[{"name":"wp","href":"https:\/\/api.w.org\/{rel}","templated":true}]}}