
{"id":4090,"date":"2009-06-26T10:45:28","date_gmt":"2009-06-26T13:45:28","guid":{"rendered":"http:\/\/www.oarcanjo.net\/site\/?p=4090"},"modified":"2009-06-26T10:45:28","modified_gmt":"2009-06-26T13:45:28","slug":"sao-paulo-veio-para-ficar","status":"publish","type":"post","link":"https:\/\/www.oarcanjo.net\/site\/sao-paulo-veio-para-ficar\/","title":{"rendered":"S\u00e3o Paulo veio para ficar"},"content":{"rendered":"<p>D. Odilo Pedro Scherer<\/p>\n<p>Estamos chegando \u00e0 conclus\u00e3o do Ano Paulino, durante o qual comemoramos os 2 mil anos do nascimento do grande ap\u00f3stolo  S\u00e3o Paulo; com muita honra e alegria, temos este grande disc\u00edpulo, mission\u00e1rio e m\u00e1rtir de Cristo como Patrono de nossa arquidiocese.<\/p>\n<p>Ao longo deste ano, muitas a\u00e7\u00f5es foram feitas, quer em \u00e2mbito paroquial e regional, quer em n\u00edvel arquidiocesano, para redescobrir a figura extraordin\u00e1ria  de Paulo e sua import\u00e2ncia para a Igreja; estudos foram feitos para o renovado apre\u00e7o dos escritos e testemunhos de Paulo, que edificaram a Igreja ao longo dos s\u00e9culos; tamb\u00e9m hoje temos muito a aprender de Paulo!<\/p>\n<p>Foram feitas muitas peregrina\u00e7\u00f5es \u00e0 Catedral da S\u00e9, para encontrar o Senhor Jesus juntamente com o Ap\u00f3stolo, que tanto se dedicou ao an\u00fancio de Cristo ressuscitado e tudo fez para levar o maior n\u00famero poss\u00edvel de irm\u00e3os a Ele. A imagem de S.Paulo, daqui por diante, permanecer\u00e1 em lugar de honra na Catedral, para nos lembrar que esta Igreja paulistana quer  caminhar com ele e, dele, aprender sempre de novo o Evangelho de Cristo. Mas tamb\u00e9m foram feitas peregrina\u00e7\u00f5es \u00e0s 6 igrejas que, uma em cada regi\u00e3o episcopal, serviram de refer\u00eancia para os encontros com S\u00e3o Paulo ao longo deste ano. Bela iniciativa foi fazer visita da imagem do Ap\u00f3stolo pelas par\u00f3quias e setores de algumas regi\u00f5es. E, neste jornal da arquidiocese, tivemos cada semana a coluna preciosa do C\u00f4n. Celso Pedro, a nos instruir sobre S\u00e3o Paulo e seus escritos.<\/p>\n<p>Tenho a certeza de que tudo isso ajudar\u00e1 nossa arquidiocese a se tornar sempre mais uma \u201cIgreja paulina\u201d, que manifesta em sua vida e testemunho na cidade as caracter\u00edsticas mais marcantes do Ap\u00f3stolo: seu amor  incondicional a Jesus Cristo, a fidelidade ao Evangelho de Deus, a  coer\u00eancia e retid\u00e3o de sua conduta pessoal, \u201cconforme conv\u00e9m em Cristo Jesus\u201d, a missionariedade ousada, inteligente e incans\u00e1vel, para anunciar a Boa Nova de Cristo aos povos, seu zelo em ajudar as comunidades crist\u00e3s a crescerem na vida crist\u00e3, at\u00e9 \u201calcan\u00e7arem a estatura de Cristo\u201d, sua dedicada preocupa\u00e7\u00e3o com os pobres. Olhando para S\u00e3o Paulo, lendo e acolhendo a Palavra de Deus que nos  transmitiu, n\u00f3s podemos reconhecer nele a imagem de um verdadeiro e fiel disc\u00edpulo e mission\u00e1rio de Jesus Cristo.<\/p>\n<p>No dia 24 de junho teremos mais um momento significativo no Ano Paulino:  um concerto coral e sinf\u00f4nico na Sala S\u00e3o Paulo, oferecido pelo Governo do Estado em homenagem ao Ap\u00f3stolo no bimilen\u00e1rio do seu nascimento. Nada mais justo pois, de fato, n\u00e3o somente a arquidiocese, mas tamb\u00e9m o Estado e sua capital emprestaram o nome do Ap\u00f3stolo. Ser\u00e1 uma ocasi\u00e3o para destacar o significado cultural de Paulo de Tarso e da Igreja paulistana para a cidade e o Estado. Na mesma ocasi\u00e3o, ser\u00e1 lan\u00e7ado, um livro destacando em homenagem a S\u00e3o Paulo.<\/p>\n<p>E no domingo, 28 de junho, na solenidade dos ap\u00f3stolos Pedro e Paulo, faremos o encerramento solene do Ano Paulino, com a celebra\u00e7\u00e3o eucar\u00edstica das 15hs, na Catedral da S\u00e9, contando com a presen\u00e7a das Autoridades municipais e uma representa\u00e7\u00e3o das par\u00f3quias, comunidades e de todas as organiza\u00e7\u00f5es eclesiais de nossa arquidiocese. Ao mesmo tempo em que agradeceremos a Deus por nos ter dado em S\u00e3o Paulo um exemplo t\u00e3o insigne de crist\u00e3o, mission\u00e1rio e mestre na f\u00e9, faremos o envio mission\u00e1rio de toda a nossa igreja arquidiocesana: com Paulo, partiremos novamente em miss\u00e3o. Tantas vezes, ele partiu, levando consigo alguns companheiros, como Barnab\u00e9, Lucas, Marcos, Tim\u00f3teo, Silas, \u00c1quila e Priscila&#8230; Hoje todos n\u00f3s somos esses companheiros de miss\u00e3o de Paulo, que n\u00e3o partem mais para a Maced\u00f4nia, a  Acaia, a \u00c1sia Menor mas, diretamente, para os are\u00f3pagos de nossa imensa cidade  de S\u00e3o Paulo. Como recomenda nosso 10\u00ba Plano de Pastoral, somos \u201cdisc\u00edpulos e mission\u00e1rios de Cristo na cidade de S\u00e3o Paulo\u201d.<\/p>\n<p>No encerramento do Ano Paulino, tamb\u00e9m queremos deixar na cidade um marco p\u00fablico deste jubileu bimilen\u00e1rio: ap\u00f3s o encerramento da Missa na S\u00e9, no dia 28 de junho, ser\u00e1 inaugurada uma bela e grande est\u00e1tua de S\u00e3o Paulo na Pra\u00e7a da S\u00e9. O monumento, custeado por um generoso  patrocinador privado (Mapfre Seguros), ser\u00e1 um presente da Arquidiocese \u00e0 cidade, para que a  presen\u00e7a vis\u00edvel do Ap\u00f3stolo no meio da comunidade urbana e desta mesma Igreja, possa ser um sinal de que n\u00f3s queremos seguir hoje os passos e o exemplo de Paulo, levando a luz, o sal e o fermento do Evangelho para todos os ambientes da conviv\u00eancia social e das realiza\u00e7\u00f5es culturais, na certeza de que isso \u00e9 um bem e ajudar\u00e1 nossa cidade a ser melhor.<\/p>\n<div id=\"themify_builder_content-4090\" data-postid=\"4090\" class=\"themify_builder_content themify_builder_content-4090 themify_builder themify_builder_front\">\n\t<\/div>\n<!-- \/themify_builder_content -->","protected":false},"excerpt":{"rendered":"<p>D. Odilo Pedro Scherer Estamos chegando \u00e0 conclus\u00e3o do Ano Paulino, durante o qual comemoramos os 2 mil anos do nascimento do grande ap\u00f3stolo S\u00e3o Paulo; com muita honra e alegria, temos este grande disc\u00edpulo, mission\u00e1rio e m\u00e1rtir de Cristo como Patrono de nossa arquidiocese. Ao longo deste ano, muitas a\u00e7\u00f5es foram feitas, quer em [&hellip;]<\/p>\n","protected":false},"author":5,"featured_media":0,"comment_status":"open","ping_status":"open","sticky":false,"template":"","format":"standard","meta":{"ngg_post_thumbnail":0,"footnotes":""},"categories":[9],"tags":[265,155],"yoast_head":"<!-- This site is optimized with the Yoast SEO plugin v23.5 - https:\/\/yoast.com\/wordpress\/plugins\/seo\/ -->\n<title>S\u00e3o Paulo veio para ficar - O Arcanjo no ar<\/title>\n<meta name=\"robots\" content=\"index, follow, max-snippet:-1, max-image-preview:large, max-video-preview:-1\" \/>\n<link rel=\"canonical\" href=\"https:\/\/www.oarcanjo.net\/site\/sao-paulo-veio-para-ficar\/\" \/>\n<meta property=\"og:locale\" content=\"pt_BR\" \/>\n<meta property=\"og:type\" content=\"article\" \/>\n<meta property=\"og:title\" content=\"S\u00e3o Paulo veio para ficar - O Arcanjo no ar\" \/>\n<meta property=\"og:description\" content=\"D. Odilo Pedro Scherer Estamos chegando \u00e0 conclus\u00e3o do Ano Paulino, durante o qual comemoramos os 2 mil anos do nascimento do grande ap\u00f3stolo S\u00e3o Paulo; com muita honra e alegria, temos este grande disc\u00edpulo, mission\u00e1rio e m\u00e1rtir de Cristo como Patrono de nossa arquidiocese. Ao longo deste ano, muitas a\u00e7\u00f5es foram feitas, quer em [&hellip;]\" \/>\n<meta property=\"og:url\" content=\"https:\/\/www.oarcanjo.net\/site\/sao-paulo-veio-para-ficar\/\" \/>\n<meta property=\"og:site_name\" content=\"O Arcanjo no ar\" \/>\n<meta property=\"article:publisher\" content=\"https:\/\/www.facebook.com\/OArcanjoNoAr\/\" \/>\n<meta property=\"article:published_time\" content=\"2009-06-26T13:45:28+00:00\" \/>\n<meta property=\"og:image\" content=\"https:\/\/www.oarcanjo.net\/site\/wp-content\/uploads\/logo-o-arcanjo-no-ar-facebook.png\" \/>\n\t<meta property=\"og:image:width\" content=\"300\" \/>\n\t<meta property=\"og:image:height\" content=\"300\" \/>\n\t<meta property=\"og:image:type\" content=\"image\/png\" \/>\n<meta name=\"author\" content=\"editor\" \/>\n<meta name=\"twitter:card\" content=\"summary_large_image\" \/>\n<meta name=\"twitter:label1\" content=\"Escrito por\" \/>\n\t<meta name=\"twitter:data1\" content=\"editor\" \/>\n\t<meta name=\"twitter:label2\" content=\"Est. tempo de leitura\" \/>\n\t<meta name=\"twitter:data2\" content=\"4 minutos\" \/>\n<script type=\"application\/ld+json\" class=\"yoast-schema-graph\">{\"@context\":\"https:\/\/schema.org\",\"@graph\":[{\"@type\":\"Article\",\"@id\":\"https:\/\/www.oarcanjo.net\/site\/sao-paulo-veio-para-ficar\/#article\",\"isPartOf\":{\"@id\":\"https:\/\/www.oarcanjo.net\/site\/sao-paulo-veio-para-ficar\/\"},\"author\":{\"name\":\"editor\",\"@id\":\"https:\/\/www.oarcanjo.net\/site\/#\/schema\/person\/f7024d007863202483a31326673a0838\"},\"headline\":\"S\u00e3o Paulo veio para ficar\",\"datePublished\":\"2009-06-26T13:45:28+00:00\",\"dateModified\":\"2009-06-26T13:45:28+00:00\",\"mainEntityOfPage\":{\"@id\":\"https:\/\/www.oarcanjo.net\/site\/sao-paulo-veio-para-ficar\/\"},\"wordCount\":844,\"commentCount\":0,\"publisher\":{\"@id\":\"https:\/\/www.oarcanjo.net\/site\/#organization\"},\"keywords\":[\"ano paulino\",\"S\u00e3o Paulo Ap\u00f3stolo\"],\"articleSection\":[\"Reflex\u00f5es\"],\"inLanguage\":\"pt-BR\",\"potentialAction\":[{\"@type\":\"CommentAction\",\"name\":\"Comment\",\"target\":[\"https:\/\/www.oarcanjo.net\/site\/sao-paulo-veio-para-ficar\/#respond\"]}]},{\"@type\":\"WebPage\",\"@id\":\"https:\/\/www.oarcanjo.net\/site\/sao-paulo-veio-para-ficar\/\",\"url\":\"https:\/\/www.oarcanjo.net\/site\/sao-paulo-veio-para-ficar\/\",\"name\":\"S\u00e3o Paulo veio para ficar - O Arcanjo no ar\",\"isPartOf\":{\"@id\":\"https:\/\/www.oarcanjo.net\/site\/#website\"},\"datePublished\":\"2009-06-26T13:45:28+00:00\",\"dateModified\":\"2009-06-26T13:45:28+00:00\",\"breadcrumb\":{\"@id\":\"https:\/\/www.oarcanjo.net\/site\/sao-paulo-veio-para-ficar\/#breadcrumb\"},\"inLanguage\":\"pt-BR\",\"potentialAction\":[{\"@type\":\"ReadAction\",\"target\":[\"https:\/\/www.oarcanjo.net\/site\/sao-paulo-veio-para-ficar\/\"]}]},{\"@type\":\"BreadcrumbList\",\"@id\":\"https:\/\/www.oarcanjo.net\/site\/sao-paulo-veio-para-ficar\/#breadcrumb\",\"itemListElement\":[{\"@type\":\"ListItem\",\"position\":1,\"name\":\"In\u00edcio\",\"item\":\"https:\/\/www.oarcanjo.net\/site\/\"},{\"@type\":\"ListItem\",\"position\":2,\"name\":\"S\u00e3o Paulo veio para ficar\"}]},{\"@type\":\"WebSite\",\"@id\":\"https:\/\/www.oarcanjo.net\/site\/#website\",\"url\":\"https:\/\/www.oarcanjo.net\/site\/\",\"name\":\"O Arcanjo no ar\",\"description\":\"Site da Par\u00f3quia S\u00e3o Miguel Arcanjo (Arquidiocese de SP)\",\"publisher\":{\"@id\":\"https:\/\/www.oarcanjo.net\/site\/#organization\"},\"potentialAction\":[{\"@type\":\"SearchAction\",\"target\":{\"@type\":\"EntryPoint\",\"urlTemplate\":\"https:\/\/www.oarcanjo.net\/site\/?s={search_term_string}\"},\"query-input\":{\"@type\":\"PropertyValueSpecification\",\"valueRequired\":true,\"valueName\":\"search_term_string\"}}],\"inLanguage\":\"pt-BR\"},{\"@type\":\"Organization\",\"@id\":\"https:\/\/www.oarcanjo.net\/site\/#organization\",\"name\":\"Par\u00f3quia S\u00e3o Miguel Arcanjo\",\"url\":\"https:\/\/www.oarcanjo.net\/site\/\",\"logo\":{\"@type\":\"ImageObject\",\"inLanguage\":\"pt-BR\",\"@id\":\"https:\/\/www.oarcanjo.net\/site\/#\/schema\/logo\/image\/\",\"url\":\"https:\/\/www.oarcanjo.net\/site\/wp-content\/uploads\/LogoOArcanjo.png\",\"contentUrl\":\"https:\/\/www.oarcanjo.net\/site\/wp-content\/uploads\/LogoOArcanjo.png\",\"width\":319,\"height\":99,\"caption\":\"Par\u00f3quia S\u00e3o Miguel Arcanjo\"},\"image\":{\"@id\":\"https:\/\/www.oarcanjo.net\/site\/#\/schema\/logo\/image\/\"},\"sameAs\":[\"https:\/\/www.facebook.com\/OArcanjoNoAr\/\"]},{\"@type\":\"Person\",\"@id\":\"https:\/\/www.oarcanjo.net\/site\/#\/schema\/person\/f7024d007863202483a31326673a0838\",\"name\":\"editor\",\"sameAs\":[\"http:\/\/www.oarcanjo.net\"]}]}<\/script>\n<!-- \/ Yoast SEO plugin. -->","yoast_head_json":{"title":"S\u00e3o Paulo veio para ficar - O Arcanjo no ar","robots":{"index":"index","follow":"follow","max-snippet":"max-snippet:-1","max-image-preview":"max-image-preview:large","max-video-preview":"max-video-preview:-1"},"canonical":"https:\/\/www.oarcanjo.net\/site\/sao-paulo-veio-para-ficar\/","og_locale":"pt_BR","og_type":"article","og_title":"S\u00e3o Paulo veio para ficar - O Arcanjo no ar","og_description":"D. Odilo Pedro Scherer Estamos chegando \u00e0 conclus\u00e3o do Ano Paulino, durante o qual comemoramos os 2 mil anos do nascimento do grande ap\u00f3stolo S\u00e3o Paulo; com muita honra e alegria, temos este grande disc\u00edpulo, mission\u00e1rio e m\u00e1rtir de Cristo como Patrono de nossa arquidiocese. Ao longo deste ano, muitas a\u00e7\u00f5es foram feitas, quer em [&hellip;]","og_url":"https:\/\/www.oarcanjo.net\/site\/sao-paulo-veio-para-ficar\/","og_site_name":"O Arcanjo no ar","article_publisher":"https:\/\/www.facebook.com\/OArcanjoNoAr\/","article_published_time":"2009-06-26T13:45:28+00:00","og_image":[{"width":300,"height":300,"url":"https:\/\/www.oarcanjo.net\/site\/wp-content\/uploads\/logo-o-arcanjo-no-ar-facebook.png","type":"image\/png"}],"author":"editor","twitter_card":"summary_large_image","twitter_misc":{"Escrito por":"editor","Est. tempo de leitura":"4 minutos"},"schema":{"@context":"https:\/\/schema.org","@graph":[{"@type":"Article","@id":"https:\/\/www.oarcanjo.net\/site\/sao-paulo-veio-para-ficar\/#article","isPartOf":{"@id":"https:\/\/www.oarcanjo.net\/site\/sao-paulo-veio-para-ficar\/"},"author":{"name":"editor","@id":"https:\/\/www.oarcanjo.net\/site\/#\/schema\/person\/f7024d007863202483a31326673a0838"},"headline":"S\u00e3o Paulo veio para ficar","datePublished":"2009-06-26T13:45:28+00:00","dateModified":"2009-06-26T13:45:28+00:00","mainEntityOfPage":{"@id":"https:\/\/www.oarcanjo.net\/site\/sao-paulo-veio-para-ficar\/"},"wordCount":844,"commentCount":0,"publisher":{"@id":"https:\/\/www.oarcanjo.net\/site\/#organization"},"keywords":["ano paulino","S\u00e3o Paulo Ap\u00f3stolo"],"articleSection":["Reflex\u00f5es"],"inLanguage":"pt-BR","potentialAction":[{"@type":"CommentAction","name":"Comment","target":["https:\/\/www.oarcanjo.net\/site\/sao-paulo-veio-para-ficar\/#respond"]}]},{"@type":"WebPage","@id":"https:\/\/www.oarcanjo.net\/site\/sao-paulo-veio-para-ficar\/","url":"https:\/\/www.oarcanjo.net\/site\/sao-paulo-veio-para-ficar\/","name":"S\u00e3o Paulo veio para ficar - O Arcanjo no ar","isPartOf":{"@id":"https:\/\/www.oarcanjo.net\/site\/#website"},"datePublished":"2009-06-26T13:45:28+00:00","dateModified":"2009-06-26T13:45:28+00:00","breadcrumb":{"@id":"https:\/\/www.oarcanjo.net\/site\/sao-paulo-veio-para-ficar\/#breadcrumb"},"inLanguage":"pt-BR","potentialAction":[{"@type":"ReadAction","target":["https:\/\/www.oarcanjo.net\/site\/sao-paulo-veio-para-ficar\/"]}]},{"@type":"BreadcrumbList","@id":"https:\/\/www.oarcanjo.net\/site\/sao-paulo-veio-para-ficar\/#breadcrumb","itemListElement":[{"@type":"ListItem","position":1,"name":"In\u00edcio","item":"https:\/\/www.oarcanjo.net\/site\/"},{"@type":"ListItem","position":2,"name":"S\u00e3o Paulo veio para ficar"}]},{"@type":"WebSite","@id":"https:\/\/www.oarcanjo.net\/site\/#website","url":"https:\/\/www.oarcanjo.net\/site\/","name":"O Arcanjo no ar","description":"Site da Par\u00f3quia S\u00e3o Miguel Arcanjo (Arquidiocese de SP)","publisher":{"@id":"https:\/\/www.oarcanjo.net\/site\/#organization"},"potentialAction":[{"@type":"SearchAction","target":{"@type":"EntryPoint","urlTemplate":"https:\/\/www.oarcanjo.net\/site\/?s={search_term_string}"},"query-input":{"@type":"PropertyValueSpecification","valueRequired":true,"valueName":"search_term_string"}}],"inLanguage":"pt-BR"},{"@type":"Organization","@id":"https:\/\/www.oarcanjo.net\/site\/#organization","name":"Par\u00f3quia S\u00e3o Miguel Arcanjo","url":"https:\/\/www.oarcanjo.net\/site\/","logo":{"@type":"ImageObject","inLanguage":"pt-BR","@id":"https:\/\/www.oarcanjo.net\/site\/#\/schema\/logo\/image\/","url":"https:\/\/www.oarcanjo.net\/site\/wp-content\/uploads\/LogoOArcanjo.png","contentUrl":"https:\/\/www.oarcanjo.net\/site\/wp-content\/uploads\/LogoOArcanjo.png","width":319,"height":99,"caption":"Par\u00f3quia S\u00e3o Miguel Arcanjo"},"image":{"@id":"https:\/\/www.oarcanjo.net\/site\/#\/schema\/logo\/image\/"},"sameAs":["https:\/\/www.facebook.com\/OArcanjoNoAr\/"]},{"@type":"Person","@id":"https:\/\/www.oarcanjo.net\/site\/#\/schema\/person\/f7024d007863202483a31326673a0838","name":"editor","sameAs":["http:\/\/www.oarcanjo.net"]}]}},"publishpress_future_action":{"enabled":false,"date":"2026-05-09 10:23:42","action":"category","newStatus":"draft","terms":[],"taxonomy":"category"},"publishpress_future_workflow_manual_trigger":{"enabledWorkflows":[]},"_links":{"self":[{"href":"https:\/\/www.oarcanjo.net\/site\/wp-json\/wp\/v2\/posts\/4090"}],"collection":[{"href":"https:\/\/www.oarcanjo.net\/site\/wp-json\/wp\/v2\/posts"}],"about":[{"href":"https:\/\/www.oarcanjo.net\/site\/wp-json\/wp\/v2\/types\/post"}],"author":[{"embeddable":true,"href":"https:\/\/www.oarcanjo.net\/site\/wp-json\/wp\/v2\/users\/5"}],"replies":[{"embeddable":true,"href":"https:\/\/www.oarcanjo.net\/site\/wp-json\/wp\/v2\/comments?post=4090"}],"version-history":[{"count":0,"href":"https:\/\/www.oarcanjo.net\/site\/wp-json\/wp\/v2\/posts\/4090\/revisions"}],"wp:attachment":[{"href":"https:\/\/www.oarcanjo.net\/site\/wp-json\/wp\/v2\/media?parent=4090"}],"wp:term":[{"taxonomy":"category","embeddable":true,"href":"https:\/\/www.oarcanjo.net\/site\/wp-json\/wp\/v2\/categories?post=4090"},{"taxonomy":"post_tag","embeddable":true,"href":"https:\/\/www.oarcanjo.net\/site\/wp-json\/wp\/v2\/tags?post=4090"}],"curies":[{"name":"wp","href":"https:\/\/api.w.org\/{rel}","templated":true}]}}