
{"id":4092,"date":"2009-06-26T20:00:22","date_gmt":"2009-06-26T23:00:22","guid":{"rendered":"http:\/\/www.oarcanjo.net\/site\/?p=4092"},"modified":"2009-06-26T13:00:50","modified_gmt":"2009-06-26T16:00:50","slug":"campanha-da-fraternidade-2010-sera-ecumenica-e-tera-como-tema-%e2%80%98economia-e-vida%e2%80%99","status":"publish","type":"post","link":"https:\/\/www.oarcanjo.net\/site\/campanha-da-fraternidade-2010-sera-ecumenica-e-tera-como-tema-%e2%80%98economia-e-vida%e2%80%99\/","title":{"rendered":"Campanha da Fraternidade 2010 ser\u00e1 ecum\u00eanica e ter\u00e1 como tema \u2018Economia e vida\u2019"},"content":{"rendered":"<p>Nos \u00faltimos dias 15 e 16 de junho, o Conselho Episcopal de Pastoral da CNBB (Consep), se reuniu em Bras\u00edlia. A reuni\u00e3o teve o intuito de avaliar a Campanha da Fraternidade 2009 (CF) &#8220;Fraternidade e Seguran\u00e7a P\u00fablica&#8221; e escolher os temas e lemas para a Campanha de 2011.<\/p>\n<p>&#8220;A reuni\u00e3o acontece todos os anos e tem como finalidade avaliar a campanha do ano corrente, apresentar a campanha do ano seguinte e a escolha do tema e do lema para a campanha de dois anos depois&#8221;, afirmou o secret\u00e1rio executivo da CF, padre Jos\u00e9 Adalberto Vanzella.<\/p>\n<p>Ficou escolhido ent\u00e3o que em 2011 o tema ser\u00e1 &#8220;Fraternidade e a vida no planeta&#8221; e o lema &#8220;A cria\u00e7\u00e3o geme em dores de parto&#8221;. E em 2010, a Campanha ser\u00e1 ecum\u00eanica e ter\u00e1 como tema &#8220;Economia e vida&#8221; e lema &#8220;Voc\u00eas n\u00e3o podem servir a Deus e ao dinheiro&#8221;, escolhido no ano passado.<\/p>\n<p>A avalia\u00e7\u00e3o da CF 2009 \u00e9 feita pelo Consep, juntamente com os respons\u00e1veis pela Campanha da Fraternidade nos Regionais e pelos assessores da CNBB.<\/p>\n<p>O padre Jos\u00e9 Vanzella, apresentou os n\u00fameros da avalia\u00e7\u00e3o colhidos a partir de question\u00e1rios enviados \u00e0s dioceses e regionais. A an\u00e1lise dos dados, enviados pela internet, teve o aux\u00edlio da professora da Universidade Cat\u00f3lica de Bras\u00edlia (UCB), Maria Val\u00e9ria. O resultado mostra que a Campanha foi realizada com \u00eaxito e que a Via Sacra foi um dos subs\u00eddios mais usados pelas par\u00f3quias.<\/p>\n<p>Uma preocupa\u00e7\u00e3o do Consep foi o baixo n\u00famero de dioceses que participaram da avalia\u00e7\u00e3o, apenas 17% respondendo ao question\u00e1rio. Segundo padre Vanzella, esse n\u00famero aumentou em rela\u00e7\u00e3o ao ano passado.<\/p>\n<p>Ainda de acordo com o padre Vanzella, ap\u00f3s a escolha dos temas o pr\u00f3ximo passo ser\u00e1 a realiza\u00e7\u00e3o de um semin\u00e1rio que acontecer\u00e1 nos dias 10 e 11 de setembro, na sede da CNBB em Bras\u00edlia, para estabelecer os assuntos e as estruturas para a Campanha de 2011 e, posteriormente, apresent\u00e1-las para aprova\u00e7\u00e3o dos bispos.<\/p>\n<p>As informa\u00e7\u00f5es s\u00e3o da CNBB.<\/p>\n<div id=\"themify_builder_content-4092\" data-postid=\"4092\" class=\"themify_builder_content themify_builder_content-4092 themify_builder themify_builder_front\">\n\t<\/div>\n<!-- \/themify_builder_content -->","protected":false},"excerpt":{"rendered":"<p>Nos \u00faltimos dias 15 e 16 de junho, o Conselho Episcopal de Pastoral da CNBB (Consep), se reuniu em Bras\u00edlia. A reuni\u00e3o teve o intuito de avaliar a Campanha da Fraternidade 2009 (CF) &#8220;Fraternidade e Seguran\u00e7a P\u00fablica&#8221; e escolher os temas e lemas para a Campanha de 2011. &#8220;A reuni\u00e3o acontece todos os anos e [&hellip;]<\/p>\n","protected":false},"author":5,"featured_media":0,"comment_status":"open","ping_status":"open","sticky":false,"template":"","format":"standard","meta":{"ngg_post_thumbnail":0,"footnotes":""},"categories":[8],"tags":[229,320,88],"yoast_head":"<!-- This site is optimized with the Yoast SEO plugin v23.5 - https:\/\/yoast.com\/wordpress\/plugins\/seo\/ -->\n<title>Campanha da Fraternidade 2010 ser\u00e1 ecum\u00eanica e ter\u00e1 como tema \u2018Economia e vida\u2019 - O Arcanjo no ar<\/title>\n<meta name=\"robots\" content=\"index, follow, max-snippet:-1, max-image-preview:large, max-video-preview:-1\" \/>\n<link rel=\"canonical\" href=\"https:\/\/www.oarcanjo.net\/site\/campanha-da-fraternidade-2010-sera-ecumenica-e-tera-como-tema-\u2018economia-e-vida\u2019\/\" \/>\n<meta property=\"og:locale\" content=\"pt_BR\" \/>\n<meta property=\"og:type\" content=\"article\" \/>\n<meta property=\"og:title\" content=\"Campanha da Fraternidade 2010 ser\u00e1 ecum\u00eanica e ter\u00e1 como tema \u2018Economia e vida\u2019 - O Arcanjo no ar\" \/>\n<meta property=\"og:description\" content=\"Nos \u00faltimos dias 15 e 16 de junho, o Conselho Episcopal de Pastoral da CNBB (Consep), se reuniu em Bras\u00edlia. A reuni\u00e3o teve o intuito de avaliar a Campanha da Fraternidade 2009 (CF) &#8220;Fraternidade e Seguran\u00e7a P\u00fablica&#8221; e escolher os temas e lemas para a Campanha de 2011. &#8220;A reuni\u00e3o acontece todos os anos e [&hellip;]\" \/>\n<meta property=\"og:url\" content=\"https:\/\/www.oarcanjo.net\/site\/campanha-da-fraternidade-2010-sera-ecumenica-e-tera-como-tema-\u2018economia-e-vida\u2019\/\" \/>\n<meta property=\"og:site_name\" content=\"O Arcanjo no ar\" \/>\n<meta property=\"article:publisher\" content=\"https:\/\/www.facebook.com\/OArcanjoNoAr\/\" \/>\n<meta property=\"article:published_time\" content=\"2009-06-26T23:00:22+00:00\" \/>\n<meta property=\"article:modified_time\" content=\"2009-06-26T16:00:50+00:00\" \/>\n<meta property=\"og:image\" content=\"https:\/\/www.oarcanjo.net\/site\/wp-content\/uploads\/logo-o-arcanjo-no-ar-facebook.png\" \/>\n\t<meta property=\"og:image:width\" content=\"300\" \/>\n\t<meta property=\"og:image:height\" content=\"300\" \/>\n\t<meta property=\"og:image:type\" content=\"image\/png\" \/>\n<meta name=\"author\" content=\"editor\" \/>\n<meta name=\"twitter:card\" content=\"summary_large_image\" \/>\n<meta name=\"twitter:label1\" content=\"Escrito por\" \/>\n\t<meta name=\"twitter:data1\" content=\"editor\" \/>\n\t<meta name=\"twitter:label2\" content=\"Est. tempo de leitura\" \/>\n\t<meta name=\"twitter:data2\" content=\"2 minutos\" \/>\n<script type=\"application\/ld+json\" class=\"yoast-schema-graph\">{\"@context\":\"https:\/\/schema.org\",\"@graph\":[{\"@type\":\"Article\",\"@id\":\"https:\/\/www.oarcanjo.net\/site\/campanha-da-fraternidade-2010-sera-ecumenica-e-tera-como-tema-%e2%80%98economia-e-vida%e2%80%99\/#article\",\"isPartOf\":{\"@id\":\"https:\/\/www.oarcanjo.net\/site\/campanha-da-fraternidade-2010-sera-ecumenica-e-tera-como-tema-%e2%80%98economia-e-vida%e2%80%99\/\"},\"author\":{\"name\":\"editor\",\"@id\":\"https:\/\/www.oarcanjo.net\/site\/#\/schema\/person\/f7024d007863202483a31326673a0838\"},\"headline\":\"Campanha da Fraternidade 2010 ser\u00e1 ecum\u00eanica e ter\u00e1 como tema \u2018Economia e vida\u2019\",\"datePublished\":\"2009-06-26T23:00:22+00:00\",\"dateModified\":\"2009-06-26T16:00:50+00:00\",\"mainEntityOfPage\":{\"@id\":\"https:\/\/www.oarcanjo.net\/site\/campanha-da-fraternidade-2010-sera-ecumenica-e-tera-como-tema-%e2%80%98economia-e-vida%e2%80%99\/\"},\"wordCount\":364,\"commentCount\":1,\"publisher\":{\"@id\":\"https:\/\/www.oarcanjo.net\/site\/#organization\"},\"keywords\":[\"Campanha da Fraternidade\",\"economia\",\"solidariedade\"],\"articleSection\":[\"Not\u00edcias\"],\"inLanguage\":\"pt-BR\",\"potentialAction\":[{\"@type\":\"CommentAction\",\"name\":\"Comment\",\"target\":[\"https:\/\/www.oarcanjo.net\/site\/campanha-da-fraternidade-2010-sera-ecumenica-e-tera-como-tema-%e2%80%98economia-e-vida%e2%80%99\/#respond\"]}]},{\"@type\":\"WebPage\",\"@id\":\"https:\/\/www.oarcanjo.net\/site\/campanha-da-fraternidade-2010-sera-ecumenica-e-tera-como-tema-%e2%80%98economia-e-vida%e2%80%99\/\",\"url\":\"https:\/\/www.oarcanjo.net\/site\/campanha-da-fraternidade-2010-sera-ecumenica-e-tera-como-tema-%e2%80%98economia-e-vida%e2%80%99\/\",\"name\":\"Campanha da Fraternidade 2010 ser\u00e1 ecum\u00eanica e ter\u00e1 como tema \u2018Economia e vida\u2019 - O Arcanjo no ar\",\"isPartOf\":{\"@id\":\"https:\/\/www.oarcanjo.net\/site\/#website\"},\"datePublished\":\"2009-06-26T23:00:22+00:00\",\"dateModified\":\"2009-06-26T16:00:50+00:00\",\"breadcrumb\":{\"@id\":\"https:\/\/www.oarcanjo.net\/site\/campanha-da-fraternidade-2010-sera-ecumenica-e-tera-como-tema-%e2%80%98economia-e-vida%e2%80%99\/#breadcrumb\"},\"inLanguage\":\"pt-BR\",\"potentialAction\":[{\"@type\":\"ReadAction\",\"target\":[\"https:\/\/www.oarcanjo.net\/site\/campanha-da-fraternidade-2010-sera-ecumenica-e-tera-como-tema-%e2%80%98economia-e-vida%e2%80%99\/\"]}]},{\"@type\":\"BreadcrumbList\",\"@id\":\"https:\/\/www.oarcanjo.net\/site\/campanha-da-fraternidade-2010-sera-ecumenica-e-tera-como-tema-%e2%80%98economia-e-vida%e2%80%99\/#breadcrumb\",\"itemListElement\":[{\"@type\":\"ListItem\",\"position\":1,\"name\":\"In\u00edcio\",\"item\":\"https:\/\/www.oarcanjo.net\/site\/\"},{\"@type\":\"ListItem\",\"position\":2,\"name\":\"Campanha da Fraternidade 2010 ser\u00e1 ecum\u00eanica e ter\u00e1 como tema \u2018Economia e vida\u2019\"}]},{\"@type\":\"WebSite\",\"@id\":\"https:\/\/www.oarcanjo.net\/site\/#website\",\"url\":\"https:\/\/www.oarcanjo.net\/site\/\",\"name\":\"O Arcanjo no ar\",\"description\":\"Site da Par\u00f3quia S\u00e3o Miguel Arcanjo (Arquidiocese de SP)\",\"publisher\":{\"@id\":\"https:\/\/www.oarcanjo.net\/site\/#organization\"},\"potentialAction\":[{\"@type\":\"SearchAction\",\"target\":{\"@type\":\"EntryPoint\",\"urlTemplate\":\"https:\/\/www.oarcanjo.net\/site\/?s={search_term_string}\"},\"query-input\":{\"@type\":\"PropertyValueSpecification\",\"valueRequired\":true,\"valueName\":\"search_term_string\"}}],\"inLanguage\":\"pt-BR\"},{\"@type\":\"Organization\",\"@id\":\"https:\/\/www.oarcanjo.net\/site\/#organization\",\"name\":\"Par\u00f3quia S\u00e3o Miguel Arcanjo\",\"url\":\"https:\/\/www.oarcanjo.net\/site\/\",\"logo\":{\"@type\":\"ImageObject\",\"inLanguage\":\"pt-BR\",\"@id\":\"https:\/\/www.oarcanjo.net\/site\/#\/schema\/logo\/image\/\",\"url\":\"https:\/\/www.oarcanjo.net\/site\/wp-content\/uploads\/LogoOArcanjo.png\",\"contentUrl\":\"https:\/\/www.oarcanjo.net\/site\/wp-content\/uploads\/LogoOArcanjo.png\",\"width\":319,\"height\":99,\"caption\":\"Par\u00f3quia S\u00e3o Miguel Arcanjo\"},\"image\":{\"@id\":\"https:\/\/www.oarcanjo.net\/site\/#\/schema\/logo\/image\/\"},\"sameAs\":[\"https:\/\/www.facebook.com\/OArcanjoNoAr\/\"]},{\"@type\":\"Person\",\"@id\":\"https:\/\/www.oarcanjo.net\/site\/#\/schema\/person\/f7024d007863202483a31326673a0838\",\"name\":\"editor\",\"sameAs\":[\"http:\/\/www.oarcanjo.net\"]}]}<\/script>\n<!-- \/ Yoast SEO plugin. -->","yoast_head_json":{"title":"Campanha da Fraternidade 2010 ser\u00e1 ecum\u00eanica e ter\u00e1 como tema \u2018Economia e vida\u2019 - O Arcanjo no ar","robots":{"index":"index","follow":"follow","max-snippet":"max-snippet:-1","max-image-preview":"max-image-preview:large","max-video-preview":"max-video-preview:-1"},"canonical":"https:\/\/www.oarcanjo.net\/site\/campanha-da-fraternidade-2010-sera-ecumenica-e-tera-como-tema-\u2018economia-e-vida\u2019\/","og_locale":"pt_BR","og_type":"article","og_title":"Campanha da Fraternidade 2010 ser\u00e1 ecum\u00eanica e ter\u00e1 como tema \u2018Economia e vida\u2019 - O Arcanjo no ar","og_description":"Nos \u00faltimos dias 15 e 16 de junho, o Conselho Episcopal de Pastoral da CNBB (Consep), se reuniu em Bras\u00edlia. A reuni\u00e3o teve o intuito de avaliar a Campanha da Fraternidade 2009 (CF) &#8220;Fraternidade e Seguran\u00e7a P\u00fablica&#8221; e escolher os temas e lemas para a Campanha de 2011. &#8220;A reuni\u00e3o acontece todos os anos e [&hellip;]","og_url":"https:\/\/www.oarcanjo.net\/site\/campanha-da-fraternidade-2010-sera-ecumenica-e-tera-como-tema-\u2018economia-e-vida\u2019\/","og_site_name":"O Arcanjo no ar","article_publisher":"https:\/\/www.facebook.com\/OArcanjoNoAr\/","article_published_time":"2009-06-26T23:00:22+00:00","article_modified_time":"2009-06-26T16:00:50+00:00","og_image":[{"width":300,"height":300,"url":"https:\/\/www.oarcanjo.net\/site\/wp-content\/uploads\/logo-o-arcanjo-no-ar-facebook.png","type":"image\/png"}],"author":"editor","twitter_card":"summary_large_image","twitter_misc":{"Escrito por":"editor","Est. tempo de leitura":"2 minutos"},"schema":{"@context":"https:\/\/schema.org","@graph":[{"@type":"Article","@id":"https:\/\/www.oarcanjo.net\/site\/campanha-da-fraternidade-2010-sera-ecumenica-e-tera-como-tema-%e2%80%98economia-e-vida%e2%80%99\/#article","isPartOf":{"@id":"https:\/\/www.oarcanjo.net\/site\/campanha-da-fraternidade-2010-sera-ecumenica-e-tera-como-tema-%e2%80%98economia-e-vida%e2%80%99\/"},"author":{"name":"editor","@id":"https:\/\/www.oarcanjo.net\/site\/#\/schema\/person\/f7024d007863202483a31326673a0838"},"headline":"Campanha da Fraternidade 2010 ser\u00e1 ecum\u00eanica e ter\u00e1 como tema \u2018Economia e vida\u2019","datePublished":"2009-06-26T23:00:22+00:00","dateModified":"2009-06-26T16:00:50+00:00","mainEntityOfPage":{"@id":"https:\/\/www.oarcanjo.net\/site\/campanha-da-fraternidade-2010-sera-ecumenica-e-tera-como-tema-%e2%80%98economia-e-vida%e2%80%99\/"},"wordCount":364,"commentCount":1,"publisher":{"@id":"https:\/\/www.oarcanjo.net\/site\/#organization"},"keywords":["Campanha da Fraternidade","economia","solidariedade"],"articleSection":["Not\u00edcias"],"inLanguage":"pt-BR","potentialAction":[{"@type":"CommentAction","name":"Comment","target":["https:\/\/www.oarcanjo.net\/site\/campanha-da-fraternidade-2010-sera-ecumenica-e-tera-como-tema-%e2%80%98economia-e-vida%e2%80%99\/#respond"]}]},{"@type":"WebPage","@id":"https:\/\/www.oarcanjo.net\/site\/campanha-da-fraternidade-2010-sera-ecumenica-e-tera-como-tema-%e2%80%98economia-e-vida%e2%80%99\/","url":"https:\/\/www.oarcanjo.net\/site\/campanha-da-fraternidade-2010-sera-ecumenica-e-tera-como-tema-%e2%80%98economia-e-vida%e2%80%99\/","name":"Campanha da Fraternidade 2010 ser\u00e1 ecum\u00eanica e ter\u00e1 como tema \u2018Economia e vida\u2019 - O Arcanjo no ar","isPartOf":{"@id":"https:\/\/www.oarcanjo.net\/site\/#website"},"datePublished":"2009-06-26T23:00:22+00:00","dateModified":"2009-06-26T16:00:50+00:00","breadcrumb":{"@id":"https:\/\/www.oarcanjo.net\/site\/campanha-da-fraternidade-2010-sera-ecumenica-e-tera-como-tema-%e2%80%98economia-e-vida%e2%80%99\/#breadcrumb"},"inLanguage":"pt-BR","potentialAction":[{"@type":"ReadAction","target":["https:\/\/www.oarcanjo.net\/site\/campanha-da-fraternidade-2010-sera-ecumenica-e-tera-como-tema-%e2%80%98economia-e-vida%e2%80%99\/"]}]},{"@type":"BreadcrumbList","@id":"https:\/\/www.oarcanjo.net\/site\/campanha-da-fraternidade-2010-sera-ecumenica-e-tera-como-tema-%e2%80%98economia-e-vida%e2%80%99\/#breadcrumb","itemListElement":[{"@type":"ListItem","position":1,"name":"In\u00edcio","item":"https:\/\/www.oarcanjo.net\/site\/"},{"@type":"ListItem","position":2,"name":"Campanha da Fraternidade 2010 ser\u00e1 ecum\u00eanica e ter\u00e1 como tema \u2018Economia e vida\u2019"}]},{"@type":"WebSite","@id":"https:\/\/www.oarcanjo.net\/site\/#website","url":"https:\/\/www.oarcanjo.net\/site\/","name":"O Arcanjo no ar","description":"Site da Par\u00f3quia S\u00e3o Miguel Arcanjo (Arquidiocese de SP)","publisher":{"@id":"https:\/\/www.oarcanjo.net\/site\/#organization"},"potentialAction":[{"@type":"SearchAction","target":{"@type":"EntryPoint","urlTemplate":"https:\/\/www.oarcanjo.net\/site\/?s={search_term_string}"},"query-input":{"@type":"PropertyValueSpecification","valueRequired":true,"valueName":"search_term_string"}}],"inLanguage":"pt-BR"},{"@type":"Organization","@id":"https:\/\/www.oarcanjo.net\/site\/#organization","name":"Par\u00f3quia S\u00e3o Miguel Arcanjo","url":"https:\/\/www.oarcanjo.net\/site\/","logo":{"@type":"ImageObject","inLanguage":"pt-BR","@id":"https:\/\/www.oarcanjo.net\/site\/#\/schema\/logo\/image\/","url":"https:\/\/www.oarcanjo.net\/site\/wp-content\/uploads\/LogoOArcanjo.png","contentUrl":"https:\/\/www.oarcanjo.net\/site\/wp-content\/uploads\/LogoOArcanjo.png","width":319,"height":99,"caption":"Par\u00f3quia S\u00e3o Miguel Arcanjo"},"image":{"@id":"https:\/\/www.oarcanjo.net\/site\/#\/schema\/logo\/image\/"},"sameAs":["https:\/\/www.facebook.com\/OArcanjoNoAr\/"]},{"@type":"Person","@id":"https:\/\/www.oarcanjo.net\/site\/#\/schema\/person\/f7024d007863202483a31326673a0838","name":"editor","sameAs":["http:\/\/www.oarcanjo.net"]}]}},"publishpress_future_action":{"enabled":false,"date":"2026-05-07 10:07:40","action":"category","newStatus":"draft","terms":[],"taxonomy":"category"},"publishpress_future_workflow_manual_trigger":{"enabledWorkflows":[]},"_links":{"self":[{"href":"https:\/\/www.oarcanjo.net\/site\/wp-json\/wp\/v2\/posts\/4092"}],"collection":[{"href":"https:\/\/www.oarcanjo.net\/site\/wp-json\/wp\/v2\/posts"}],"about":[{"href":"https:\/\/www.oarcanjo.net\/site\/wp-json\/wp\/v2\/types\/post"}],"author":[{"embeddable":true,"href":"https:\/\/www.oarcanjo.net\/site\/wp-json\/wp\/v2\/users\/5"}],"replies":[{"embeddable":true,"href":"https:\/\/www.oarcanjo.net\/site\/wp-json\/wp\/v2\/comments?post=4092"}],"version-history":[{"count":0,"href":"https:\/\/www.oarcanjo.net\/site\/wp-json\/wp\/v2\/posts\/4092\/revisions"}],"wp:attachment":[{"href":"https:\/\/www.oarcanjo.net\/site\/wp-json\/wp\/v2\/media?parent=4092"}],"wp:term":[{"taxonomy":"category","embeddable":true,"href":"https:\/\/www.oarcanjo.net\/site\/wp-json\/wp\/v2\/categories?post=4092"},{"taxonomy":"post_tag","embeddable":true,"href":"https:\/\/www.oarcanjo.net\/site\/wp-json\/wp\/v2\/tags?post=4092"}],"curies":[{"name":"wp","href":"https:\/\/api.w.org\/{rel}","templated":true}]}}