
{"id":4094,"date":"2009-06-27T09:08:40","date_gmt":"2009-06-27T12:08:40","guid":{"rendered":"http:\/\/www.oarcanjo.net\/site\/?p=4094"},"modified":"2009-06-28T18:15:10","modified_gmt":"2009-06-28T21:15:10","slug":"pedro-e-paulo-a-forca-da-fe-a-beleza-do-amor","status":"publish","type":"post","link":"https:\/\/www.oarcanjo.net\/site\/pedro-e-paulo-a-forca-da-fe-a-beleza-do-amor\/","title":{"rendered":"PEDRO e PAULO. A For\u00e7a da F\u00e9 a beleza do AMOR!"},"content":{"rendered":"<p>Neste domingo celebramos a solenidade de S\u00e3o Pedro e S\u00e3o Paulo!<br \/>\nO encerramento do Ano Santo Paulino.<\/p>\n<p>Lembro com carinho que faz 24 anos que D.Luciano Mendes de Almeida me deu posse como p\u00e1roco na Par\u00f3quia de S\u00e3o Miguel Arcanjo onde me encontro at\u00e9 hoje ( faz tempo !!!!!!!!!!!!)<\/p>\n<p>Pedro e Paulo t\u00e3o parecidos conosco e t\u00e3o diferentes de n\u00f3s!<br \/>\nOs dois mostram a fraqueza e a for\u00e7a dos crist\u00e3os.<\/p>\n<p>Pedro pensava que o Messias n\u00e3o devia sofrer e morrer na cruz,<br \/>\nNa hora dif\u00edcil, nega-o e foge.<\/p>\n<p>Paulo persegue os crist\u00e3os n\u00e3o percebendo que assim revivem a paix\u00e3o de JESUS.<\/p>\n<p>Pedro passando pela pris\u00e3o vive a paix\u00e3o do SENHOR, aceita que o Messias d\u00ea a VIDA, morre como ELE e com ELE.<\/p>\n<p>Paulo transformado, de perseguidor passa a ser perseguido, torna-se o maior propagador do Evangelho de CRISTO!<br \/>\nEnfrenta a morte como JESUS enfrentou.<\/p>\n<p>Celebrar PEDRO e PAULO \u00e9 celebrar a caminhada de nossas comunidades feitas de fraquezas e for\u00e7a nascidas do AMOR e da busca constante do discernimento e de transforma\u00e7\u00f5es que nos tornem mais humanos e fi\u00e9is.<\/p>\n<p>PEDRO e PAULO nos ensinam a perseveran\u00e7a, mesmo quando sofremos, que a vida \u00e9 feita, tamb\u00e9m, de conflitos e desafios onde apronfundamos a nossa f\u00e9 no SENHOR JESUS.<\/p>\n<p>PEDRO e PAULO nos ajudam a lembrar os m\u00e1rtires da caminhada, que com suas vidas testemunharam a f\u00e9 e a fidelidade ao Evangelho:<br \/>\nNa am\u00e9rica Latina n\u00e3o podemos esquecer:<br \/>\nD. Oscar Romero,<br \/>\nPe. Ezequiel Ramin,<br \/>\nPe. Josimo Tavares,<br \/>\nMargarida Alves,<br \/>\nIr. Dorothy Stang,<br \/>\nSanto Dias,<br \/>\nPe. Jo\u00e3o Bosco,<\/p>\n<p>testemunhas incompar\u00e1veis como<br \/>\nD.Luciano Mendes de Almeida,<br \/>\nD. Helder Camara.<\/p>\n<p>PEDRO e PAULO,<br \/>\nt\u00e3o longe e t\u00e3o perto de n\u00f3s,<br \/>\najudai-nos a viver intensamente<br \/>\no AMOR,<br \/>\nque d\u00e1 coragem<br \/>\napesar das fragilidades,<br \/>\na dar a vida, sem reservas,<br \/>\na dizer a JESUS:<br \/>\nTU sabes tudo, Tu sabes que te AMO !(Pedro)<br \/>\nJ\u00e1 n\u00e3o sou eu que vivo CRISTO que vive em mim! (Paulo )<\/p>\n<hr \/>\n<p>Assista \u00e0 homilia da Missa de 28\/06\/2009, festa de S\u00e3o Pedro e S\u00e3o Paulo:<\/p>\n<p><video style=\"width: 100%; height: auto; aspect-ratio: 480\/334; border: none; overflow: hidden;\" controls>\n                <source src=\"mms:\/\/mms.bizmedia.com.br\/bizmedia\/Homilia20090628-final.wmv\" type=\"video\/x-ms-wmv\">\n                <source src=\"mms:\/\/mms.bizmedia.com.br\/bizmedia\/Homilia20090628-final.wmv\" type=\"video\/wmv\">\n                Your browser does not support the video tag.\n            <\/video><\/p>\n<div id=\"themify_builder_content-4094\" data-postid=\"4094\" class=\"themify_builder_content themify_builder_content-4094 themify_builder themify_builder_front\">\n\t<\/div>\n<!-- \/themify_builder_content -->","protected":false},"excerpt":{"rendered":"<p>Neste domingo celebramos a solenidade de S\u00e3o Pedro e S\u00e3o Paulo! O encerramento do Ano Santo Paulino. Lembro com carinho que faz 24 anos que D.Luciano Mendes de Almeida me deu posse como p\u00e1roco na Par\u00f3quia de S\u00e3o Miguel Arcanjo onde me encontro at\u00e9 hoje ( faz tempo !!!!!!!!!!!!) Pedro e Paulo t\u00e3o parecidos conosco [&hellip;]<\/p>\n","protected":false},"author":4,"featured_media":0,"comment_status":"open","ping_status":"open","sticky":false,"template":"","format":"standard","meta":{"ngg_post_thumbnail":0,"footnotes":""},"categories":[4,475],"tags":[868,155,867,473],"yoast_head":"<!-- This site is optimized with the Yoast SEO plugin v23.5 - https:\/\/yoast.com\/wordpress\/plugins\/seo\/ -->\n<title>PEDRO e PAULO. A For\u00e7a da F\u00e9 a beleza do AMOR! - O Arcanjo no ar<\/title>\n<meta name=\"robots\" content=\"index, follow, max-snippet:-1, max-image-preview:large, max-video-preview:-1\" \/>\n<link rel=\"canonical\" href=\"https:\/\/www.oarcanjo.net\/site\/pedro-e-paulo-a-forca-da-fe-a-beleza-do-amor\/\" \/>\n<meta property=\"og:locale\" content=\"pt_BR\" \/>\n<meta property=\"og:type\" content=\"article\" \/>\n<meta property=\"og:title\" content=\"PEDRO e PAULO. A For\u00e7a da F\u00e9 a beleza do AMOR! - O Arcanjo no ar\" \/>\n<meta property=\"og:description\" content=\"Neste domingo celebramos a solenidade de S\u00e3o Pedro e S\u00e3o Paulo! O encerramento do Ano Santo Paulino. Lembro com carinho que faz 24 anos que D.Luciano Mendes de Almeida me deu posse como p\u00e1roco na Par\u00f3quia de S\u00e3o Miguel Arcanjo onde me encontro at\u00e9 hoje ( faz tempo !!!!!!!!!!!!) Pedro e Paulo t\u00e3o parecidos conosco [&hellip;]\" \/>\n<meta property=\"og:url\" content=\"https:\/\/www.oarcanjo.net\/site\/pedro-e-paulo-a-forca-da-fe-a-beleza-do-amor\/\" \/>\n<meta property=\"og:site_name\" content=\"O Arcanjo no ar\" \/>\n<meta property=\"article:publisher\" content=\"https:\/\/www.facebook.com\/OArcanjoNoAr\/\" \/>\n<meta property=\"article:published_time\" content=\"2009-06-27T12:08:40+00:00\" \/>\n<meta property=\"article:modified_time\" content=\"2009-06-28T21:15:10+00:00\" \/>\n<meta property=\"og:image\" content=\"https:\/\/www.oarcanjo.net\/site\/wp-content\/uploads\/logo-o-arcanjo-no-ar-facebook.png\" \/>\n\t<meta property=\"og:image:width\" content=\"300\" \/>\n\t<meta property=\"og:image:height\" content=\"300\" \/>\n\t<meta property=\"og:image:type\" content=\"image\/png\" \/>\n<meta name=\"author\" content=\"julio\" \/>\n<meta name=\"twitter:card\" content=\"summary_large_image\" \/>\n<meta name=\"twitter:label1\" content=\"Escrito por\" \/>\n\t<meta name=\"twitter:data1\" content=\"julio\" \/>\n\t<meta name=\"twitter:label2\" content=\"Est. tempo de leitura\" \/>\n\t<meta name=\"twitter:data2\" content=\"2 minutos\" \/>\n<script type=\"application\/ld+json\" class=\"yoast-schema-graph\">{\"@context\":\"https:\/\/schema.org\",\"@graph\":[{\"@type\":\"Article\",\"@id\":\"https:\/\/www.oarcanjo.net\/site\/pedro-e-paulo-a-forca-da-fe-a-beleza-do-amor\/#article\",\"isPartOf\":{\"@id\":\"https:\/\/www.oarcanjo.net\/site\/pedro-e-paulo-a-forca-da-fe-a-beleza-do-amor\/\"},\"author\":{\"name\":\"julio\",\"@id\":\"https:\/\/www.oarcanjo.net\/site\/#\/schema\/person\/d78ea01c648c91e29c364b516767079e\"},\"headline\":\"PEDRO e PAULO. A For\u00e7a da F\u00e9 a beleza do AMOR!\",\"datePublished\":\"2009-06-27T12:08:40+00:00\",\"dateModified\":\"2009-06-28T21:15:10+00:00\",\"mainEntityOfPage\":{\"@id\":\"https:\/\/www.oarcanjo.net\/site\/pedro-e-paulo-a-forca-da-fe-a-beleza-do-amor\/\"},\"wordCount\":384,\"commentCount\":7,\"publisher\":{\"@id\":\"https:\/\/www.oarcanjo.net\/site\/#organization\"},\"keywords\":[\"mart\u00edrio\",\"S\u00e3o Paulo Ap\u00f3stolo\",\"S\u00e3o Pedro\",\"testemunho\"],\"articleSection\":[\"Blog\",\"Homilias\"],\"inLanguage\":\"pt-BR\",\"potentialAction\":[{\"@type\":\"CommentAction\",\"name\":\"Comment\",\"target\":[\"https:\/\/www.oarcanjo.net\/site\/pedro-e-paulo-a-forca-da-fe-a-beleza-do-amor\/#respond\"]}]},{\"@type\":\"WebPage\",\"@id\":\"https:\/\/www.oarcanjo.net\/site\/pedro-e-paulo-a-forca-da-fe-a-beleza-do-amor\/\",\"url\":\"https:\/\/www.oarcanjo.net\/site\/pedro-e-paulo-a-forca-da-fe-a-beleza-do-amor\/\",\"name\":\"PEDRO e PAULO. A For\u00e7a da F\u00e9 a beleza do AMOR! - O Arcanjo no ar\",\"isPartOf\":{\"@id\":\"https:\/\/www.oarcanjo.net\/site\/#website\"},\"datePublished\":\"2009-06-27T12:08:40+00:00\",\"dateModified\":\"2009-06-28T21:15:10+00:00\",\"breadcrumb\":{\"@id\":\"https:\/\/www.oarcanjo.net\/site\/pedro-e-paulo-a-forca-da-fe-a-beleza-do-amor\/#breadcrumb\"},\"inLanguage\":\"pt-BR\",\"potentialAction\":[{\"@type\":\"ReadAction\",\"target\":[\"https:\/\/www.oarcanjo.net\/site\/pedro-e-paulo-a-forca-da-fe-a-beleza-do-amor\/\"]}]},{\"@type\":\"BreadcrumbList\",\"@id\":\"https:\/\/www.oarcanjo.net\/site\/pedro-e-paulo-a-forca-da-fe-a-beleza-do-amor\/#breadcrumb\",\"itemListElement\":[{\"@type\":\"ListItem\",\"position\":1,\"name\":\"In\u00edcio\",\"item\":\"https:\/\/www.oarcanjo.net\/site\/\"},{\"@type\":\"ListItem\",\"position\":2,\"name\":\"PEDRO e PAULO. A For\u00e7a da F\u00e9 a beleza do AMOR!\"}]},{\"@type\":\"WebSite\",\"@id\":\"https:\/\/www.oarcanjo.net\/site\/#website\",\"url\":\"https:\/\/www.oarcanjo.net\/site\/\",\"name\":\"O Arcanjo no ar\",\"description\":\"Site da Par\u00f3quia S\u00e3o Miguel Arcanjo (Arquidiocese de SP)\",\"publisher\":{\"@id\":\"https:\/\/www.oarcanjo.net\/site\/#organization\"},\"potentialAction\":[{\"@type\":\"SearchAction\",\"target\":{\"@type\":\"EntryPoint\",\"urlTemplate\":\"https:\/\/www.oarcanjo.net\/site\/?s={search_term_string}\"},\"query-input\":{\"@type\":\"PropertyValueSpecification\",\"valueRequired\":true,\"valueName\":\"search_term_string\"}}],\"inLanguage\":\"pt-BR\"},{\"@type\":\"Organization\",\"@id\":\"https:\/\/www.oarcanjo.net\/site\/#organization\",\"name\":\"Par\u00f3quia S\u00e3o Miguel Arcanjo\",\"url\":\"https:\/\/www.oarcanjo.net\/site\/\",\"logo\":{\"@type\":\"ImageObject\",\"inLanguage\":\"pt-BR\",\"@id\":\"https:\/\/www.oarcanjo.net\/site\/#\/schema\/logo\/image\/\",\"url\":\"https:\/\/www.oarcanjo.net\/site\/wp-content\/uploads\/LogoOArcanjo.png\",\"contentUrl\":\"https:\/\/www.oarcanjo.net\/site\/wp-content\/uploads\/LogoOArcanjo.png\",\"width\":319,\"height\":99,\"caption\":\"Par\u00f3quia S\u00e3o Miguel Arcanjo\"},\"image\":{\"@id\":\"https:\/\/www.oarcanjo.net\/site\/#\/schema\/logo\/image\/\"},\"sameAs\":[\"https:\/\/www.facebook.com\/OArcanjoNoAr\/\"]},{\"@type\":\"Person\",\"@id\":\"https:\/\/www.oarcanjo.net\/site\/#\/schema\/person\/d78ea01c648c91e29c364b516767079e\",\"name\":\"julio\",\"sameAs\":[\"http:\/\/www.oarcanjo.net\"]}]}<\/script>\n<!-- \/ Yoast SEO plugin. -->","yoast_head_json":{"title":"PEDRO e PAULO. A For\u00e7a da F\u00e9 a beleza do AMOR! - O Arcanjo no ar","robots":{"index":"index","follow":"follow","max-snippet":"max-snippet:-1","max-image-preview":"max-image-preview:large","max-video-preview":"max-video-preview:-1"},"canonical":"https:\/\/www.oarcanjo.net\/site\/pedro-e-paulo-a-forca-da-fe-a-beleza-do-amor\/","og_locale":"pt_BR","og_type":"article","og_title":"PEDRO e PAULO. A For\u00e7a da F\u00e9 a beleza do AMOR! - O Arcanjo no ar","og_description":"Neste domingo celebramos a solenidade de S\u00e3o Pedro e S\u00e3o Paulo! O encerramento do Ano Santo Paulino. Lembro com carinho que faz 24 anos que D.Luciano Mendes de Almeida me deu posse como p\u00e1roco na Par\u00f3quia de S\u00e3o Miguel Arcanjo onde me encontro at\u00e9 hoje ( faz tempo !!!!!!!!!!!!) Pedro e Paulo t\u00e3o parecidos conosco [&hellip;]","og_url":"https:\/\/www.oarcanjo.net\/site\/pedro-e-paulo-a-forca-da-fe-a-beleza-do-amor\/","og_site_name":"O Arcanjo no ar","article_publisher":"https:\/\/www.facebook.com\/OArcanjoNoAr\/","article_published_time":"2009-06-27T12:08:40+00:00","article_modified_time":"2009-06-28T21:15:10+00:00","og_image":[{"width":300,"height":300,"url":"https:\/\/www.oarcanjo.net\/site\/wp-content\/uploads\/logo-o-arcanjo-no-ar-facebook.png","type":"image\/png"}],"author":"julio","twitter_card":"summary_large_image","twitter_misc":{"Escrito por":"julio","Est. tempo de leitura":"2 minutos"},"schema":{"@context":"https:\/\/schema.org","@graph":[{"@type":"Article","@id":"https:\/\/www.oarcanjo.net\/site\/pedro-e-paulo-a-forca-da-fe-a-beleza-do-amor\/#article","isPartOf":{"@id":"https:\/\/www.oarcanjo.net\/site\/pedro-e-paulo-a-forca-da-fe-a-beleza-do-amor\/"},"author":{"name":"julio","@id":"https:\/\/www.oarcanjo.net\/site\/#\/schema\/person\/d78ea01c648c91e29c364b516767079e"},"headline":"PEDRO e PAULO. A For\u00e7a da F\u00e9 a beleza do AMOR!","datePublished":"2009-06-27T12:08:40+00:00","dateModified":"2009-06-28T21:15:10+00:00","mainEntityOfPage":{"@id":"https:\/\/www.oarcanjo.net\/site\/pedro-e-paulo-a-forca-da-fe-a-beleza-do-amor\/"},"wordCount":384,"commentCount":7,"publisher":{"@id":"https:\/\/www.oarcanjo.net\/site\/#organization"},"keywords":["mart\u00edrio","S\u00e3o Paulo Ap\u00f3stolo","S\u00e3o Pedro","testemunho"],"articleSection":["Blog","Homilias"],"inLanguage":"pt-BR","potentialAction":[{"@type":"CommentAction","name":"Comment","target":["https:\/\/www.oarcanjo.net\/site\/pedro-e-paulo-a-forca-da-fe-a-beleza-do-amor\/#respond"]}]},{"@type":"WebPage","@id":"https:\/\/www.oarcanjo.net\/site\/pedro-e-paulo-a-forca-da-fe-a-beleza-do-amor\/","url":"https:\/\/www.oarcanjo.net\/site\/pedro-e-paulo-a-forca-da-fe-a-beleza-do-amor\/","name":"PEDRO e PAULO. A For\u00e7a da F\u00e9 a beleza do AMOR! - O Arcanjo no ar","isPartOf":{"@id":"https:\/\/www.oarcanjo.net\/site\/#website"},"datePublished":"2009-06-27T12:08:40+00:00","dateModified":"2009-06-28T21:15:10+00:00","breadcrumb":{"@id":"https:\/\/www.oarcanjo.net\/site\/pedro-e-paulo-a-forca-da-fe-a-beleza-do-amor\/#breadcrumb"},"inLanguage":"pt-BR","potentialAction":[{"@type":"ReadAction","target":["https:\/\/www.oarcanjo.net\/site\/pedro-e-paulo-a-forca-da-fe-a-beleza-do-amor\/"]}]},{"@type":"BreadcrumbList","@id":"https:\/\/www.oarcanjo.net\/site\/pedro-e-paulo-a-forca-da-fe-a-beleza-do-amor\/#breadcrumb","itemListElement":[{"@type":"ListItem","position":1,"name":"In\u00edcio","item":"https:\/\/www.oarcanjo.net\/site\/"},{"@type":"ListItem","position":2,"name":"PEDRO e PAULO. A For\u00e7a da F\u00e9 a beleza do AMOR!"}]},{"@type":"WebSite","@id":"https:\/\/www.oarcanjo.net\/site\/#website","url":"https:\/\/www.oarcanjo.net\/site\/","name":"O Arcanjo no ar","description":"Site da Par\u00f3quia S\u00e3o Miguel Arcanjo (Arquidiocese de SP)","publisher":{"@id":"https:\/\/www.oarcanjo.net\/site\/#organization"},"potentialAction":[{"@type":"SearchAction","target":{"@type":"EntryPoint","urlTemplate":"https:\/\/www.oarcanjo.net\/site\/?s={search_term_string}"},"query-input":{"@type":"PropertyValueSpecification","valueRequired":true,"valueName":"search_term_string"}}],"inLanguage":"pt-BR"},{"@type":"Organization","@id":"https:\/\/www.oarcanjo.net\/site\/#organization","name":"Par\u00f3quia S\u00e3o Miguel Arcanjo","url":"https:\/\/www.oarcanjo.net\/site\/","logo":{"@type":"ImageObject","inLanguage":"pt-BR","@id":"https:\/\/www.oarcanjo.net\/site\/#\/schema\/logo\/image\/","url":"https:\/\/www.oarcanjo.net\/site\/wp-content\/uploads\/LogoOArcanjo.png","contentUrl":"https:\/\/www.oarcanjo.net\/site\/wp-content\/uploads\/LogoOArcanjo.png","width":319,"height":99,"caption":"Par\u00f3quia S\u00e3o Miguel Arcanjo"},"image":{"@id":"https:\/\/www.oarcanjo.net\/site\/#\/schema\/logo\/image\/"},"sameAs":["https:\/\/www.facebook.com\/OArcanjoNoAr\/"]},{"@type":"Person","@id":"https:\/\/www.oarcanjo.net\/site\/#\/schema\/person\/d78ea01c648c91e29c364b516767079e","name":"julio","sameAs":["http:\/\/www.oarcanjo.net"]}]}},"publishpress_future_action":{"enabled":false,"date":"2026-05-08 21:08:53","action":"category","newStatus":"draft","terms":[],"taxonomy":"category"},"publishpress_future_workflow_manual_trigger":{"enabledWorkflows":[]},"_links":{"self":[{"href":"https:\/\/www.oarcanjo.net\/site\/wp-json\/wp\/v2\/posts\/4094"}],"collection":[{"href":"https:\/\/www.oarcanjo.net\/site\/wp-json\/wp\/v2\/posts"}],"about":[{"href":"https:\/\/www.oarcanjo.net\/site\/wp-json\/wp\/v2\/types\/post"}],"author":[{"embeddable":true,"href":"https:\/\/www.oarcanjo.net\/site\/wp-json\/wp\/v2\/users\/4"}],"replies":[{"embeddable":true,"href":"https:\/\/www.oarcanjo.net\/site\/wp-json\/wp\/v2\/comments?post=4094"}],"version-history":[{"count":0,"href":"https:\/\/www.oarcanjo.net\/site\/wp-json\/wp\/v2\/posts\/4094\/revisions"}],"wp:attachment":[{"href":"https:\/\/www.oarcanjo.net\/site\/wp-json\/wp\/v2\/media?parent=4094"}],"wp:term":[{"taxonomy":"category","embeddable":true,"href":"https:\/\/www.oarcanjo.net\/site\/wp-json\/wp\/v2\/categories?post=4094"},{"taxonomy":"post_tag","embeddable":true,"href":"https:\/\/www.oarcanjo.net\/site\/wp-json\/wp\/v2\/tags?post=4094"}],"curies":[{"name":"wp","href":"https:\/\/api.w.org\/{rel}","templated":true}]}}