
{"id":40977,"date":"2014-05-13T06:30:02","date_gmt":"2014-05-13T09:30:02","guid":{"rendered":"http:\/\/www.oarcanjo.net\/site\/?p=40977"},"modified":"2014-05-12T11:12:58","modified_gmt":"2014-05-12T14:12:58","slug":"espiritualidade-pascal-um-povo-santo","status":"publish","type":"post","link":"https:\/\/www.oarcanjo.net\/site\/espiritualidade-pascal-um-povo-santo\/","title":{"rendered":"Espiritualidade pascal: um povo santo"},"content":{"rendered":"<p><em>Dom Edmar Peron<\/em><\/p>\n<p>A espiritualidade do tempo pascal quer gerar mulheres e homens santos: um povo santo! O Batismo j\u00e1 nos fez participar sacramentalmente da vida nova, dom de Deus; no entanto, ela precisa manifestar-se em n\u00f3s a cada dia. Como nos ensina o Ap\u00f3stolo Paulo, fomos batizados em Cristo Jesus, batizados em sua morte, para que \u201cassim como Cristo foi ressuscitado dos mortos pela gl\u00f3ria do Pai, assim tamb\u00e9m n\u00f3s vivamos uma vida nova\u201d (Rm 6,4). \u00c9 isso, somos chamados a viver uma vida nova. Testemunhas dessa vida s\u00e3o os santos e as santas, homens e mulheres que ouviram a voz do Bom Pastor e o seguiram; crist\u00e3os de ontem e de hoje que buscaram com grande empenho, \u201cas coisas do alto, onde Cristo est\u00e1 sentado \u00e0 direita de Deus\u201d (Cl 3,1-4). V\u00e1rios deles s\u00e3o comemorados ao longo do tempo da P\u00e1scoa, dentre os quais quero destacar alguns.<\/p>\n<p>Em primeiro lugar, <em>Maria<\/em>, aclamada por Isabel como \u201cM\u00e3e do Senhor\u201d (31\/05), e <em>Jos\u00e9<\/em>, seu esposo, o Oper\u00e1rio de Nazar\u00e9 (1\u00ba\/05). Depois: <em>Filipe<\/em> e <em>Tiago<\/em> (03\/05), e <em>Barnab\u00e9<\/em> (14\/05), Ap\u00f3stolos do Senhor; <em>Rita de C\u00e1ssia<\/em>, a santa que tornou poss\u00edvel o que todos consideravam imposs\u00edvel, experimentando em sua pr\u00f3pria vida, especialmente nos momentos mais dif\u00edceis, o quanto Deus \u00e9 bom (s\u00e9culo 15 \u2013 22\/05); <em>Catarina de Sena<\/em>, doutora da Igreja, que uniu \u00e0 profundidade da vida contemplativa uma incans\u00e1vel atividade mission\u00e1ria, sendo mensageira da paz (s\u00e9culo 14 \u2013 29\/04); <em>Filipe Neri<\/em>, padre dedicado \u00e0 evangeliza\u00e7\u00e3o da juventude, que difundia alegria por onde passava, fruto de sua uni\u00e3o com Deus e de seu bom humor (s\u00e9culo 16 \u2013 26\/05); <em>Carlos Lwanga<\/em> e seus 21 Companheiros, jovens m\u00e1rtires africanos, testemunhas da fidelidade a Cristo, em meio aos mais terr\u00edveis tormentos: o pr\u00f3prio Carlos foi queimado vivo (s\u00e9culo 19 \u2013 03\/06); <em>Jo\u00e3o XXIII<\/em> e <em>Jo\u00e3o Paulo II<\/em>, inscritos na lista, isto \u00e9, no c\u00e2non dos santos no dia 27 de abril: \u201cForam sacerdotes, bispos e papas do s\u00e9culo XX. Conheceram as suas trag\u00e9dias, mas n\u00e3o foram vencidos por elas. Mais forte, neles, era Deus; mais forte era a f\u00e9 em Jesus Cristo, Redentor do homem e Senhor da hist\u00f3ria; mais forte, neles, era a miseric\u00f3rdia de Deus que se manifesta nestas cinco chagas [do Senhor]; mais forte era a proximidade materna de Maria\u201d (Papa Francisco, na homilia da canoniza\u00e7\u00e3o). Por fim, voc\u00ea pode certamente continuar a lista com pessoas que conhece, as quais s\u00e3o hoje, gente santa, testemunhas de Cristo, que por n\u00f3s morreu, foi sepultado e ressuscitou dos mortos, \u201cconforme as escrituras\u201d (1Cor 15,3-5a).<\/p>\n<p>Podemos, pois, afirmar com toda seguran\u00e7a: somos todos chamados \u00e0 santidade, como nos ensina o cap\u00edtulo 5, da <em>Lumen Gentium<\/em>, Constitui\u00e7\u00e3o Dogm\u00e1tica sobre a Igreja, do Conc\u00edlio Vaticano II: \u201cTodos os fi\u00e9is se santificar\u00e3o cada dia mais nas condi\u00e7\u00f5es, tarefas e circunst\u00e2ncias da pr\u00f3pria vida e atrav\u00e9s de todas elas [&#8230;], manifestando a todos, na pr\u00f3pria atividade temporal, a caridade com que Deus amou o mundo\u201d (41).<\/p>\n<p>\u201cEsta \u00e9, pois, a vontade de Deus: a santifica\u00e7\u00e3o de voc\u00eas\u201d (1Ts 4,3).<\/p>\n<div id=\"themify_builder_content-40977\" data-postid=\"40977\" class=\"themify_builder_content themify_builder_content-40977 themify_builder themify_builder_front\">\n\t<\/div>\n<!-- \/themify_builder_content -->","protected":false},"excerpt":{"rendered":"<p>Dom Edmar Peron A espiritualidade do tempo pascal quer gerar mulheres e homens santos: um povo santo! O Batismo j\u00e1 nos fez participar sacramentalmente da vida nova, dom de Deus; no entanto, ela precisa manifestar-se em n\u00f3s a cada dia. Como nos ensina o Ap\u00f3stolo Paulo, fomos batizados em Cristo Jesus, batizados em sua morte, [&hellip;]<\/p>\n","protected":false},"author":5,"featured_media":0,"comment_status":"open","ping_status":"open","sticky":false,"template":"","format":"standard","meta":{"ngg_post_thumbnail":0,"footnotes":""},"categories":[9],"tags":[2310,1139,473,3200],"yoast_head":"<!-- This site is optimized with the Yoast SEO plugin v23.5 - https:\/\/yoast.com\/wordpress\/plugins\/seo\/ -->\n<title>Espiritualidade pascal: um povo santo - O Arcanjo no ar<\/title>\n<meta name=\"robots\" content=\"index, follow, max-snippet:-1, max-image-preview:large, max-video-preview:-1\" \/>\n<link rel=\"canonical\" href=\"https:\/\/www.oarcanjo.net\/site\/espiritualidade-pascal-um-povo-santo\/\" \/>\n<meta property=\"og:locale\" content=\"pt_BR\" \/>\n<meta property=\"og:type\" content=\"article\" \/>\n<meta property=\"og:title\" content=\"Espiritualidade pascal: um povo santo - O Arcanjo no ar\" \/>\n<meta property=\"og:description\" content=\"Dom Edmar Peron A espiritualidade do tempo pascal quer gerar mulheres e homens santos: um povo santo! O Batismo j\u00e1 nos fez participar sacramentalmente da vida nova, dom de Deus; no entanto, ela precisa manifestar-se em n\u00f3s a cada dia. Como nos ensina o Ap\u00f3stolo Paulo, fomos batizados em Cristo Jesus, batizados em sua morte, [&hellip;]\" \/>\n<meta property=\"og:url\" content=\"https:\/\/www.oarcanjo.net\/site\/espiritualidade-pascal-um-povo-santo\/\" \/>\n<meta property=\"og:site_name\" content=\"O Arcanjo no ar\" \/>\n<meta property=\"article:publisher\" content=\"https:\/\/www.facebook.com\/OArcanjoNoAr\/\" \/>\n<meta property=\"article:published_time\" content=\"2014-05-13T09:30:02+00:00\" \/>\n<meta property=\"article:modified_time\" content=\"2014-05-12T14:12:58+00:00\" \/>\n<meta property=\"og:image\" content=\"https:\/\/www.oarcanjo.net\/site\/wp-content\/uploads\/logo-o-arcanjo-no-ar-facebook.png\" \/>\n\t<meta property=\"og:image:width\" content=\"300\" \/>\n\t<meta property=\"og:image:height\" content=\"300\" \/>\n\t<meta property=\"og:image:type\" content=\"image\/png\" \/>\n<meta name=\"author\" content=\"editor\" \/>\n<meta name=\"twitter:card\" content=\"summary_large_image\" \/>\n<meta name=\"twitter:label1\" content=\"Escrito por\" \/>\n\t<meta name=\"twitter:data1\" content=\"editor\" \/>\n\t<meta name=\"twitter:label2\" content=\"Est. tempo de leitura\" \/>\n\t<meta name=\"twitter:data2\" content=\"3 minutos\" \/>\n<script type=\"application\/ld+json\" class=\"yoast-schema-graph\">{\"@context\":\"https:\/\/schema.org\",\"@graph\":[{\"@type\":\"Article\",\"@id\":\"https:\/\/www.oarcanjo.net\/site\/espiritualidade-pascal-um-povo-santo\/#article\",\"isPartOf\":{\"@id\":\"https:\/\/www.oarcanjo.net\/site\/espiritualidade-pascal-um-povo-santo\/\"},\"author\":{\"name\":\"editor\",\"@id\":\"https:\/\/www.oarcanjo.net\/site\/#\/schema\/person\/f7024d007863202483a31326673a0838\"},\"headline\":\"Espiritualidade pascal: um povo santo\",\"datePublished\":\"2014-05-13T09:30:02+00:00\",\"dateModified\":\"2014-05-12T14:12:58+00:00\",\"mainEntityOfPage\":{\"@id\":\"https:\/\/www.oarcanjo.net\/site\/espiritualidade-pascal-um-povo-santo\/\"},\"wordCount\":530,\"commentCount\":0,\"publisher\":{\"@id\":\"https:\/\/www.oarcanjo.net\/site\/#organization\"},\"keywords\":[\"Lumen gentium\",\"santidade\",\"testemunho\",\"Voz do Arcanjo\"],\"articleSection\":[\"Reflex\u00f5es\"],\"inLanguage\":\"pt-BR\",\"potentialAction\":[{\"@type\":\"CommentAction\",\"name\":\"Comment\",\"target\":[\"https:\/\/www.oarcanjo.net\/site\/espiritualidade-pascal-um-povo-santo\/#respond\"]}]},{\"@type\":\"WebPage\",\"@id\":\"https:\/\/www.oarcanjo.net\/site\/espiritualidade-pascal-um-povo-santo\/\",\"url\":\"https:\/\/www.oarcanjo.net\/site\/espiritualidade-pascal-um-povo-santo\/\",\"name\":\"Espiritualidade pascal: um povo santo - O Arcanjo no ar\",\"isPartOf\":{\"@id\":\"https:\/\/www.oarcanjo.net\/site\/#website\"},\"datePublished\":\"2014-05-13T09:30:02+00:00\",\"dateModified\":\"2014-05-12T14:12:58+00:00\",\"breadcrumb\":{\"@id\":\"https:\/\/www.oarcanjo.net\/site\/espiritualidade-pascal-um-povo-santo\/#breadcrumb\"},\"inLanguage\":\"pt-BR\",\"potentialAction\":[{\"@type\":\"ReadAction\",\"target\":[\"https:\/\/www.oarcanjo.net\/site\/espiritualidade-pascal-um-povo-santo\/\"]}]},{\"@type\":\"BreadcrumbList\",\"@id\":\"https:\/\/www.oarcanjo.net\/site\/espiritualidade-pascal-um-povo-santo\/#breadcrumb\",\"itemListElement\":[{\"@type\":\"ListItem\",\"position\":1,\"name\":\"In\u00edcio\",\"item\":\"https:\/\/www.oarcanjo.net\/site\/\"},{\"@type\":\"ListItem\",\"position\":2,\"name\":\"Espiritualidade pascal: um povo santo\"}]},{\"@type\":\"WebSite\",\"@id\":\"https:\/\/www.oarcanjo.net\/site\/#website\",\"url\":\"https:\/\/www.oarcanjo.net\/site\/\",\"name\":\"O Arcanjo no ar\",\"description\":\"Site da Par\u00f3quia S\u00e3o Miguel Arcanjo (Arquidiocese de SP)\",\"publisher\":{\"@id\":\"https:\/\/www.oarcanjo.net\/site\/#organization\"},\"potentialAction\":[{\"@type\":\"SearchAction\",\"target\":{\"@type\":\"EntryPoint\",\"urlTemplate\":\"https:\/\/www.oarcanjo.net\/site\/?s={search_term_string}\"},\"query-input\":{\"@type\":\"PropertyValueSpecification\",\"valueRequired\":true,\"valueName\":\"search_term_string\"}}],\"inLanguage\":\"pt-BR\"},{\"@type\":\"Organization\",\"@id\":\"https:\/\/www.oarcanjo.net\/site\/#organization\",\"name\":\"Par\u00f3quia S\u00e3o Miguel Arcanjo\",\"url\":\"https:\/\/www.oarcanjo.net\/site\/\",\"logo\":{\"@type\":\"ImageObject\",\"inLanguage\":\"pt-BR\",\"@id\":\"https:\/\/www.oarcanjo.net\/site\/#\/schema\/logo\/image\/\",\"url\":\"https:\/\/www.oarcanjo.net\/site\/wp-content\/uploads\/LogoOArcanjo.png\",\"contentUrl\":\"https:\/\/www.oarcanjo.net\/site\/wp-content\/uploads\/LogoOArcanjo.png\",\"width\":319,\"height\":99,\"caption\":\"Par\u00f3quia S\u00e3o Miguel Arcanjo\"},\"image\":{\"@id\":\"https:\/\/www.oarcanjo.net\/site\/#\/schema\/logo\/image\/\"},\"sameAs\":[\"https:\/\/www.facebook.com\/OArcanjoNoAr\/\"]},{\"@type\":\"Person\",\"@id\":\"https:\/\/www.oarcanjo.net\/site\/#\/schema\/person\/f7024d007863202483a31326673a0838\",\"name\":\"editor\",\"sameAs\":[\"http:\/\/www.oarcanjo.net\"]}]}<\/script>\n<!-- \/ Yoast SEO plugin. -->","yoast_head_json":{"title":"Espiritualidade pascal: um povo santo - O Arcanjo no ar","robots":{"index":"index","follow":"follow","max-snippet":"max-snippet:-1","max-image-preview":"max-image-preview:large","max-video-preview":"max-video-preview:-1"},"canonical":"https:\/\/www.oarcanjo.net\/site\/espiritualidade-pascal-um-povo-santo\/","og_locale":"pt_BR","og_type":"article","og_title":"Espiritualidade pascal: um povo santo - O Arcanjo no ar","og_description":"Dom Edmar Peron A espiritualidade do tempo pascal quer gerar mulheres e homens santos: um povo santo! O Batismo j\u00e1 nos fez participar sacramentalmente da vida nova, dom de Deus; no entanto, ela precisa manifestar-se em n\u00f3s a cada dia. Como nos ensina o Ap\u00f3stolo Paulo, fomos batizados em Cristo Jesus, batizados em sua morte, [&hellip;]","og_url":"https:\/\/www.oarcanjo.net\/site\/espiritualidade-pascal-um-povo-santo\/","og_site_name":"O Arcanjo no ar","article_publisher":"https:\/\/www.facebook.com\/OArcanjoNoAr\/","article_published_time":"2014-05-13T09:30:02+00:00","article_modified_time":"2014-05-12T14:12:58+00:00","og_image":[{"width":300,"height":300,"url":"https:\/\/www.oarcanjo.net\/site\/wp-content\/uploads\/logo-o-arcanjo-no-ar-facebook.png","type":"image\/png"}],"author":"editor","twitter_card":"summary_large_image","twitter_misc":{"Escrito por":"editor","Est. tempo de leitura":"3 minutos"},"schema":{"@context":"https:\/\/schema.org","@graph":[{"@type":"Article","@id":"https:\/\/www.oarcanjo.net\/site\/espiritualidade-pascal-um-povo-santo\/#article","isPartOf":{"@id":"https:\/\/www.oarcanjo.net\/site\/espiritualidade-pascal-um-povo-santo\/"},"author":{"name":"editor","@id":"https:\/\/www.oarcanjo.net\/site\/#\/schema\/person\/f7024d007863202483a31326673a0838"},"headline":"Espiritualidade pascal: um povo santo","datePublished":"2014-05-13T09:30:02+00:00","dateModified":"2014-05-12T14:12:58+00:00","mainEntityOfPage":{"@id":"https:\/\/www.oarcanjo.net\/site\/espiritualidade-pascal-um-povo-santo\/"},"wordCount":530,"commentCount":0,"publisher":{"@id":"https:\/\/www.oarcanjo.net\/site\/#organization"},"keywords":["Lumen gentium","santidade","testemunho","Voz do Arcanjo"],"articleSection":["Reflex\u00f5es"],"inLanguage":"pt-BR","potentialAction":[{"@type":"CommentAction","name":"Comment","target":["https:\/\/www.oarcanjo.net\/site\/espiritualidade-pascal-um-povo-santo\/#respond"]}]},{"@type":"WebPage","@id":"https:\/\/www.oarcanjo.net\/site\/espiritualidade-pascal-um-povo-santo\/","url":"https:\/\/www.oarcanjo.net\/site\/espiritualidade-pascal-um-povo-santo\/","name":"Espiritualidade pascal: um povo santo - O Arcanjo no ar","isPartOf":{"@id":"https:\/\/www.oarcanjo.net\/site\/#website"},"datePublished":"2014-05-13T09:30:02+00:00","dateModified":"2014-05-12T14:12:58+00:00","breadcrumb":{"@id":"https:\/\/www.oarcanjo.net\/site\/espiritualidade-pascal-um-povo-santo\/#breadcrumb"},"inLanguage":"pt-BR","potentialAction":[{"@type":"ReadAction","target":["https:\/\/www.oarcanjo.net\/site\/espiritualidade-pascal-um-povo-santo\/"]}]},{"@type":"BreadcrumbList","@id":"https:\/\/www.oarcanjo.net\/site\/espiritualidade-pascal-um-povo-santo\/#breadcrumb","itemListElement":[{"@type":"ListItem","position":1,"name":"In\u00edcio","item":"https:\/\/www.oarcanjo.net\/site\/"},{"@type":"ListItem","position":2,"name":"Espiritualidade pascal: um povo santo"}]},{"@type":"WebSite","@id":"https:\/\/www.oarcanjo.net\/site\/#website","url":"https:\/\/www.oarcanjo.net\/site\/","name":"O Arcanjo no ar","description":"Site da Par\u00f3quia S\u00e3o Miguel Arcanjo (Arquidiocese de SP)","publisher":{"@id":"https:\/\/www.oarcanjo.net\/site\/#organization"},"potentialAction":[{"@type":"SearchAction","target":{"@type":"EntryPoint","urlTemplate":"https:\/\/www.oarcanjo.net\/site\/?s={search_term_string}"},"query-input":{"@type":"PropertyValueSpecification","valueRequired":true,"valueName":"search_term_string"}}],"inLanguage":"pt-BR"},{"@type":"Organization","@id":"https:\/\/www.oarcanjo.net\/site\/#organization","name":"Par\u00f3quia S\u00e3o Miguel Arcanjo","url":"https:\/\/www.oarcanjo.net\/site\/","logo":{"@type":"ImageObject","inLanguage":"pt-BR","@id":"https:\/\/www.oarcanjo.net\/site\/#\/schema\/logo\/image\/","url":"https:\/\/www.oarcanjo.net\/site\/wp-content\/uploads\/LogoOArcanjo.png","contentUrl":"https:\/\/www.oarcanjo.net\/site\/wp-content\/uploads\/LogoOArcanjo.png","width":319,"height":99,"caption":"Par\u00f3quia S\u00e3o Miguel Arcanjo"},"image":{"@id":"https:\/\/www.oarcanjo.net\/site\/#\/schema\/logo\/image\/"},"sameAs":["https:\/\/www.facebook.com\/OArcanjoNoAr\/"]},{"@type":"Person","@id":"https:\/\/www.oarcanjo.net\/site\/#\/schema\/person\/f7024d007863202483a31326673a0838","name":"editor","sameAs":["http:\/\/www.oarcanjo.net"]}]}},"publishpress_future_action":{"enabled":false,"date":"2026-05-08 20:06:37","action":"category","newStatus":"draft","terms":[],"taxonomy":"category"},"publishpress_future_workflow_manual_trigger":{"enabledWorkflows":[]},"_links":{"self":[{"href":"https:\/\/www.oarcanjo.net\/site\/wp-json\/wp\/v2\/posts\/40977"}],"collection":[{"href":"https:\/\/www.oarcanjo.net\/site\/wp-json\/wp\/v2\/posts"}],"about":[{"href":"https:\/\/www.oarcanjo.net\/site\/wp-json\/wp\/v2\/types\/post"}],"author":[{"embeddable":true,"href":"https:\/\/www.oarcanjo.net\/site\/wp-json\/wp\/v2\/users\/5"}],"replies":[{"embeddable":true,"href":"https:\/\/www.oarcanjo.net\/site\/wp-json\/wp\/v2\/comments?post=40977"}],"version-history":[{"count":0,"href":"https:\/\/www.oarcanjo.net\/site\/wp-json\/wp\/v2\/posts\/40977\/revisions"}],"wp:attachment":[{"href":"https:\/\/www.oarcanjo.net\/site\/wp-json\/wp\/v2\/media?parent=40977"}],"wp:term":[{"taxonomy":"category","embeddable":true,"href":"https:\/\/www.oarcanjo.net\/site\/wp-json\/wp\/v2\/categories?post=40977"},{"taxonomy":"post_tag","embeddable":true,"href":"https:\/\/www.oarcanjo.net\/site\/wp-json\/wp\/v2\/tags?post=40977"}],"curies":[{"name":"wp","href":"https:\/\/api.w.org\/{rel}","templated":true}]}}