
{"id":4107,"date":"2009-06-27T13:28:12","date_gmt":"2009-06-27T16:28:12","guid":{"rendered":"http:\/\/www.oarcanjo.net\/site\/?p=4107"},"modified":"2009-06-27T13:28:12","modified_gmt":"2009-06-27T16:28:12","slug":"a-arte-da-oracao","status":"publish","type":"post","link":"https:\/\/www.oarcanjo.net\/site\/a-arte-da-oracao\/","title":{"rendered":"A arte da ora\u00e7\u00e3o"},"content":{"rendered":"<p>Dom Orlando Brandes<\/p>\n<p>Rezar \u00e9 um ato natural, um cap\u00edtulo da antropologia, exatamente porque o ser humano tem uma abertura cong\u00eanita para o transcendente, o divino. Rezar \u00e9 tamb\u00e9m um ato de justi\u00e7a para com nossa alma, pois a ora\u00e7\u00e3o \u00e9 express\u00e3o do esp\u00edrito, da alma, do cora\u00e7\u00e3o. \u00c9 tamb\u00e9m um ato de justi\u00e7a em rela\u00e7\u00e3o a Deus. \u201cNele somos, vivemos e existimos\u201d (At 17, 28).<\/p>\n<p>A ora\u00e7\u00e3o \u00e9 antes de tudo terap\u00eautica porque pacifica, unifica, ordena a vida, os pensamentos e os afetos. \u201cOs efeitos da ora\u00e7\u00e3o em nossa pessoa s\u00e3o mais vis\u00edveis que os das gl\u00e2ndulas de secre\u00e7\u00e3o interna\u201d, diz o pr\u00eamio Nobel da medicina (1922), Dr. Alexis Carrel, ateu convertido.<\/p>\n<p>A arte da ora\u00e7\u00e3o consiste em que o orante se comunica com Deus, com os outros e consigo mesmo e assim faz grandes descobertas, encontra solu\u00e7\u00f5es, recebe ilumina\u00e7\u00f5es e muita for\u00e7a interior. K Jung e V. Frankl s\u00e3o psic\u00f3logos que exaltam a import\u00e2ncia e a efic\u00e1cia da ora\u00e7\u00e3o, sem a qual, as pessoas n\u00e3o se curam de suas neuroses. Eles sabem muito bem que a pessoa orante entra no n\u00edvel alfa, freq\u00fc\u00eancia profunda do c\u00e9rebro humano.<\/p>\n<p>Quem n\u00e3o reza est\u00e1 numa situa\u00e7\u00e3o muito desconfort\u00e1vel e at\u00e9 inc\u00f4moda, porque ir\u00e1 buscar al\u00edvio e sedativo no \u00e1lcool, farras, drogas e sempre permanece v\u00edtima do vazio existencial e da solid\u00e3o. Sempre justificar\u00e1 seus erros e fugas, tendo necessidade espont\u00e2nea de ridicularizar quem reza, como se a ora\u00e7\u00e3o fosse o \u201ccatecismo dos fracos e perdedores\u201d. De fato, s\u00f3 os humildes e aut\u00eanticos rezam. <\/p>\n<p>\u00c9 preciso rezar com f\u00e9. Acreditar no poder da ora\u00e7\u00e3o. Rezar \u00e9 estar com Deus e com os outros. Normalmente a ora\u00e7\u00e3o verdadeira e profunda leva \u00e0 compaix\u00e3o, ao perd\u00e3o, \u00e0 solidariedade. O amor \u00e9 fruto da ora\u00e7\u00e3o. Rezar \u00e9 um ato de amor e o amor \u00e9 conseq\u00fc\u00eancia da ora\u00e7\u00e3o. Os santos, os m\u00edsticos s\u00e3o sempre pessoas de paz, de fraternidade e de a\u00e7\u00e3o em favor dos pobres e pecadores. A ora\u00e7\u00e3o, \u00e9 amor de amizade com Deus que nos leva ao amor-servi\u00e7o para com os outros.<\/p>\n<p>A ora\u00e7\u00e3o \u00e9 uma \u201calavanca que move o mundo\u201d (Sta. Terezinha). De fato, quantas pessoas s\u00e3o vitoriosas frente a doen\u00e7as, m\u00e1goas, decep\u00e7\u00f5es, inj\u00farias. A ora\u00e7\u00e3o as salvou. Quem reza se salva.<\/p>\n<p>A ora\u00e7\u00e3o \u00e9 uma ponte. A pessoa orante \u00e9 fabricadora de pontes, \u00e9 pont\u00edfice. Abatem-se os muros, constroem-se pontes, com a sabedoria da ora\u00e7\u00e3o. Esta ponte, a ora\u00e7\u00e3o, vai da terra ao c\u00e9u e do cora\u00e7\u00e3o do orante aos irm\u00e3os. A escalada da ora\u00e7\u00e3o \u00e9 exigente, requer perseveran\u00e7a. \u00c9 um combate.<\/p>\n<p>A ora\u00e7\u00e3o \u00e9 muralha, \u00e9 escudo, \u00e9 prote\u00e7\u00e3o, \u00e9 abrigo, \u00e9 seguran\u00e7a. Quem reza est\u00e1 imunizado contra muitos males. A ora\u00e7\u00e3o nos protege das tenta\u00e7\u00f5es. Sem ora\u00e7\u00e3o ca\u00edmos na murmura\u00e7\u00e3o e abra\u00e7amos a tenta\u00e7\u00e3o.<\/p>\n<p>A ora\u00e7\u00e3o \u00e9 escola. O mestre interior \u00e9 o Esp\u00edrito Santo. Na escola da ora\u00e7\u00e3o aprendemos a pr\u00e1tica do bem, a beleza do perd\u00e3o, a alegria da conviv\u00eancia, a esperan\u00e7a nas decep\u00e7\u00f5es. A ora\u00e7\u00e3o nos faz disc\u00edpulos, iluminados, s\u00e1bios, humanos e verdadeiros. Mois\u00e9s tinha o rosto iluminado ap\u00f3s a ora\u00e7\u00e3o. Irradiava o fulgor de Deus.<\/p>\n<p>A ora\u00e7\u00e3o enche o orante de aud\u00e1cia e coragem, de for\u00e7a e tenacidade, de luz e compaix\u00e3o. Jesus n\u00e3o somente reza, mas, ensina a rezar, principalmente a perseveran\u00e7a na ora\u00e7\u00e3o. Os primeiros crist\u00e3os eram \u201cass\u00edduos na ora\u00e7\u00e3o\u201d (At 2, 42). De fato, a ora\u00e7\u00e3o \u00e9 inspira\u00e7\u00e3o de cada momento, recolhimento do cora\u00e7\u00e3o, recorda\u00e7\u00e3o das maravilhas de Deus, \u00e9 for\u00e7a para a luta cotidiana. Eis a arte da ora\u00e7\u00e3o.<\/p>\n<p>A ora\u00e7\u00e3o \u00e9 uma rendi\u00e7\u00e3o diante de nossa insufici\u00eancia e da paternidade de Deus. A ora\u00e7\u00e3o \u00e9 a fala entre filhos(as) e Pai. Portanto, ora\u00e7\u00e3o \u00e9 quest\u00e3o de amizade, \u00e9 encontro de duas consci\u00eancias, duas intimidades, duas exist\u00eancias. Na ora\u00e7\u00e3o acontece uma troca de olhares, de confid\u00eancias, de interioridades. Rezar \u00e9 um ato de amor, um ato afetivo que inflama o orante de amor a Deus e ao pr\u00f3ximo.<\/p>\n<div id=\"themify_builder_content-4107\" data-postid=\"4107\" class=\"themify_builder_content themify_builder_content-4107 themify_builder themify_builder_front\">\n\t<\/div>\n<!-- \/themify_builder_content -->","protected":false},"excerpt":{"rendered":"<p>Dom Orlando Brandes Rezar \u00e9 um ato natural, um cap\u00edtulo da antropologia, exatamente porque o ser humano tem uma abertura cong\u00eanita para o transcendente, o divino. Rezar \u00e9 tamb\u00e9m um ato de justi\u00e7a para com nossa alma, pois a ora\u00e7\u00e3o \u00e9 express\u00e3o do esp\u00edrito, da alma, do cora\u00e7\u00e3o. \u00c9 tamb\u00e9m um ato de justi\u00e7a em [&hellip;]<\/p>\n","protected":false},"author":5,"featured_media":0,"comment_status":"open","ping_status":"open","sticky":false,"template":"","format":"standard","meta":{"ngg_post_thumbnail":0,"footnotes":""},"categories":[9],"tags":[107,363,14,864],"yoast_head":"<!-- This site is optimized with the Yoast SEO plugin v23.5 - https:\/\/yoast.com\/wordpress\/plugins\/seo\/ -->\n<title>A arte da ora\u00e7\u00e3o - O Arcanjo no ar<\/title>\n<meta name=\"robots\" content=\"index, follow, max-snippet:-1, max-image-preview:large, max-video-preview:-1\" \/>\n<link rel=\"canonical\" href=\"https:\/\/www.oarcanjo.net\/site\/a-arte-da-oracao\/\" \/>\n<meta property=\"og:locale\" content=\"pt_BR\" \/>\n<meta property=\"og:type\" content=\"article\" \/>\n<meta property=\"og:title\" content=\"A arte da ora\u00e7\u00e3o - O Arcanjo no ar\" \/>\n<meta property=\"og:description\" content=\"Dom Orlando Brandes Rezar \u00e9 um ato natural, um cap\u00edtulo da antropologia, exatamente porque o ser humano tem uma abertura cong\u00eanita para o transcendente, o divino. Rezar \u00e9 tamb\u00e9m um ato de justi\u00e7a para com nossa alma, pois a ora\u00e7\u00e3o \u00e9 express\u00e3o do esp\u00edrito, da alma, do cora\u00e7\u00e3o. \u00c9 tamb\u00e9m um ato de justi\u00e7a em [&hellip;]\" \/>\n<meta property=\"og:url\" content=\"https:\/\/www.oarcanjo.net\/site\/a-arte-da-oracao\/\" \/>\n<meta property=\"og:site_name\" content=\"O Arcanjo no ar\" \/>\n<meta property=\"article:publisher\" content=\"https:\/\/www.facebook.com\/OArcanjoNoAr\/\" \/>\n<meta property=\"article:published_time\" content=\"2009-06-27T16:28:12+00:00\" \/>\n<meta property=\"og:image\" content=\"https:\/\/www.oarcanjo.net\/site\/wp-content\/uploads\/logo-o-arcanjo-no-ar-facebook.png\" \/>\n\t<meta property=\"og:image:width\" content=\"300\" \/>\n\t<meta property=\"og:image:height\" content=\"300\" \/>\n\t<meta property=\"og:image:type\" content=\"image\/png\" \/>\n<meta name=\"author\" content=\"editor\" \/>\n<meta name=\"twitter:card\" content=\"summary_large_image\" \/>\n<meta name=\"twitter:label1\" content=\"Escrito por\" \/>\n\t<meta name=\"twitter:data1\" content=\"editor\" \/>\n\t<meta name=\"twitter:label2\" content=\"Est. tempo de leitura\" \/>\n\t<meta name=\"twitter:data2\" content=\"4 minutos\" \/>\n<script type=\"application\/ld+json\" class=\"yoast-schema-graph\">{\"@context\":\"https:\/\/schema.org\",\"@graph\":[{\"@type\":\"Article\",\"@id\":\"https:\/\/www.oarcanjo.net\/site\/a-arte-da-oracao\/#article\",\"isPartOf\":{\"@id\":\"https:\/\/www.oarcanjo.net\/site\/a-arte-da-oracao\/\"},\"author\":{\"name\":\"editor\",\"@id\":\"https:\/\/www.oarcanjo.net\/site\/#\/schema\/person\/f7024d007863202483a31326673a0838\"},\"headline\":\"A arte da ora\u00e7\u00e3o\",\"datePublished\":\"2009-06-27T16:28:12+00:00\",\"dateModified\":\"2009-06-27T16:28:12+00:00\",\"mainEntityOfPage\":{\"@id\":\"https:\/\/www.oarcanjo.net\/site\/a-arte-da-oracao\/\"},\"wordCount\":737,\"commentCount\":3,\"publisher\":{\"@id\":\"https:\/\/www.oarcanjo.net\/site\/#organization\"},\"keywords\":[\"amor\",\"Deus\",\"ora\u00e7\u00e3o\",\"reza\"],\"articleSection\":[\"Reflex\u00f5es\"],\"inLanguage\":\"pt-BR\",\"potentialAction\":[{\"@type\":\"CommentAction\",\"name\":\"Comment\",\"target\":[\"https:\/\/www.oarcanjo.net\/site\/a-arte-da-oracao\/#respond\"]}]},{\"@type\":\"WebPage\",\"@id\":\"https:\/\/www.oarcanjo.net\/site\/a-arte-da-oracao\/\",\"url\":\"https:\/\/www.oarcanjo.net\/site\/a-arte-da-oracao\/\",\"name\":\"A arte da ora\u00e7\u00e3o - O Arcanjo no ar\",\"isPartOf\":{\"@id\":\"https:\/\/www.oarcanjo.net\/site\/#website\"},\"datePublished\":\"2009-06-27T16:28:12+00:00\",\"dateModified\":\"2009-06-27T16:28:12+00:00\",\"breadcrumb\":{\"@id\":\"https:\/\/www.oarcanjo.net\/site\/a-arte-da-oracao\/#breadcrumb\"},\"inLanguage\":\"pt-BR\",\"potentialAction\":[{\"@type\":\"ReadAction\",\"target\":[\"https:\/\/www.oarcanjo.net\/site\/a-arte-da-oracao\/\"]}]},{\"@type\":\"BreadcrumbList\",\"@id\":\"https:\/\/www.oarcanjo.net\/site\/a-arte-da-oracao\/#breadcrumb\",\"itemListElement\":[{\"@type\":\"ListItem\",\"position\":1,\"name\":\"In\u00edcio\",\"item\":\"https:\/\/www.oarcanjo.net\/site\/\"},{\"@type\":\"ListItem\",\"position\":2,\"name\":\"A arte da ora\u00e7\u00e3o\"}]},{\"@type\":\"WebSite\",\"@id\":\"https:\/\/www.oarcanjo.net\/site\/#website\",\"url\":\"https:\/\/www.oarcanjo.net\/site\/\",\"name\":\"O Arcanjo no ar\",\"description\":\"Site da Par\u00f3quia S\u00e3o Miguel Arcanjo (Arquidiocese de SP)\",\"publisher\":{\"@id\":\"https:\/\/www.oarcanjo.net\/site\/#organization\"},\"potentialAction\":[{\"@type\":\"SearchAction\",\"target\":{\"@type\":\"EntryPoint\",\"urlTemplate\":\"https:\/\/www.oarcanjo.net\/site\/?s={search_term_string}\"},\"query-input\":{\"@type\":\"PropertyValueSpecification\",\"valueRequired\":true,\"valueName\":\"search_term_string\"}}],\"inLanguage\":\"pt-BR\"},{\"@type\":\"Organization\",\"@id\":\"https:\/\/www.oarcanjo.net\/site\/#organization\",\"name\":\"Par\u00f3quia S\u00e3o Miguel Arcanjo\",\"url\":\"https:\/\/www.oarcanjo.net\/site\/\",\"logo\":{\"@type\":\"ImageObject\",\"inLanguage\":\"pt-BR\",\"@id\":\"https:\/\/www.oarcanjo.net\/site\/#\/schema\/logo\/image\/\",\"url\":\"https:\/\/www.oarcanjo.net\/site\/wp-content\/uploads\/LogoOArcanjo.png\",\"contentUrl\":\"https:\/\/www.oarcanjo.net\/site\/wp-content\/uploads\/LogoOArcanjo.png\",\"width\":319,\"height\":99,\"caption\":\"Par\u00f3quia S\u00e3o Miguel Arcanjo\"},\"image\":{\"@id\":\"https:\/\/www.oarcanjo.net\/site\/#\/schema\/logo\/image\/\"},\"sameAs\":[\"https:\/\/www.facebook.com\/OArcanjoNoAr\/\"]},{\"@type\":\"Person\",\"@id\":\"https:\/\/www.oarcanjo.net\/site\/#\/schema\/person\/f7024d007863202483a31326673a0838\",\"name\":\"editor\",\"sameAs\":[\"http:\/\/www.oarcanjo.net\"]}]}<\/script>\n<!-- \/ Yoast SEO plugin. -->","yoast_head_json":{"title":"A arte da ora\u00e7\u00e3o - O Arcanjo no ar","robots":{"index":"index","follow":"follow","max-snippet":"max-snippet:-1","max-image-preview":"max-image-preview:large","max-video-preview":"max-video-preview:-1"},"canonical":"https:\/\/www.oarcanjo.net\/site\/a-arte-da-oracao\/","og_locale":"pt_BR","og_type":"article","og_title":"A arte da ora\u00e7\u00e3o - O Arcanjo no ar","og_description":"Dom Orlando Brandes Rezar \u00e9 um ato natural, um cap\u00edtulo da antropologia, exatamente porque o ser humano tem uma abertura cong\u00eanita para o transcendente, o divino. Rezar \u00e9 tamb\u00e9m um ato de justi\u00e7a para com nossa alma, pois a ora\u00e7\u00e3o \u00e9 express\u00e3o do esp\u00edrito, da alma, do cora\u00e7\u00e3o. \u00c9 tamb\u00e9m um ato de justi\u00e7a em [&hellip;]","og_url":"https:\/\/www.oarcanjo.net\/site\/a-arte-da-oracao\/","og_site_name":"O Arcanjo no ar","article_publisher":"https:\/\/www.facebook.com\/OArcanjoNoAr\/","article_published_time":"2009-06-27T16:28:12+00:00","og_image":[{"width":300,"height":300,"url":"https:\/\/www.oarcanjo.net\/site\/wp-content\/uploads\/logo-o-arcanjo-no-ar-facebook.png","type":"image\/png"}],"author":"editor","twitter_card":"summary_large_image","twitter_misc":{"Escrito por":"editor","Est. tempo de leitura":"4 minutos"},"schema":{"@context":"https:\/\/schema.org","@graph":[{"@type":"Article","@id":"https:\/\/www.oarcanjo.net\/site\/a-arte-da-oracao\/#article","isPartOf":{"@id":"https:\/\/www.oarcanjo.net\/site\/a-arte-da-oracao\/"},"author":{"name":"editor","@id":"https:\/\/www.oarcanjo.net\/site\/#\/schema\/person\/f7024d007863202483a31326673a0838"},"headline":"A arte da ora\u00e7\u00e3o","datePublished":"2009-06-27T16:28:12+00:00","dateModified":"2009-06-27T16:28:12+00:00","mainEntityOfPage":{"@id":"https:\/\/www.oarcanjo.net\/site\/a-arte-da-oracao\/"},"wordCount":737,"commentCount":3,"publisher":{"@id":"https:\/\/www.oarcanjo.net\/site\/#organization"},"keywords":["amor","Deus","ora\u00e7\u00e3o","reza"],"articleSection":["Reflex\u00f5es"],"inLanguage":"pt-BR","potentialAction":[{"@type":"CommentAction","name":"Comment","target":["https:\/\/www.oarcanjo.net\/site\/a-arte-da-oracao\/#respond"]}]},{"@type":"WebPage","@id":"https:\/\/www.oarcanjo.net\/site\/a-arte-da-oracao\/","url":"https:\/\/www.oarcanjo.net\/site\/a-arte-da-oracao\/","name":"A arte da ora\u00e7\u00e3o - O Arcanjo no ar","isPartOf":{"@id":"https:\/\/www.oarcanjo.net\/site\/#website"},"datePublished":"2009-06-27T16:28:12+00:00","dateModified":"2009-06-27T16:28:12+00:00","breadcrumb":{"@id":"https:\/\/www.oarcanjo.net\/site\/a-arte-da-oracao\/#breadcrumb"},"inLanguage":"pt-BR","potentialAction":[{"@type":"ReadAction","target":["https:\/\/www.oarcanjo.net\/site\/a-arte-da-oracao\/"]}]},{"@type":"BreadcrumbList","@id":"https:\/\/www.oarcanjo.net\/site\/a-arte-da-oracao\/#breadcrumb","itemListElement":[{"@type":"ListItem","position":1,"name":"In\u00edcio","item":"https:\/\/www.oarcanjo.net\/site\/"},{"@type":"ListItem","position":2,"name":"A arte da ora\u00e7\u00e3o"}]},{"@type":"WebSite","@id":"https:\/\/www.oarcanjo.net\/site\/#website","url":"https:\/\/www.oarcanjo.net\/site\/","name":"O Arcanjo no ar","description":"Site da Par\u00f3quia S\u00e3o Miguel Arcanjo (Arquidiocese de SP)","publisher":{"@id":"https:\/\/www.oarcanjo.net\/site\/#organization"},"potentialAction":[{"@type":"SearchAction","target":{"@type":"EntryPoint","urlTemplate":"https:\/\/www.oarcanjo.net\/site\/?s={search_term_string}"},"query-input":{"@type":"PropertyValueSpecification","valueRequired":true,"valueName":"search_term_string"}}],"inLanguage":"pt-BR"},{"@type":"Organization","@id":"https:\/\/www.oarcanjo.net\/site\/#organization","name":"Par\u00f3quia S\u00e3o Miguel Arcanjo","url":"https:\/\/www.oarcanjo.net\/site\/","logo":{"@type":"ImageObject","inLanguage":"pt-BR","@id":"https:\/\/www.oarcanjo.net\/site\/#\/schema\/logo\/image\/","url":"https:\/\/www.oarcanjo.net\/site\/wp-content\/uploads\/LogoOArcanjo.png","contentUrl":"https:\/\/www.oarcanjo.net\/site\/wp-content\/uploads\/LogoOArcanjo.png","width":319,"height":99,"caption":"Par\u00f3quia S\u00e3o Miguel Arcanjo"},"image":{"@id":"https:\/\/www.oarcanjo.net\/site\/#\/schema\/logo\/image\/"},"sameAs":["https:\/\/www.facebook.com\/OArcanjoNoAr\/"]},{"@type":"Person","@id":"https:\/\/www.oarcanjo.net\/site\/#\/schema\/person\/f7024d007863202483a31326673a0838","name":"editor","sameAs":["http:\/\/www.oarcanjo.net"]}]}},"publishpress_future_action":{"enabled":false,"date":"2026-05-09 10:23:55","action":"category","newStatus":"draft","terms":[],"taxonomy":"category"},"publishpress_future_workflow_manual_trigger":{"enabledWorkflows":[]},"_links":{"self":[{"href":"https:\/\/www.oarcanjo.net\/site\/wp-json\/wp\/v2\/posts\/4107"}],"collection":[{"href":"https:\/\/www.oarcanjo.net\/site\/wp-json\/wp\/v2\/posts"}],"about":[{"href":"https:\/\/www.oarcanjo.net\/site\/wp-json\/wp\/v2\/types\/post"}],"author":[{"embeddable":true,"href":"https:\/\/www.oarcanjo.net\/site\/wp-json\/wp\/v2\/users\/5"}],"replies":[{"embeddable":true,"href":"https:\/\/www.oarcanjo.net\/site\/wp-json\/wp\/v2\/comments?post=4107"}],"version-history":[{"count":0,"href":"https:\/\/www.oarcanjo.net\/site\/wp-json\/wp\/v2\/posts\/4107\/revisions"}],"wp:attachment":[{"href":"https:\/\/www.oarcanjo.net\/site\/wp-json\/wp\/v2\/media?parent=4107"}],"wp:term":[{"taxonomy":"category","embeddable":true,"href":"https:\/\/www.oarcanjo.net\/site\/wp-json\/wp\/v2\/categories?post=4107"},{"taxonomy":"post_tag","embeddable":true,"href":"https:\/\/www.oarcanjo.net\/site\/wp-json\/wp\/v2\/tags?post=4107"}],"curies":[{"name":"wp","href":"https:\/\/api.w.org\/{rel}","templated":true}]}}