
{"id":4109,"date":"2009-06-27T13:30:24","date_gmt":"2009-06-27T16:30:24","guid":{"rendered":"http:\/\/www.oarcanjo.net\/site\/?p=4109"},"modified":"2009-06-27T13:30:24","modified_gmt":"2009-06-27T16:30:24","slug":"sou-da-paz-convida-jovens-a-difundirem-a-cultura-de-paz-atraves-do-teatro","status":"publish","type":"post","link":"https:\/\/www.oarcanjo.net\/site\/sou-da-paz-convida-jovens-a-difundirem-a-cultura-de-paz-atraves-do-teatro\/","title":{"rendered":"Sou da Paz convida jovens a difundirem a cultura de paz atrav\u00e9s do teatro"},"content":{"rendered":"<p>Em 2008, a Instituto Sou da Paz realizou estudos e colocou em discuss\u00e3o temas relacionados \u00e0 Cultura da Viol\u00eancia e \u00e0 Cultura de Paz. A\u00e7\u00f5es como a cria\u00e7\u00e3o de um blog, forma\u00e7\u00f5es e a execu\u00e7\u00e3o de din\u00e2micas participativas e de arte, com \u00eanfase no teatro, foram desenvolvidas para que professores, alunos e os pr\u00f3prios colaboradores do Instituto pudessem debater sobre valores e as diferentes manifesta\u00e7\u00f5es da cultura.<\/p>\n<p>Essas iniciativas fizeram parte do investimento do Instituto na \u00e1rea de \u2018Culturas e Valores\u2019 e serviram como piloto para estabelecer as diretrizes e formas de a\u00e7\u00e3o dessa nova \u00e1rea. A proposta \u00e9 criar tamb\u00e9m um ambiente para que a equipe do Sou da Paz possa aprofundar essas reflex\u00f5es em cada projeto que realizar.<\/p>\n<p>O novo projeto de \u2018Culturas e Valores\u2019, que foi lan\u00e7ado para refor\u00e7ar a discuss\u00e3o iniciada em 2008, \u00e9 o \u2018Paz Encena\u2019, que tem como objetivo trabalhar com jovens as quest\u00f5es relacionadas \u00e0 viol\u00eancia e \u00e0 cultura de paz, atrav\u00e9s do teatro.<\/p>\n<p>Jovens moradores da periferia, grupos e coletivos teatrais de S\u00e3o Paulo que estejam interessados em divulgar a cultura de paz debatendo o assunto e trabalhando com outros jovens s\u00e3o convidados a inscrever-se. <\/p>\n<p>Os selecionados participar\u00e3o gratuitamente, duas vezes por semana, durante 9 meses, de oficinas de teatro e de duas outras linguagens art\u00edsticas que ser\u00e3o escolhidas pelos pr\u00f3prios jovens: circo, palha\u00e7o, hip hop ou m\u00fasica. Ao final do projeto, ser\u00e1 produzida uma pe\u00e7a teatral par ser apresentada em escolas e centros culturais. <\/p>\n<p>As inscri\u00e7\u00f5es v\u00e3o at\u00e9 5 de julho e as oficinas come\u00e7ar\u00e3o em agosto deste ano, na zona Sul de S\u00e3o Paulo. O formul\u00e1rio de inscri\u00e7\u00e3o est\u00e1 dispon\u00edvel no site <a href=\"http:\/\/www.soudapaz.org\" target=\"_blank\">www.soudapaz.org<\/a> e deve ser preenchido e enviado para <a href=\"mailto:pazencena@soudapaz.org\">pazencena@soudapaz.org<\/a> ou impresso e enviado para Rua Luis Murat, n\u00ba 260.<\/p>\n<p>O Instituto Sou da Paz foi fundado h\u00e1 mais de 10 anos para trabalhar com preven\u00e7\u00e3o \u00e0 viol\u00eancia e influenciar na atua\u00e7\u00e3o do poder p\u00fablico e de toda a sociedade frente ao problema. A entidade atua implementando projetos nas \u00e1reas mais afetadas e tamb\u00e9m participando de f\u00f3runs, conselhos e outros espa\u00e7os onde possa ser debatida a constru\u00e7\u00e3o de um pa\u00eds mais seguro.<\/p>\n<p>Mais informa\u00e7\u00f5es: (11) 3812.1333<\/p>\n<div id=\"themify_builder_content-4109\" data-postid=\"4109\" class=\"themify_builder_content themify_builder_content-4109 themify_builder themify_builder_front\">\n\t<\/div>\n<!-- \/themify_builder_content -->","protected":false},"excerpt":{"rendered":"<p>Em 2008, a Instituto Sou da Paz realizou estudos e colocou em discuss\u00e3o temas relacionados \u00e0 Cultura da Viol\u00eancia e \u00e0 Cultura de Paz. A\u00e7\u00f5es como a cria\u00e7\u00e3o de um blog, forma\u00e7\u00f5es e a execu\u00e7\u00e3o de din\u00e2micas participativas e de arte, com \u00eanfase no teatro, foram desenvolvidas para que professores, alunos e os pr\u00f3prios colaboradores [&hellip;]<\/p>\n","protected":false},"author":5,"featured_media":0,"comment_status":"open","ping_status":"open","sticky":false,"template":"","format":"standard","meta":{"ngg_post_thumbnail":0,"footnotes":""},"categories":[8],"tags":[284,418,225,865,866],"yoast_head":"<!-- This site is optimized with the Yoast SEO plugin v23.5 - https:\/\/yoast.com\/wordpress\/plugins\/seo\/ -->\n<title>Sou da Paz convida jovens a difundirem a cultura de paz atrav\u00e9s do teatro - O Arcanjo no ar<\/title>\n<meta name=\"robots\" content=\"index, follow, max-snippet:-1, max-image-preview:large, max-video-preview:-1\" \/>\n<link rel=\"canonical\" href=\"https:\/\/www.oarcanjo.net\/site\/sou-da-paz-convida-jovens-a-difundirem-a-cultura-de-paz-atraves-do-teatro\/\" \/>\n<meta property=\"og:locale\" content=\"pt_BR\" \/>\n<meta property=\"og:type\" content=\"article\" \/>\n<meta property=\"og:title\" content=\"Sou da Paz convida jovens a difundirem a cultura de paz atrav\u00e9s do teatro - O Arcanjo no ar\" \/>\n<meta property=\"og:description\" content=\"Em 2008, a Instituto Sou da Paz realizou estudos e colocou em discuss\u00e3o temas relacionados \u00e0 Cultura da Viol\u00eancia e \u00e0 Cultura de Paz. A\u00e7\u00f5es como a cria\u00e7\u00e3o de um blog, forma\u00e7\u00f5es e a execu\u00e7\u00e3o de din\u00e2micas participativas e de arte, com \u00eanfase no teatro, foram desenvolvidas para que professores, alunos e os pr\u00f3prios colaboradores [&hellip;]\" \/>\n<meta property=\"og:url\" content=\"https:\/\/www.oarcanjo.net\/site\/sou-da-paz-convida-jovens-a-difundirem-a-cultura-de-paz-atraves-do-teatro\/\" \/>\n<meta property=\"og:site_name\" content=\"O Arcanjo no ar\" \/>\n<meta property=\"article:publisher\" content=\"https:\/\/www.facebook.com\/OArcanjoNoAr\/\" \/>\n<meta property=\"article:published_time\" content=\"2009-06-27T16:30:24+00:00\" \/>\n<meta property=\"og:image\" content=\"https:\/\/www.oarcanjo.net\/site\/wp-content\/uploads\/logo-o-arcanjo-no-ar-facebook.png\" \/>\n\t<meta property=\"og:image:width\" content=\"300\" \/>\n\t<meta property=\"og:image:height\" content=\"300\" \/>\n\t<meta property=\"og:image:type\" content=\"image\/png\" \/>\n<meta name=\"author\" content=\"editor\" \/>\n<meta name=\"twitter:card\" content=\"summary_large_image\" \/>\n<meta name=\"twitter:label1\" content=\"Escrito por\" \/>\n\t<meta name=\"twitter:data1\" content=\"editor\" \/>\n\t<meta name=\"twitter:label2\" content=\"Est. tempo de leitura\" \/>\n\t<meta name=\"twitter:data2\" content=\"2 minutos\" \/>\n<script type=\"application\/ld+json\" class=\"yoast-schema-graph\">{\"@context\":\"https:\/\/schema.org\",\"@graph\":[{\"@type\":\"Article\",\"@id\":\"https:\/\/www.oarcanjo.net\/site\/sou-da-paz-convida-jovens-a-difundirem-a-cultura-de-paz-atraves-do-teatro\/#article\",\"isPartOf\":{\"@id\":\"https:\/\/www.oarcanjo.net\/site\/sou-da-paz-convida-jovens-a-difundirem-a-cultura-de-paz-atraves-do-teatro\/\"},\"author\":{\"name\":\"editor\",\"@id\":\"https:\/\/www.oarcanjo.net\/site\/#\/schema\/person\/f7024d007863202483a31326673a0838\"},\"headline\":\"Sou da Paz convida jovens a difundirem a cultura de paz atrav\u00e9s do teatro\",\"datePublished\":\"2009-06-27T16:30:24+00:00\",\"dateModified\":\"2009-06-27T16:30:24+00:00\",\"mainEntityOfPage\":{\"@id\":\"https:\/\/www.oarcanjo.net\/site\/sou-da-paz-convida-jovens-a-difundirem-a-cultura-de-paz-atraves-do-teatro\/\"},\"wordCount\":406,\"commentCount\":0,\"publisher\":{\"@id\":\"https:\/\/www.oarcanjo.net\/site\/#organization\"},\"keywords\":[\"cultura da paz\",\"jovem\",\"juventude\",\"Sou da Paz\",\"teatro\"],\"articleSection\":[\"Not\u00edcias\"],\"inLanguage\":\"pt-BR\",\"potentialAction\":[{\"@type\":\"CommentAction\",\"name\":\"Comment\",\"target\":[\"https:\/\/www.oarcanjo.net\/site\/sou-da-paz-convida-jovens-a-difundirem-a-cultura-de-paz-atraves-do-teatro\/#respond\"]}]},{\"@type\":\"WebPage\",\"@id\":\"https:\/\/www.oarcanjo.net\/site\/sou-da-paz-convida-jovens-a-difundirem-a-cultura-de-paz-atraves-do-teatro\/\",\"url\":\"https:\/\/www.oarcanjo.net\/site\/sou-da-paz-convida-jovens-a-difundirem-a-cultura-de-paz-atraves-do-teatro\/\",\"name\":\"Sou da Paz convida jovens a difundirem a cultura de paz atrav\u00e9s do teatro - O Arcanjo no ar\",\"isPartOf\":{\"@id\":\"https:\/\/www.oarcanjo.net\/site\/#website\"},\"datePublished\":\"2009-06-27T16:30:24+00:00\",\"dateModified\":\"2009-06-27T16:30:24+00:00\",\"breadcrumb\":{\"@id\":\"https:\/\/www.oarcanjo.net\/site\/sou-da-paz-convida-jovens-a-difundirem-a-cultura-de-paz-atraves-do-teatro\/#breadcrumb\"},\"inLanguage\":\"pt-BR\",\"potentialAction\":[{\"@type\":\"ReadAction\",\"target\":[\"https:\/\/www.oarcanjo.net\/site\/sou-da-paz-convida-jovens-a-difundirem-a-cultura-de-paz-atraves-do-teatro\/\"]}]},{\"@type\":\"BreadcrumbList\",\"@id\":\"https:\/\/www.oarcanjo.net\/site\/sou-da-paz-convida-jovens-a-difundirem-a-cultura-de-paz-atraves-do-teatro\/#breadcrumb\",\"itemListElement\":[{\"@type\":\"ListItem\",\"position\":1,\"name\":\"In\u00edcio\",\"item\":\"https:\/\/www.oarcanjo.net\/site\/\"},{\"@type\":\"ListItem\",\"position\":2,\"name\":\"Sou da Paz convida jovens a difundirem a cultura de paz atrav\u00e9s do teatro\"}]},{\"@type\":\"WebSite\",\"@id\":\"https:\/\/www.oarcanjo.net\/site\/#website\",\"url\":\"https:\/\/www.oarcanjo.net\/site\/\",\"name\":\"O Arcanjo no ar\",\"description\":\"Site da Par\u00f3quia S\u00e3o Miguel Arcanjo (Arquidiocese de SP)\",\"publisher\":{\"@id\":\"https:\/\/www.oarcanjo.net\/site\/#organization\"},\"potentialAction\":[{\"@type\":\"SearchAction\",\"target\":{\"@type\":\"EntryPoint\",\"urlTemplate\":\"https:\/\/www.oarcanjo.net\/site\/?s={search_term_string}\"},\"query-input\":{\"@type\":\"PropertyValueSpecification\",\"valueRequired\":true,\"valueName\":\"search_term_string\"}}],\"inLanguage\":\"pt-BR\"},{\"@type\":\"Organization\",\"@id\":\"https:\/\/www.oarcanjo.net\/site\/#organization\",\"name\":\"Par\u00f3quia S\u00e3o Miguel Arcanjo\",\"url\":\"https:\/\/www.oarcanjo.net\/site\/\",\"logo\":{\"@type\":\"ImageObject\",\"inLanguage\":\"pt-BR\",\"@id\":\"https:\/\/www.oarcanjo.net\/site\/#\/schema\/logo\/image\/\",\"url\":\"https:\/\/www.oarcanjo.net\/site\/wp-content\/uploads\/LogoOArcanjo.png\",\"contentUrl\":\"https:\/\/www.oarcanjo.net\/site\/wp-content\/uploads\/LogoOArcanjo.png\",\"width\":319,\"height\":99,\"caption\":\"Par\u00f3quia S\u00e3o Miguel Arcanjo\"},\"image\":{\"@id\":\"https:\/\/www.oarcanjo.net\/site\/#\/schema\/logo\/image\/\"},\"sameAs\":[\"https:\/\/www.facebook.com\/OArcanjoNoAr\/\"]},{\"@type\":\"Person\",\"@id\":\"https:\/\/www.oarcanjo.net\/site\/#\/schema\/person\/f7024d007863202483a31326673a0838\",\"name\":\"editor\",\"sameAs\":[\"http:\/\/www.oarcanjo.net\"]}]}<\/script>\n<!-- \/ Yoast SEO plugin. -->","yoast_head_json":{"title":"Sou da Paz convida jovens a difundirem a cultura de paz atrav\u00e9s do teatro - O Arcanjo no ar","robots":{"index":"index","follow":"follow","max-snippet":"max-snippet:-1","max-image-preview":"max-image-preview:large","max-video-preview":"max-video-preview:-1"},"canonical":"https:\/\/www.oarcanjo.net\/site\/sou-da-paz-convida-jovens-a-difundirem-a-cultura-de-paz-atraves-do-teatro\/","og_locale":"pt_BR","og_type":"article","og_title":"Sou da Paz convida jovens a difundirem a cultura de paz atrav\u00e9s do teatro - O Arcanjo no ar","og_description":"Em 2008, a Instituto Sou da Paz realizou estudos e colocou em discuss\u00e3o temas relacionados \u00e0 Cultura da Viol\u00eancia e \u00e0 Cultura de Paz. A\u00e7\u00f5es como a cria\u00e7\u00e3o de um blog, forma\u00e7\u00f5es e a execu\u00e7\u00e3o de din\u00e2micas participativas e de arte, com \u00eanfase no teatro, foram desenvolvidas para que professores, alunos e os pr\u00f3prios colaboradores [&hellip;]","og_url":"https:\/\/www.oarcanjo.net\/site\/sou-da-paz-convida-jovens-a-difundirem-a-cultura-de-paz-atraves-do-teatro\/","og_site_name":"O Arcanjo no ar","article_publisher":"https:\/\/www.facebook.com\/OArcanjoNoAr\/","article_published_time":"2009-06-27T16:30:24+00:00","og_image":[{"width":300,"height":300,"url":"https:\/\/www.oarcanjo.net\/site\/wp-content\/uploads\/logo-o-arcanjo-no-ar-facebook.png","type":"image\/png"}],"author":"editor","twitter_card":"summary_large_image","twitter_misc":{"Escrito por":"editor","Est. tempo de leitura":"2 minutos"},"schema":{"@context":"https:\/\/schema.org","@graph":[{"@type":"Article","@id":"https:\/\/www.oarcanjo.net\/site\/sou-da-paz-convida-jovens-a-difundirem-a-cultura-de-paz-atraves-do-teatro\/#article","isPartOf":{"@id":"https:\/\/www.oarcanjo.net\/site\/sou-da-paz-convida-jovens-a-difundirem-a-cultura-de-paz-atraves-do-teatro\/"},"author":{"name":"editor","@id":"https:\/\/www.oarcanjo.net\/site\/#\/schema\/person\/f7024d007863202483a31326673a0838"},"headline":"Sou da Paz convida jovens a difundirem a cultura de paz atrav\u00e9s do teatro","datePublished":"2009-06-27T16:30:24+00:00","dateModified":"2009-06-27T16:30:24+00:00","mainEntityOfPage":{"@id":"https:\/\/www.oarcanjo.net\/site\/sou-da-paz-convida-jovens-a-difundirem-a-cultura-de-paz-atraves-do-teatro\/"},"wordCount":406,"commentCount":0,"publisher":{"@id":"https:\/\/www.oarcanjo.net\/site\/#organization"},"keywords":["cultura da paz","jovem","juventude","Sou da Paz","teatro"],"articleSection":["Not\u00edcias"],"inLanguage":"pt-BR","potentialAction":[{"@type":"CommentAction","name":"Comment","target":["https:\/\/www.oarcanjo.net\/site\/sou-da-paz-convida-jovens-a-difundirem-a-cultura-de-paz-atraves-do-teatro\/#respond"]}]},{"@type":"WebPage","@id":"https:\/\/www.oarcanjo.net\/site\/sou-da-paz-convida-jovens-a-difundirem-a-cultura-de-paz-atraves-do-teatro\/","url":"https:\/\/www.oarcanjo.net\/site\/sou-da-paz-convida-jovens-a-difundirem-a-cultura-de-paz-atraves-do-teatro\/","name":"Sou da Paz convida jovens a difundirem a cultura de paz atrav\u00e9s do teatro - O Arcanjo no ar","isPartOf":{"@id":"https:\/\/www.oarcanjo.net\/site\/#website"},"datePublished":"2009-06-27T16:30:24+00:00","dateModified":"2009-06-27T16:30:24+00:00","breadcrumb":{"@id":"https:\/\/www.oarcanjo.net\/site\/sou-da-paz-convida-jovens-a-difundirem-a-cultura-de-paz-atraves-do-teatro\/#breadcrumb"},"inLanguage":"pt-BR","potentialAction":[{"@type":"ReadAction","target":["https:\/\/www.oarcanjo.net\/site\/sou-da-paz-convida-jovens-a-difundirem-a-cultura-de-paz-atraves-do-teatro\/"]}]},{"@type":"BreadcrumbList","@id":"https:\/\/www.oarcanjo.net\/site\/sou-da-paz-convida-jovens-a-difundirem-a-cultura-de-paz-atraves-do-teatro\/#breadcrumb","itemListElement":[{"@type":"ListItem","position":1,"name":"In\u00edcio","item":"https:\/\/www.oarcanjo.net\/site\/"},{"@type":"ListItem","position":2,"name":"Sou da Paz convida jovens a difundirem a cultura de paz atrav\u00e9s do teatro"}]},{"@type":"WebSite","@id":"https:\/\/www.oarcanjo.net\/site\/#website","url":"https:\/\/www.oarcanjo.net\/site\/","name":"O Arcanjo no ar","description":"Site da Par\u00f3quia S\u00e3o Miguel Arcanjo (Arquidiocese de SP)","publisher":{"@id":"https:\/\/www.oarcanjo.net\/site\/#organization"},"potentialAction":[{"@type":"SearchAction","target":{"@type":"EntryPoint","urlTemplate":"https:\/\/www.oarcanjo.net\/site\/?s={search_term_string}"},"query-input":{"@type":"PropertyValueSpecification","valueRequired":true,"valueName":"search_term_string"}}],"inLanguage":"pt-BR"},{"@type":"Organization","@id":"https:\/\/www.oarcanjo.net\/site\/#organization","name":"Par\u00f3quia S\u00e3o Miguel Arcanjo","url":"https:\/\/www.oarcanjo.net\/site\/","logo":{"@type":"ImageObject","inLanguage":"pt-BR","@id":"https:\/\/www.oarcanjo.net\/site\/#\/schema\/logo\/image\/","url":"https:\/\/www.oarcanjo.net\/site\/wp-content\/uploads\/LogoOArcanjo.png","contentUrl":"https:\/\/www.oarcanjo.net\/site\/wp-content\/uploads\/LogoOArcanjo.png","width":319,"height":99,"caption":"Par\u00f3quia S\u00e3o Miguel Arcanjo"},"image":{"@id":"https:\/\/www.oarcanjo.net\/site\/#\/schema\/logo\/image\/"},"sameAs":["https:\/\/www.facebook.com\/OArcanjoNoAr\/"]},{"@type":"Person","@id":"https:\/\/www.oarcanjo.net\/site\/#\/schema\/person\/f7024d007863202483a31326673a0838","name":"editor","sameAs":["http:\/\/www.oarcanjo.net"]}]}},"publishpress_future_action":{"enabled":false,"date":"2026-05-07 08:07:36","action":"category","newStatus":"draft","terms":[],"taxonomy":"category"},"publishpress_future_workflow_manual_trigger":{"enabledWorkflows":[]},"_links":{"self":[{"href":"https:\/\/www.oarcanjo.net\/site\/wp-json\/wp\/v2\/posts\/4109"}],"collection":[{"href":"https:\/\/www.oarcanjo.net\/site\/wp-json\/wp\/v2\/posts"}],"about":[{"href":"https:\/\/www.oarcanjo.net\/site\/wp-json\/wp\/v2\/types\/post"}],"author":[{"embeddable":true,"href":"https:\/\/www.oarcanjo.net\/site\/wp-json\/wp\/v2\/users\/5"}],"replies":[{"embeddable":true,"href":"https:\/\/www.oarcanjo.net\/site\/wp-json\/wp\/v2\/comments?post=4109"}],"version-history":[{"count":0,"href":"https:\/\/www.oarcanjo.net\/site\/wp-json\/wp\/v2\/posts\/4109\/revisions"}],"wp:attachment":[{"href":"https:\/\/www.oarcanjo.net\/site\/wp-json\/wp\/v2\/media?parent=4109"}],"wp:term":[{"taxonomy":"category","embeddable":true,"href":"https:\/\/www.oarcanjo.net\/site\/wp-json\/wp\/v2\/categories?post=4109"},{"taxonomy":"post_tag","embeddable":true,"href":"https:\/\/www.oarcanjo.net\/site\/wp-json\/wp\/v2\/tags?post=4109"}],"curies":[{"name":"wp","href":"https:\/\/api.w.org\/{rel}","templated":true}]}}