
{"id":41177,"date":"2014-05-13T09:37:26","date_gmt":"2014-05-13T12:37:26","guid":{"rendered":"http:\/\/www.oarcanjo.net\/site\/?p=41177"},"modified":"2014-05-13T09:37:38","modified_gmt":"2014-05-13T12:37:38","slug":"os-cristaos-e-a-politica","status":"publish","type":"post","link":"https:\/\/www.oarcanjo.net\/site\/os-cristaos-e-a-politica\/","title":{"rendered":"Os crist\u00e3os e a pol\u00edtica"},"content":{"rendered":"<p><em>Cardeal Odilo Pedro Scherer<\/em><\/p>\n<p>Em Aparecida, SP, acaba de ser realizada a 52\u00aa assembleia geral anual da Confer\u00eancia Nacional dos Bispos do Brasil (CNBB), com a participa\u00e7\u00e3o de cerca de \u00a0350 bispos, vindos de dioceses de todo o Brasil.<\/p>\n<p>Uma extensa pauta de temas foi enfrentada, sobretudo de quest\u00f5es da pr\u00f3pria Igreja Cat\u00f3lica, al\u00e9m de agradecerem a Deus pela recente canoniza\u00e7\u00e3o de S\u00e3o Jos\u00e9 de Anchieta. Mas os bispos tamb\u00e9m refletiram sobre a situa\u00e7\u00e3o social, pol\u00edtica e econ\u00f4mica do Brasil, em vista das rela\u00e7\u00f5es da Igreja com a sociedade e dos cat\u00f3licos com o ambiente em que vivem e atuam.<\/p>\n<p>Em especial, a CNBB preparou e vai publicar uma reflex\u00e3o sobre os desafios que os crist\u00e3os precisam encarar na sua condi\u00e7\u00e3o de cidad\u00e3os e pessoas de f\u00e9. Quem cr\u00ea, tamb\u00e9m \u00e9 convidado a agir na vida social em conformidade com as convic\u00e7\u00f5es de sua consci\u00eancia, iluminada pela f\u00e9.<\/p>\n<p>O ano eleitoral oferece uma ocasi\u00e3o privilegiada para participar, de forma democr\u00e1tica, da defini\u00e7\u00e3o dos rumos do Brasil. A mobiliza\u00e7\u00e3o popular j\u00e1 levou \u00e0 aprova\u00e7\u00e3o da \u201clei da ficha limpa\u201d, que afasta de candidaturas a cargos eletivos quem deu provas de falta de confiabilidade para assumir cargos de responsabilidade p\u00fablica. Isso representa um avan\u00e7o, mas n\u00e3o \u00e9 suficiente.<\/p>\n<p>Desde junho de 2013, o Brasil assiste a uma s\u00e9rie de manifesta\u00e7\u00f5es de rua, que clamam por uma pol\u00edtica de melhor qualidade; o \u201cdiscurso das ruas\u201d pede a aten\u00e7\u00e3o priorit\u00e1ria de governantes e legisladores para as verdadeiras necessidades da popula\u00e7\u00e3o; aponta para a supera\u00e7\u00e3o de certo modo de fazer pol\u00edtica, feita de conchavos em fun\u00e7\u00e3o de interesses de parte, ou orientadas \u00e0 perpetua\u00e7\u00e3o no poder \u2013 um poder que abandona o bem dos cidad\u00e3os e se torna fim em si mesmo.<\/p>\n<p>Os crist\u00e3os n\u00e3o podem eximir-se de participar consciente e responsavelmente da promo\u00e7\u00e3o do bem do Pa\u00eds. O povo gosta de esportes, mas est\u00e1 sinalizando que deseja mais que isso: quer ser tratado com respeito e viver com dignidade. Apesar dos esfor\u00e7os j\u00e1 feitos, ainda h\u00e1 muita precariedade em servi\u00e7os p\u00fablicos essenciais e desperd\u00edcio, quando n\u00e3o o sumi\u00e7o nos mecanismos da corrup\u00e7\u00e3o, de recursos que deveriam ser destinados a dar melhores condi\u00e7\u00f5es de vida ao povo.<\/p>\n<p>As condi\u00e7\u00f5es de sofrimento, exclus\u00e3o social, viol\u00eancia e injusti\u00e7a em que vivem ainda muitos brasileiros, n\u00e3o condizem com a dignidade humana nem d\u00e3o gl\u00f3ria ao nome de Deus. Os crist\u00e3os, eleitores e candidatos, precisam sentir-se profundamente interpelados a desempenhar uma cidadania ativa para a defini\u00e7\u00e3o dos rumos que o Brasil dever\u00e1 trilhar, orientados, certamente, pelos princ\u00edpios da justi\u00e7a, da dignidade humana e da solidariedade social.<\/p>\n<p>Algumas pessoas sentem rea\u00e7\u00f5es al\u00e9rgicas ao ouvirem falar em pol\u00edtica; bem ou mal, aprenderam a identificar a pol\u00edtica como \u201ccoisa ruim\u201d, na qual as pessoas decentes n\u00e3o se metem&#8230; \u00c9 grave que se tenha chegado a um descr\u00e9dito popular tamanho em rela\u00e7\u00e3o \u00e0 pol\u00edtica! E quando a palavra sobre quest\u00f5es pol\u00edticas vem de representantes da hierarquia da Igreja, inflamam-se \u00e2nimos, sempre prontos a reivindicar que o Estado \u00e9 laico e que religi\u00e3o e pol\u00edtica devem permanecer separadas.<\/p>\n<p>A estes \u00faltimos, vale lembrar que uma boa interpreta\u00e7\u00e3o da laicidade do Estado resolve essa pol\u00eamica; a Igreja Cat\u00f3lica n\u00e3o quer tomar o poder do Estado e tamb\u00e9m entende que o Estado seja laico, n\u00e3o imponha a religi\u00e3o a ningu\u00e9m e assegure a todos a liberdade de n\u00e3o crer, ou de crer e de expressar publicamente as pr\u00f3prias convic\u00e7\u00f5es.<\/p>\n<p>Mas n\u00e3o se pode pretender que os crist\u00e3os, como quaisquer outras pessoas de f\u00e9, sejam alheios \u00e0 pol\u00edtica e \u00e0s causas do bem comum. Como cidad\u00e3os, e na diversidade de convic\u00e7\u00f5es que movem a cidadania, tamb\u00e9m eles t\u00eam o direito de falar e de agir conforme suas convic\u00e7\u00f5es, respeitada ordem p\u00fablica v\u00e1lida para todos. O \u201cEstado laico\u201d n\u00e3o pode ser invocado como pretexto para a discrimina\u00e7\u00e3o religiosa, nem para a imposi\u00e7\u00e3o, sobre a sociedade, de um pensamento oficial e \u00fanico.<\/p>\n<p>O papa Francisco, na sua Exorta\u00e7\u00e3o Apost\u00f3lica\u00a0<em>Evangelii Gaudium<\/em> (A Alegria do Evangelho, 2013), fala de maneira incisiva da dimens\u00e3o social da a\u00e7\u00e3o da Igreja (cap\u00edtulo 4\u00ba). E isso n\u00e3o significa apenas promover obras de assist\u00eancia social em favor dos desvalidos, sem d\u00favida necess\u00e1rias: trata-se de ir \u00e0s implica\u00e7\u00f5es \u00a0comunit\u00e1rias e sociais da f\u00e9 crist\u00e3: \u201cno pr\u00f3prio cora\u00e7\u00e3o do Evangelho aparece a vida comunit\u00e1ria e o compromisso com os outros\u201d (n\u00ba 177).<\/p>\n<p>O Evangelho de Cristo, base para a f\u00e9 dos crist\u00e3os, prop\u00f5e uma rela\u00e7\u00e3o pessoal com Deus, mas tamb\u00e9m pede rela\u00e7\u00f5es novas e coerentes com o pr\u00f3ximo. A resposta de f\u00e9 e amor a Deus, da parte do homem, \u201cn\u00e3o deveria ser entendida como a mera soma de pequenos gestos pessoais em favor de alguns indiv\u00edduos necessitados, uma esp\u00e9cie de \u2018caridade por receita\u2019, nem tamb\u00e9m como uma s\u00e9rie de a\u00e7\u00f5es destinadas apenas a apaziguar a consci\u00eancia. A proposta crist\u00e3 \u00e9 o Reino de Deus (cf Lc 4,43); trata-se de amar a Deus, que reina no mundo. Na medida em que ele reinar entre n\u00f3s, a vida social ser\u00e1 um espa\u00e7o de fraternidade, de justi\u00e7a, de paz e dignidade para todos. Por isso, tanto o an\u00fancio como a experi\u00eancia crist\u00e3 tendem a provocar consequ\u00eancias sociais\u201d (n\u00ba 180).<\/p>\n<p>Ap\u00f3s afirmar que n\u00e3o se pode limitar a religi\u00e3o ao \u00e2mbito privado, \u201capenas para preparar as almas para o c\u00e9u\u201d, o Papa conclui: \u201cningu\u00e9m pode nos exigir que releguemos a religi\u00e3o para a intimidade secreta das pessoas, sem qualquer influ\u00eancia na vida social e nacional, sem nos preocupar com a sa\u00fade das institui\u00e7\u00f5es da sociedade civil, sem nos pronunciar sobre acontecimentos que interessam aos cidad\u00e3os\u201d (n 182). Os crist\u00e3os t\u00eam muito a contribuir para o conv\u00edvio social e n\u00e3o devem omitir-se, nem ser impedidos de participar generosamente dessa tarefa.<\/p>\n<div id=\"themify_builder_content-41177\" data-postid=\"41177\" class=\"themify_builder_content themify_builder_content-41177 themify_builder themify_builder_front\">\n\t<\/div>\n<!-- \/themify_builder_content -->","protected":false},"excerpt":{"rendered":"<p>Cardeal Odilo Pedro Scherer Em Aparecida, SP, acaba de ser realizada a 52\u00aa assembleia geral anual da Confer\u00eancia Nacional dos Bispos do Brasil (CNBB), com a participa\u00e7\u00e3o de cerca de \u00a0350 bispos, vindos de dioceses de todo o Brasil. Uma extensa pauta de temas foi enfrentada, sobretudo de quest\u00f5es da pr\u00f3pria Igreja Cat\u00f3lica, al\u00e9m de [&hellip;]<\/p>\n","protected":false},"author":5,"featured_media":0,"comment_status":"open","ping_status":"open","sticky":false,"template":"","format":"standard","meta":{"ngg_post_thumbnail":0,"footnotes":""},"categories":[9],"tags":[3068,235,63,2374,2860,2518,2433],"yoast_head":"<!-- This site is optimized with the Yoast SEO plugin v23.5 - https:\/\/yoast.com\/wordpress\/plugins\/seo\/ -->\n<title>Os crist\u00e3os e a pol\u00edtica - O Arcanjo no ar<\/title>\n<meta name=\"robots\" content=\"index, follow, max-snippet:-1, max-image-preview:large, max-video-preview:-1\" \/>\n<link rel=\"canonical\" href=\"https:\/\/www.oarcanjo.net\/site\/os-cristaos-e-a-politica\/\" \/>\n<meta property=\"og:locale\" content=\"pt_BR\" \/>\n<meta property=\"og:type\" content=\"article\" \/>\n<meta property=\"og:title\" content=\"Os crist\u00e3os e a pol\u00edtica - O Arcanjo no ar\" \/>\n<meta property=\"og:description\" content=\"Cardeal Odilo Pedro Scherer Em Aparecida, SP, acaba de ser realizada a 52\u00aa assembleia geral anual da Confer\u00eancia Nacional dos Bispos do Brasil (CNBB), com a participa\u00e7\u00e3o de cerca de \u00a0350 bispos, vindos de dioceses de todo o Brasil. Uma extensa pauta de temas foi enfrentada, sobretudo de quest\u00f5es da pr\u00f3pria Igreja Cat\u00f3lica, al\u00e9m de [&hellip;]\" \/>\n<meta property=\"og:url\" content=\"https:\/\/www.oarcanjo.net\/site\/os-cristaos-e-a-politica\/\" \/>\n<meta property=\"og:site_name\" content=\"O Arcanjo no ar\" \/>\n<meta property=\"article:publisher\" content=\"https:\/\/www.facebook.com\/OArcanjoNoAr\/\" \/>\n<meta property=\"article:published_time\" content=\"2014-05-13T12:37:26+00:00\" \/>\n<meta property=\"article:modified_time\" content=\"2014-05-13T12:37:38+00:00\" \/>\n<meta property=\"og:image\" content=\"https:\/\/www.oarcanjo.net\/site\/wp-content\/uploads\/logo-o-arcanjo-no-ar-facebook.png\" \/>\n\t<meta property=\"og:image:width\" content=\"300\" \/>\n\t<meta property=\"og:image:height\" content=\"300\" \/>\n\t<meta property=\"og:image:type\" content=\"image\/png\" \/>\n<meta name=\"author\" content=\"editor\" \/>\n<meta name=\"twitter:card\" content=\"summary_large_image\" \/>\n<meta name=\"twitter:label1\" content=\"Escrito por\" \/>\n\t<meta name=\"twitter:data1\" content=\"editor\" \/>\n\t<meta name=\"twitter:label2\" content=\"Est. tempo de leitura\" \/>\n\t<meta name=\"twitter:data2\" content=\"5 minutos\" \/>\n<script type=\"application\/ld+json\" class=\"yoast-schema-graph\">{\"@context\":\"https:\/\/schema.org\",\"@graph\":[{\"@type\":\"Article\",\"@id\":\"https:\/\/www.oarcanjo.net\/site\/os-cristaos-e-a-politica\/#article\",\"isPartOf\":{\"@id\":\"https:\/\/www.oarcanjo.net\/site\/os-cristaos-e-a-politica\/\"},\"author\":{\"name\":\"editor\",\"@id\":\"https:\/\/www.oarcanjo.net\/site\/#\/schema\/person\/f7024d007863202483a31326673a0838\"},\"headline\":\"Os crist\u00e3os e a pol\u00edtica\",\"datePublished\":\"2014-05-13T12:37:26+00:00\",\"dateModified\":\"2014-05-13T12:37:38+00:00\",\"mainEntityOfPage\":{\"@id\":\"https:\/\/www.oarcanjo.net\/site\/os-cristaos-e-a-politica\/\"},\"wordCount\":1073,\"commentCount\":0,\"publisher\":{\"@id\":\"https:\/\/www.oarcanjo.net\/site\/#organization\"},\"keywords\":[\"52\u00aa assembleia geral anual\",\"Aparecida\",\"CNBB\",\"Confer\u00eancia Nacional dos Bispos do Brasil\",\"Evangelii Gaudium\",\"Lei da Ficha Limpa\",\"Papa Francisco\"],\"articleSection\":[\"Reflex\u00f5es\"],\"inLanguage\":\"pt-BR\",\"potentialAction\":[{\"@type\":\"CommentAction\",\"name\":\"Comment\",\"target\":[\"https:\/\/www.oarcanjo.net\/site\/os-cristaos-e-a-politica\/#respond\"]}]},{\"@type\":\"WebPage\",\"@id\":\"https:\/\/www.oarcanjo.net\/site\/os-cristaos-e-a-politica\/\",\"url\":\"https:\/\/www.oarcanjo.net\/site\/os-cristaos-e-a-politica\/\",\"name\":\"Os crist\u00e3os e a pol\u00edtica - O Arcanjo no ar\",\"isPartOf\":{\"@id\":\"https:\/\/www.oarcanjo.net\/site\/#website\"},\"datePublished\":\"2014-05-13T12:37:26+00:00\",\"dateModified\":\"2014-05-13T12:37:38+00:00\",\"breadcrumb\":{\"@id\":\"https:\/\/www.oarcanjo.net\/site\/os-cristaos-e-a-politica\/#breadcrumb\"},\"inLanguage\":\"pt-BR\",\"potentialAction\":[{\"@type\":\"ReadAction\",\"target\":[\"https:\/\/www.oarcanjo.net\/site\/os-cristaos-e-a-politica\/\"]}]},{\"@type\":\"BreadcrumbList\",\"@id\":\"https:\/\/www.oarcanjo.net\/site\/os-cristaos-e-a-politica\/#breadcrumb\",\"itemListElement\":[{\"@type\":\"ListItem\",\"position\":1,\"name\":\"In\u00edcio\",\"item\":\"https:\/\/www.oarcanjo.net\/site\/\"},{\"@type\":\"ListItem\",\"position\":2,\"name\":\"Os crist\u00e3os e a pol\u00edtica\"}]},{\"@type\":\"WebSite\",\"@id\":\"https:\/\/www.oarcanjo.net\/site\/#website\",\"url\":\"https:\/\/www.oarcanjo.net\/site\/\",\"name\":\"O Arcanjo no ar\",\"description\":\"Site da Par\u00f3quia S\u00e3o Miguel Arcanjo (Arquidiocese de SP)\",\"publisher\":{\"@id\":\"https:\/\/www.oarcanjo.net\/site\/#organization\"},\"potentialAction\":[{\"@type\":\"SearchAction\",\"target\":{\"@type\":\"EntryPoint\",\"urlTemplate\":\"https:\/\/www.oarcanjo.net\/site\/?s={search_term_string}\"},\"query-input\":{\"@type\":\"PropertyValueSpecification\",\"valueRequired\":true,\"valueName\":\"search_term_string\"}}],\"inLanguage\":\"pt-BR\"},{\"@type\":\"Organization\",\"@id\":\"https:\/\/www.oarcanjo.net\/site\/#organization\",\"name\":\"Par\u00f3quia S\u00e3o Miguel Arcanjo\",\"url\":\"https:\/\/www.oarcanjo.net\/site\/\",\"logo\":{\"@type\":\"ImageObject\",\"inLanguage\":\"pt-BR\",\"@id\":\"https:\/\/www.oarcanjo.net\/site\/#\/schema\/logo\/image\/\",\"url\":\"https:\/\/www.oarcanjo.net\/site\/wp-content\/uploads\/LogoOArcanjo.png\",\"contentUrl\":\"https:\/\/www.oarcanjo.net\/site\/wp-content\/uploads\/LogoOArcanjo.png\",\"width\":319,\"height\":99,\"caption\":\"Par\u00f3quia S\u00e3o Miguel Arcanjo\"},\"image\":{\"@id\":\"https:\/\/www.oarcanjo.net\/site\/#\/schema\/logo\/image\/\"},\"sameAs\":[\"https:\/\/www.facebook.com\/OArcanjoNoAr\/\"]},{\"@type\":\"Person\",\"@id\":\"https:\/\/www.oarcanjo.net\/site\/#\/schema\/person\/f7024d007863202483a31326673a0838\",\"name\":\"editor\",\"sameAs\":[\"http:\/\/www.oarcanjo.net\"]}]}<\/script>\n<!-- \/ Yoast SEO plugin. -->","yoast_head_json":{"title":"Os crist\u00e3os e a pol\u00edtica - O Arcanjo no ar","robots":{"index":"index","follow":"follow","max-snippet":"max-snippet:-1","max-image-preview":"max-image-preview:large","max-video-preview":"max-video-preview:-1"},"canonical":"https:\/\/www.oarcanjo.net\/site\/os-cristaos-e-a-politica\/","og_locale":"pt_BR","og_type":"article","og_title":"Os crist\u00e3os e a pol\u00edtica - O Arcanjo no ar","og_description":"Cardeal Odilo Pedro Scherer Em Aparecida, SP, acaba de ser realizada a 52\u00aa assembleia geral anual da Confer\u00eancia Nacional dos Bispos do Brasil (CNBB), com a participa\u00e7\u00e3o de cerca de \u00a0350 bispos, vindos de dioceses de todo o Brasil. Uma extensa pauta de temas foi enfrentada, sobretudo de quest\u00f5es da pr\u00f3pria Igreja Cat\u00f3lica, al\u00e9m de [&hellip;]","og_url":"https:\/\/www.oarcanjo.net\/site\/os-cristaos-e-a-politica\/","og_site_name":"O Arcanjo no ar","article_publisher":"https:\/\/www.facebook.com\/OArcanjoNoAr\/","article_published_time":"2014-05-13T12:37:26+00:00","article_modified_time":"2014-05-13T12:37:38+00:00","og_image":[{"width":300,"height":300,"url":"https:\/\/www.oarcanjo.net\/site\/wp-content\/uploads\/logo-o-arcanjo-no-ar-facebook.png","type":"image\/png"}],"author":"editor","twitter_card":"summary_large_image","twitter_misc":{"Escrito por":"editor","Est. tempo de leitura":"5 minutos"},"schema":{"@context":"https:\/\/schema.org","@graph":[{"@type":"Article","@id":"https:\/\/www.oarcanjo.net\/site\/os-cristaos-e-a-politica\/#article","isPartOf":{"@id":"https:\/\/www.oarcanjo.net\/site\/os-cristaos-e-a-politica\/"},"author":{"name":"editor","@id":"https:\/\/www.oarcanjo.net\/site\/#\/schema\/person\/f7024d007863202483a31326673a0838"},"headline":"Os crist\u00e3os e a pol\u00edtica","datePublished":"2014-05-13T12:37:26+00:00","dateModified":"2014-05-13T12:37:38+00:00","mainEntityOfPage":{"@id":"https:\/\/www.oarcanjo.net\/site\/os-cristaos-e-a-politica\/"},"wordCount":1073,"commentCount":0,"publisher":{"@id":"https:\/\/www.oarcanjo.net\/site\/#organization"},"keywords":["52\u00aa assembleia geral anual","Aparecida","CNBB","Confer\u00eancia Nacional dos Bispos do Brasil","Evangelii Gaudium","Lei da Ficha Limpa","Papa Francisco"],"articleSection":["Reflex\u00f5es"],"inLanguage":"pt-BR","potentialAction":[{"@type":"CommentAction","name":"Comment","target":["https:\/\/www.oarcanjo.net\/site\/os-cristaos-e-a-politica\/#respond"]}]},{"@type":"WebPage","@id":"https:\/\/www.oarcanjo.net\/site\/os-cristaos-e-a-politica\/","url":"https:\/\/www.oarcanjo.net\/site\/os-cristaos-e-a-politica\/","name":"Os crist\u00e3os e a pol\u00edtica - O Arcanjo no ar","isPartOf":{"@id":"https:\/\/www.oarcanjo.net\/site\/#website"},"datePublished":"2014-05-13T12:37:26+00:00","dateModified":"2014-05-13T12:37:38+00:00","breadcrumb":{"@id":"https:\/\/www.oarcanjo.net\/site\/os-cristaos-e-a-politica\/#breadcrumb"},"inLanguage":"pt-BR","potentialAction":[{"@type":"ReadAction","target":["https:\/\/www.oarcanjo.net\/site\/os-cristaos-e-a-politica\/"]}]},{"@type":"BreadcrumbList","@id":"https:\/\/www.oarcanjo.net\/site\/os-cristaos-e-a-politica\/#breadcrumb","itemListElement":[{"@type":"ListItem","position":1,"name":"In\u00edcio","item":"https:\/\/www.oarcanjo.net\/site\/"},{"@type":"ListItem","position":2,"name":"Os crist\u00e3os e a pol\u00edtica"}]},{"@type":"WebSite","@id":"https:\/\/www.oarcanjo.net\/site\/#website","url":"https:\/\/www.oarcanjo.net\/site\/","name":"O Arcanjo no ar","description":"Site da Par\u00f3quia S\u00e3o Miguel Arcanjo (Arquidiocese de SP)","publisher":{"@id":"https:\/\/www.oarcanjo.net\/site\/#organization"},"potentialAction":[{"@type":"SearchAction","target":{"@type":"EntryPoint","urlTemplate":"https:\/\/www.oarcanjo.net\/site\/?s={search_term_string}"},"query-input":{"@type":"PropertyValueSpecification","valueRequired":true,"valueName":"search_term_string"}}],"inLanguage":"pt-BR"},{"@type":"Organization","@id":"https:\/\/www.oarcanjo.net\/site\/#organization","name":"Par\u00f3quia S\u00e3o Miguel Arcanjo","url":"https:\/\/www.oarcanjo.net\/site\/","logo":{"@type":"ImageObject","inLanguage":"pt-BR","@id":"https:\/\/www.oarcanjo.net\/site\/#\/schema\/logo\/image\/","url":"https:\/\/www.oarcanjo.net\/site\/wp-content\/uploads\/LogoOArcanjo.png","contentUrl":"https:\/\/www.oarcanjo.net\/site\/wp-content\/uploads\/LogoOArcanjo.png","width":319,"height":99,"caption":"Par\u00f3quia S\u00e3o Miguel Arcanjo"},"image":{"@id":"https:\/\/www.oarcanjo.net\/site\/#\/schema\/logo\/image\/"},"sameAs":["https:\/\/www.facebook.com\/OArcanjoNoAr\/"]},{"@type":"Person","@id":"https:\/\/www.oarcanjo.net\/site\/#\/schema\/person\/f7024d007863202483a31326673a0838","name":"editor","sameAs":["http:\/\/www.oarcanjo.net"]}]}},"publishpress_future_action":{"enabled":false,"date":"2026-05-08 20:07:38","action":"category","newStatus":"draft","terms":[],"taxonomy":"category"},"publishpress_future_workflow_manual_trigger":{"enabledWorkflows":[]},"_links":{"self":[{"href":"https:\/\/www.oarcanjo.net\/site\/wp-json\/wp\/v2\/posts\/41177"}],"collection":[{"href":"https:\/\/www.oarcanjo.net\/site\/wp-json\/wp\/v2\/posts"}],"about":[{"href":"https:\/\/www.oarcanjo.net\/site\/wp-json\/wp\/v2\/types\/post"}],"author":[{"embeddable":true,"href":"https:\/\/www.oarcanjo.net\/site\/wp-json\/wp\/v2\/users\/5"}],"replies":[{"embeddable":true,"href":"https:\/\/www.oarcanjo.net\/site\/wp-json\/wp\/v2\/comments?post=41177"}],"version-history":[{"count":0,"href":"https:\/\/www.oarcanjo.net\/site\/wp-json\/wp\/v2\/posts\/41177\/revisions"}],"wp:attachment":[{"href":"https:\/\/www.oarcanjo.net\/site\/wp-json\/wp\/v2\/media?parent=41177"}],"wp:term":[{"taxonomy":"category","embeddable":true,"href":"https:\/\/www.oarcanjo.net\/site\/wp-json\/wp\/v2\/categories?post=41177"},{"taxonomy":"post_tag","embeddable":true,"href":"https:\/\/www.oarcanjo.net\/site\/wp-json\/wp\/v2\/tags?post=41177"}],"curies":[{"name":"wp","href":"https:\/\/api.w.org\/{rel}","templated":true}]}}