
{"id":4160,"date":"2009-07-01T19:40:34","date_gmt":"2009-07-01T22:40:34","guid":{"rendered":"http:\/\/www.oarcanjo.net\/site\/?p=4160"},"modified":"2009-07-01T19:40:34","modified_gmt":"2009-07-01T22:40:34","slug":"oracao-do-matuto","status":"publish","type":"post","link":"https:\/\/www.oarcanjo.net\/site\/oracao-do-matuto\/","title":{"rendered":"Ora\u00e7\u00e3o do Matuto"},"content":{"rendered":"<p>Dia desses minha amiga poeta F\u00e1tima Irene Pinto foi, ela e sua sensibilidade, rezar numa daquelas igrejas que tanto aben\u00e7oam as Minas Gerais. Antes que se dirigisse a Deus, ela ouviu um matuto em sua prece. F\u00e1tima silenciou. Ouviu calada, ouvidos pregados em cada palavra daquele homem simples. Ele dizia assim: <\/p>\n<p>\u201c\u00d3i Deus, \/ n\u00f3is t\u00e1 sempre pedindo as coisas pro Sinh\u00f4. \/ N\u00f3is pede dinhero \/ n\u00f3is pede trabaio \/ n\u00f3is pede pra chov\u00ea \/ e se chove demais \/ n\u00f3is pede pra par\u00e1 \/ mode a coi\u00eaita num afet\u00e1. \/\/ N\u00f3is pede am\u00f4 \/ n\u00f3is pede pra cas\u00e1 \/ pede casa pra mor\u00e1 \/ n\u00f3is pede sa\u00fade \/ n\u00f3is pede prote\u00e7\u00e3o \/ n\u00f3is pede paiz \/ n\u00f3is pede pra dislind\u00e1 os n\u00f3 \/ quano as coisa cumprica, \/ mode a vida corr\u00ea mi\u00f3. \/\/ Quano a coisa aperta n\u00f3is reza \/ pedindo tudo que farta \/ \u00e9 uma pidi\u00e7\u00e3o sem fim \/ e quano as coisa d\u00e1 certo \/ n\u00f3is vai na igreja mais perto \/ e no p\u00e9 de argum santo \/ que seja de devo\u00e7\u00e3o \/ n\u00f3is dexa sempre uns merr\u00e9is \/ e l\u00e1 nos cofre da frente \/ n\u00f3is coloca mais uns tost\u00e3o. \/\/ Mais hoje Meu Sinh\u00f4 \/ bateu uma coisa isquisita \/ e eu me puis a matut\u00e1 \/ n\u00f3is pede, pede, pede \/ mas n\u00f3is nunca pregunta \/ com\u00e9 que o Sinh\u00f4 t\u00e1 \/ se t\u00e1 triste ou contente \/ se percisa darguma coisa \/ que a gente possa ajud\u00e1 \/ e por esse esquecimento \/ o Sinh\u00f4 h\u00e1 de adescurp\u00e1. \/\/ \u00d3i Deus, n\u00f3is sempre pensa \/ que o Sinh\u00f4 n\u00e3o percisa de nada \/ mais tarv\u00eaz n\u00e3o seja assim \/ tarv\u00eaz o Sinh\u00f4 percisa de mim \/ Sim &#8230; o Sinh\u00f4 percisa, sim \/ percisa da minha bondade \/ percisa da minha alegria \/ percisa da minha caridade \/ no trato c&#8217;os meus irm\u00e3o. \/\/ N\u00f3is semo o seu esp\u00eaio \/ n\u00f3is semo a sua Cria\u00e7\u00e3o \/ n\u00f3is num pode faz\u00ea feio \/ nem fic\u00e1 fazendo rodeio \/ mode desapont\u00e1 o Sinh\u00f4 \/ nem amarg\u00e1 o seu sonho \/ que foi um sonho de am\u00f4 \/ quano essa terra todinha cri\u00f4. \/\/ \u00d3i Deus, eu prometo \/ vo rez\u00e1 de outro jeito \/ vo par\u00e1 com a pidi\u00e7\u00e3o \/ e troc\u00e1 milagre por tost\u00e3o \/ tarvez int\u00e9 eu pe\u00e7a uma gra\u00e7a \/ mas antes eu vo v\u00ea direitinho \/ o que \u00e9 que andei fazendo de b\u00e3o \/ e se nada de b\u00e3o encontr\u00e1 \/ muito vo me envergonh\u00e1 \/ e ainda vo ped\u00ed perd\u00e3o\u201d.<\/p>\n<p>Para a minha amiga s\u00f3 restou manter o sil\u00eancio, quebrado por um \u201cAm\u00e9m\u201d que lhe fugiu da garganta sem pedir licen\u00e7a nem fazer cerim\u00f4nia. <\/p>\n<p>Rubens Marchioni \u2013 rumarchioni@yahoo.com.br<\/p>\n<div id=\"themify_builder_content-4160\" data-postid=\"4160\" class=\"themify_builder_content themify_builder_content-4160 themify_builder themify_builder_front\">\n\t<\/div>\n<!-- \/themify_builder_content -->","protected":false},"excerpt":{"rendered":"<p>Dia desses minha amiga poeta F\u00e1tima Irene Pinto foi, ela e sua sensibilidade, rezar numa daquelas igrejas que tanto aben\u00e7oam as Minas Gerais. Antes que se dirigisse a Deus, ela ouviu um matuto em sua prece. F\u00e1tima silenciou. Ouviu calada, ouvidos pregados em cada palavra daquele homem simples. Ele dizia assim: \u201c\u00d3i Deus, \/ n\u00f3is [&hellip;]<\/p>\n","protected":false},"author":5,"featured_media":0,"comment_status":"open","ping_status":"open","sticky":false,"template":"","format":"standard","meta":{"ngg_post_thumbnail":0,"footnotes":""},"categories":[8],"tags":[871,870,100,872,457,869],"yoast_head":"<!-- This site is optimized with the Yoast SEO plugin v23.5 - https:\/\/yoast.com\/wordpress\/plugins\/seo\/ -->\n<title>Ora\u00e7\u00e3o do Matuto - O Arcanjo no ar<\/title>\n<meta name=\"robots\" content=\"index, follow, max-snippet:-1, max-image-preview:large, max-video-preview:-1\" \/>\n<link rel=\"canonical\" href=\"https:\/\/www.oarcanjo.net\/site\/oracao-do-matuto\/\" \/>\n<meta property=\"og:locale\" content=\"pt_BR\" \/>\n<meta property=\"og:type\" content=\"article\" \/>\n<meta property=\"og:title\" content=\"Ora\u00e7\u00e3o do Matuto - O Arcanjo no ar\" \/>\n<meta property=\"og:description\" content=\"Dia desses minha amiga poeta F\u00e1tima Irene Pinto foi, ela e sua sensibilidade, rezar numa daquelas igrejas que tanto aben\u00e7oam as Minas Gerais. Antes que se dirigisse a Deus, ela ouviu um matuto em sua prece. F\u00e1tima silenciou. Ouviu calada, ouvidos pregados em cada palavra daquele homem simples. Ele dizia assim: \u201c\u00d3i Deus, \/ n\u00f3is [&hellip;]\" \/>\n<meta property=\"og:url\" content=\"https:\/\/www.oarcanjo.net\/site\/oracao-do-matuto\/\" \/>\n<meta property=\"og:site_name\" content=\"O Arcanjo no ar\" \/>\n<meta property=\"article:publisher\" content=\"https:\/\/www.facebook.com\/OArcanjoNoAr\/\" \/>\n<meta property=\"article:published_time\" content=\"2009-07-01T22:40:34+00:00\" \/>\n<meta property=\"og:image\" content=\"https:\/\/www.oarcanjo.net\/site\/wp-content\/uploads\/logo-o-arcanjo-no-ar-facebook.png\" \/>\n\t<meta property=\"og:image:width\" content=\"300\" \/>\n\t<meta property=\"og:image:height\" content=\"300\" \/>\n\t<meta property=\"og:image:type\" content=\"image\/png\" \/>\n<meta name=\"author\" content=\"editor\" \/>\n<meta name=\"twitter:card\" content=\"summary_large_image\" \/>\n<meta name=\"twitter:label1\" content=\"Escrito por\" \/>\n\t<meta name=\"twitter:data1\" content=\"editor\" \/>\n\t<meta name=\"twitter:label2\" content=\"Est. tempo de leitura\" \/>\n\t<meta name=\"twitter:data2\" content=\"2 minutos\" \/>\n<script type=\"application\/ld+json\" class=\"yoast-schema-graph\">{\"@context\":\"https:\/\/schema.org\",\"@graph\":[{\"@type\":\"Article\",\"@id\":\"https:\/\/www.oarcanjo.net\/site\/oracao-do-matuto\/#article\",\"isPartOf\":{\"@id\":\"https:\/\/www.oarcanjo.net\/site\/oracao-do-matuto\/\"},\"author\":{\"name\":\"editor\",\"@id\":\"https:\/\/www.oarcanjo.net\/site\/#\/schema\/person\/f7024d007863202483a31326673a0838\"},\"headline\":\"Ora\u00e7\u00e3o do Matuto\",\"datePublished\":\"2009-07-01T22:40:34+00:00\",\"dateModified\":\"2009-07-01T22:40:34+00:00\",\"mainEntityOfPage\":{\"@id\":\"https:\/\/www.oarcanjo.net\/site\/oracao-do-matuto\/\"},\"wordCount\":441,\"commentCount\":2,\"publisher\":{\"@id\":\"https:\/\/www.oarcanjo.net\/site\/#organization\"},\"keywords\":[\"alegria\",\"bondade\",\"caridade\",\"gra\u00e7a\",\"perd\u00e3o\",\"prece\"],\"articleSection\":[\"Not\u00edcias\"],\"inLanguage\":\"pt-BR\",\"potentialAction\":[{\"@type\":\"CommentAction\",\"name\":\"Comment\",\"target\":[\"https:\/\/www.oarcanjo.net\/site\/oracao-do-matuto\/#respond\"]}]},{\"@type\":\"WebPage\",\"@id\":\"https:\/\/www.oarcanjo.net\/site\/oracao-do-matuto\/\",\"url\":\"https:\/\/www.oarcanjo.net\/site\/oracao-do-matuto\/\",\"name\":\"Ora\u00e7\u00e3o do Matuto - O Arcanjo no ar\",\"isPartOf\":{\"@id\":\"https:\/\/www.oarcanjo.net\/site\/#website\"},\"datePublished\":\"2009-07-01T22:40:34+00:00\",\"dateModified\":\"2009-07-01T22:40:34+00:00\",\"breadcrumb\":{\"@id\":\"https:\/\/www.oarcanjo.net\/site\/oracao-do-matuto\/#breadcrumb\"},\"inLanguage\":\"pt-BR\",\"potentialAction\":[{\"@type\":\"ReadAction\",\"target\":[\"https:\/\/www.oarcanjo.net\/site\/oracao-do-matuto\/\"]}]},{\"@type\":\"BreadcrumbList\",\"@id\":\"https:\/\/www.oarcanjo.net\/site\/oracao-do-matuto\/#breadcrumb\",\"itemListElement\":[{\"@type\":\"ListItem\",\"position\":1,\"name\":\"In\u00edcio\",\"item\":\"https:\/\/www.oarcanjo.net\/site\/\"},{\"@type\":\"ListItem\",\"position\":2,\"name\":\"Ora\u00e7\u00e3o do Matuto\"}]},{\"@type\":\"WebSite\",\"@id\":\"https:\/\/www.oarcanjo.net\/site\/#website\",\"url\":\"https:\/\/www.oarcanjo.net\/site\/\",\"name\":\"O Arcanjo no ar\",\"description\":\"Site da Par\u00f3quia S\u00e3o Miguel Arcanjo (Arquidiocese de SP)\",\"publisher\":{\"@id\":\"https:\/\/www.oarcanjo.net\/site\/#organization\"},\"potentialAction\":[{\"@type\":\"SearchAction\",\"target\":{\"@type\":\"EntryPoint\",\"urlTemplate\":\"https:\/\/www.oarcanjo.net\/site\/?s={search_term_string}\"},\"query-input\":{\"@type\":\"PropertyValueSpecification\",\"valueRequired\":true,\"valueName\":\"search_term_string\"}}],\"inLanguage\":\"pt-BR\"},{\"@type\":\"Organization\",\"@id\":\"https:\/\/www.oarcanjo.net\/site\/#organization\",\"name\":\"Par\u00f3quia S\u00e3o Miguel Arcanjo\",\"url\":\"https:\/\/www.oarcanjo.net\/site\/\",\"logo\":{\"@type\":\"ImageObject\",\"inLanguage\":\"pt-BR\",\"@id\":\"https:\/\/www.oarcanjo.net\/site\/#\/schema\/logo\/image\/\",\"url\":\"https:\/\/www.oarcanjo.net\/site\/wp-content\/uploads\/LogoOArcanjo.png\",\"contentUrl\":\"https:\/\/www.oarcanjo.net\/site\/wp-content\/uploads\/LogoOArcanjo.png\",\"width\":319,\"height\":99,\"caption\":\"Par\u00f3quia S\u00e3o Miguel Arcanjo\"},\"image\":{\"@id\":\"https:\/\/www.oarcanjo.net\/site\/#\/schema\/logo\/image\/\"},\"sameAs\":[\"https:\/\/www.facebook.com\/OArcanjoNoAr\/\"]},{\"@type\":\"Person\",\"@id\":\"https:\/\/www.oarcanjo.net\/site\/#\/schema\/person\/f7024d007863202483a31326673a0838\",\"name\":\"editor\",\"sameAs\":[\"http:\/\/www.oarcanjo.net\"]}]}<\/script>\n<!-- \/ Yoast SEO plugin. -->","yoast_head_json":{"title":"Ora\u00e7\u00e3o do Matuto - O Arcanjo no ar","robots":{"index":"index","follow":"follow","max-snippet":"max-snippet:-1","max-image-preview":"max-image-preview:large","max-video-preview":"max-video-preview:-1"},"canonical":"https:\/\/www.oarcanjo.net\/site\/oracao-do-matuto\/","og_locale":"pt_BR","og_type":"article","og_title":"Ora\u00e7\u00e3o do Matuto - O Arcanjo no ar","og_description":"Dia desses minha amiga poeta F\u00e1tima Irene Pinto foi, ela e sua sensibilidade, rezar numa daquelas igrejas que tanto aben\u00e7oam as Minas Gerais. Antes que se dirigisse a Deus, ela ouviu um matuto em sua prece. F\u00e1tima silenciou. Ouviu calada, ouvidos pregados em cada palavra daquele homem simples. Ele dizia assim: \u201c\u00d3i Deus, \/ n\u00f3is [&hellip;]","og_url":"https:\/\/www.oarcanjo.net\/site\/oracao-do-matuto\/","og_site_name":"O Arcanjo no ar","article_publisher":"https:\/\/www.facebook.com\/OArcanjoNoAr\/","article_published_time":"2009-07-01T22:40:34+00:00","og_image":[{"width":300,"height":300,"url":"https:\/\/www.oarcanjo.net\/site\/wp-content\/uploads\/logo-o-arcanjo-no-ar-facebook.png","type":"image\/png"}],"author":"editor","twitter_card":"summary_large_image","twitter_misc":{"Escrito por":"editor","Est. tempo de leitura":"2 minutos"},"schema":{"@context":"https:\/\/schema.org","@graph":[{"@type":"Article","@id":"https:\/\/www.oarcanjo.net\/site\/oracao-do-matuto\/#article","isPartOf":{"@id":"https:\/\/www.oarcanjo.net\/site\/oracao-do-matuto\/"},"author":{"name":"editor","@id":"https:\/\/www.oarcanjo.net\/site\/#\/schema\/person\/f7024d007863202483a31326673a0838"},"headline":"Ora\u00e7\u00e3o do Matuto","datePublished":"2009-07-01T22:40:34+00:00","dateModified":"2009-07-01T22:40:34+00:00","mainEntityOfPage":{"@id":"https:\/\/www.oarcanjo.net\/site\/oracao-do-matuto\/"},"wordCount":441,"commentCount":2,"publisher":{"@id":"https:\/\/www.oarcanjo.net\/site\/#organization"},"keywords":["alegria","bondade","caridade","gra\u00e7a","perd\u00e3o","prece"],"articleSection":["Not\u00edcias"],"inLanguage":"pt-BR","potentialAction":[{"@type":"CommentAction","name":"Comment","target":["https:\/\/www.oarcanjo.net\/site\/oracao-do-matuto\/#respond"]}]},{"@type":"WebPage","@id":"https:\/\/www.oarcanjo.net\/site\/oracao-do-matuto\/","url":"https:\/\/www.oarcanjo.net\/site\/oracao-do-matuto\/","name":"Ora\u00e7\u00e3o do Matuto - O Arcanjo no ar","isPartOf":{"@id":"https:\/\/www.oarcanjo.net\/site\/#website"},"datePublished":"2009-07-01T22:40:34+00:00","dateModified":"2009-07-01T22:40:34+00:00","breadcrumb":{"@id":"https:\/\/www.oarcanjo.net\/site\/oracao-do-matuto\/#breadcrumb"},"inLanguage":"pt-BR","potentialAction":[{"@type":"ReadAction","target":["https:\/\/www.oarcanjo.net\/site\/oracao-do-matuto\/"]}]},{"@type":"BreadcrumbList","@id":"https:\/\/www.oarcanjo.net\/site\/oracao-do-matuto\/#breadcrumb","itemListElement":[{"@type":"ListItem","position":1,"name":"In\u00edcio","item":"https:\/\/www.oarcanjo.net\/site\/"},{"@type":"ListItem","position":2,"name":"Ora\u00e7\u00e3o do Matuto"}]},{"@type":"WebSite","@id":"https:\/\/www.oarcanjo.net\/site\/#website","url":"https:\/\/www.oarcanjo.net\/site\/","name":"O Arcanjo no ar","description":"Site da Par\u00f3quia S\u00e3o Miguel Arcanjo (Arquidiocese de SP)","publisher":{"@id":"https:\/\/www.oarcanjo.net\/site\/#organization"},"potentialAction":[{"@type":"SearchAction","target":{"@type":"EntryPoint","urlTemplate":"https:\/\/www.oarcanjo.net\/site\/?s={search_term_string}"},"query-input":{"@type":"PropertyValueSpecification","valueRequired":true,"valueName":"search_term_string"}}],"inLanguage":"pt-BR"},{"@type":"Organization","@id":"https:\/\/www.oarcanjo.net\/site\/#organization","name":"Par\u00f3quia S\u00e3o Miguel Arcanjo","url":"https:\/\/www.oarcanjo.net\/site\/","logo":{"@type":"ImageObject","inLanguage":"pt-BR","@id":"https:\/\/www.oarcanjo.net\/site\/#\/schema\/logo\/image\/","url":"https:\/\/www.oarcanjo.net\/site\/wp-content\/uploads\/LogoOArcanjo.png","contentUrl":"https:\/\/www.oarcanjo.net\/site\/wp-content\/uploads\/LogoOArcanjo.png","width":319,"height":99,"caption":"Par\u00f3quia S\u00e3o Miguel Arcanjo"},"image":{"@id":"https:\/\/www.oarcanjo.net\/site\/#\/schema\/logo\/image\/"},"sameAs":["https:\/\/www.facebook.com\/OArcanjoNoAr\/"]},{"@type":"Person","@id":"https:\/\/www.oarcanjo.net\/site\/#\/schema\/person\/f7024d007863202483a31326673a0838","name":"editor","sameAs":["http:\/\/www.oarcanjo.net"]}]}},"publishpress_future_action":{"enabled":false,"date":"2026-05-08 22:08:12","action":"category","newStatus":"draft","terms":[],"taxonomy":"category"},"publishpress_future_workflow_manual_trigger":{"enabledWorkflows":[]},"_links":{"self":[{"href":"https:\/\/www.oarcanjo.net\/site\/wp-json\/wp\/v2\/posts\/4160"}],"collection":[{"href":"https:\/\/www.oarcanjo.net\/site\/wp-json\/wp\/v2\/posts"}],"about":[{"href":"https:\/\/www.oarcanjo.net\/site\/wp-json\/wp\/v2\/types\/post"}],"author":[{"embeddable":true,"href":"https:\/\/www.oarcanjo.net\/site\/wp-json\/wp\/v2\/users\/5"}],"replies":[{"embeddable":true,"href":"https:\/\/www.oarcanjo.net\/site\/wp-json\/wp\/v2\/comments?post=4160"}],"version-history":[{"count":0,"href":"https:\/\/www.oarcanjo.net\/site\/wp-json\/wp\/v2\/posts\/4160\/revisions"}],"wp:attachment":[{"href":"https:\/\/www.oarcanjo.net\/site\/wp-json\/wp\/v2\/media?parent=4160"}],"wp:term":[{"taxonomy":"category","embeddable":true,"href":"https:\/\/www.oarcanjo.net\/site\/wp-json\/wp\/v2\/categories?post=4160"},{"taxonomy":"post_tag","embeddable":true,"href":"https:\/\/www.oarcanjo.net\/site\/wp-json\/wp\/v2\/tags?post=4160"}],"curies":[{"name":"wp","href":"https:\/\/api.w.org\/{rel}","templated":true}]}}