
{"id":4164,"date":"2009-07-02T23:32:55","date_gmt":"2009-07-03T02:32:55","guid":{"rendered":"http:\/\/www.oarcanjo.net\/site\/?p=4164"},"modified":"2009-07-02T23:32:55","modified_gmt":"2009-07-03T02:32:55","slug":"democracia-em-xeque","status":"publish","type":"post","link":"https:\/\/www.oarcanjo.net\/site\/democracia-em-xeque\/","title":{"rendered":"Democracia em xeque"},"content":{"rendered":"<p>Dom Dem\u00e9trio Valentini<\/p>\n<p>N\u00e3o pegou bem o golpe de estado em Honduras. Mesmo que se deva sempre estar atento \u00e0s peculiaridades de cada pa\u00eds, tamb\u00e9m das pequenas rep\u00fablicas centro-americanas, fica dif\u00edcil aceitar a vers\u00e3o de que o presidente Manuel Zelaya teria violado a constitui\u00e7\u00e3o pelo fato de convocar um plebiscito, n\u00e3o vinculante, para consultar o povo sobre a conveni\u00eancia de realizar uma assembl\u00e9ia constituinte.<\/p>\n<p>Ser\u00e1 que consultar o povo \u00e9 t\u00e3o perigoso assim? \u00c9 evidente que o fato serviu de pretexto para a deposi\u00e7\u00e3o do presidente. E a\u00ed, cessam os escr\u00fapulos com a legalidade, e o uso da for\u00e7a militar acaba determinado uma situa\u00e7\u00e3o de fato, e a democracia \u00e9 jogada de escanteio.<\/p>\n<p>Para sermos bem realistas, quando h\u00e1 um golpe, \u00e9 porque outro poder se sobrep\u00f5e. O poder real, em muitos pa\u00edses latinoamericanos, continua na m\u00e3o de oligarquias locais, que det\u00e9m o poder econ\u00f4mico. Para elas, a democracia vale at\u00e9 que n\u00e3o ameace seus privil\u00e9gios. Quando o processo democr\u00e1tico abre a possibilidade de mudan\u00e7as substanciais, logo se orquestra uma gritaria revestida de escr\u00fapulos democr\u00e1ticos, para criar o clima para a interven\u00e7\u00e3o de for\u00e7a.  Usam-se m\u00e1scaras de democracia para desvirtuar os procedimentos legais, e us\u00e1-los contra as suas finalidades.<\/p>\n<p>Todo golpista faz quest\u00e3o de mostrar escr\u00fapulos democr\u00e1ticos. A atual situa\u00e7\u00e3o de Honduras se reveste deste emaranhado complexo de ingredientes.<\/p>\n<p>Alega-se que o presidente Zelaya pretendia, com a consulta popular, abrir caminho para outro mandato, que a atual constitui\u00e7\u00e3o impede. Argumenta-se que ele pretendia seguir o caminho de Ch\u00e1vez na Venezuela, que tanto fez at\u00e9 deixar o caminho aberto para reelei\u00e7\u00f5es indefinidas. O que, convenhamos, \u00e9 uma temeridade para a democracia. Uma das preven\u00e7\u00f5es contra a perpetua\u00e7\u00e3o no poder s\u00e3o os mandatos bem determinados, que favore\u00e7am a rotatividade no exerc\u00edcio do poder pol\u00edtico.<\/p>\n<p>Neste sentido, \u00e9 louv\u00e1vel a postura do presidente Lula, de dissuadir qualquer tentativa de lhe facultar uma nova candidatura presidencial, no momento em que ele goza de grande apoio popular.<\/p>\n<p>\u00c9 um bom testemunho de democracia, que somos chamados a dar, especialmente no contexto latino americano, de fr\u00e1gil tradi\u00e7\u00e3o democr\u00e1tica.<\/p>\n<p>Ao mesmo tempo, \u00e9 importante dar-nos conta que entre n\u00f3s a democracia corre perigo por outros motivos. O panorama desolador do Senado, com acusa\u00e7\u00f5es irrefut\u00e1veis de corrup\u00e7\u00e3o e de favorecimentos pol\u00edticos, mostra quanto \u00e9 urgente uma reforma pol\u00edtica que exorcize essas manobras, e impe\u00e7a o Congresso Nacional de virar balc\u00e3o de neg\u00f3cios, em vez de exercer sua indispens\u00e1vel fun\u00e7\u00e3o legislativa e seu of\u00edcio de moderador do Executivo, com responsabilidades bem determinadas e bem assumidas.<\/p>\n<p>No Brasil precisamos com urg\u00eancia de uma reforma pol\u00edtica, que mesmo progressiva, comece a enfrentar os gargalos que impedem o exerc\u00edcio eficaz e correto da democracia.<\/p>\n<p>J\u00e1 foram apresentadas tantas sugest\u00f5es de mudan\u00e7as. At\u00e9 agora esbarraram no interesse dos atuais detentores do poder legislativo, s\u00f3 preocupados com sua reelei\u00e7\u00e3o. Da\u00ed a indispens\u00e1vel participa\u00e7\u00e3o da cidadania, para a elabora\u00e7\u00e3o de propostas vi\u00e1veis, que iniciem uma verdadeira reforma pol\u00edtica, que entre outras coisas detenha a sangria desatada de gastos de um aparato estatal que perdeu o senso da medida e da conveni\u00eancia. <\/p>\n<p>Ficou marcado para a pr\u00f3xima quarta-feira, dia 08 deste m\u00eas de julho, o &#8220;manifesto para uma reforma pol\u00edtica ampla, democr\u00e1tica e participativa&#8221;, proposto por diversos movimentos e entidades, entre as quais est\u00e1 a CNBB.<\/p>\n<p>Ao menos se espera que sintomas t\u00e3o evidentes de crise pol\u00edtica despertem para a necessidade de aprovar algumas propostas m\u00ednimas, que constam deste manifesto.<\/p>\n<div id=\"themify_builder_content-4164\" data-postid=\"4164\" class=\"themify_builder_content themify_builder_content-4164 themify_builder themify_builder_front\">\n\t<\/div>\n<!-- \/themify_builder_content -->","protected":false},"excerpt":{"rendered":"<p>Dom Dem\u00e9trio Valentini N\u00e3o pegou bem o golpe de estado em Honduras. Mesmo que se deva sempre estar atento \u00e0s peculiaridades de cada pa\u00eds, tamb\u00e9m das pequenas rep\u00fablicas centro-americanas, fica dif\u00edcil aceitar a vers\u00e3o de que o presidente Manuel Zelaya teria violado a constitui\u00e7\u00e3o pelo fato de convocar um plebiscito, n\u00e3o vinculante, para consultar o [&hellip;]<\/p>\n","protected":false},"author":5,"featured_media":0,"comment_status":"open","ping_status":"open","sticky":false,"template":"","format":"standard","meta":{"ngg_post_thumbnail":0,"footnotes":""},"categories":[9],"tags":[874,388,63,873,335,313,876,875,877],"yoast_head":"<!-- This site is optimized with the Yoast SEO plugin v23.5 - https:\/\/yoast.com\/wordpress\/plugins\/seo\/ -->\n<title>Democracia em xeque - O Arcanjo no ar<\/title>\n<meta name=\"robots\" content=\"index, follow, max-snippet:-1, max-image-preview:large, max-video-preview:-1\" \/>\n<link rel=\"canonical\" href=\"https:\/\/www.oarcanjo.net\/site\/democracia-em-xeque\/\" \/>\n<meta property=\"og:locale\" content=\"pt_BR\" \/>\n<meta property=\"og:type\" content=\"article\" \/>\n<meta property=\"og:title\" content=\"Democracia em xeque - O Arcanjo no ar\" \/>\n<meta property=\"og:description\" content=\"Dom Dem\u00e9trio Valentini N\u00e3o pegou bem o golpe de estado em Honduras. Mesmo que se deva sempre estar atento \u00e0s peculiaridades de cada pa\u00eds, tamb\u00e9m das pequenas rep\u00fablicas centro-americanas, fica dif\u00edcil aceitar a vers\u00e3o de que o presidente Manuel Zelaya teria violado a constitui\u00e7\u00e3o pelo fato de convocar um plebiscito, n\u00e3o vinculante, para consultar o [&hellip;]\" \/>\n<meta property=\"og:url\" content=\"https:\/\/www.oarcanjo.net\/site\/democracia-em-xeque\/\" \/>\n<meta property=\"og:site_name\" content=\"O Arcanjo no ar\" \/>\n<meta property=\"article:publisher\" content=\"https:\/\/www.facebook.com\/OArcanjoNoAr\/\" \/>\n<meta property=\"article:published_time\" content=\"2009-07-03T02:32:55+00:00\" \/>\n<meta property=\"og:image\" content=\"https:\/\/www.oarcanjo.net\/site\/wp-content\/uploads\/logo-o-arcanjo-no-ar-facebook.png\" \/>\n\t<meta property=\"og:image:width\" content=\"300\" \/>\n\t<meta property=\"og:image:height\" content=\"300\" \/>\n\t<meta property=\"og:image:type\" content=\"image\/png\" \/>\n<meta name=\"author\" content=\"editor\" \/>\n<meta name=\"twitter:card\" content=\"summary_large_image\" \/>\n<meta name=\"twitter:label1\" content=\"Escrito por\" \/>\n\t<meta name=\"twitter:data1\" content=\"editor\" \/>\n\t<meta name=\"twitter:label2\" content=\"Est. tempo de leitura\" \/>\n\t<meta name=\"twitter:data2\" content=\"3 minutos\" \/>\n<script type=\"application\/ld+json\" class=\"yoast-schema-graph\">{\"@context\":\"https:\/\/schema.org\",\"@graph\":[{\"@type\":\"Article\",\"@id\":\"https:\/\/www.oarcanjo.net\/site\/democracia-em-xeque\/#article\",\"isPartOf\":{\"@id\":\"https:\/\/www.oarcanjo.net\/site\/democracia-em-xeque\/\"},\"author\":{\"name\":\"editor\",\"@id\":\"https:\/\/www.oarcanjo.net\/site\/#\/schema\/person\/f7024d007863202483a31326673a0838\"},\"headline\":\"Democracia em xeque\",\"datePublished\":\"2009-07-03T02:32:55+00:00\",\"dateModified\":\"2009-07-03T02:32:55+00:00\",\"mainEntityOfPage\":{\"@id\":\"https:\/\/www.oarcanjo.net\/site\/democracia-em-xeque\/\"},\"wordCount\":636,\"commentCount\":0,\"publisher\":{\"@id\":\"https:\/\/www.oarcanjo.net\/site\/#organization\"},\"keywords\":[\"Am\u00e9rica Central\",\"Am\u00e9rica Latina\",\"CNBB\",\"Democracia\",\"ditadura\",\"\u00e9tica\",\"golpe de estado\",\"Honduras\",\"reforma pol\u00edtica\"],\"articleSection\":[\"Reflex\u00f5es\"],\"inLanguage\":\"pt-BR\",\"potentialAction\":[{\"@type\":\"CommentAction\",\"name\":\"Comment\",\"target\":[\"https:\/\/www.oarcanjo.net\/site\/democracia-em-xeque\/#respond\"]}]},{\"@type\":\"WebPage\",\"@id\":\"https:\/\/www.oarcanjo.net\/site\/democracia-em-xeque\/\",\"url\":\"https:\/\/www.oarcanjo.net\/site\/democracia-em-xeque\/\",\"name\":\"Democracia em xeque - O Arcanjo no ar\",\"isPartOf\":{\"@id\":\"https:\/\/www.oarcanjo.net\/site\/#website\"},\"datePublished\":\"2009-07-03T02:32:55+00:00\",\"dateModified\":\"2009-07-03T02:32:55+00:00\",\"breadcrumb\":{\"@id\":\"https:\/\/www.oarcanjo.net\/site\/democracia-em-xeque\/#breadcrumb\"},\"inLanguage\":\"pt-BR\",\"potentialAction\":[{\"@type\":\"ReadAction\",\"target\":[\"https:\/\/www.oarcanjo.net\/site\/democracia-em-xeque\/\"]}]},{\"@type\":\"BreadcrumbList\",\"@id\":\"https:\/\/www.oarcanjo.net\/site\/democracia-em-xeque\/#breadcrumb\",\"itemListElement\":[{\"@type\":\"ListItem\",\"position\":1,\"name\":\"In\u00edcio\",\"item\":\"https:\/\/www.oarcanjo.net\/site\/\"},{\"@type\":\"ListItem\",\"position\":2,\"name\":\"Democracia em xeque\"}]},{\"@type\":\"WebSite\",\"@id\":\"https:\/\/www.oarcanjo.net\/site\/#website\",\"url\":\"https:\/\/www.oarcanjo.net\/site\/\",\"name\":\"O Arcanjo no ar\",\"description\":\"Site da Par\u00f3quia S\u00e3o Miguel Arcanjo (Arquidiocese de SP)\",\"publisher\":{\"@id\":\"https:\/\/www.oarcanjo.net\/site\/#organization\"},\"potentialAction\":[{\"@type\":\"SearchAction\",\"target\":{\"@type\":\"EntryPoint\",\"urlTemplate\":\"https:\/\/www.oarcanjo.net\/site\/?s={search_term_string}\"},\"query-input\":{\"@type\":\"PropertyValueSpecification\",\"valueRequired\":true,\"valueName\":\"search_term_string\"}}],\"inLanguage\":\"pt-BR\"},{\"@type\":\"Organization\",\"@id\":\"https:\/\/www.oarcanjo.net\/site\/#organization\",\"name\":\"Par\u00f3quia S\u00e3o Miguel Arcanjo\",\"url\":\"https:\/\/www.oarcanjo.net\/site\/\",\"logo\":{\"@type\":\"ImageObject\",\"inLanguage\":\"pt-BR\",\"@id\":\"https:\/\/www.oarcanjo.net\/site\/#\/schema\/logo\/image\/\",\"url\":\"https:\/\/www.oarcanjo.net\/site\/wp-content\/uploads\/LogoOArcanjo.png\",\"contentUrl\":\"https:\/\/www.oarcanjo.net\/site\/wp-content\/uploads\/LogoOArcanjo.png\",\"width\":319,\"height\":99,\"caption\":\"Par\u00f3quia S\u00e3o Miguel Arcanjo\"},\"image\":{\"@id\":\"https:\/\/www.oarcanjo.net\/site\/#\/schema\/logo\/image\/\"},\"sameAs\":[\"https:\/\/www.facebook.com\/OArcanjoNoAr\/\"]},{\"@type\":\"Person\",\"@id\":\"https:\/\/www.oarcanjo.net\/site\/#\/schema\/person\/f7024d007863202483a31326673a0838\",\"name\":\"editor\",\"sameAs\":[\"http:\/\/www.oarcanjo.net\"]}]}<\/script>\n<!-- \/ Yoast SEO plugin. -->","yoast_head_json":{"title":"Democracia em xeque - O Arcanjo no ar","robots":{"index":"index","follow":"follow","max-snippet":"max-snippet:-1","max-image-preview":"max-image-preview:large","max-video-preview":"max-video-preview:-1"},"canonical":"https:\/\/www.oarcanjo.net\/site\/democracia-em-xeque\/","og_locale":"pt_BR","og_type":"article","og_title":"Democracia em xeque - O Arcanjo no ar","og_description":"Dom Dem\u00e9trio Valentini N\u00e3o pegou bem o golpe de estado em Honduras. Mesmo que se deva sempre estar atento \u00e0s peculiaridades de cada pa\u00eds, tamb\u00e9m das pequenas rep\u00fablicas centro-americanas, fica dif\u00edcil aceitar a vers\u00e3o de que o presidente Manuel Zelaya teria violado a constitui\u00e7\u00e3o pelo fato de convocar um plebiscito, n\u00e3o vinculante, para consultar o [&hellip;]","og_url":"https:\/\/www.oarcanjo.net\/site\/democracia-em-xeque\/","og_site_name":"O Arcanjo no ar","article_publisher":"https:\/\/www.facebook.com\/OArcanjoNoAr\/","article_published_time":"2009-07-03T02:32:55+00:00","og_image":[{"width":300,"height":300,"url":"https:\/\/www.oarcanjo.net\/site\/wp-content\/uploads\/logo-o-arcanjo-no-ar-facebook.png","type":"image\/png"}],"author":"editor","twitter_card":"summary_large_image","twitter_misc":{"Escrito por":"editor","Est. tempo de leitura":"3 minutos"},"schema":{"@context":"https:\/\/schema.org","@graph":[{"@type":"Article","@id":"https:\/\/www.oarcanjo.net\/site\/democracia-em-xeque\/#article","isPartOf":{"@id":"https:\/\/www.oarcanjo.net\/site\/democracia-em-xeque\/"},"author":{"name":"editor","@id":"https:\/\/www.oarcanjo.net\/site\/#\/schema\/person\/f7024d007863202483a31326673a0838"},"headline":"Democracia em xeque","datePublished":"2009-07-03T02:32:55+00:00","dateModified":"2009-07-03T02:32:55+00:00","mainEntityOfPage":{"@id":"https:\/\/www.oarcanjo.net\/site\/democracia-em-xeque\/"},"wordCount":636,"commentCount":0,"publisher":{"@id":"https:\/\/www.oarcanjo.net\/site\/#organization"},"keywords":["Am\u00e9rica Central","Am\u00e9rica Latina","CNBB","Democracia","ditadura","\u00e9tica","golpe de estado","Honduras","reforma pol\u00edtica"],"articleSection":["Reflex\u00f5es"],"inLanguage":"pt-BR","potentialAction":[{"@type":"CommentAction","name":"Comment","target":["https:\/\/www.oarcanjo.net\/site\/democracia-em-xeque\/#respond"]}]},{"@type":"WebPage","@id":"https:\/\/www.oarcanjo.net\/site\/democracia-em-xeque\/","url":"https:\/\/www.oarcanjo.net\/site\/democracia-em-xeque\/","name":"Democracia em xeque - O Arcanjo no ar","isPartOf":{"@id":"https:\/\/www.oarcanjo.net\/site\/#website"},"datePublished":"2009-07-03T02:32:55+00:00","dateModified":"2009-07-03T02:32:55+00:00","breadcrumb":{"@id":"https:\/\/www.oarcanjo.net\/site\/democracia-em-xeque\/#breadcrumb"},"inLanguage":"pt-BR","potentialAction":[{"@type":"ReadAction","target":["https:\/\/www.oarcanjo.net\/site\/democracia-em-xeque\/"]}]},{"@type":"BreadcrumbList","@id":"https:\/\/www.oarcanjo.net\/site\/democracia-em-xeque\/#breadcrumb","itemListElement":[{"@type":"ListItem","position":1,"name":"In\u00edcio","item":"https:\/\/www.oarcanjo.net\/site\/"},{"@type":"ListItem","position":2,"name":"Democracia em xeque"}]},{"@type":"WebSite","@id":"https:\/\/www.oarcanjo.net\/site\/#website","url":"https:\/\/www.oarcanjo.net\/site\/","name":"O Arcanjo no ar","description":"Site da Par\u00f3quia S\u00e3o Miguel Arcanjo (Arquidiocese de SP)","publisher":{"@id":"https:\/\/www.oarcanjo.net\/site\/#organization"},"potentialAction":[{"@type":"SearchAction","target":{"@type":"EntryPoint","urlTemplate":"https:\/\/www.oarcanjo.net\/site\/?s={search_term_string}"},"query-input":{"@type":"PropertyValueSpecification","valueRequired":true,"valueName":"search_term_string"}}],"inLanguage":"pt-BR"},{"@type":"Organization","@id":"https:\/\/www.oarcanjo.net\/site\/#organization","name":"Par\u00f3quia S\u00e3o Miguel Arcanjo","url":"https:\/\/www.oarcanjo.net\/site\/","logo":{"@type":"ImageObject","inLanguage":"pt-BR","@id":"https:\/\/www.oarcanjo.net\/site\/#\/schema\/logo\/image\/","url":"https:\/\/www.oarcanjo.net\/site\/wp-content\/uploads\/LogoOArcanjo.png","contentUrl":"https:\/\/www.oarcanjo.net\/site\/wp-content\/uploads\/LogoOArcanjo.png","width":319,"height":99,"caption":"Par\u00f3quia S\u00e3o Miguel Arcanjo"},"image":{"@id":"https:\/\/www.oarcanjo.net\/site\/#\/schema\/logo\/image\/"},"sameAs":["https:\/\/www.facebook.com\/OArcanjoNoAr\/"]},{"@type":"Person","@id":"https:\/\/www.oarcanjo.net\/site\/#\/schema\/person\/f7024d007863202483a31326673a0838","name":"editor","sameAs":["http:\/\/www.oarcanjo.net"]}]}},"publishpress_future_action":{"enabled":false,"date":"2026-05-09 10:06:46","action":"category","newStatus":"draft","terms":[],"taxonomy":"category"},"publishpress_future_workflow_manual_trigger":{"enabledWorkflows":[]},"_links":{"self":[{"href":"https:\/\/www.oarcanjo.net\/site\/wp-json\/wp\/v2\/posts\/4164"}],"collection":[{"href":"https:\/\/www.oarcanjo.net\/site\/wp-json\/wp\/v2\/posts"}],"about":[{"href":"https:\/\/www.oarcanjo.net\/site\/wp-json\/wp\/v2\/types\/post"}],"author":[{"embeddable":true,"href":"https:\/\/www.oarcanjo.net\/site\/wp-json\/wp\/v2\/users\/5"}],"replies":[{"embeddable":true,"href":"https:\/\/www.oarcanjo.net\/site\/wp-json\/wp\/v2\/comments?post=4164"}],"version-history":[{"count":0,"href":"https:\/\/www.oarcanjo.net\/site\/wp-json\/wp\/v2\/posts\/4164\/revisions"}],"wp:attachment":[{"href":"https:\/\/www.oarcanjo.net\/site\/wp-json\/wp\/v2\/media?parent=4164"}],"wp:term":[{"taxonomy":"category","embeddable":true,"href":"https:\/\/www.oarcanjo.net\/site\/wp-json\/wp\/v2\/categories?post=4164"},{"taxonomy":"post_tag","embeddable":true,"href":"https:\/\/www.oarcanjo.net\/site\/wp-json\/wp\/v2\/tags?post=4164"}],"curies":[{"name":"wp","href":"https:\/\/api.w.org\/{rel}","templated":true}]}}