
{"id":4166,"date":"2009-07-03T14:26:47","date_gmt":"2009-07-03T17:26:47","guid":{"rendered":"http:\/\/www.oarcanjo.net\/site\/?p=4166"},"modified":"2009-07-03T14:26:47","modified_gmt":"2009-07-03T17:26:47","slug":"sao-tome","status":"publish","type":"post","link":"https:\/\/www.oarcanjo.net\/site\/sao-tome\/","title":{"rendered":"S\u00e3o Tom\u00e9"},"content":{"rendered":"<p>Embora na nossa mem\u00f3ria a presen\u00e7a de s\u00e3o Tom\u00e9 fa\u00e7a sempre pensar em incredulidade e nos lembre daqueles que &#8220;precisam ver para crer&#8221;, sua import\u00e2ncia n\u00e3o se resume a permitir a inclus\u00e3o na B\u00edblia da d\u00favida humana. Ela nos remete, tamb\u00e9m, a outras fraquezas naturais do ser humano, como a afli\u00e7\u00e3o e a necessidade de clareza e p\u00e9 no ch\u00e3o. Mas, e principalmente, mostra a aceita\u00e7\u00e3o dessas fraquezas por Deus e seu Filho no projeto de sua vinda para nossa salva\u00e7\u00e3o. <\/p>\n<p>S\u00e3o tr\u00eas as grandes passagens do ap\u00f3stolo Tom\u00e9 no livro sagrado. A primeira \u00e9 quando Jesus \u00e9 chamado para voltar \u00e0 Jud\u00e9ia e acudir L\u00e1zaro. Seu grupo tenta impedir que se arrisque, pois havia amea\u00e7as dos inimigos e Jesus poderia ser apedrejado. Mas ele disse que iria assim mesmo e, aflito, Tom\u00e9 intima os demais: &#8220;Ent\u00e3o vamos tamb\u00e9m e morramos com ele!&#8221; <\/p>\n<p>Na segunda passagem, demonstra melancolia e incerteza. Jesus reuniu os disc\u00edpulos no cen\u00e1culo e os avisou de que era chegada a hora do cumprimento das determina\u00e7\u00f5es de seu Pai. Falou com eles em tom de despedida, conclamando-os a segui-lo: &#8220;Para onde eu vou voc\u00eas sabem. E tamb\u00e9m sabem o caminho&#8221;. Tom\u00e9 queria mais detalhes, talvez at\u00e9 tentando convencer Jesus a evitar o sacrif\u00edcio: &#8220;Se n\u00e3o sabemos para onde vais, como poderemos conhecer o caminho?&#8221;. A resposta de Jesus passou para a hist\u00f3ria: &#8220;Eu sou o caminho, a verdade e a vida. Ningu\u00e9m vai ao Pai sen\u00e3o por mim&#8221;. <\/p>\n<p>E a terceira e definitiva passagem foi a que mais marcou a trajet\u00f3ria do ap\u00f3stolo. Foi justamente quando todos lhe contaram que o Cristo havia ressuscitado, pois ele era o \u00fanico que n\u00e3o estava presente ao evento. Tom\u00e9 disse que s\u00f3 acreditaria se visse nas m\u00e3os do Cristo o lugar dos cravos e tocasse-lhe o peito dilacerado. A d\u00favida em pessoa, como se v\u00ea. Mas ele p\u00f4de comprovar tanto quanto quis, pois Jesus lhe apareceu e disse: &#8220;P\u00f5e o teu dedo aqui e v\u00ea minhas m\u00e3os!&#8230; N\u00e3o sejas incr\u00e9dulo, acredita!&#8221; Dessa forma, sua incredulidade tornou-se apenas mais uma prova dos fatos que mudaram a hist\u00f3ria da humanidade. <\/p>\n<p>O ap\u00f3stolo Tom\u00e9 ou Tom\u00e1s, como tamb\u00e9m \u00e9 chamado, tinha o apelido de D\u00eddimo, que quer dizer &#8220;g\u00eameo e natural da Galil\u00e9ia&#8221;. Era pescador quando Jesus o encontrou e o admitiu entre seus disc\u00edpulos. <\/p>\n<p>Ap\u00f3s a crucifica\u00e7\u00e3o e a ressurrei\u00e7\u00e3o, pregou entre os medos e os partas, povos que habitavam a P\u00e9rsia. H\u00e1 tamb\u00e9m ind\u00edcios de que tenha levado o Evangelho \u00e0 \u00cdndia, segundo as pistas encontradas por s\u00e3o Francisco Xavier no s\u00e9culo XVI. Morreu martirizado com uma lan\u00e7a, segundo a antiga tradi\u00e7\u00e3o crist\u00e3. Sua festa \u00e9 comemorada em 3 de julho.<\/p>\n<p>(publicado originalmente no <a href=\"http:\/\/www.paulinas.org.br\/diafeliz\/santo.aspx?Dia=3&#038;Mes=7&#038;SantoID=538\" target=\"Paulinas\">Portal Paulinas<\/a>)<\/p>\n<div id=\"themify_builder_content-4166\" data-postid=\"4166\" class=\"themify_builder_content themify_builder_content-4166 themify_builder themify_builder_front\">\n\t<\/div>\n<!-- \/themify_builder_content -->","protected":false},"excerpt":{"rendered":"<p>Embora na nossa mem\u00f3ria a presen\u00e7a de s\u00e3o Tom\u00e9 fa\u00e7a sempre pensar em incredulidade e nos lembre daqueles que &#8220;precisam ver para crer&#8221;, sua import\u00e2ncia n\u00e3o se resume a permitir a inclus\u00e3o na B\u00edblia da d\u00favida humana. Ela nos remete, tamb\u00e9m, a outras fraquezas naturais do ser humano, como a afli\u00e7\u00e3o e a necessidade de [&hellip;]<\/p>\n","protected":false},"author":5,"featured_media":0,"comment_status":"open","ping_status":"open","sticky":false,"template":"","format":"standard","meta":{"ngg_post_thumbnail":0,"footnotes":""},"categories":[9],"tags":[198,879,520,878],"yoast_head":"<!-- This site is optimized with the Yoast SEO plugin v23.5 - https:\/\/yoast.com\/wordpress\/plugins\/seo\/ -->\n<title>S\u00e3o Tom\u00e9 - O Arcanjo no ar<\/title>\n<meta name=\"robots\" content=\"index, follow, max-snippet:-1, max-image-preview:large, max-video-preview:-1\" \/>\n<link rel=\"canonical\" href=\"https:\/\/www.oarcanjo.net\/site\/sao-tome\/\" \/>\n<meta property=\"og:locale\" content=\"pt_BR\" \/>\n<meta property=\"og:type\" content=\"article\" \/>\n<meta property=\"og:title\" content=\"S\u00e3o Tom\u00e9 - O Arcanjo no ar\" \/>\n<meta property=\"og:description\" content=\"Embora na nossa mem\u00f3ria a presen\u00e7a de s\u00e3o Tom\u00e9 fa\u00e7a sempre pensar em incredulidade e nos lembre daqueles que &#8220;precisam ver para crer&#8221;, sua import\u00e2ncia n\u00e3o se resume a permitir a inclus\u00e3o na B\u00edblia da d\u00favida humana. Ela nos remete, tamb\u00e9m, a outras fraquezas naturais do ser humano, como a afli\u00e7\u00e3o e a necessidade de [&hellip;]\" \/>\n<meta property=\"og:url\" content=\"https:\/\/www.oarcanjo.net\/site\/sao-tome\/\" \/>\n<meta property=\"og:site_name\" content=\"O Arcanjo no ar\" \/>\n<meta property=\"article:publisher\" content=\"https:\/\/www.facebook.com\/OArcanjoNoAr\/\" \/>\n<meta property=\"article:published_time\" content=\"2009-07-03T17:26:47+00:00\" \/>\n<meta property=\"og:image\" content=\"https:\/\/www.oarcanjo.net\/site\/wp-content\/uploads\/logo-o-arcanjo-no-ar-facebook.png\" \/>\n\t<meta property=\"og:image:width\" content=\"300\" \/>\n\t<meta property=\"og:image:height\" content=\"300\" \/>\n\t<meta property=\"og:image:type\" content=\"image\/png\" \/>\n<meta name=\"author\" content=\"editor\" \/>\n<meta name=\"twitter:card\" content=\"summary_large_image\" \/>\n<meta name=\"twitter:label1\" content=\"Escrito por\" \/>\n\t<meta name=\"twitter:data1\" content=\"editor\" \/>\n\t<meta name=\"twitter:label2\" content=\"Est. tempo de leitura\" \/>\n\t<meta name=\"twitter:data2\" content=\"2 minutos\" \/>\n<script type=\"application\/ld+json\" class=\"yoast-schema-graph\">{\"@context\":\"https:\/\/schema.org\",\"@graph\":[{\"@type\":\"Article\",\"@id\":\"https:\/\/www.oarcanjo.net\/site\/sao-tome\/#article\",\"isPartOf\":{\"@id\":\"https:\/\/www.oarcanjo.net\/site\/sao-tome\/\"},\"author\":{\"name\":\"editor\",\"@id\":\"https:\/\/www.oarcanjo.net\/site\/#\/schema\/person\/f7024d007863202483a31326673a0838\"},\"headline\":\"S\u00e3o Tom\u00e9\",\"datePublished\":\"2009-07-03T17:26:47+00:00\",\"dateModified\":\"2009-07-03T17:26:47+00:00\",\"mainEntityOfPage\":{\"@id\":\"https:\/\/www.oarcanjo.net\/site\/sao-tome\/\"},\"wordCount\":501,\"commentCount\":0,\"publisher\":{\"@id\":\"https:\/\/www.oarcanjo.net\/site\/#organization\"},\"keywords\":[\"ap\u00f3stolo\",\"D\u00eddimo\",\"S\u00e3o Tom\u00e9\",\"Tom\u00e1s\"],\"articleSection\":[\"Reflex\u00f5es\"],\"inLanguage\":\"pt-BR\",\"potentialAction\":[{\"@type\":\"CommentAction\",\"name\":\"Comment\",\"target\":[\"https:\/\/www.oarcanjo.net\/site\/sao-tome\/#respond\"]}]},{\"@type\":\"WebPage\",\"@id\":\"https:\/\/www.oarcanjo.net\/site\/sao-tome\/\",\"url\":\"https:\/\/www.oarcanjo.net\/site\/sao-tome\/\",\"name\":\"S\u00e3o Tom\u00e9 - O Arcanjo no ar\",\"isPartOf\":{\"@id\":\"https:\/\/www.oarcanjo.net\/site\/#website\"},\"datePublished\":\"2009-07-03T17:26:47+00:00\",\"dateModified\":\"2009-07-03T17:26:47+00:00\",\"breadcrumb\":{\"@id\":\"https:\/\/www.oarcanjo.net\/site\/sao-tome\/#breadcrumb\"},\"inLanguage\":\"pt-BR\",\"potentialAction\":[{\"@type\":\"ReadAction\",\"target\":[\"https:\/\/www.oarcanjo.net\/site\/sao-tome\/\"]}]},{\"@type\":\"BreadcrumbList\",\"@id\":\"https:\/\/www.oarcanjo.net\/site\/sao-tome\/#breadcrumb\",\"itemListElement\":[{\"@type\":\"ListItem\",\"position\":1,\"name\":\"In\u00edcio\",\"item\":\"https:\/\/www.oarcanjo.net\/site\/\"},{\"@type\":\"ListItem\",\"position\":2,\"name\":\"S\u00e3o Tom\u00e9\"}]},{\"@type\":\"WebSite\",\"@id\":\"https:\/\/www.oarcanjo.net\/site\/#website\",\"url\":\"https:\/\/www.oarcanjo.net\/site\/\",\"name\":\"O Arcanjo no ar\",\"description\":\"Site da Par\u00f3quia S\u00e3o Miguel Arcanjo (Arquidiocese de SP)\",\"publisher\":{\"@id\":\"https:\/\/www.oarcanjo.net\/site\/#organization\"},\"potentialAction\":[{\"@type\":\"SearchAction\",\"target\":{\"@type\":\"EntryPoint\",\"urlTemplate\":\"https:\/\/www.oarcanjo.net\/site\/?s={search_term_string}\"},\"query-input\":{\"@type\":\"PropertyValueSpecification\",\"valueRequired\":true,\"valueName\":\"search_term_string\"}}],\"inLanguage\":\"pt-BR\"},{\"@type\":\"Organization\",\"@id\":\"https:\/\/www.oarcanjo.net\/site\/#organization\",\"name\":\"Par\u00f3quia S\u00e3o Miguel Arcanjo\",\"url\":\"https:\/\/www.oarcanjo.net\/site\/\",\"logo\":{\"@type\":\"ImageObject\",\"inLanguage\":\"pt-BR\",\"@id\":\"https:\/\/www.oarcanjo.net\/site\/#\/schema\/logo\/image\/\",\"url\":\"https:\/\/www.oarcanjo.net\/site\/wp-content\/uploads\/LogoOArcanjo.png\",\"contentUrl\":\"https:\/\/www.oarcanjo.net\/site\/wp-content\/uploads\/LogoOArcanjo.png\",\"width\":319,\"height\":99,\"caption\":\"Par\u00f3quia S\u00e3o Miguel Arcanjo\"},\"image\":{\"@id\":\"https:\/\/www.oarcanjo.net\/site\/#\/schema\/logo\/image\/\"},\"sameAs\":[\"https:\/\/www.facebook.com\/OArcanjoNoAr\/\"]},{\"@type\":\"Person\",\"@id\":\"https:\/\/www.oarcanjo.net\/site\/#\/schema\/person\/f7024d007863202483a31326673a0838\",\"name\":\"editor\",\"sameAs\":[\"http:\/\/www.oarcanjo.net\"]}]}<\/script>\n<!-- \/ Yoast SEO plugin. -->","yoast_head_json":{"title":"S\u00e3o Tom\u00e9 - O Arcanjo no ar","robots":{"index":"index","follow":"follow","max-snippet":"max-snippet:-1","max-image-preview":"max-image-preview:large","max-video-preview":"max-video-preview:-1"},"canonical":"https:\/\/www.oarcanjo.net\/site\/sao-tome\/","og_locale":"pt_BR","og_type":"article","og_title":"S\u00e3o Tom\u00e9 - O Arcanjo no ar","og_description":"Embora na nossa mem\u00f3ria a presen\u00e7a de s\u00e3o Tom\u00e9 fa\u00e7a sempre pensar em incredulidade e nos lembre daqueles que &#8220;precisam ver para crer&#8221;, sua import\u00e2ncia n\u00e3o se resume a permitir a inclus\u00e3o na B\u00edblia da d\u00favida humana. Ela nos remete, tamb\u00e9m, a outras fraquezas naturais do ser humano, como a afli\u00e7\u00e3o e a necessidade de [&hellip;]","og_url":"https:\/\/www.oarcanjo.net\/site\/sao-tome\/","og_site_name":"O Arcanjo no ar","article_publisher":"https:\/\/www.facebook.com\/OArcanjoNoAr\/","article_published_time":"2009-07-03T17:26:47+00:00","og_image":[{"width":300,"height":300,"url":"https:\/\/www.oarcanjo.net\/site\/wp-content\/uploads\/logo-o-arcanjo-no-ar-facebook.png","type":"image\/png"}],"author":"editor","twitter_card":"summary_large_image","twitter_misc":{"Escrito por":"editor","Est. tempo de leitura":"2 minutos"},"schema":{"@context":"https:\/\/schema.org","@graph":[{"@type":"Article","@id":"https:\/\/www.oarcanjo.net\/site\/sao-tome\/#article","isPartOf":{"@id":"https:\/\/www.oarcanjo.net\/site\/sao-tome\/"},"author":{"name":"editor","@id":"https:\/\/www.oarcanjo.net\/site\/#\/schema\/person\/f7024d007863202483a31326673a0838"},"headline":"S\u00e3o Tom\u00e9","datePublished":"2009-07-03T17:26:47+00:00","dateModified":"2009-07-03T17:26:47+00:00","mainEntityOfPage":{"@id":"https:\/\/www.oarcanjo.net\/site\/sao-tome\/"},"wordCount":501,"commentCount":0,"publisher":{"@id":"https:\/\/www.oarcanjo.net\/site\/#organization"},"keywords":["ap\u00f3stolo","D\u00eddimo","S\u00e3o Tom\u00e9","Tom\u00e1s"],"articleSection":["Reflex\u00f5es"],"inLanguage":"pt-BR","potentialAction":[{"@type":"CommentAction","name":"Comment","target":["https:\/\/www.oarcanjo.net\/site\/sao-tome\/#respond"]}]},{"@type":"WebPage","@id":"https:\/\/www.oarcanjo.net\/site\/sao-tome\/","url":"https:\/\/www.oarcanjo.net\/site\/sao-tome\/","name":"S\u00e3o Tom\u00e9 - O Arcanjo no ar","isPartOf":{"@id":"https:\/\/www.oarcanjo.net\/site\/#website"},"datePublished":"2009-07-03T17:26:47+00:00","dateModified":"2009-07-03T17:26:47+00:00","breadcrumb":{"@id":"https:\/\/www.oarcanjo.net\/site\/sao-tome\/#breadcrumb"},"inLanguage":"pt-BR","potentialAction":[{"@type":"ReadAction","target":["https:\/\/www.oarcanjo.net\/site\/sao-tome\/"]}]},{"@type":"BreadcrumbList","@id":"https:\/\/www.oarcanjo.net\/site\/sao-tome\/#breadcrumb","itemListElement":[{"@type":"ListItem","position":1,"name":"In\u00edcio","item":"https:\/\/www.oarcanjo.net\/site\/"},{"@type":"ListItem","position":2,"name":"S\u00e3o Tom\u00e9"}]},{"@type":"WebSite","@id":"https:\/\/www.oarcanjo.net\/site\/#website","url":"https:\/\/www.oarcanjo.net\/site\/","name":"O Arcanjo no ar","description":"Site da Par\u00f3quia S\u00e3o Miguel Arcanjo (Arquidiocese de SP)","publisher":{"@id":"https:\/\/www.oarcanjo.net\/site\/#organization"},"potentialAction":[{"@type":"SearchAction","target":{"@type":"EntryPoint","urlTemplate":"https:\/\/www.oarcanjo.net\/site\/?s={search_term_string}"},"query-input":{"@type":"PropertyValueSpecification","valueRequired":true,"valueName":"search_term_string"}}],"inLanguage":"pt-BR"},{"@type":"Organization","@id":"https:\/\/www.oarcanjo.net\/site\/#organization","name":"Par\u00f3quia S\u00e3o Miguel Arcanjo","url":"https:\/\/www.oarcanjo.net\/site\/","logo":{"@type":"ImageObject","inLanguage":"pt-BR","@id":"https:\/\/www.oarcanjo.net\/site\/#\/schema\/logo\/image\/","url":"https:\/\/www.oarcanjo.net\/site\/wp-content\/uploads\/LogoOArcanjo.png","contentUrl":"https:\/\/www.oarcanjo.net\/site\/wp-content\/uploads\/LogoOArcanjo.png","width":319,"height":99,"caption":"Par\u00f3quia S\u00e3o Miguel Arcanjo"},"image":{"@id":"https:\/\/www.oarcanjo.net\/site\/#\/schema\/logo\/image\/"},"sameAs":["https:\/\/www.facebook.com\/OArcanjoNoAr\/"]},{"@type":"Person","@id":"https:\/\/www.oarcanjo.net\/site\/#\/schema\/person\/f7024d007863202483a31326673a0838","name":"editor","sameAs":["http:\/\/www.oarcanjo.net"]}]}},"publishpress_future_action":{"enabled":false,"date":"2026-05-09 10:07:12","action":"category","newStatus":"draft","terms":[],"taxonomy":"category"},"publishpress_future_workflow_manual_trigger":{"enabledWorkflows":[]},"_links":{"self":[{"href":"https:\/\/www.oarcanjo.net\/site\/wp-json\/wp\/v2\/posts\/4166"}],"collection":[{"href":"https:\/\/www.oarcanjo.net\/site\/wp-json\/wp\/v2\/posts"}],"about":[{"href":"https:\/\/www.oarcanjo.net\/site\/wp-json\/wp\/v2\/types\/post"}],"author":[{"embeddable":true,"href":"https:\/\/www.oarcanjo.net\/site\/wp-json\/wp\/v2\/users\/5"}],"replies":[{"embeddable":true,"href":"https:\/\/www.oarcanjo.net\/site\/wp-json\/wp\/v2\/comments?post=4166"}],"version-history":[{"count":0,"href":"https:\/\/www.oarcanjo.net\/site\/wp-json\/wp\/v2\/posts\/4166\/revisions"}],"wp:attachment":[{"href":"https:\/\/www.oarcanjo.net\/site\/wp-json\/wp\/v2\/media?parent=4166"}],"wp:term":[{"taxonomy":"category","embeddable":true,"href":"https:\/\/www.oarcanjo.net\/site\/wp-json\/wp\/v2\/categories?post=4166"},{"taxonomy":"post_tag","embeddable":true,"href":"https:\/\/www.oarcanjo.net\/site\/wp-json\/wp\/v2\/tags?post=4166"}],"curies":[{"name":"wp","href":"https:\/\/api.w.org\/{rel}","templated":true}]}}