
{"id":4174,"date":"2009-07-06T11:36:01","date_gmt":"2009-07-06T14:36:01","guid":{"rendered":"http:\/\/www.oarcanjo.net\/site\/?p=4174"},"modified":"2009-07-06T11:36:01","modified_gmt":"2009-07-06T14:36:01","slug":"santa-maria-goretti","status":"publish","type":"post","link":"https:\/\/www.oarcanjo.net\/site\/santa-maria-goretti\/","title":{"rendered":"Santa Maria Goretti"},"content":{"rendered":"<p>Maria Goretti, humilde camponesa, nasceu em 16 de outubro de 1890 na cidade de Corinaldo, prov\u00edncia de Ancona, It\u00e1lia. Seus pais, Luiz e Assunta, criavam os sete filhos em meio \u00e0 pen\u00faria de uma vida de necessidades, mas dentro dos preceitos ditados por Jesus Cristo.<\/p>\n<p>A menina Maria, por ser a mais velha, cresceu cuidando dos irm\u00e3os pequenos em casa, enquanto os pais labutavam no campo. Uma de suas irm\u00e3s, mais tarde, tornou-se freira franciscana. As dificuldades financeiras eram tantas que a fam\u00edlia migrou de povoado em povoado at\u00e9 fixar-se num povoado in\u00f3spito chamado Ferrieri. Nessa localidade, a fam\u00edlia passou a residir na mesma propriedade de Jo\u00e3o Sereneli, anci\u00e3o de sessenta anos de idade que tinha dois filhos, Gaspar e Alexandre, este com dezoito anos de idade. Assim, todos trabalhavam na lavoura enquanto a jovem Maria cuidava da casa e dos irm\u00e3os pequenos. <\/p>\n<p>Desse modo, Maria nunca p\u00f4de estudar, mas ao lado da fam\u00edlia sempre freq\u00fcentou a igreja. Ela s\u00f3 estudou o catecismo para fazer a primeira comunh\u00e3o, aos doze anos de idade, um ano ap\u00f3s a morte de seu pai. Quando isto ocorreu, o senhor Jo\u00e3o, compadecido, manteve tudo como estava, contando apenas com a vi\u00fava para o trabalho na lavoura. Por\u00e9m o problema era seu filho Alexandre, que passara a assediar Maria. Apesar da pouca idade, ela era bonita e bem desenvolvida, j\u00e1 atraindo os olhares masculinos. Como recusasse todas as aproxima\u00e7\u00f5es do rapaz, este se irritou ao extremo. At\u00e9 que, no dia 5 de julho de 1902, ele perdeu a raz\u00e3o e a trag\u00e9dia aconteceu. <\/p>\n<p>Naquele dia, Alexandre trabalhava ao lado de Assunta quando inventou um pretexto, deixou a lavoura. Foi para o lar dos Goretti portando uma barra de ferro com ponta afiada, sabia que Maria estaria sozinha e indefesa. Primeiro insinuou, depois exigiu, por fim amea\u00e7ou a jovem de morte se n\u00e3o satisfizesse seus desejos. Mesmo temendo o pior, Maria resistiu dizendo que aquilo era um pecado mortal. Alexandre, transtornado por n\u00e3o alcan\u00e7ar seu intento, passou a golpear violentamente o corpo da menina. <\/p>\n<p>Ela ainda foi levada com vida a um hospital, ap\u00f3s ser vitimada com quatorze perfura\u00e7\u00f5es. E teve tempo de perdoar seu agressor, pedindo a sua m\u00e3e e seus irm\u00e3os que fizessem o mesmo, por amor a Jesus. Maria Goretti morreu no dia seguinte ao ataque, no dia 6 de julho de 1902. Quanto a Alexandre, foi preso, quase linchado e condenado a trabalhos for\u00e7ados. Por\u00e9m, depois de vinte e sete anos de pris\u00e3o, foi solto por bom comportamento. Depois de ir a Corinaldo pedir perd\u00e3o \u00e0 m\u00e3e de Maria Goretti, ingressou num convento capuchinho, onde viveu sua sincera convers\u00e3o at\u00e9 morrer. <\/p>\n<p>Muitos milagres passaram a acontecer por intercess\u00e3o da pequena menina virgem. A f\u00e9 na sua santidade cresceu e espalhou-se de tal forma no mundo crist\u00e3o que, em 1950, ela foi canonizada. Na solenidade, estava presente a sua m\u00e3e Assunta, ent\u00e3o com oitenta e quatro anos, ao lado de quatro de seus filhos e Alexandre Sereneli, o agressor sinceramente convertido. O papa Pio XII declarou santa Maria Goretti padroeira das virgens crist\u00e3s. At\u00e9 hoje continuam as romarias ao Santu\u00e1rio de Nossa Senhora das Gra\u00e7as, em Nettuno, onde se encontra a sepultura da santa, h\u00e1 dez quil\u00f4metros do povoado onde tudo aconteceu.<\/p>\n<p>(Publicado originalmente no <a href=\"http:\/\/www.paulinas.org.br\/diafeliz\/santo.aspx?Dia=6&#038;Mes=7&#038;SantoID=307\" target=\"_blank\">Portal Paulinas<\/a>)<\/p>\n<div id=\"themify_builder_content-4174\" data-postid=\"4174\" class=\"themify_builder_content themify_builder_content-4174 themify_builder themify_builder_front\">\n\t<\/div>\n<!-- \/themify_builder_content -->","protected":false},"excerpt":{"rendered":"<p>Maria Goretti, humilde camponesa, nasceu em 16 de outubro de 1890 na cidade de Corinaldo, prov\u00edncia de Ancona, It\u00e1lia. Seus pais, Luiz e Assunta, criavam os sete filhos em meio \u00e0 pen\u00faria de uma vida de necessidades, mas dentro dos preceitos ditados por Jesus Cristo. A menina Maria, por ser a mais velha, cresceu cuidando [&hellip;]<\/p>\n","protected":false},"author":5,"featured_media":0,"comment_status":"open","ping_status":"open","sticky":false,"template":"","format":"standard","meta":{"ngg_post_thumbnail":0,"footnotes":""},"categories":[9],"tags":[880],"yoast_head":"<!-- This site is optimized with the Yoast SEO plugin v23.5 - https:\/\/yoast.com\/wordpress\/plugins\/seo\/ -->\n<title>Santa Maria Goretti - O Arcanjo no ar<\/title>\n<meta name=\"robots\" content=\"index, follow, max-snippet:-1, max-image-preview:large, max-video-preview:-1\" \/>\n<link rel=\"canonical\" href=\"https:\/\/www.oarcanjo.net\/site\/santa-maria-goretti\/\" \/>\n<meta property=\"og:locale\" content=\"pt_BR\" \/>\n<meta property=\"og:type\" content=\"article\" \/>\n<meta property=\"og:title\" content=\"Santa Maria Goretti - O Arcanjo no ar\" \/>\n<meta property=\"og:description\" content=\"Maria Goretti, humilde camponesa, nasceu em 16 de outubro de 1890 na cidade de Corinaldo, prov\u00edncia de Ancona, It\u00e1lia. Seus pais, Luiz e Assunta, criavam os sete filhos em meio \u00e0 pen\u00faria de uma vida de necessidades, mas dentro dos preceitos ditados por Jesus Cristo. A menina Maria, por ser a mais velha, cresceu cuidando [&hellip;]\" \/>\n<meta property=\"og:url\" content=\"https:\/\/www.oarcanjo.net\/site\/santa-maria-goretti\/\" \/>\n<meta property=\"og:site_name\" content=\"O Arcanjo no ar\" \/>\n<meta property=\"article:publisher\" content=\"https:\/\/www.facebook.com\/OArcanjoNoAr\/\" \/>\n<meta property=\"article:published_time\" content=\"2009-07-06T14:36:01+00:00\" \/>\n<meta property=\"og:image\" content=\"https:\/\/www.oarcanjo.net\/site\/wp-content\/uploads\/logo-o-arcanjo-no-ar-facebook.png\" \/>\n\t<meta property=\"og:image:width\" content=\"300\" \/>\n\t<meta property=\"og:image:height\" content=\"300\" \/>\n\t<meta property=\"og:image:type\" content=\"image\/png\" \/>\n<meta name=\"author\" content=\"editor\" \/>\n<meta name=\"twitter:card\" content=\"summary_large_image\" \/>\n<meta name=\"twitter:label1\" content=\"Escrito por\" \/>\n\t<meta name=\"twitter:data1\" content=\"editor\" \/>\n\t<meta name=\"twitter:label2\" content=\"Est. tempo de leitura\" \/>\n\t<meta name=\"twitter:data2\" content=\"3 minutos\" \/>\n<script type=\"application\/ld+json\" class=\"yoast-schema-graph\">{\"@context\":\"https:\/\/schema.org\",\"@graph\":[{\"@type\":\"Article\",\"@id\":\"https:\/\/www.oarcanjo.net\/site\/santa-maria-goretti\/#article\",\"isPartOf\":{\"@id\":\"https:\/\/www.oarcanjo.net\/site\/santa-maria-goretti\/\"},\"author\":{\"name\":\"editor\",\"@id\":\"https:\/\/www.oarcanjo.net\/site\/#\/schema\/person\/f7024d007863202483a31326673a0838\"},\"headline\":\"Santa Maria Goretti\",\"datePublished\":\"2009-07-06T14:36:01+00:00\",\"dateModified\":\"2009-07-06T14:36:01+00:00\",\"mainEntityOfPage\":{\"@id\":\"https:\/\/www.oarcanjo.net\/site\/santa-maria-goretti\/\"},\"wordCount\":582,\"commentCount\":0,\"publisher\":{\"@id\":\"https:\/\/www.oarcanjo.net\/site\/#organization\"},\"keywords\":[\"Maria Goretti\"],\"articleSection\":[\"Reflex\u00f5es\"],\"inLanguage\":\"pt-BR\",\"potentialAction\":[{\"@type\":\"CommentAction\",\"name\":\"Comment\",\"target\":[\"https:\/\/www.oarcanjo.net\/site\/santa-maria-goretti\/#respond\"]}]},{\"@type\":\"WebPage\",\"@id\":\"https:\/\/www.oarcanjo.net\/site\/santa-maria-goretti\/\",\"url\":\"https:\/\/www.oarcanjo.net\/site\/santa-maria-goretti\/\",\"name\":\"Santa Maria Goretti - O Arcanjo no ar\",\"isPartOf\":{\"@id\":\"https:\/\/www.oarcanjo.net\/site\/#website\"},\"datePublished\":\"2009-07-06T14:36:01+00:00\",\"dateModified\":\"2009-07-06T14:36:01+00:00\",\"breadcrumb\":{\"@id\":\"https:\/\/www.oarcanjo.net\/site\/santa-maria-goretti\/#breadcrumb\"},\"inLanguage\":\"pt-BR\",\"potentialAction\":[{\"@type\":\"ReadAction\",\"target\":[\"https:\/\/www.oarcanjo.net\/site\/santa-maria-goretti\/\"]}]},{\"@type\":\"BreadcrumbList\",\"@id\":\"https:\/\/www.oarcanjo.net\/site\/santa-maria-goretti\/#breadcrumb\",\"itemListElement\":[{\"@type\":\"ListItem\",\"position\":1,\"name\":\"In\u00edcio\",\"item\":\"https:\/\/www.oarcanjo.net\/site\/\"},{\"@type\":\"ListItem\",\"position\":2,\"name\":\"Santa Maria Goretti\"}]},{\"@type\":\"WebSite\",\"@id\":\"https:\/\/www.oarcanjo.net\/site\/#website\",\"url\":\"https:\/\/www.oarcanjo.net\/site\/\",\"name\":\"O Arcanjo no ar\",\"description\":\"Site da Par\u00f3quia S\u00e3o Miguel Arcanjo (Arquidiocese de SP)\",\"publisher\":{\"@id\":\"https:\/\/www.oarcanjo.net\/site\/#organization\"},\"potentialAction\":[{\"@type\":\"SearchAction\",\"target\":{\"@type\":\"EntryPoint\",\"urlTemplate\":\"https:\/\/www.oarcanjo.net\/site\/?s={search_term_string}\"},\"query-input\":{\"@type\":\"PropertyValueSpecification\",\"valueRequired\":true,\"valueName\":\"search_term_string\"}}],\"inLanguage\":\"pt-BR\"},{\"@type\":\"Organization\",\"@id\":\"https:\/\/www.oarcanjo.net\/site\/#organization\",\"name\":\"Par\u00f3quia S\u00e3o Miguel Arcanjo\",\"url\":\"https:\/\/www.oarcanjo.net\/site\/\",\"logo\":{\"@type\":\"ImageObject\",\"inLanguage\":\"pt-BR\",\"@id\":\"https:\/\/www.oarcanjo.net\/site\/#\/schema\/logo\/image\/\",\"url\":\"https:\/\/www.oarcanjo.net\/site\/wp-content\/uploads\/LogoOArcanjo.png\",\"contentUrl\":\"https:\/\/www.oarcanjo.net\/site\/wp-content\/uploads\/LogoOArcanjo.png\",\"width\":319,\"height\":99,\"caption\":\"Par\u00f3quia S\u00e3o Miguel Arcanjo\"},\"image\":{\"@id\":\"https:\/\/www.oarcanjo.net\/site\/#\/schema\/logo\/image\/\"},\"sameAs\":[\"https:\/\/www.facebook.com\/OArcanjoNoAr\/\"]},{\"@type\":\"Person\",\"@id\":\"https:\/\/www.oarcanjo.net\/site\/#\/schema\/person\/f7024d007863202483a31326673a0838\",\"name\":\"editor\",\"sameAs\":[\"http:\/\/www.oarcanjo.net\"]}]}<\/script>\n<!-- \/ Yoast SEO plugin. -->","yoast_head_json":{"title":"Santa Maria Goretti - O Arcanjo no ar","robots":{"index":"index","follow":"follow","max-snippet":"max-snippet:-1","max-image-preview":"max-image-preview:large","max-video-preview":"max-video-preview:-1"},"canonical":"https:\/\/www.oarcanjo.net\/site\/santa-maria-goretti\/","og_locale":"pt_BR","og_type":"article","og_title":"Santa Maria Goretti - O Arcanjo no ar","og_description":"Maria Goretti, humilde camponesa, nasceu em 16 de outubro de 1890 na cidade de Corinaldo, prov\u00edncia de Ancona, It\u00e1lia. Seus pais, Luiz e Assunta, criavam os sete filhos em meio \u00e0 pen\u00faria de uma vida de necessidades, mas dentro dos preceitos ditados por Jesus Cristo. A menina Maria, por ser a mais velha, cresceu cuidando [&hellip;]","og_url":"https:\/\/www.oarcanjo.net\/site\/santa-maria-goretti\/","og_site_name":"O Arcanjo no ar","article_publisher":"https:\/\/www.facebook.com\/OArcanjoNoAr\/","article_published_time":"2009-07-06T14:36:01+00:00","og_image":[{"width":300,"height":300,"url":"https:\/\/www.oarcanjo.net\/site\/wp-content\/uploads\/logo-o-arcanjo-no-ar-facebook.png","type":"image\/png"}],"author":"editor","twitter_card":"summary_large_image","twitter_misc":{"Escrito por":"editor","Est. tempo de leitura":"3 minutos"},"schema":{"@context":"https:\/\/schema.org","@graph":[{"@type":"Article","@id":"https:\/\/www.oarcanjo.net\/site\/santa-maria-goretti\/#article","isPartOf":{"@id":"https:\/\/www.oarcanjo.net\/site\/santa-maria-goretti\/"},"author":{"name":"editor","@id":"https:\/\/www.oarcanjo.net\/site\/#\/schema\/person\/f7024d007863202483a31326673a0838"},"headline":"Santa Maria Goretti","datePublished":"2009-07-06T14:36:01+00:00","dateModified":"2009-07-06T14:36:01+00:00","mainEntityOfPage":{"@id":"https:\/\/www.oarcanjo.net\/site\/santa-maria-goretti\/"},"wordCount":582,"commentCount":0,"publisher":{"@id":"https:\/\/www.oarcanjo.net\/site\/#organization"},"keywords":["Maria Goretti"],"articleSection":["Reflex\u00f5es"],"inLanguage":"pt-BR","potentialAction":[{"@type":"CommentAction","name":"Comment","target":["https:\/\/www.oarcanjo.net\/site\/santa-maria-goretti\/#respond"]}]},{"@type":"WebPage","@id":"https:\/\/www.oarcanjo.net\/site\/santa-maria-goretti\/","url":"https:\/\/www.oarcanjo.net\/site\/santa-maria-goretti\/","name":"Santa Maria Goretti - O Arcanjo no ar","isPartOf":{"@id":"https:\/\/www.oarcanjo.net\/site\/#website"},"datePublished":"2009-07-06T14:36:01+00:00","dateModified":"2009-07-06T14:36:01+00:00","breadcrumb":{"@id":"https:\/\/www.oarcanjo.net\/site\/santa-maria-goretti\/#breadcrumb"},"inLanguage":"pt-BR","potentialAction":[{"@type":"ReadAction","target":["https:\/\/www.oarcanjo.net\/site\/santa-maria-goretti\/"]}]},{"@type":"BreadcrumbList","@id":"https:\/\/www.oarcanjo.net\/site\/santa-maria-goretti\/#breadcrumb","itemListElement":[{"@type":"ListItem","position":1,"name":"In\u00edcio","item":"https:\/\/www.oarcanjo.net\/site\/"},{"@type":"ListItem","position":2,"name":"Santa Maria Goretti"}]},{"@type":"WebSite","@id":"https:\/\/www.oarcanjo.net\/site\/#website","url":"https:\/\/www.oarcanjo.net\/site\/","name":"O Arcanjo no ar","description":"Site da Par\u00f3quia S\u00e3o Miguel Arcanjo (Arquidiocese de SP)","publisher":{"@id":"https:\/\/www.oarcanjo.net\/site\/#organization"},"potentialAction":[{"@type":"SearchAction","target":{"@type":"EntryPoint","urlTemplate":"https:\/\/www.oarcanjo.net\/site\/?s={search_term_string}"},"query-input":{"@type":"PropertyValueSpecification","valueRequired":true,"valueName":"search_term_string"}}],"inLanguage":"pt-BR"},{"@type":"Organization","@id":"https:\/\/www.oarcanjo.net\/site\/#organization","name":"Par\u00f3quia S\u00e3o Miguel Arcanjo","url":"https:\/\/www.oarcanjo.net\/site\/","logo":{"@type":"ImageObject","inLanguage":"pt-BR","@id":"https:\/\/www.oarcanjo.net\/site\/#\/schema\/logo\/image\/","url":"https:\/\/www.oarcanjo.net\/site\/wp-content\/uploads\/LogoOArcanjo.png","contentUrl":"https:\/\/www.oarcanjo.net\/site\/wp-content\/uploads\/LogoOArcanjo.png","width":319,"height":99,"caption":"Par\u00f3quia S\u00e3o Miguel Arcanjo"},"image":{"@id":"https:\/\/www.oarcanjo.net\/site\/#\/schema\/logo\/image\/"},"sameAs":["https:\/\/www.facebook.com\/OArcanjoNoAr\/"]},{"@type":"Person","@id":"https:\/\/www.oarcanjo.net\/site\/#\/schema\/person\/f7024d007863202483a31326673a0838","name":"editor","sameAs":["http:\/\/www.oarcanjo.net"]}]}},"publishpress_future_action":{"enabled":false,"date":"2026-05-09 10:07:14","action":"category","newStatus":"draft","terms":[],"taxonomy":"category"},"publishpress_future_workflow_manual_trigger":{"enabledWorkflows":[]},"_links":{"self":[{"href":"https:\/\/www.oarcanjo.net\/site\/wp-json\/wp\/v2\/posts\/4174"}],"collection":[{"href":"https:\/\/www.oarcanjo.net\/site\/wp-json\/wp\/v2\/posts"}],"about":[{"href":"https:\/\/www.oarcanjo.net\/site\/wp-json\/wp\/v2\/types\/post"}],"author":[{"embeddable":true,"href":"https:\/\/www.oarcanjo.net\/site\/wp-json\/wp\/v2\/users\/5"}],"replies":[{"embeddable":true,"href":"https:\/\/www.oarcanjo.net\/site\/wp-json\/wp\/v2\/comments?post=4174"}],"version-history":[{"count":0,"href":"https:\/\/www.oarcanjo.net\/site\/wp-json\/wp\/v2\/posts\/4174\/revisions"}],"wp:attachment":[{"href":"https:\/\/www.oarcanjo.net\/site\/wp-json\/wp\/v2\/media?parent=4174"}],"wp:term":[{"taxonomy":"category","embeddable":true,"href":"https:\/\/www.oarcanjo.net\/site\/wp-json\/wp\/v2\/categories?post=4174"},{"taxonomy":"post_tag","embeddable":true,"href":"https:\/\/www.oarcanjo.net\/site\/wp-json\/wp\/v2\/tags?post=4174"}],"curies":[{"name":"wp","href":"https:\/\/api.w.org\/{rel}","templated":true}]}}