
{"id":4176,"date":"2009-07-06T11:37:41","date_gmt":"2009-07-06T14:37:41","guid":{"rendered":"http:\/\/www.oarcanjo.net\/site\/?p=4176"},"modified":"2009-07-06T11:37:41","modified_gmt":"2009-07-06T14:37:41","slug":"cebs-fermento-do-reino","status":"publish","type":"post","link":"https:\/\/www.oarcanjo.net\/site\/cebs-fermento-do-reino\/","title":{"rendered":"CEBs: fermento do Reino"},"content":{"rendered":"<p>Pe. Jaime Carlos Patias <\/p>\n<p>Dois acontecimentos significativos marcar\u00e3o a vida da Igreja no m\u00eas de julho: o Mutir\u00e3o Latino-Americano e Caribenho de Comunica\u00e7\u00e3o (Porto Alegre, dias 12 a 17) e o 12\u00ba Intereclesial das CEBs &#8211; Comunidades Eclesiais de Base (Porto Velho, dias 21 a 25). O Mutir\u00e3o busca promover di\u00e1logos sobre processos de comunica\u00e7\u00e3o \u00e0 luz da cultura solid\u00e1ria e o Intereclesial, escutando o grito da Amaz\u00f4nia, refletir\u00e1 sobre ecologia e Miss\u00e3o. Ambos os eventos buscam caminhos para estabelecer uma sociedade mais justa e comprometida com a liberdade e a paz. As CEBs nasceram h\u00e1 dois mil anos com a Boa Not\u00edcia da Ressurrei\u00e7\u00e3o de Jesus reacendendo em todos os cora\u00e7\u00f5es a chama da esperan\u00e7a. \u00c9 Deus que se comunica com a humanidade gerando transforma\u00e7\u00e3o.<\/p>\n<p>Os primeiros crist\u00e3os \u201cEram perseverantes em ouvir o ensinamento dos ap\u00f3stolos, na comunh\u00e3o fraterna, no partir do p\u00e3o e nas ora\u00e7\u00f5es\u201d (At 2,42). Por isso, a casa aparece como espa\u00e7o importante de encontro da fam\u00edlia e da comunidade \u2013 Igreja. Os Evangelhos mostram Jesus e seus disc\u00edpulos passando pelas casas. Os Atos dos Ap\u00f3stolos falam de casas acolhedoras, a servi\u00e7o da evangeliza\u00e7\u00e3o: a casa de Tabita, de Corn\u00e9lio, de L\u00eddia, de Priscila e \u00c1quila&#8230; Tamb\u00e9m Paulo, h\u00f3spede de tantas casas, recordar\u00e1 a acolhida recebida nas igrejas reunidas nas casas: \u201cSa\u00fadem os irm\u00e3os de Laodic\u00e9ia, como tamb\u00e9m Ninfas e a igreja que se re\u00fane na casa dele\u201d (Col 4,15). <\/p>\n<p>Nas casas, os primeiros crist\u00e3os eram abastecidos na f\u00e9 e encorajados a sair para a Miss\u00e3o. N\u00e3o faltavam problemas e conflitos internos e externos, marcados sobretudo, pela persegui\u00e7\u00e3o do imp\u00e9rio romano descrita no livro do Apocalipse. <\/p>\n<p>Com o passar do tempo, sobretudo a partir do s\u00e9culo IV depois de Cristo, com o imperador Constantino, a Igreja que antes se reunia nas casas ou mesmo nas catacumbas, com a liberdade religiosa, cede lugar \u00e0 Igreja dos grandes templos e das liturgias pomposas, afastada da vida e da realidade do povo. Surgem as estruturas paroquiais e diocesanas como resposta aos desafios postos ao longo da hist\u00f3ria. <\/p>\n<p>Ao mesmo tempo n\u00e3o faltaram vozes prof\u00e9ticas como S\u00e3o Francisco de Assis, Santa Clara, Santo Ant\u00f4nio e tantos outros, determinados a reconstruir a Igreja. Este per\u00edodo ir\u00e1 at\u00e9 o s\u00e9culo XX, com a convoca\u00e7\u00e3o, do Papa Jo\u00e3o XXIII, para o Conc\u00edlio Ecum\u00eanico Vaticano II (1962-1965). \u201cA Igreja est\u00e1 com cheiro de mofo. Precisamos abrir suas portas e janelas para que ela entre de ar novo no mundo\u201d, dizia o Papa Jo\u00e3o preocupado em retomar a fidelidade ao projeto de Jesus. \u00c9 aqui que renascem as CEBs, grupos de pessoas simples que voltam a se reunir para pensar juntos a sua realidade \u00e0 luz da Palavra de Deus. As CEBs \u201cconverteram-se em centros de evangeliza\u00e7\u00e3o e em motores de liberta\u00e7\u00e3o e desenvolvimento\u201d (Puebla, 96). Hoje este valho e sempre novo modo de ser Igreja continua mais vivo e necess\u00e1rio do que nunca, justamente porque a Igreja ainda carrega o peso de suas estruturas caducas que j\u00e1 n\u00e3o favorecem a transmiss\u00e3o da f\u00e9. <\/p>\n<p>Preocupada com a convers\u00e3o pastoral e renova\u00e7\u00e3o mission\u00e1ria a Confer\u00eancia de Aparecida, prop\u00f5e fazer das par\u00f3quias \u201ccomunidades de comunidades\u201d (cf. 309, 517 e 179) e transform\u00e1-las de comunidades de manuten\u00e7\u00e3o em \u201ccentros de irradia\u00e7\u00e3o mission\u00e1ria em seus pr\u00f3prios territ\u00f3rios\u201d e \u201clugares de forma\u00e7\u00e3o permanente\u201d. Na busca de solu\u00e7\u00f5es, Aparecida reconhece a import\u00e2ncia das CEBs, um modo de ser Igreja do passado, do presente e do futuro. O Mutir\u00e3o de Comunica\u00e7\u00e3o e Intereclesial s\u00e3o momentos de gra\u00e7a para reafirmar o compromisso com o projeto de Deus na hist\u00f3ria. A comunica\u00e7\u00e3o da Boa Not\u00edcia de Jesus Ressuscitado continua ecoando nas comunidades como fermento na constru\u00e7\u00e3o do Reino. <\/p>\n<div id=\"themify_builder_content-4176\" data-postid=\"4176\" class=\"themify_builder_content themify_builder_content-4176 themify_builder themify_builder_front\">\n\t<\/div>\n<!-- \/themify_builder_content -->","protected":false},"excerpt":{"rendered":"<p>Pe. Jaime Carlos Patias Dois acontecimentos significativos marcar\u00e3o a vida da Igreja no m\u00eas de julho: o Mutir\u00e3o Latino-Americano e Caribenho de Comunica\u00e7\u00e3o (Porto Alegre, dias 12 a 17) e o 12\u00ba Intereclesial das CEBs &#8211; Comunidades Eclesiais de Base (Porto Velho, dias 21 a 25). O Mutir\u00e3o busca promover di\u00e1logos sobre processos de comunica\u00e7\u00e3o [&hellip;]<\/p>\n","protected":false},"author":5,"featured_media":0,"comment_status":"open","ping_status":"open","sticky":false,"template":"","format":"standard","meta":{"ngg_post_thumbnail":0,"footnotes":""},"categories":[8],"tags":[314,27,316,881],"yoast_head":"<!-- This site is optimized with the Yoast SEO plugin v23.5 - https:\/\/yoast.com\/wordpress\/plugins\/seo\/ -->\n<title>CEBs: fermento do Reino - O Arcanjo no ar<\/title>\n<meta name=\"robots\" content=\"index, follow, max-snippet:-1, max-image-preview:large, max-video-preview:-1\" \/>\n<link rel=\"canonical\" href=\"https:\/\/www.oarcanjo.net\/site\/cebs-fermento-do-reino\/\" \/>\n<meta property=\"og:locale\" content=\"pt_BR\" \/>\n<meta property=\"og:type\" content=\"article\" \/>\n<meta property=\"og:title\" content=\"CEBs: fermento do Reino - O Arcanjo no ar\" \/>\n<meta property=\"og:description\" content=\"Pe. Jaime Carlos Patias Dois acontecimentos significativos marcar\u00e3o a vida da Igreja no m\u00eas de julho: o Mutir\u00e3o Latino-Americano e Caribenho de Comunica\u00e7\u00e3o (Porto Alegre, dias 12 a 17) e o 12\u00ba Intereclesial das CEBs &#8211; Comunidades Eclesiais de Base (Porto Velho, dias 21 a 25). O Mutir\u00e3o busca promover di\u00e1logos sobre processos de comunica\u00e7\u00e3o [&hellip;]\" \/>\n<meta property=\"og:url\" content=\"https:\/\/www.oarcanjo.net\/site\/cebs-fermento-do-reino\/\" \/>\n<meta property=\"og:site_name\" content=\"O Arcanjo no ar\" \/>\n<meta property=\"article:publisher\" content=\"https:\/\/www.facebook.com\/OArcanjoNoAr\/\" \/>\n<meta property=\"article:published_time\" content=\"2009-07-06T14:37:41+00:00\" \/>\n<meta property=\"og:image\" content=\"https:\/\/www.oarcanjo.net\/site\/wp-content\/uploads\/logo-o-arcanjo-no-ar-facebook.png\" \/>\n\t<meta property=\"og:image:width\" content=\"300\" \/>\n\t<meta property=\"og:image:height\" content=\"300\" \/>\n\t<meta property=\"og:image:type\" content=\"image\/png\" \/>\n<meta name=\"author\" content=\"editor\" \/>\n<meta name=\"twitter:card\" content=\"summary_large_image\" \/>\n<meta name=\"twitter:label1\" content=\"Escrito por\" \/>\n\t<meta name=\"twitter:data1\" content=\"editor\" \/>\n\t<meta name=\"twitter:label2\" content=\"Est. tempo de leitura\" \/>\n\t<meta name=\"twitter:data2\" content=\"3 minutos\" \/>\n<script type=\"application\/ld+json\" class=\"yoast-schema-graph\">{\"@context\":\"https:\/\/schema.org\",\"@graph\":[{\"@type\":\"Article\",\"@id\":\"https:\/\/www.oarcanjo.net\/site\/cebs-fermento-do-reino\/#article\",\"isPartOf\":{\"@id\":\"https:\/\/www.oarcanjo.net\/site\/cebs-fermento-do-reino\/\"},\"author\":{\"name\":\"editor\",\"@id\":\"https:\/\/www.oarcanjo.net\/site\/#\/schema\/person\/f7024d007863202483a31326673a0838\"},\"headline\":\"CEBs: fermento do Reino\",\"datePublished\":\"2009-07-06T14:37:41+00:00\",\"dateModified\":\"2009-07-06T14:37:41+00:00\",\"mainEntityOfPage\":{\"@id\":\"https:\/\/www.oarcanjo.net\/site\/cebs-fermento-do-reino\/\"},\"wordCount\":672,\"commentCount\":0,\"publisher\":{\"@id\":\"https:\/\/www.oarcanjo.net\/site\/#organization\"},\"keywords\":[\"CEBs\",\"comunica\u00e7\u00e3o\",\"Intereclesial\",\"Mutir\u00e3o da Comunica\u00e7\u00e3o\"],\"articleSection\":[\"Not\u00edcias\"],\"inLanguage\":\"pt-BR\",\"potentialAction\":[{\"@type\":\"CommentAction\",\"name\":\"Comment\",\"target\":[\"https:\/\/www.oarcanjo.net\/site\/cebs-fermento-do-reino\/#respond\"]}]},{\"@type\":\"WebPage\",\"@id\":\"https:\/\/www.oarcanjo.net\/site\/cebs-fermento-do-reino\/\",\"url\":\"https:\/\/www.oarcanjo.net\/site\/cebs-fermento-do-reino\/\",\"name\":\"CEBs: fermento do Reino - O Arcanjo no ar\",\"isPartOf\":{\"@id\":\"https:\/\/www.oarcanjo.net\/site\/#website\"},\"datePublished\":\"2009-07-06T14:37:41+00:00\",\"dateModified\":\"2009-07-06T14:37:41+00:00\",\"breadcrumb\":{\"@id\":\"https:\/\/www.oarcanjo.net\/site\/cebs-fermento-do-reino\/#breadcrumb\"},\"inLanguage\":\"pt-BR\",\"potentialAction\":[{\"@type\":\"ReadAction\",\"target\":[\"https:\/\/www.oarcanjo.net\/site\/cebs-fermento-do-reino\/\"]}]},{\"@type\":\"BreadcrumbList\",\"@id\":\"https:\/\/www.oarcanjo.net\/site\/cebs-fermento-do-reino\/#breadcrumb\",\"itemListElement\":[{\"@type\":\"ListItem\",\"position\":1,\"name\":\"In\u00edcio\",\"item\":\"https:\/\/www.oarcanjo.net\/site\/\"},{\"@type\":\"ListItem\",\"position\":2,\"name\":\"CEBs: fermento do Reino\"}]},{\"@type\":\"WebSite\",\"@id\":\"https:\/\/www.oarcanjo.net\/site\/#website\",\"url\":\"https:\/\/www.oarcanjo.net\/site\/\",\"name\":\"O Arcanjo no ar\",\"description\":\"Site da Par\u00f3quia S\u00e3o Miguel Arcanjo (Arquidiocese de SP)\",\"publisher\":{\"@id\":\"https:\/\/www.oarcanjo.net\/site\/#organization\"},\"potentialAction\":[{\"@type\":\"SearchAction\",\"target\":{\"@type\":\"EntryPoint\",\"urlTemplate\":\"https:\/\/www.oarcanjo.net\/site\/?s={search_term_string}\"},\"query-input\":{\"@type\":\"PropertyValueSpecification\",\"valueRequired\":true,\"valueName\":\"search_term_string\"}}],\"inLanguage\":\"pt-BR\"},{\"@type\":\"Organization\",\"@id\":\"https:\/\/www.oarcanjo.net\/site\/#organization\",\"name\":\"Par\u00f3quia S\u00e3o Miguel Arcanjo\",\"url\":\"https:\/\/www.oarcanjo.net\/site\/\",\"logo\":{\"@type\":\"ImageObject\",\"inLanguage\":\"pt-BR\",\"@id\":\"https:\/\/www.oarcanjo.net\/site\/#\/schema\/logo\/image\/\",\"url\":\"https:\/\/www.oarcanjo.net\/site\/wp-content\/uploads\/LogoOArcanjo.png\",\"contentUrl\":\"https:\/\/www.oarcanjo.net\/site\/wp-content\/uploads\/LogoOArcanjo.png\",\"width\":319,\"height\":99,\"caption\":\"Par\u00f3quia S\u00e3o Miguel Arcanjo\"},\"image\":{\"@id\":\"https:\/\/www.oarcanjo.net\/site\/#\/schema\/logo\/image\/\"},\"sameAs\":[\"https:\/\/www.facebook.com\/OArcanjoNoAr\/\"]},{\"@type\":\"Person\",\"@id\":\"https:\/\/www.oarcanjo.net\/site\/#\/schema\/person\/f7024d007863202483a31326673a0838\",\"name\":\"editor\",\"sameAs\":[\"http:\/\/www.oarcanjo.net\"]}]}<\/script>\n<!-- \/ Yoast SEO plugin. -->","yoast_head_json":{"title":"CEBs: fermento do Reino - O Arcanjo no ar","robots":{"index":"index","follow":"follow","max-snippet":"max-snippet:-1","max-image-preview":"max-image-preview:large","max-video-preview":"max-video-preview:-1"},"canonical":"https:\/\/www.oarcanjo.net\/site\/cebs-fermento-do-reino\/","og_locale":"pt_BR","og_type":"article","og_title":"CEBs: fermento do Reino - O Arcanjo no ar","og_description":"Pe. Jaime Carlos Patias Dois acontecimentos significativos marcar\u00e3o a vida da Igreja no m\u00eas de julho: o Mutir\u00e3o Latino-Americano e Caribenho de Comunica\u00e7\u00e3o (Porto Alegre, dias 12 a 17) e o 12\u00ba Intereclesial das CEBs &#8211; Comunidades Eclesiais de Base (Porto Velho, dias 21 a 25). O Mutir\u00e3o busca promover di\u00e1logos sobre processos de comunica\u00e7\u00e3o [&hellip;]","og_url":"https:\/\/www.oarcanjo.net\/site\/cebs-fermento-do-reino\/","og_site_name":"O Arcanjo no ar","article_publisher":"https:\/\/www.facebook.com\/OArcanjoNoAr\/","article_published_time":"2009-07-06T14:37:41+00:00","og_image":[{"width":300,"height":300,"url":"https:\/\/www.oarcanjo.net\/site\/wp-content\/uploads\/logo-o-arcanjo-no-ar-facebook.png","type":"image\/png"}],"author":"editor","twitter_card":"summary_large_image","twitter_misc":{"Escrito por":"editor","Est. tempo de leitura":"3 minutos"},"schema":{"@context":"https:\/\/schema.org","@graph":[{"@type":"Article","@id":"https:\/\/www.oarcanjo.net\/site\/cebs-fermento-do-reino\/#article","isPartOf":{"@id":"https:\/\/www.oarcanjo.net\/site\/cebs-fermento-do-reino\/"},"author":{"name":"editor","@id":"https:\/\/www.oarcanjo.net\/site\/#\/schema\/person\/f7024d007863202483a31326673a0838"},"headline":"CEBs: fermento do Reino","datePublished":"2009-07-06T14:37:41+00:00","dateModified":"2009-07-06T14:37:41+00:00","mainEntityOfPage":{"@id":"https:\/\/www.oarcanjo.net\/site\/cebs-fermento-do-reino\/"},"wordCount":672,"commentCount":0,"publisher":{"@id":"https:\/\/www.oarcanjo.net\/site\/#organization"},"keywords":["CEBs","comunica\u00e7\u00e3o","Intereclesial","Mutir\u00e3o da Comunica\u00e7\u00e3o"],"articleSection":["Not\u00edcias"],"inLanguage":"pt-BR","potentialAction":[{"@type":"CommentAction","name":"Comment","target":["https:\/\/www.oarcanjo.net\/site\/cebs-fermento-do-reino\/#respond"]}]},{"@type":"WebPage","@id":"https:\/\/www.oarcanjo.net\/site\/cebs-fermento-do-reino\/","url":"https:\/\/www.oarcanjo.net\/site\/cebs-fermento-do-reino\/","name":"CEBs: fermento do Reino - O Arcanjo no ar","isPartOf":{"@id":"https:\/\/www.oarcanjo.net\/site\/#website"},"datePublished":"2009-07-06T14:37:41+00:00","dateModified":"2009-07-06T14:37:41+00:00","breadcrumb":{"@id":"https:\/\/www.oarcanjo.net\/site\/cebs-fermento-do-reino\/#breadcrumb"},"inLanguage":"pt-BR","potentialAction":[{"@type":"ReadAction","target":["https:\/\/www.oarcanjo.net\/site\/cebs-fermento-do-reino\/"]}]},{"@type":"BreadcrumbList","@id":"https:\/\/www.oarcanjo.net\/site\/cebs-fermento-do-reino\/#breadcrumb","itemListElement":[{"@type":"ListItem","position":1,"name":"In\u00edcio","item":"https:\/\/www.oarcanjo.net\/site\/"},{"@type":"ListItem","position":2,"name":"CEBs: fermento do Reino"}]},{"@type":"WebSite","@id":"https:\/\/www.oarcanjo.net\/site\/#website","url":"https:\/\/www.oarcanjo.net\/site\/","name":"O Arcanjo no ar","description":"Site da Par\u00f3quia S\u00e3o Miguel Arcanjo (Arquidiocese de SP)","publisher":{"@id":"https:\/\/www.oarcanjo.net\/site\/#organization"},"potentialAction":[{"@type":"SearchAction","target":{"@type":"EntryPoint","urlTemplate":"https:\/\/www.oarcanjo.net\/site\/?s={search_term_string}"},"query-input":{"@type":"PropertyValueSpecification","valueRequired":true,"valueName":"search_term_string"}}],"inLanguage":"pt-BR"},{"@type":"Organization","@id":"https:\/\/www.oarcanjo.net\/site\/#organization","name":"Par\u00f3quia S\u00e3o Miguel Arcanjo","url":"https:\/\/www.oarcanjo.net\/site\/","logo":{"@type":"ImageObject","inLanguage":"pt-BR","@id":"https:\/\/www.oarcanjo.net\/site\/#\/schema\/logo\/image\/","url":"https:\/\/www.oarcanjo.net\/site\/wp-content\/uploads\/LogoOArcanjo.png","contentUrl":"https:\/\/www.oarcanjo.net\/site\/wp-content\/uploads\/LogoOArcanjo.png","width":319,"height":99,"caption":"Par\u00f3quia S\u00e3o Miguel Arcanjo"},"image":{"@id":"https:\/\/www.oarcanjo.net\/site\/#\/schema\/logo\/image\/"},"sameAs":["https:\/\/www.facebook.com\/OArcanjoNoAr\/"]},{"@type":"Person","@id":"https:\/\/www.oarcanjo.net\/site\/#\/schema\/person\/f7024d007863202483a31326673a0838","name":"editor","sameAs":["http:\/\/www.oarcanjo.net"]}]}},"publishpress_future_action":{"enabled":false,"date":"2026-05-08 20:46:47","action":"category","newStatus":"draft","terms":[],"taxonomy":"category"},"publishpress_future_workflow_manual_trigger":{"enabledWorkflows":[]},"_links":{"self":[{"href":"https:\/\/www.oarcanjo.net\/site\/wp-json\/wp\/v2\/posts\/4176"}],"collection":[{"href":"https:\/\/www.oarcanjo.net\/site\/wp-json\/wp\/v2\/posts"}],"about":[{"href":"https:\/\/www.oarcanjo.net\/site\/wp-json\/wp\/v2\/types\/post"}],"author":[{"embeddable":true,"href":"https:\/\/www.oarcanjo.net\/site\/wp-json\/wp\/v2\/users\/5"}],"replies":[{"embeddable":true,"href":"https:\/\/www.oarcanjo.net\/site\/wp-json\/wp\/v2\/comments?post=4176"}],"version-history":[{"count":0,"href":"https:\/\/www.oarcanjo.net\/site\/wp-json\/wp\/v2\/posts\/4176\/revisions"}],"wp:attachment":[{"href":"https:\/\/www.oarcanjo.net\/site\/wp-json\/wp\/v2\/media?parent=4176"}],"wp:term":[{"taxonomy":"category","embeddable":true,"href":"https:\/\/www.oarcanjo.net\/site\/wp-json\/wp\/v2\/categories?post=4176"},{"taxonomy":"post_tag","embeddable":true,"href":"https:\/\/www.oarcanjo.net\/site\/wp-json\/wp\/v2\/tags?post=4176"}],"curies":[{"name":"wp","href":"https:\/\/api.w.org\/{rel}","templated":true}]}}