
{"id":4178,"date":"2009-07-05T11:37:43","date_gmt":"2009-07-05T14:37:43","guid":{"rendered":"http:\/\/www.oarcanjo.net\/site\/?p=4178"},"modified":"2009-07-06T11:49:50","modified_gmt":"2009-07-06T14:49:50","slug":"bifurcacao-da-humanidade","status":"publish","type":"post","link":"https:\/\/www.oarcanjo.net\/site\/bifurcacao-da-humanidade\/","title":{"rendered":"Bifurca\u00e7\u00e3o da Humanidade"},"content":{"rendered":"<p>Leonardo Boff<\/p>\n<p>Nos in\u00edcios do ano os vinte pa\u00edses mais ricos do mundo (G-20) se reuniram em Londres para encontrar sa\u00eddas \u00e0 crise econ\u00f4mico-financeira mundial. A decis\u00e3o de base foi continuar no mesmo caminho anterior \u00e0 crise mas com controles e regula\u00e7\u00f5es a partir de uma presen\u00e7a maior do Estado na economia. Os controles seriam pelo tempo necess\u00e1rio \u00e0 supera\u00e7\u00e3o da crise, a fim de evitar o colapso global e as regula\u00e7\u00f5es para restaurar o crescimento e a prosperidade com a mesma l\u00f3gica que vigorou antes.<\/p>\n<p>Esta op\u00e7\u00e3o implica continuar com a explora\u00e7\u00e3o dos recursos naturais que devastam os ecossistemas e fazem aumentar o aquecimento global e o fosso social entre ricos e pobres. Se isso prosperar dentro de pouco enfrentaremos crise da mesma natureza, pois as causas n\u00e3o foram eliminadas. Acresce ainda o fato de que os restantes 172 pa\u00edses (ao todo s\u00e3o 192) sequer foram ouvidos e consultados. Pensou-se em ajud\u00e1-las mas com migalhas. Efetivamente, toda a \u00c1frica, o continente mais vulner\u00e1vel, seria socorrida com menos fundos que o governo dos EUA aplicou para salvar a General Motor.<\/p>\n<p>O impacto perverso da crise sobre os pa\u00edses de baixo ingresso apresenta-se aterrador. Estima-se que, enquanto durar a crise, mais de 100 milh\u00f5es de pessoas caiam cada ano na extrema pobreza e um milh\u00e3o de postos de trabalho se perder\u00e3o por m\u00eas. Tal fato fez com que o Presidente da ONU, Miguel d\u2019Escoto Brokmann, imbu\u00eddo de alto sentido humanit\u00e1rio e \u00e9tico, convocasse uma reuni\u00e3o de alto n\u00edvel que reunisse os 192 representantes dos povos para juntos discutirem entre si a crise e buscarem solu\u00e7\u00f5es includentes. Isso ocorreu nos dias 24-26 de junho do corrente ano nos espa\u00e7os da ONU. Todos falaram. Era impactante ouvir o clamor que vinha das entranhas da Humanidade: os ricos lamentando os trilh\u00f5es em perdas de seus neg\u00f3cios e os pobres denunciando o aumento da mis\u00e9ria de seu povo.<\/p>\n<p>Muitas vozes soaram claras: n\u00e3o bastam controles e regula\u00e7\u00f5es que acabam beneficiando os que provocaram a crise. Faz-se urgente um novo paradigma que redefina a rela\u00e7\u00e3o para com a natureza com seus recursos escassos, o prop\u00f3sito do crescimento e o tipo de civiliza\u00e7\u00e3o planet\u00e1ria que queremos. Importa elaborar uma Declara\u00e7\u00e3o do Bem Comum da Humanidade e da Terra que oriente \u00e9tica e espiritualmente o sentido da vida neste pequeno planeta.<\/p>\n<p>Depois de um intenso trabalho previamente feito por uma comiss\u00e3o de expertos, presidida pelo Nobel de economia Joseph Stiglitz e com as colabora\u00e7\u00f5es vindas de quatro mesas redondas e da Assembl\u00e9ia Geral concertou-se um documento detalhado que ganhou o consenso dos 192 representantes dos povos. O perigo coletivo facilitou uma converg\u00eancia coletiva, uma raridade na hist\u00f3ria da ONU.<\/p>\n<p>O documento prev\u00ea medidas in\u00e9ditas especialmente para salvar os mais vulner\u00e1veis sob coordena\u00e7\u00e3o de v\u00e1rias institui\u00e7\u00f5es internacionais, articuladas entre si. Mas, o mais importante \u00e9 a apresenta\u00e7\u00e3o de um programa de reformas sist\u00eamicas que prev\u00ea um sistema mundial de reservas com direitos especiais de giro, reformas de gest\u00e3o do FMI e do Banco Mundial, regula\u00e7\u00f5es internacionais dos mercados financeiros e do com\u00e9rcio de derivados e principalmente a cria\u00e7\u00e3o de um Conselho de Coordena\u00e7\u00e3o Econ\u00f4mica Mundial equivalente ao Conselho de Seguran\u00e7a. Desta forma se presume garantir um desenvolvimento est\u00e1vel e sustent\u00e1vel.<\/p>\n<p>O fato desta c\u00fapula mundial \u00e9 gerador de esperan\u00e7a, pois a humanidade come\u00e7a a olhar para si como um todo e com um destino comum. Mas todas as solu\u00e7\u00f5es se orientam ainda sob o signo do desenvolvimento, o fator principal gerador da crise do sistema-Terra. Ele tem que ser trocado por um &#8220;modo sustentado geral de viver&#8221;, caso contr\u00e1rio assistiremos \u00e0 bifurca\u00e7\u00e3o da humanidade, entre os que desfrutam do desenvolvimento e os que s\u00e3o v\u00edtimas dele. N\u00e3o chegamos ainda ao novo paradigma de conviv\u00eancia Terra-Humanidade, forjador de uma nova esperan\u00e7a.<\/p>\n<p>O pr\u00f3ximo futuro, dizia o Presidente da Assembl\u00e9ia, ser\u00e1 pela utopia necess\u00e1ria que precisamos construir para permanecermos juntos na mesma Casa Comum.<\/p>\n<div id=\"themify_builder_content-4178\" data-postid=\"4178\" class=\"themify_builder_content themify_builder_content-4178 themify_builder themify_builder_front\">\n\t<\/div>\n<!-- \/themify_builder_content -->","protected":false},"excerpt":{"rendered":"<p>Leonardo Boff Nos in\u00edcios do ano os vinte pa\u00edses mais ricos do mundo (G-20) se reuniram em Londres para encontrar sa\u00eddas \u00e0 crise econ\u00f4mico-financeira mundial. A decis\u00e3o de base foi continuar no mesmo caminho anterior \u00e0 crise mas com controles e regula\u00e7\u00f5es a partir de uma presen\u00e7a maior do Estado na economia. Os controles seriam [&hellip;]<\/p>\n","protected":false},"author":5,"featured_media":0,"comment_status":"open","ping_status":"open","sticky":false,"template":"","format":"standard","meta":{"ngg_post_thumbnail":0,"footnotes":""},"categories":[9],"tags":[468,673,511,882],"yoast_head":"<!-- This site is optimized with the Yoast SEO plugin v23.5 - https:\/\/yoast.com\/wordpress\/plugins\/seo\/ -->\n<title>Bifurca\u00e7\u00e3o da Humanidade - O Arcanjo no ar<\/title>\n<meta name=\"robots\" content=\"index, follow, max-snippet:-1, max-image-preview:large, max-video-preview:-1\" \/>\n<link rel=\"canonical\" href=\"https:\/\/www.oarcanjo.net\/site\/bifurcacao-da-humanidade\/\" \/>\n<meta property=\"og:locale\" content=\"pt_BR\" \/>\n<meta property=\"og:type\" content=\"article\" \/>\n<meta property=\"og:title\" content=\"Bifurca\u00e7\u00e3o da Humanidade - O Arcanjo no ar\" \/>\n<meta property=\"og:description\" content=\"Leonardo Boff Nos in\u00edcios do ano os vinte pa\u00edses mais ricos do mundo (G-20) se reuniram em Londres para encontrar sa\u00eddas \u00e0 crise econ\u00f4mico-financeira mundial. A decis\u00e3o de base foi continuar no mesmo caminho anterior \u00e0 crise mas com controles e regula\u00e7\u00f5es a partir de uma presen\u00e7a maior do Estado na economia. Os controles seriam [&hellip;]\" \/>\n<meta property=\"og:url\" content=\"https:\/\/www.oarcanjo.net\/site\/bifurcacao-da-humanidade\/\" \/>\n<meta property=\"og:site_name\" content=\"O Arcanjo no ar\" \/>\n<meta property=\"article:publisher\" content=\"https:\/\/www.facebook.com\/OArcanjoNoAr\/\" \/>\n<meta property=\"article:published_time\" content=\"2009-07-05T14:37:43+00:00\" \/>\n<meta property=\"article:modified_time\" content=\"2009-07-06T14:49:50+00:00\" \/>\n<meta property=\"og:image\" content=\"https:\/\/www.oarcanjo.net\/site\/wp-content\/uploads\/logo-o-arcanjo-no-ar-facebook.png\" \/>\n\t<meta property=\"og:image:width\" content=\"300\" \/>\n\t<meta property=\"og:image:height\" content=\"300\" \/>\n\t<meta property=\"og:image:type\" content=\"image\/png\" \/>\n<meta name=\"author\" content=\"editor\" \/>\n<meta name=\"twitter:card\" content=\"summary_large_image\" \/>\n<meta name=\"twitter:label1\" content=\"Escrito por\" \/>\n\t<meta name=\"twitter:data1\" content=\"editor\" \/>\n\t<meta name=\"twitter:label2\" content=\"Est. tempo de leitura\" \/>\n\t<meta name=\"twitter:data2\" content=\"4 minutos\" \/>\n<script type=\"application\/ld+json\" class=\"yoast-schema-graph\">{\"@context\":\"https:\/\/schema.org\",\"@graph\":[{\"@type\":\"Article\",\"@id\":\"https:\/\/www.oarcanjo.net\/site\/bifurcacao-da-humanidade\/#article\",\"isPartOf\":{\"@id\":\"https:\/\/www.oarcanjo.net\/site\/bifurcacao-da-humanidade\/\"},\"author\":{\"name\":\"editor\",\"@id\":\"https:\/\/www.oarcanjo.net\/site\/#\/schema\/person\/f7024d007863202483a31326673a0838\"},\"headline\":\"Bifurca\u00e7\u00e3o da Humanidade\",\"datePublished\":\"2009-07-05T14:37:43+00:00\",\"dateModified\":\"2009-07-06T14:49:50+00:00\",\"mainEntityOfPage\":{\"@id\":\"https:\/\/www.oarcanjo.net\/site\/bifurcacao-da-humanidade\/\"},\"wordCount\":711,\"commentCount\":0,\"publisher\":{\"@id\":\"https:\/\/www.oarcanjo.net\/site\/#organization\"},\"keywords\":[\"meio ambiente\",\"Na\u00e7\u00f5es Unidas\",\"ONU\",\"recursos naturais\"],\"articleSection\":[\"Reflex\u00f5es\"],\"inLanguage\":\"pt-BR\",\"potentialAction\":[{\"@type\":\"CommentAction\",\"name\":\"Comment\",\"target\":[\"https:\/\/www.oarcanjo.net\/site\/bifurcacao-da-humanidade\/#respond\"]}]},{\"@type\":\"WebPage\",\"@id\":\"https:\/\/www.oarcanjo.net\/site\/bifurcacao-da-humanidade\/\",\"url\":\"https:\/\/www.oarcanjo.net\/site\/bifurcacao-da-humanidade\/\",\"name\":\"Bifurca\u00e7\u00e3o da Humanidade - O Arcanjo no ar\",\"isPartOf\":{\"@id\":\"https:\/\/www.oarcanjo.net\/site\/#website\"},\"datePublished\":\"2009-07-05T14:37:43+00:00\",\"dateModified\":\"2009-07-06T14:49:50+00:00\",\"breadcrumb\":{\"@id\":\"https:\/\/www.oarcanjo.net\/site\/bifurcacao-da-humanidade\/#breadcrumb\"},\"inLanguage\":\"pt-BR\",\"potentialAction\":[{\"@type\":\"ReadAction\",\"target\":[\"https:\/\/www.oarcanjo.net\/site\/bifurcacao-da-humanidade\/\"]}]},{\"@type\":\"BreadcrumbList\",\"@id\":\"https:\/\/www.oarcanjo.net\/site\/bifurcacao-da-humanidade\/#breadcrumb\",\"itemListElement\":[{\"@type\":\"ListItem\",\"position\":1,\"name\":\"In\u00edcio\",\"item\":\"https:\/\/www.oarcanjo.net\/site\/\"},{\"@type\":\"ListItem\",\"position\":2,\"name\":\"Bifurca\u00e7\u00e3o da Humanidade\"}]},{\"@type\":\"WebSite\",\"@id\":\"https:\/\/www.oarcanjo.net\/site\/#website\",\"url\":\"https:\/\/www.oarcanjo.net\/site\/\",\"name\":\"O Arcanjo no ar\",\"description\":\"Site da Par\u00f3quia S\u00e3o Miguel Arcanjo (Arquidiocese de SP)\",\"publisher\":{\"@id\":\"https:\/\/www.oarcanjo.net\/site\/#organization\"},\"potentialAction\":[{\"@type\":\"SearchAction\",\"target\":{\"@type\":\"EntryPoint\",\"urlTemplate\":\"https:\/\/www.oarcanjo.net\/site\/?s={search_term_string}\"},\"query-input\":{\"@type\":\"PropertyValueSpecification\",\"valueRequired\":true,\"valueName\":\"search_term_string\"}}],\"inLanguage\":\"pt-BR\"},{\"@type\":\"Organization\",\"@id\":\"https:\/\/www.oarcanjo.net\/site\/#organization\",\"name\":\"Par\u00f3quia S\u00e3o Miguel Arcanjo\",\"url\":\"https:\/\/www.oarcanjo.net\/site\/\",\"logo\":{\"@type\":\"ImageObject\",\"inLanguage\":\"pt-BR\",\"@id\":\"https:\/\/www.oarcanjo.net\/site\/#\/schema\/logo\/image\/\",\"url\":\"https:\/\/www.oarcanjo.net\/site\/wp-content\/uploads\/LogoOArcanjo.png\",\"contentUrl\":\"https:\/\/www.oarcanjo.net\/site\/wp-content\/uploads\/LogoOArcanjo.png\",\"width\":319,\"height\":99,\"caption\":\"Par\u00f3quia S\u00e3o Miguel Arcanjo\"},\"image\":{\"@id\":\"https:\/\/www.oarcanjo.net\/site\/#\/schema\/logo\/image\/\"},\"sameAs\":[\"https:\/\/www.facebook.com\/OArcanjoNoAr\/\"]},{\"@type\":\"Person\",\"@id\":\"https:\/\/www.oarcanjo.net\/site\/#\/schema\/person\/f7024d007863202483a31326673a0838\",\"name\":\"editor\",\"sameAs\":[\"http:\/\/www.oarcanjo.net\"]}]}<\/script>\n<!-- \/ Yoast SEO plugin. -->","yoast_head_json":{"title":"Bifurca\u00e7\u00e3o da Humanidade - O Arcanjo no ar","robots":{"index":"index","follow":"follow","max-snippet":"max-snippet:-1","max-image-preview":"max-image-preview:large","max-video-preview":"max-video-preview:-1"},"canonical":"https:\/\/www.oarcanjo.net\/site\/bifurcacao-da-humanidade\/","og_locale":"pt_BR","og_type":"article","og_title":"Bifurca\u00e7\u00e3o da Humanidade - O Arcanjo no ar","og_description":"Leonardo Boff Nos in\u00edcios do ano os vinte pa\u00edses mais ricos do mundo (G-20) se reuniram em Londres para encontrar sa\u00eddas \u00e0 crise econ\u00f4mico-financeira mundial. A decis\u00e3o de base foi continuar no mesmo caminho anterior \u00e0 crise mas com controles e regula\u00e7\u00f5es a partir de uma presen\u00e7a maior do Estado na economia. Os controles seriam [&hellip;]","og_url":"https:\/\/www.oarcanjo.net\/site\/bifurcacao-da-humanidade\/","og_site_name":"O Arcanjo no ar","article_publisher":"https:\/\/www.facebook.com\/OArcanjoNoAr\/","article_published_time":"2009-07-05T14:37:43+00:00","article_modified_time":"2009-07-06T14:49:50+00:00","og_image":[{"width":300,"height":300,"url":"https:\/\/www.oarcanjo.net\/site\/wp-content\/uploads\/logo-o-arcanjo-no-ar-facebook.png","type":"image\/png"}],"author":"editor","twitter_card":"summary_large_image","twitter_misc":{"Escrito por":"editor","Est. tempo de leitura":"4 minutos"},"schema":{"@context":"https:\/\/schema.org","@graph":[{"@type":"Article","@id":"https:\/\/www.oarcanjo.net\/site\/bifurcacao-da-humanidade\/#article","isPartOf":{"@id":"https:\/\/www.oarcanjo.net\/site\/bifurcacao-da-humanidade\/"},"author":{"name":"editor","@id":"https:\/\/www.oarcanjo.net\/site\/#\/schema\/person\/f7024d007863202483a31326673a0838"},"headline":"Bifurca\u00e7\u00e3o da Humanidade","datePublished":"2009-07-05T14:37:43+00:00","dateModified":"2009-07-06T14:49:50+00:00","mainEntityOfPage":{"@id":"https:\/\/www.oarcanjo.net\/site\/bifurcacao-da-humanidade\/"},"wordCount":711,"commentCount":0,"publisher":{"@id":"https:\/\/www.oarcanjo.net\/site\/#organization"},"keywords":["meio ambiente","Na\u00e7\u00f5es Unidas","ONU","recursos naturais"],"articleSection":["Reflex\u00f5es"],"inLanguage":"pt-BR","potentialAction":[{"@type":"CommentAction","name":"Comment","target":["https:\/\/www.oarcanjo.net\/site\/bifurcacao-da-humanidade\/#respond"]}]},{"@type":"WebPage","@id":"https:\/\/www.oarcanjo.net\/site\/bifurcacao-da-humanidade\/","url":"https:\/\/www.oarcanjo.net\/site\/bifurcacao-da-humanidade\/","name":"Bifurca\u00e7\u00e3o da Humanidade - O Arcanjo no ar","isPartOf":{"@id":"https:\/\/www.oarcanjo.net\/site\/#website"},"datePublished":"2009-07-05T14:37:43+00:00","dateModified":"2009-07-06T14:49:50+00:00","breadcrumb":{"@id":"https:\/\/www.oarcanjo.net\/site\/bifurcacao-da-humanidade\/#breadcrumb"},"inLanguage":"pt-BR","potentialAction":[{"@type":"ReadAction","target":["https:\/\/www.oarcanjo.net\/site\/bifurcacao-da-humanidade\/"]}]},{"@type":"BreadcrumbList","@id":"https:\/\/www.oarcanjo.net\/site\/bifurcacao-da-humanidade\/#breadcrumb","itemListElement":[{"@type":"ListItem","position":1,"name":"In\u00edcio","item":"https:\/\/www.oarcanjo.net\/site\/"},{"@type":"ListItem","position":2,"name":"Bifurca\u00e7\u00e3o da Humanidade"}]},{"@type":"WebSite","@id":"https:\/\/www.oarcanjo.net\/site\/#website","url":"https:\/\/www.oarcanjo.net\/site\/","name":"O Arcanjo no ar","description":"Site da Par\u00f3quia S\u00e3o Miguel Arcanjo (Arquidiocese de SP)","publisher":{"@id":"https:\/\/www.oarcanjo.net\/site\/#organization"},"potentialAction":[{"@type":"SearchAction","target":{"@type":"EntryPoint","urlTemplate":"https:\/\/www.oarcanjo.net\/site\/?s={search_term_string}"},"query-input":{"@type":"PropertyValueSpecification","valueRequired":true,"valueName":"search_term_string"}}],"inLanguage":"pt-BR"},{"@type":"Organization","@id":"https:\/\/www.oarcanjo.net\/site\/#organization","name":"Par\u00f3quia S\u00e3o Miguel Arcanjo","url":"https:\/\/www.oarcanjo.net\/site\/","logo":{"@type":"ImageObject","inLanguage":"pt-BR","@id":"https:\/\/www.oarcanjo.net\/site\/#\/schema\/logo\/image\/","url":"https:\/\/www.oarcanjo.net\/site\/wp-content\/uploads\/LogoOArcanjo.png","contentUrl":"https:\/\/www.oarcanjo.net\/site\/wp-content\/uploads\/LogoOArcanjo.png","width":319,"height":99,"caption":"Par\u00f3quia S\u00e3o Miguel Arcanjo"},"image":{"@id":"https:\/\/www.oarcanjo.net\/site\/#\/schema\/logo\/image\/"},"sameAs":["https:\/\/www.facebook.com\/OArcanjoNoAr\/"]},{"@type":"Person","@id":"https:\/\/www.oarcanjo.net\/site\/#\/schema\/person\/f7024d007863202483a31326673a0838","name":"editor","sameAs":["http:\/\/www.oarcanjo.net"]}]}},"publishpress_future_action":{"enabled":false,"date":"2026-05-09 10:07:08","action":"category","newStatus":"draft","terms":[],"taxonomy":"category"},"publishpress_future_workflow_manual_trigger":{"enabledWorkflows":[]},"_links":{"self":[{"href":"https:\/\/www.oarcanjo.net\/site\/wp-json\/wp\/v2\/posts\/4178"}],"collection":[{"href":"https:\/\/www.oarcanjo.net\/site\/wp-json\/wp\/v2\/posts"}],"about":[{"href":"https:\/\/www.oarcanjo.net\/site\/wp-json\/wp\/v2\/types\/post"}],"author":[{"embeddable":true,"href":"https:\/\/www.oarcanjo.net\/site\/wp-json\/wp\/v2\/users\/5"}],"replies":[{"embeddable":true,"href":"https:\/\/www.oarcanjo.net\/site\/wp-json\/wp\/v2\/comments?post=4178"}],"version-history":[{"count":0,"href":"https:\/\/www.oarcanjo.net\/site\/wp-json\/wp\/v2\/posts\/4178\/revisions"}],"wp:attachment":[{"href":"https:\/\/www.oarcanjo.net\/site\/wp-json\/wp\/v2\/media?parent=4178"}],"wp:term":[{"taxonomy":"category","embeddable":true,"href":"https:\/\/www.oarcanjo.net\/site\/wp-json\/wp\/v2\/categories?post=4178"},{"taxonomy":"post_tag","embeddable":true,"href":"https:\/\/www.oarcanjo.net\/site\/wp-json\/wp\/v2\/tags?post=4178"}],"curies":[{"name":"wp","href":"https:\/\/api.w.org\/{rel}","templated":true}]}}