
{"id":4180,"date":"2009-07-07T11:28:27","date_gmt":"2009-07-07T14:28:27","guid":{"rendered":"http:\/\/www.oarcanjo.net\/site\/?p=4180"},"modified":"2009-07-07T11:28:27","modified_gmt":"2009-07-07T14:28:27","slug":"nao-desprezar-ao-profeta","status":"publish","type":"post","link":"https:\/\/www.oarcanjo.net\/site\/nao-desprezar-ao-profeta\/","title":{"rendered":"N\u00e3o desprezar ao Profeta"},"content":{"rendered":"<p>Jose Antonio Pagola<\/p>\n<p>14 Domingo do Tempo ordin\u00e1rio (b) Marcos 6,1-6<\/p>\n<p>O relato n\u00e3o deixa de ser surpreendente. Jesus foi rejeitado justamente em sua pr\u00f3pria cidade, entre aqueles que acreditavam conhece-lo melhor do que ningu\u00e9m. Chega a Nazaret, acompanhado de seus disc\u00edpulos, e ningu\u00e9m sai a seu encontro, como acontece \u00e0s vezes em outros lugares. Tamb\u00e9m n\u00e3o lhe apresentam os doentes da aldeia para cur\u00e1-los.<\/p>\n<p>Sua presen\u00e7a s\u00f3 desperta neles espanto. N\u00e3o sabem quem p\u00f4de ensinar-lhe uma mensagem t\u00e3o cheia de sabedoria. Tamb\u00e9m n\u00e3o podem se explicar de onde vem a for\u00e7a curadora de suas m\u00e3os. A \u00fanica coisa que sabem \u00e9 que Jesus \u00e9 um trabalhador nascido em uma fam\u00edlia de sua aldeia. Fora disso, tudo para eles \u201c\u00e9 escandaloso\u201d. <\/p>\n<p>Jesus sente-se \u201cdesprezado\u201d: os seus n\u00e3o o aceitam como o portador da mensagem e da salva\u00e7\u00e3o de Deus. Eles se formaram uma id\u00e9ia de seu vizinho Jesus e resistem a abrir-se ao mist\u00e9rio que se esconde em sua pessoa. Jesus recorda-lhes um ditado que, provavelmente, todos conhecem: \u201cN\u00e3o h\u00e1 profeta sem honra, sen\u00e3o na sua terra, entre os seus parentes e na sua casa\u201d.<\/p>\n<p>Ao mesmo tempo, Jesus \u201cadmirou-se da incredulidade deles\u201d. \u00c9 a primeira vez que experimenta uma rejei\u00e7\u00e3o coletiva, n\u00e3o dos l\u00edderes religiosos, mas de toda a sua cidade. Ele n\u00e3o esperava isto dos seus. Sua incredulidade chega mesmo a bloquear sua capacidade de curar: \u201cn\u00e3o p\u00f4de fazer ali nenhum milagre, sen\u00e3o curar uns poucos enfermos, impondo-lhes as m\u00e3os\u201d.<\/p>\n<p>Marcos n\u00e3o narra este epis\u00f3dio para satisfazer \u00e0 curiosidade de seus leitores, mas para advertir \u00e0s comunidades crist\u00e3s que Jesus pode ser rejeitado precisamente por aqueles que acreditam conhec\u00ea-lo melhor: aqueles que se fecham em suas id\u00e9ias preconcebidas sem se abrir nem \u00e0 novidade de sua mensagem nem ao mist\u00e9rio de sua pessoa. <\/p>\n<p>Como estamos acolhendo a Jesus aqueles que acreditamos ser os \u201cseus\u201d? No meio de um mundo que tem se tornado adulto, nossa f\u00e9 n\u00e3o \u00e9 infantil demais e superficial? N\u00e3o vivemos indiferentes demais \u00e0 novidade revolucion\u00e1ria de sua mensagem? N\u00e3o \u00e9 estranha nossa falta da f\u00e9 em sua for\u00e7a transformadora? N\u00e3o corremos o risco de apagar seu Esp\u00edrito e de desprezar sua profecia?<\/p>\n<p>Esta \u00e9 a preocupa\u00e7\u00e3o de Paulo de Tarso: \u201cN\u00e3o extingais o Esp\u00edrito, n\u00e3o desprezeis as profecias; julgai todas as coisas, retende o que \u00e9 bom\u201d (1 Tessalonicenses 5 19-21). N\u00f3s n\u00e3o precisamos algo disto, os crist\u00e3os de nossos dias?<\/p>\n<div id=\"themify_builder_content-4180\" data-postid=\"4180\" class=\"themify_builder_content themify_builder_content-4180 themify_builder themify_builder_front\">\n\t<\/div>\n<!-- \/themify_builder_content -->","protected":false},"excerpt":{"rendered":"<p>Jose Antonio Pagola 14 Domingo do Tempo ordin\u00e1rio (b) Marcos 6,1-6 O relato n\u00e3o deixa de ser surpreendente. Jesus foi rejeitado justamente em sua pr\u00f3pria cidade, entre aqueles que acreditavam conhece-lo melhor do que ningu\u00e9m. Chega a Nazaret, acompanhado de seus disc\u00edpulos, e ningu\u00e9m sai a seu encontro, como acontece \u00e0s vezes em outros lugares. [&hellip;]<\/p>\n","protected":false},"author":5,"featured_media":0,"comment_status":"open","ping_status":"open","sticky":false,"template":"","format":"standard","meta":{"ngg_post_thumbnail":0,"footnotes":""},"categories":[9],"tags":[884,236,883],"yoast_head":"<!-- This site is optimized with the Yoast SEO plugin v23.5 - https:\/\/yoast.com\/wordpress\/plugins\/seo\/ -->\n<title>N\u00e3o desprezar ao Profeta - O Arcanjo no ar<\/title>\n<meta name=\"robots\" content=\"index, follow, max-snippet:-1, max-image-preview:large, max-video-preview:-1\" \/>\n<link rel=\"canonical\" href=\"https:\/\/www.oarcanjo.net\/site\/nao-desprezar-ao-profeta\/\" \/>\n<meta property=\"og:locale\" content=\"pt_BR\" \/>\n<meta property=\"og:type\" content=\"article\" \/>\n<meta property=\"og:title\" content=\"N\u00e3o desprezar ao Profeta - O Arcanjo no ar\" \/>\n<meta property=\"og:description\" content=\"Jose Antonio Pagola 14 Domingo do Tempo ordin\u00e1rio (b) Marcos 6,1-6 O relato n\u00e3o deixa de ser surpreendente. Jesus foi rejeitado justamente em sua pr\u00f3pria cidade, entre aqueles que acreditavam conhece-lo melhor do que ningu\u00e9m. Chega a Nazaret, acompanhado de seus disc\u00edpulos, e ningu\u00e9m sai a seu encontro, como acontece \u00e0s vezes em outros lugares. [&hellip;]\" \/>\n<meta property=\"og:url\" content=\"https:\/\/www.oarcanjo.net\/site\/nao-desprezar-ao-profeta\/\" \/>\n<meta property=\"og:site_name\" content=\"O Arcanjo no ar\" \/>\n<meta property=\"article:publisher\" content=\"https:\/\/www.facebook.com\/OArcanjoNoAr\/\" \/>\n<meta property=\"article:published_time\" content=\"2009-07-07T14:28:27+00:00\" \/>\n<meta property=\"og:image\" content=\"https:\/\/www.oarcanjo.net\/site\/wp-content\/uploads\/logo-o-arcanjo-no-ar-facebook.png\" \/>\n\t<meta property=\"og:image:width\" content=\"300\" \/>\n\t<meta property=\"og:image:height\" content=\"300\" \/>\n\t<meta property=\"og:image:type\" content=\"image\/png\" \/>\n<meta name=\"author\" content=\"editor\" \/>\n<meta name=\"twitter:card\" content=\"summary_large_image\" \/>\n<meta name=\"twitter:label1\" content=\"Escrito por\" \/>\n\t<meta name=\"twitter:data1\" content=\"editor\" \/>\n\t<meta name=\"twitter:label2\" content=\"Est. tempo de leitura\" \/>\n\t<meta name=\"twitter:data2\" content=\"2 minutos\" \/>\n<script type=\"application\/ld+json\" class=\"yoast-schema-graph\">{\"@context\":\"https:\/\/schema.org\",\"@graph\":[{\"@type\":\"Article\",\"@id\":\"https:\/\/www.oarcanjo.net\/site\/nao-desprezar-ao-profeta\/#article\",\"isPartOf\":{\"@id\":\"https:\/\/www.oarcanjo.net\/site\/nao-desprezar-ao-profeta\/\"},\"author\":{\"name\":\"editor\",\"@id\":\"https:\/\/www.oarcanjo.net\/site\/#\/schema\/person\/f7024d007863202483a31326673a0838\"},\"headline\":\"N\u00e3o desprezar ao Profeta\",\"datePublished\":\"2009-07-07T14:28:27+00:00\",\"dateModified\":\"2009-07-07T14:28:27+00:00\",\"mainEntityOfPage\":{\"@id\":\"https:\/\/www.oarcanjo.net\/site\/nao-desprezar-ao-profeta\/\"},\"wordCount\":440,\"commentCount\":0,\"publisher\":{\"@id\":\"https:\/\/www.oarcanjo.net\/site\/#organization\"},\"keywords\":[\"desprezo\",\"Jesus\",\"Nazar\u00e9\"],\"articleSection\":[\"Reflex\u00f5es\"],\"inLanguage\":\"pt-BR\",\"potentialAction\":[{\"@type\":\"CommentAction\",\"name\":\"Comment\",\"target\":[\"https:\/\/www.oarcanjo.net\/site\/nao-desprezar-ao-profeta\/#respond\"]}]},{\"@type\":\"WebPage\",\"@id\":\"https:\/\/www.oarcanjo.net\/site\/nao-desprezar-ao-profeta\/\",\"url\":\"https:\/\/www.oarcanjo.net\/site\/nao-desprezar-ao-profeta\/\",\"name\":\"N\u00e3o desprezar ao Profeta - O Arcanjo no ar\",\"isPartOf\":{\"@id\":\"https:\/\/www.oarcanjo.net\/site\/#website\"},\"datePublished\":\"2009-07-07T14:28:27+00:00\",\"dateModified\":\"2009-07-07T14:28:27+00:00\",\"breadcrumb\":{\"@id\":\"https:\/\/www.oarcanjo.net\/site\/nao-desprezar-ao-profeta\/#breadcrumb\"},\"inLanguage\":\"pt-BR\",\"potentialAction\":[{\"@type\":\"ReadAction\",\"target\":[\"https:\/\/www.oarcanjo.net\/site\/nao-desprezar-ao-profeta\/\"]}]},{\"@type\":\"BreadcrumbList\",\"@id\":\"https:\/\/www.oarcanjo.net\/site\/nao-desprezar-ao-profeta\/#breadcrumb\",\"itemListElement\":[{\"@type\":\"ListItem\",\"position\":1,\"name\":\"In\u00edcio\",\"item\":\"https:\/\/www.oarcanjo.net\/site\/\"},{\"@type\":\"ListItem\",\"position\":2,\"name\":\"N\u00e3o desprezar ao Profeta\"}]},{\"@type\":\"WebSite\",\"@id\":\"https:\/\/www.oarcanjo.net\/site\/#website\",\"url\":\"https:\/\/www.oarcanjo.net\/site\/\",\"name\":\"O Arcanjo no ar\",\"description\":\"Site da Par\u00f3quia S\u00e3o Miguel Arcanjo (Arquidiocese de SP)\",\"publisher\":{\"@id\":\"https:\/\/www.oarcanjo.net\/site\/#organization\"},\"potentialAction\":[{\"@type\":\"SearchAction\",\"target\":{\"@type\":\"EntryPoint\",\"urlTemplate\":\"https:\/\/www.oarcanjo.net\/site\/?s={search_term_string}\"},\"query-input\":{\"@type\":\"PropertyValueSpecification\",\"valueRequired\":true,\"valueName\":\"search_term_string\"}}],\"inLanguage\":\"pt-BR\"},{\"@type\":\"Organization\",\"@id\":\"https:\/\/www.oarcanjo.net\/site\/#organization\",\"name\":\"Par\u00f3quia S\u00e3o Miguel Arcanjo\",\"url\":\"https:\/\/www.oarcanjo.net\/site\/\",\"logo\":{\"@type\":\"ImageObject\",\"inLanguage\":\"pt-BR\",\"@id\":\"https:\/\/www.oarcanjo.net\/site\/#\/schema\/logo\/image\/\",\"url\":\"https:\/\/www.oarcanjo.net\/site\/wp-content\/uploads\/LogoOArcanjo.png\",\"contentUrl\":\"https:\/\/www.oarcanjo.net\/site\/wp-content\/uploads\/LogoOArcanjo.png\",\"width\":319,\"height\":99,\"caption\":\"Par\u00f3quia S\u00e3o Miguel Arcanjo\"},\"image\":{\"@id\":\"https:\/\/www.oarcanjo.net\/site\/#\/schema\/logo\/image\/\"},\"sameAs\":[\"https:\/\/www.facebook.com\/OArcanjoNoAr\/\"]},{\"@type\":\"Person\",\"@id\":\"https:\/\/www.oarcanjo.net\/site\/#\/schema\/person\/f7024d007863202483a31326673a0838\",\"name\":\"editor\",\"sameAs\":[\"http:\/\/www.oarcanjo.net\"]}]}<\/script>\n<!-- \/ Yoast SEO plugin. -->","yoast_head_json":{"title":"N\u00e3o desprezar ao Profeta - O Arcanjo no ar","robots":{"index":"index","follow":"follow","max-snippet":"max-snippet:-1","max-image-preview":"max-image-preview:large","max-video-preview":"max-video-preview:-1"},"canonical":"https:\/\/www.oarcanjo.net\/site\/nao-desprezar-ao-profeta\/","og_locale":"pt_BR","og_type":"article","og_title":"N\u00e3o desprezar ao Profeta - O Arcanjo no ar","og_description":"Jose Antonio Pagola 14 Domingo do Tempo ordin\u00e1rio (b) Marcos 6,1-6 O relato n\u00e3o deixa de ser surpreendente. Jesus foi rejeitado justamente em sua pr\u00f3pria cidade, entre aqueles que acreditavam conhece-lo melhor do que ningu\u00e9m. Chega a Nazaret, acompanhado de seus disc\u00edpulos, e ningu\u00e9m sai a seu encontro, como acontece \u00e0s vezes em outros lugares. [&hellip;]","og_url":"https:\/\/www.oarcanjo.net\/site\/nao-desprezar-ao-profeta\/","og_site_name":"O Arcanjo no ar","article_publisher":"https:\/\/www.facebook.com\/OArcanjoNoAr\/","article_published_time":"2009-07-07T14:28:27+00:00","og_image":[{"width":300,"height":300,"url":"https:\/\/www.oarcanjo.net\/site\/wp-content\/uploads\/logo-o-arcanjo-no-ar-facebook.png","type":"image\/png"}],"author":"editor","twitter_card":"summary_large_image","twitter_misc":{"Escrito por":"editor","Est. tempo de leitura":"2 minutos"},"schema":{"@context":"https:\/\/schema.org","@graph":[{"@type":"Article","@id":"https:\/\/www.oarcanjo.net\/site\/nao-desprezar-ao-profeta\/#article","isPartOf":{"@id":"https:\/\/www.oarcanjo.net\/site\/nao-desprezar-ao-profeta\/"},"author":{"name":"editor","@id":"https:\/\/www.oarcanjo.net\/site\/#\/schema\/person\/f7024d007863202483a31326673a0838"},"headline":"N\u00e3o desprezar ao Profeta","datePublished":"2009-07-07T14:28:27+00:00","dateModified":"2009-07-07T14:28:27+00:00","mainEntityOfPage":{"@id":"https:\/\/www.oarcanjo.net\/site\/nao-desprezar-ao-profeta\/"},"wordCount":440,"commentCount":0,"publisher":{"@id":"https:\/\/www.oarcanjo.net\/site\/#organization"},"keywords":["desprezo","Jesus","Nazar\u00e9"],"articleSection":["Reflex\u00f5es"],"inLanguage":"pt-BR","potentialAction":[{"@type":"CommentAction","name":"Comment","target":["https:\/\/www.oarcanjo.net\/site\/nao-desprezar-ao-profeta\/#respond"]}]},{"@type":"WebPage","@id":"https:\/\/www.oarcanjo.net\/site\/nao-desprezar-ao-profeta\/","url":"https:\/\/www.oarcanjo.net\/site\/nao-desprezar-ao-profeta\/","name":"N\u00e3o desprezar ao Profeta - O Arcanjo no ar","isPartOf":{"@id":"https:\/\/www.oarcanjo.net\/site\/#website"},"datePublished":"2009-07-07T14:28:27+00:00","dateModified":"2009-07-07T14:28:27+00:00","breadcrumb":{"@id":"https:\/\/www.oarcanjo.net\/site\/nao-desprezar-ao-profeta\/#breadcrumb"},"inLanguage":"pt-BR","potentialAction":[{"@type":"ReadAction","target":["https:\/\/www.oarcanjo.net\/site\/nao-desprezar-ao-profeta\/"]}]},{"@type":"BreadcrumbList","@id":"https:\/\/www.oarcanjo.net\/site\/nao-desprezar-ao-profeta\/#breadcrumb","itemListElement":[{"@type":"ListItem","position":1,"name":"In\u00edcio","item":"https:\/\/www.oarcanjo.net\/site\/"},{"@type":"ListItem","position":2,"name":"N\u00e3o desprezar ao Profeta"}]},{"@type":"WebSite","@id":"https:\/\/www.oarcanjo.net\/site\/#website","url":"https:\/\/www.oarcanjo.net\/site\/","name":"O Arcanjo no ar","description":"Site da Par\u00f3quia S\u00e3o Miguel Arcanjo (Arquidiocese de SP)","publisher":{"@id":"https:\/\/www.oarcanjo.net\/site\/#organization"},"potentialAction":[{"@type":"SearchAction","target":{"@type":"EntryPoint","urlTemplate":"https:\/\/www.oarcanjo.net\/site\/?s={search_term_string}"},"query-input":{"@type":"PropertyValueSpecification","valueRequired":true,"valueName":"search_term_string"}}],"inLanguage":"pt-BR"},{"@type":"Organization","@id":"https:\/\/www.oarcanjo.net\/site\/#organization","name":"Par\u00f3quia S\u00e3o Miguel Arcanjo","url":"https:\/\/www.oarcanjo.net\/site\/","logo":{"@type":"ImageObject","inLanguage":"pt-BR","@id":"https:\/\/www.oarcanjo.net\/site\/#\/schema\/logo\/image\/","url":"https:\/\/www.oarcanjo.net\/site\/wp-content\/uploads\/LogoOArcanjo.png","contentUrl":"https:\/\/www.oarcanjo.net\/site\/wp-content\/uploads\/LogoOArcanjo.png","width":319,"height":99,"caption":"Par\u00f3quia S\u00e3o Miguel Arcanjo"},"image":{"@id":"https:\/\/www.oarcanjo.net\/site\/#\/schema\/logo\/image\/"},"sameAs":["https:\/\/www.facebook.com\/OArcanjoNoAr\/"]},{"@type":"Person","@id":"https:\/\/www.oarcanjo.net\/site\/#\/schema\/person\/f7024d007863202483a31326673a0838","name":"editor","sameAs":["http:\/\/www.oarcanjo.net"]}]}},"publishpress_future_action":{"enabled":false,"date":"2026-05-09 10:07:12","action":"category","newStatus":"draft","terms":[],"taxonomy":"category"},"publishpress_future_workflow_manual_trigger":{"enabledWorkflows":[]},"_links":{"self":[{"href":"https:\/\/www.oarcanjo.net\/site\/wp-json\/wp\/v2\/posts\/4180"}],"collection":[{"href":"https:\/\/www.oarcanjo.net\/site\/wp-json\/wp\/v2\/posts"}],"about":[{"href":"https:\/\/www.oarcanjo.net\/site\/wp-json\/wp\/v2\/types\/post"}],"author":[{"embeddable":true,"href":"https:\/\/www.oarcanjo.net\/site\/wp-json\/wp\/v2\/users\/5"}],"replies":[{"embeddable":true,"href":"https:\/\/www.oarcanjo.net\/site\/wp-json\/wp\/v2\/comments?post=4180"}],"version-history":[{"count":0,"href":"https:\/\/www.oarcanjo.net\/site\/wp-json\/wp\/v2\/posts\/4180\/revisions"}],"wp:attachment":[{"href":"https:\/\/www.oarcanjo.net\/site\/wp-json\/wp\/v2\/media?parent=4180"}],"wp:term":[{"taxonomy":"category","embeddable":true,"href":"https:\/\/www.oarcanjo.net\/site\/wp-json\/wp\/v2\/categories?post=4180"},{"taxonomy":"post_tag","embeddable":true,"href":"https:\/\/www.oarcanjo.net\/site\/wp-json\/wp\/v2\/tags?post=4180"}],"curies":[{"name":"wp","href":"https:\/\/api.w.org\/{rel}","templated":true}]}}