
{"id":4184,"date":"2009-07-09T10:28:53","date_gmt":"2009-07-09T13:28:53","guid":{"rendered":"http:\/\/www.oarcanjo.net\/site\/?p=4184"},"modified":"2009-07-09T10:28:53","modified_gmt":"2009-07-09T13:28:53","slug":"santa-madre-paulina-do-coracao-agonizante-de-jesus","status":"publish","type":"post","link":"https:\/\/www.oarcanjo.net\/site\/santa-madre-paulina-do-coracao-agonizante-de-jesus\/","title":{"rendered":"Santa Madre Paulina do Cora\u00e7\u00e3o Agonizante de Jesus"},"content":{"rendered":"<p>Am\u00e1bile L\u00facia Visintainer nasceu no dia 16 de dezembro de 1865, em Vigolo Vattaro, prov\u00edncia de Trento, no norte da It\u00e1lia. Foi a segunda filha do casal Napole\u00e3o e Anna, que eram \u00f3timos crist\u00e3os, mas muito pobres. <\/p>\n<p>Nessa \u00e9poca, come\u00e7ava a emigra\u00e7\u00e3o dos italianos, movida pela doen\u00e7a e carestia que assolava a regi\u00e3o. Foi o caso da fam\u00edlia de Am\u00e1bile, que em setembro de 1875 escolheu o Brasil e o local onde muitos outros trentinos j\u00e1 haviam se estabelecido no estado de Santa Catarina, em Nova Trento, na pequena localidade de Vigolo. <\/p>\n<p>Assim que chegou, Am\u00e1bile conheceu Virg\u00ednia Rosa Nicolodi e tornaram-se grandes amigas. As duas se confessam apaixonadas pelo Senhor Jesus e n\u00e3o era raro encontr\u00e1-las, juntas, rezando fervorosamente. Fizeram a primeira comunh\u00e3o no mesmo dia, quando Am\u00e1bile j\u00e1 tinha completado doze anos de idade. <\/p>\n<p>Logo em seguida, o padre Servanzi a iniciou no apostolado paroquial, encarregando-a da catequese das crian\u00e7as, da assist\u00eancia aos doentes e da limpeza da capela de seu vilarejo, Vigolo, dedicada a s\u00e3o Jorge. Mas mal sabia o padre que estaria confirmando a voca\u00e7\u00e3o da jovem Am\u00e1bile para o servi\u00e7o do Senhor. <\/p>\n<p>Am\u00e1bile inclu\u00eda, sempre, Virg\u00ednia nas atividades para ampliar o campo de a\u00e7\u00e3o. Dedicava-se de corpo e alma \u00e0 caridade, servia consolando e ajudando os necessitados, os idosos, os abandonados, os doentes e as crian\u00e7as. As obras j\u00e1 eram reconhecidas e notadas por todos, embora n\u00e3o soubesse que j\u00e1 se consagrava a Deus. <\/p>\n<p>Com a permiss\u00e3o de seu pai, Am\u00e1bile construiu um pequeno casebre, num terreno doado por um bar\u00e3o, pr\u00f3ximo \u00e0 capela, para l\u00e1 rezar, cuidar dos doentes, instruir as crian\u00e7as. A primeira paciente foi uma mulher portadora de c\u00e2ncer terminal, a qual n\u00e3o tinha quem lhe cuidasse. Era o dia 12 de julho de 1890, data considerada como o dia da funda\u00e7\u00e3o da Congrega\u00e7\u00e3o das Irm\u00e3zinhas da Imaculada Concei\u00e7\u00e3o, que iniciou com Am\u00e1bile e Virg\u00ednia atuando como enfermeiras. <\/p>\n<p>Essa tamb\u00e9m foi a primeira congrega\u00e7\u00e3o religiosa feminina fundada em solo brasileiro, tendo sido aprovada pelo bispo de Curitiba, em agosto 1895. Quatro meses depois, Am\u00e1bile, Virg\u00ednia e Teresa Anna Maule, outra jovem que se juntou a elas, fizeram os votos religiosos; e Am\u00e1bile recebeu o nome de irm\u00e3 Paulina do Cora\u00e7\u00e3o Agonizante de Jesus. Tamb\u00e9m foi nomeada superiora, passando a ser chamada de madre Paulina. <\/p>\n<p>A santidade e a vida apost\u00f3lica de madre Paulina e de suas irm\u00e3zinhas atra\u00edram muitas voca\u00e7\u00f5es, apesar da pobreza e das dificuldades em que viviam. Al\u00e9m do cuidado dos doentes, das crian\u00e7as \u00f3rf\u00e3s, dos trabalhos da par\u00f3quia, trabalhavam tamb\u00e9m na pequena ind\u00fastria da seda para poderem sobreviver. <\/p>\n<p>Em 1903, com o reconhecimento de sua obra, madre Paulina foi convidada a transferir-se para S\u00e3o Paulo. Fixando-se junto a uma capela no bairro do Ipiranga, iniciou a obra da &#8220;Sagrada Fam\u00edlia&#8221; para abrigar os ex-escravos e seus filhos depois da aboli\u00e7\u00e3o da escravatura, ocorrida em 1888. Em 1918, madre Paulina foi chamada \u00e0 Casa-geral, em S\u00e3o Paulo, com o reconhecimento de suas virtudes, para servir de exemplo \u00e0s jovens voca\u00e7\u00f5es da sua congrega\u00e7\u00e3o. Nesse per\u00edodo, destacou-se pela ora\u00e7\u00e3o constante e pela caridosa e cont\u00ednua assist\u00eancia \u00e0s irm\u00e3zinhas doentes. <\/p>\n<p>Em 1938, acometida pelo diabetes, iniciava um per\u00edodo de grande sofrimento, iniciando com a amputa\u00e7\u00e3o do bra\u00e7o direito, at\u00e9 a cegueira total. Madre Paulina morreu serenamente no dia 9 de julho de 1942, na Casa-geral de sua congrega\u00e7\u00e3o, em S\u00e3o Paulo. <\/p>\n<p>Ela foi beatificada pelo papa Jo\u00e3o Paulo II em 1991, quando o papa visitou, oficialmente, o Brasil. Depois, o mesmo pont\u00edfice canonizou-a em 2002, tornando-se, assim, a primeira santa do Brasil.<\/p>\n<p>(Publicada originalmente no <a href=\"http:\/\/www.paulinas.org.br\/diafeliz\/santo.aspx?Dia=9&#038;Mes=7&#038;SantoID=582\" target=\"_blank\">Portal Paulinas<\/a>)<\/p>\n<div id=\"themify_builder_content-4184\" data-postid=\"4184\" class=\"themify_builder_content themify_builder_content-4184 themify_builder themify_builder_front\">\n\t<\/div>\n<!-- \/themify_builder_content -->","protected":false},"excerpt":{"rendered":"<p>Am\u00e1bile L\u00facia Visintainer nasceu no dia 16 de dezembro de 1865, em Vigolo Vattaro, prov\u00edncia de Trento, no norte da It\u00e1lia. Foi a segunda filha do casal Napole\u00e3o e Anna, que eram \u00f3timos crist\u00e3os, mas muito pobres. Nessa \u00e9poca, come\u00e7ava a emigra\u00e7\u00e3o dos italianos, movida pela doen\u00e7a e carestia que assolava a regi\u00e3o. Foi o [&hellip;]<\/p>\n","protected":false},"author":5,"featured_media":0,"comment_status":"open","ping_status":"open","sticky":false,"template":"","format":"standard","meta":{"ngg_post_thumbnail":0,"footnotes":""},"categories":[9],"tags":[887,886,885],"yoast_head":"<!-- This site is optimized with the Yoast SEO plugin v23.5 - https:\/\/yoast.com\/wordpress\/plugins\/seo\/ -->\n<title>Santa Madre Paulina do Cora\u00e7\u00e3o Agonizante de Jesus - O Arcanjo no ar<\/title>\n<meta name=\"robots\" content=\"index, follow, max-snippet:-1, max-image-preview:large, max-video-preview:-1\" \/>\n<link rel=\"canonical\" href=\"https:\/\/www.oarcanjo.net\/site\/santa-madre-paulina-do-coracao-agonizante-de-jesus\/\" \/>\n<meta property=\"og:locale\" content=\"pt_BR\" \/>\n<meta property=\"og:type\" content=\"article\" \/>\n<meta property=\"og:title\" content=\"Santa Madre Paulina do Cora\u00e7\u00e3o Agonizante de Jesus - O Arcanjo no ar\" \/>\n<meta property=\"og:description\" content=\"Am\u00e1bile L\u00facia Visintainer nasceu no dia 16 de dezembro de 1865, em Vigolo Vattaro, prov\u00edncia de Trento, no norte da It\u00e1lia. Foi a segunda filha do casal Napole\u00e3o e Anna, que eram \u00f3timos crist\u00e3os, mas muito pobres. Nessa \u00e9poca, come\u00e7ava a emigra\u00e7\u00e3o dos italianos, movida pela doen\u00e7a e carestia que assolava a regi\u00e3o. Foi o [&hellip;]\" \/>\n<meta property=\"og:url\" content=\"https:\/\/www.oarcanjo.net\/site\/santa-madre-paulina-do-coracao-agonizante-de-jesus\/\" \/>\n<meta property=\"og:site_name\" content=\"O Arcanjo no ar\" \/>\n<meta property=\"article:publisher\" content=\"https:\/\/www.facebook.com\/OArcanjoNoAr\/\" \/>\n<meta property=\"article:published_time\" content=\"2009-07-09T13:28:53+00:00\" \/>\n<meta property=\"og:image\" content=\"https:\/\/www.oarcanjo.net\/site\/wp-content\/uploads\/logo-o-arcanjo-no-ar-facebook.png\" \/>\n\t<meta property=\"og:image:width\" content=\"300\" \/>\n\t<meta property=\"og:image:height\" content=\"300\" \/>\n\t<meta property=\"og:image:type\" content=\"image\/png\" \/>\n<meta name=\"author\" content=\"editor\" \/>\n<meta name=\"twitter:card\" content=\"summary_large_image\" \/>\n<meta name=\"twitter:label1\" content=\"Escrito por\" \/>\n\t<meta name=\"twitter:data1\" content=\"editor\" \/>\n\t<meta name=\"twitter:label2\" content=\"Est. tempo de leitura\" \/>\n\t<meta name=\"twitter:data2\" content=\"3 minutos\" \/>\n<script type=\"application\/ld+json\" class=\"yoast-schema-graph\">{\"@context\":\"https:\/\/schema.org\",\"@graph\":[{\"@type\":\"Article\",\"@id\":\"https:\/\/www.oarcanjo.net\/site\/santa-madre-paulina-do-coracao-agonizante-de-jesus\/#article\",\"isPartOf\":{\"@id\":\"https:\/\/www.oarcanjo.net\/site\/santa-madre-paulina-do-coracao-agonizante-de-jesus\/\"},\"author\":{\"name\":\"editor\",\"@id\":\"https:\/\/www.oarcanjo.net\/site\/#\/schema\/person\/f7024d007863202483a31326673a0838\"},\"headline\":\"Santa Madre Paulina do Cora\u00e7\u00e3o Agonizante de Jesus\",\"datePublished\":\"2009-07-09T13:28:53+00:00\",\"dateModified\":\"2009-07-09T13:28:53+00:00\",\"mainEntityOfPage\":{\"@id\":\"https:\/\/www.oarcanjo.net\/site\/santa-madre-paulina-do-coracao-agonizante-de-jesus\/\"},\"wordCount\":665,\"commentCount\":1,\"publisher\":{\"@id\":\"https:\/\/www.oarcanjo.net\/site\/#organization\"},\"keywords\":[\"Madre Paulina\",\"primeira santa brasileira\",\"Santa Paulina\"],\"articleSection\":[\"Reflex\u00f5es\"],\"inLanguage\":\"pt-BR\",\"potentialAction\":[{\"@type\":\"CommentAction\",\"name\":\"Comment\",\"target\":[\"https:\/\/www.oarcanjo.net\/site\/santa-madre-paulina-do-coracao-agonizante-de-jesus\/#respond\"]}]},{\"@type\":\"WebPage\",\"@id\":\"https:\/\/www.oarcanjo.net\/site\/santa-madre-paulina-do-coracao-agonizante-de-jesus\/\",\"url\":\"https:\/\/www.oarcanjo.net\/site\/santa-madre-paulina-do-coracao-agonizante-de-jesus\/\",\"name\":\"Santa Madre Paulina do Cora\u00e7\u00e3o Agonizante de Jesus - O Arcanjo no ar\",\"isPartOf\":{\"@id\":\"https:\/\/www.oarcanjo.net\/site\/#website\"},\"datePublished\":\"2009-07-09T13:28:53+00:00\",\"dateModified\":\"2009-07-09T13:28:53+00:00\",\"breadcrumb\":{\"@id\":\"https:\/\/www.oarcanjo.net\/site\/santa-madre-paulina-do-coracao-agonizante-de-jesus\/#breadcrumb\"},\"inLanguage\":\"pt-BR\",\"potentialAction\":[{\"@type\":\"ReadAction\",\"target\":[\"https:\/\/www.oarcanjo.net\/site\/santa-madre-paulina-do-coracao-agonizante-de-jesus\/\"]}]},{\"@type\":\"BreadcrumbList\",\"@id\":\"https:\/\/www.oarcanjo.net\/site\/santa-madre-paulina-do-coracao-agonizante-de-jesus\/#breadcrumb\",\"itemListElement\":[{\"@type\":\"ListItem\",\"position\":1,\"name\":\"In\u00edcio\",\"item\":\"https:\/\/www.oarcanjo.net\/site\/\"},{\"@type\":\"ListItem\",\"position\":2,\"name\":\"Santa Madre Paulina do Cora\u00e7\u00e3o Agonizante de Jesus\"}]},{\"@type\":\"WebSite\",\"@id\":\"https:\/\/www.oarcanjo.net\/site\/#website\",\"url\":\"https:\/\/www.oarcanjo.net\/site\/\",\"name\":\"O Arcanjo no ar\",\"description\":\"Site da Par\u00f3quia S\u00e3o Miguel Arcanjo (Arquidiocese de SP)\",\"publisher\":{\"@id\":\"https:\/\/www.oarcanjo.net\/site\/#organization\"},\"potentialAction\":[{\"@type\":\"SearchAction\",\"target\":{\"@type\":\"EntryPoint\",\"urlTemplate\":\"https:\/\/www.oarcanjo.net\/site\/?s={search_term_string}\"},\"query-input\":{\"@type\":\"PropertyValueSpecification\",\"valueRequired\":true,\"valueName\":\"search_term_string\"}}],\"inLanguage\":\"pt-BR\"},{\"@type\":\"Organization\",\"@id\":\"https:\/\/www.oarcanjo.net\/site\/#organization\",\"name\":\"Par\u00f3quia S\u00e3o Miguel Arcanjo\",\"url\":\"https:\/\/www.oarcanjo.net\/site\/\",\"logo\":{\"@type\":\"ImageObject\",\"inLanguage\":\"pt-BR\",\"@id\":\"https:\/\/www.oarcanjo.net\/site\/#\/schema\/logo\/image\/\",\"url\":\"https:\/\/www.oarcanjo.net\/site\/wp-content\/uploads\/LogoOArcanjo.png\",\"contentUrl\":\"https:\/\/www.oarcanjo.net\/site\/wp-content\/uploads\/LogoOArcanjo.png\",\"width\":319,\"height\":99,\"caption\":\"Par\u00f3quia S\u00e3o Miguel Arcanjo\"},\"image\":{\"@id\":\"https:\/\/www.oarcanjo.net\/site\/#\/schema\/logo\/image\/\"},\"sameAs\":[\"https:\/\/www.facebook.com\/OArcanjoNoAr\/\"]},{\"@type\":\"Person\",\"@id\":\"https:\/\/www.oarcanjo.net\/site\/#\/schema\/person\/f7024d007863202483a31326673a0838\",\"name\":\"editor\",\"sameAs\":[\"http:\/\/www.oarcanjo.net\"]}]}<\/script>\n<!-- \/ Yoast SEO plugin. -->","yoast_head_json":{"title":"Santa Madre Paulina do Cora\u00e7\u00e3o Agonizante de Jesus - O Arcanjo no ar","robots":{"index":"index","follow":"follow","max-snippet":"max-snippet:-1","max-image-preview":"max-image-preview:large","max-video-preview":"max-video-preview:-1"},"canonical":"https:\/\/www.oarcanjo.net\/site\/santa-madre-paulina-do-coracao-agonizante-de-jesus\/","og_locale":"pt_BR","og_type":"article","og_title":"Santa Madre Paulina do Cora\u00e7\u00e3o Agonizante de Jesus - O Arcanjo no ar","og_description":"Am\u00e1bile L\u00facia Visintainer nasceu no dia 16 de dezembro de 1865, em Vigolo Vattaro, prov\u00edncia de Trento, no norte da It\u00e1lia. Foi a segunda filha do casal Napole\u00e3o e Anna, que eram \u00f3timos crist\u00e3os, mas muito pobres. Nessa \u00e9poca, come\u00e7ava a emigra\u00e7\u00e3o dos italianos, movida pela doen\u00e7a e carestia que assolava a regi\u00e3o. Foi o [&hellip;]","og_url":"https:\/\/www.oarcanjo.net\/site\/santa-madre-paulina-do-coracao-agonizante-de-jesus\/","og_site_name":"O Arcanjo no ar","article_publisher":"https:\/\/www.facebook.com\/OArcanjoNoAr\/","article_published_time":"2009-07-09T13:28:53+00:00","og_image":[{"width":300,"height":300,"url":"https:\/\/www.oarcanjo.net\/site\/wp-content\/uploads\/logo-o-arcanjo-no-ar-facebook.png","type":"image\/png"}],"author":"editor","twitter_card":"summary_large_image","twitter_misc":{"Escrito por":"editor","Est. tempo de leitura":"3 minutos"},"schema":{"@context":"https:\/\/schema.org","@graph":[{"@type":"Article","@id":"https:\/\/www.oarcanjo.net\/site\/santa-madre-paulina-do-coracao-agonizante-de-jesus\/#article","isPartOf":{"@id":"https:\/\/www.oarcanjo.net\/site\/santa-madre-paulina-do-coracao-agonizante-de-jesus\/"},"author":{"name":"editor","@id":"https:\/\/www.oarcanjo.net\/site\/#\/schema\/person\/f7024d007863202483a31326673a0838"},"headline":"Santa Madre Paulina do Cora\u00e7\u00e3o Agonizante de Jesus","datePublished":"2009-07-09T13:28:53+00:00","dateModified":"2009-07-09T13:28:53+00:00","mainEntityOfPage":{"@id":"https:\/\/www.oarcanjo.net\/site\/santa-madre-paulina-do-coracao-agonizante-de-jesus\/"},"wordCount":665,"commentCount":1,"publisher":{"@id":"https:\/\/www.oarcanjo.net\/site\/#organization"},"keywords":["Madre Paulina","primeira santa brasileira","Santa Paulina"],"articleSection":["Reflex\u00f5es"],"inLanguage":"pt-BR","potentialAction":[{"@type":"CommentAction","name":"Comment","target":["https:\/\/www.oarcanjo.net\/site\/santa-madre-paulina-do-coracao-agonizante-de-jesus\/#respond"]}]},{"@type":"WebPage","@id":"https:\/\/www.oarcanjo.net\/site\/santa-madre-paulina-do-coracao-agonizante-de-jesus\/","url":"https:\/\/www.oarcanjo.net\/site\/santa-madre-paulina-do-coracao-agonizante-de-jesus\/","name":"Santa Madre Paulina do Cora\u00e7\u00e3o Agonizante de Jesus - O Arcanjo no ar","isPartOf":{"@id":"https:\/\/www.oarcanjo.net\/site\/#website"},"datePublished":"2009-07-09T13:28:53+00:00","dateModified":"2009-07-09T13:28:53+00:00","breadcrumb":{"@id":"https:\/\/www.oarcanjo.net\/site\/santa-madre-paulina-do-coracao-agonizante-de-jesus\/#breadcrumb"},"inLanguage":"pt-BR","potentialAction":[{"@type":"ReadAction","target":["https:\/\/www.oarcanjo.net\/site\/santa-madre-paulina-do-coracao-agonizante-de-jesus\/"]}]},{"@type":"BreadcrumbList","@id":"https:\/\/www.oarcanjo.net\/site\/santa-madre-paulina-do-coracao-agonizante-de-jesus\/#breadcrumb","itemListElement":[{"@type":"ListItem","position":1,"name":"In\u00edcio","item":"https:\/\/www.oarcanjo.net\/site\/"},{"@type":"ListItem","position":2,"name":"Santa Madre Paulina do Cora\u00e7\u00e3o Agonizante de Jesus"}]},{"@type":"WebSite","@id":"https:\/\/www.oarcanjo.net\/site\/#website","url":"https:\/\/www.oarcanjo.net\/site\/","name":"O Arcanjo no ar","description":"Site da Par\u00f3quia S\u00e3o Miguel Arcanjo (Arquidiocese de SP)","publisher":{"@id":"https:\/\/www.oarcanjo.net\/site\/#organization"},"potentialAction":[{"@type":"SearchAction","target":{"@type":"EntryPoint","urlTemplate":"https:\/\/www.oarcanjo.net\/site\/?s={search_term_string}"},"query-input":{"@type":"PropertyValueSpecification","valueRequired":true,"valueName":"search_term_string"}}],"inLanguage":"pt-BR"},{"@type":"Organization","@id":"https:\/\/www.oarcanjo.net\/site\/#organization","name":"Par\u00f3quia S\u00e3o Miguel Arcanjo","url":"https:\/\/www.oarcanjo.net\/site\/","logo":{"@type":"ImageObject","inLanguage":"pt-BR","@id":"https:\/\/www.oarcanjo.net\/site\/#\/schema\/logo\/image\/","url":"https:\/\/www.oarcanjo.net\/site\/wp-content\/uploads\/LogoOArcanjo.png","contentUrl":"https:\/\/www.oarcanjo.net\/site\/wp-content\/uploads\/LogoOArcanjo.png","width":319,"height":99,"caption":"Par\u00f3quia S\u00e3o Miguel Arcanjo"},"image":{"@id":"https:\/\/www.oarcanjo.net\/site\/#\/schema\/logo\/image\/"},"sameAs":["https:\/\/www.facebook.com\/OArcanjoNoAr\/"]},{"@type":"Person","@id":"https:\/\/www.oarcanjo.net\/site\/#\/schema\/person\/f7024d007863202483a31326673a0838","name":"editor","sameAs":["http:\/\/www.oarcanjo.net"]}]}},"publishpress_future_action":{"enabled":false,"date":"2026-05-09 05:20:31","action":"category","newStatus":"draft","terms":[],"taxonomy":"category"},"publishpress_future_workflow_manual_trigger":{"enabledWorkflows":[]},"_links":{"self":[{"href":"https:\/\/www.oarcanjo.net\/site\/wp-json\/wp\/v2\/posts\/4184"}],"collection":[{"href":"https:\/\/www.oarcanjo.net\/site\/wp-json\/wp\/v2\/posts"}],"about":[{"href":"https:\/\/www.oarcanjo.net\/site\/wp-json\/wp\/v2\/types\/post"}],"author":[{"embeddable":true,"href":"https:\/\/www.oarcanjo.net\/site\/wp-json\/wp\/v2\/users\/5"}],"replies":[{"embeddable":true,"href":"https:\/\/www.oarcanjo.net\/site\/wp-json\/wp\/v2\/comments?post=4184"}],"version-history":[{"count":0,"href":"https:\/\/www.oarcanjo.net\/site\/wp-json\/wp\/v2\/posts\/4184\/revisions"}],"wp:attachment":[{"href":"https:\/\/www.oarcanjo.net\/site\/wp-json\/wp\/v2\/media?parent=4184"}],"wp:term":[{"taxonomy":"category","embeddable":true,"href":"https:\/\/www.oarcanjo.net\/site\/wp-json\/wp\/v2\/categories?post=4184"},{"taxonomy":"post_tag","embeddable":true,"href":"https:\/\/www.oarcanjo.net\/site\/wp-json\/wp\/v2\/tags?post=4184"}],"curies":[{"name":"wp","href":"https:\/\/api.w.org\/{rel}","templated":true}]}}