
{"id":4186,"date":"2009-07-08T10:40:22","date_gmt":"2009-07-08T13:40:22","guid":{"rendered":"http:\/\/www.oarcanjo.net\/site\/?p=4186"},"modified":"2009-07-10T10:50:21","modified_gmt":"2009-07-10T13:50:21","slug":"uma-ancia-chamada-igreja","status":"publish","type":"post","link":"https:\/\/www.oarcanjo.net\/site\/uma-ancia-chamada-igreja\/","title":{"rendered":"Uma anci\u00e3 chamada Igreja"},"content":{"rendered":"<p>Todos desejar\u00edamos que a Igreja fosse jovem, forte, vigorosa, ousada, criativa, primaveril, atraente\u2026 mas n\u00f3s a encontramos cansada, pressionada, silenciosa, medrosa, quase muda. Parece-nos muito velha, \u00e0s vezes quase tememos que tenha Alzheimer: recorda o passado, repete-o, mas parece que o que ocorre no momento lhe escapa, \u00e9 quase m\u00edope para compreender as novas luzes que brilham e que exigem resposta. Outras vezes nos parece surda, n\u00e3o escuta os gritos e o vozerio de um mundo agitado e turbulento.<\/p>\n<p>Os jovens a abandonam cansados de ver seu estado deplor\u00e1vel; t\u00e3o calada, t\u00e3o passiva, t\u00e3o torpe, t\u00e3o pouco acolhedora. Outros a atacam violentamente, ferem-na, inclusive anunciam sua morte pr\u00f3xima: &#8220;\u00e9 quest\u00e3o de tempo, \u00e9 do passado, \u00e9 uma rel\u00edquia anacr\u00f4nica, \u00e9 um objeto de antiqu\u00e1rio&#8221;. Outros querem rejuvenesc\u00ea-la com t\u00e9cnicas artificiais, antioxidantes, contra as rugas. Mas ela n\u00e3o se deixa. Outros a v\u00eaem suja, manchada, descuidada, abandonada, desprezada, como se ningu\u00e9m cuidasse dela, tentando ajud\u00e1-la com carinho, \u00e9 t\u00e3o velha a pobre\u2026<\/p>\n<p>Mas ela fica calada, medita em seu interior, recorda o passado, quando era jovem e pobre, quando a perseguiram, quando a coroaram como rainha e mestra, quando a uniram a pr\u00edncipes e reis, quando todos diziam ser seus filhos. E ela sorri, pois sempre quis ser como no come\u00e7o, fiel ao Esp\u00edrito, singela, pobre, transparente, aberta a todos, fecunda, livre, evang\u00e9lica, como seu Esposo, o Senhor. Agradece a seus filhos que quiseram que ela voltasse \u00e0s suas origens, aos seus filhos fi\u00e9is, que nunca procuravam seu pr\u00f3prio proveito sen\u00e3o o do Senhor.<\/p>\n<p>\u00c9 s\u00e1bia, cheia de experi\u00eancia, experiente em humanidade, sabe que h\u00e1 primaveras e tamb\u00e9m invernos; agora \u00e9 inverno. Muitos se afastam dela escandalizados, mas sabe que depois do inverno vir\u00e1 o ver\u00e3o, tem boa mem\u00f3ria. N\u00e3o tem medo, tempos melhores vir\u00e3o, haver\u00e1 filhos prof\u00e9ticos e corajosos que lhe devolver\u00e3o o brilho evang\u00e9lico de suas origens; tornar-se-\u00e1 pobre, evang\u00e9lica e pascoal. Tem paci\u00eancia, espera, n\u00e3o se desanima, o Senhor, seu Esposo, est\u00e1 ausente, mas voltar\u00e1; enquanto isso possui a presen\u00e7a vivificante de seu Esp\u00edrito. <\/p>\n<p>Ela \u00e9 muito antiga, tem s\u00e9culos de hist\u00f3ria, dos tempos de Ad\u00e3o, Abel, como os velhos Santos Padres pressentiram e por isso a chamaram de &#8220;anci\u00e3&#8221;. Os imp\u00e9rios passam, reis e ditadores cair\u00e3o, mas ela continua firme, silenciosa, com passo lento, caminhando para um fim sem ocaso. Espera sempre, sabe que o Senhor falou de sementes pequenas, mas que crescem, de pouco fermento, mas que far\u00e1 a massa crescer, sabe tamb\u00e9m que o joio est\u00e1 com o trigo, por isso n\u00e3o quer arranc\u00e1-lo, pois todas as vezes que seus filhos tentaram fazer isso inquisitorialmente, foi um fracasso. Prefere usar a miseric\u00f3rdia, a paci\u00eancia, o entendimento, o perd\u00e3o e a indulg\u00eancia, a excomungar e lan\u00e7ar an\u00e1temas.<br \/>\nN\u00e3o quer pressionar, n\u00e3o quer for\u00e7ar nada como alguns gostariam, n\u00e3o pretende ser cada vez mais numerosa e forte, n\u00e3o deseja ser poderosa e rica, pois os que isso queriam arruinaram-na. N\u00e3o pretende saber tudo, n\u00e3o quer dar normas a todos, como alguns fizeram em outros tempos e ainda querem que continue fazendo agora. Ela prefere dialogar, mas muitos de seus filhos t\u00eam medo do di\u00e1logo. Os tempos mudaram, ela prefere silenciar, oferecer a \u00e1gua pura de sua verdade como as fontes dos povoados que oferecem \u00e1gua ao sedento, sem obrigar ningu\u00e9m a beber. Quer abrir janelas, sacudir o p\u00f3 de imperadores e reinos passados, quer respirar ares novos repletos de oxig\u00eanio mesmo sendo muito velha, mas muitos fecham apressados suas janelas, &#8220;com medo de que a velha se resfr\u00ede&#8230;&#8221; <\/p>\n<p>Ainda que pare\u00e7a silenciosa, muda e surda, no fundo escuta uma voz interior que lhe sussurra palavras de vida eterna. Quando nos parece cega, na realidade tem os olhos voltados para dentro, para o Senhor, seu Esposo que lhe d\u00e1 for\u00e7a, d\u00e1-lhe seu Esp\u00edrito para que nunca se desanime, n\u00e3o decaia, n\u00e3o perca a esperan\u00e7a, para aprender a viver novos tempos. Ainda deve percorrer um longo caminho, como aconteceu ao velho e cansado El\u00edas no deserto. <\/p>\n<p>Parece sofrer Alzheimer, mas na realidade o que ela quer \u00e9 que n\u00f3s a cuidemos, como um esposo carinhoso que cuida de sua esposa enferma, ela quer ser amada, atendida e que n\u00f3s fa\u00e7amos uma reflex\u00e3o sobre o que fizemos com ela, por que a deixamos nesta situa\u00e7\u00e3o, por que a abandonamos procurando outras ideologias, outras religi\u00f5es, outras cosmovis\u00f5es, outras espiritualidades, mais atraentes e sedutoras, que nos deixam mais satisfeitos, mas que talvez n\u00e3o nos questionem tanto. Quem \u00e9 o respons\u00e1vel por ela se encontrar assim hoje em dia? Quem \u00e9 o culpado por ela parecer t\u00e3o suja e imunda? Quem lhe arrebatou suas j\u00f3ias para brilhar com elas? Quem foram as pessoas que se apropriaram dela, utilizando-a, manipulando-a, dizendo que eles &#8220;s\u00e3o&#8221; a Igreja, que a representam e falam em seu nome? Aquele que n\u00e3o tiver culpa que lance a primeira pedra, come\u00e7ando pelos mais velhos\u2026<\/p>\n<p>Esta Igreja com tanta idade atravessa fases como a lua, segundo alguns Santos Padres. H\u00e1 momentos minguantes, de escurid\u00e3o, de eclipse: agora estamos num deles. Mas, logo chegar\u00e3o momentos de claridade e de luz crescente. Ela brilha com a luz do Sol que \u00e9 o Senhor, n\u00e3o com luz pr\u00f3pria. Deve esperar, ter paci\u00eancia.<\/p>\n<p>Essa velha senhora \u00e9 visitada pelos pobres, crian\u00e7as, mulheres fi\u00e9is, gente insignificante, que n\u00e3o lhe temem, que gostam dela, levam-lhe flores, sabem que seu cora\u00e7\u00e3o est\u00e1 vivo e alegre e embora seja anci\u00e3 \u00e9 f\u00e9rtil. Sentem-se bem com ela, mesmo falando pouco ou ficando calada, escutam seu sil\u00eancio como uma m\u00fasica branca, sabem que seu cora\u00e7\u00e3o \u00e9 terno e jovem, misericordioso, que os compreende e que os ama. Ela agradece, sorri e acaricia-lhes suas m\u00e3os com carinho maternal.<\/p>\n<p>Pessoas ilustres n\u00e3o a visitam, n\u00e3o recebe visitas de pessoas importantes e poderosas, pois j\u00e1 n\u00e3o podem tirar proveito dela, j\u00e1 extrairam tudo o que foi poss\u00edvel, abusaram dela. Ela agora j\u00e1 n\u00e3o serve, \u00e9 lixo, uma velharia. S\u00e3o todos aqueles que com a desculpa de servi-la, se serviram dela para seus interesses, &#8220;em seu nome&#8221;. E assim a deixaram, desprestigiada, com p\u00e9ssima fama. Utilizaram seu nome, invocaram a civiliza\u00e7\u00e3o crist\u00e3 para se enriquecerem. Esta velha anci\u00e3 cheia de achaques j\u00e1 n\u00e3o lhes serve.<\/p>\n<p>Outros dizem que aceitam Jesus, seu Esposo mas n\u00e3o a velha e caduca Igreja, como se o Esp\u00edrito de Jesus n\u00e3o animasse o corpo da Igreja. A velha Igreja sabe disso, d\u00f3i em sua alma esta preteri\u00e7\u00e3o, pois ningu\u00e9m poder\u00e1 ir a Jesus se n\u00e3o passar por ela, ningu\u00e9m poder\u00e1 separ\u00e1-la de seu Esposo. \u00c9 tenta\u00e7\u00e3o, \u00e9 orgulho. Mas ela se cala e espera, um dia talvez percebam e voltem para a velha Igreja. Ela tem um grande tesouro para comunicar \u00e0 humanidade: chama-se Jesus de Nazar\u00e9, morto e ressuscitado por nosso bem, para termos vida em abund\u00e2ncia. Ela o entrega generosa aos que a procuram com simplicidade de cora\u00e7\u00e3o, mesmo sendo idosa ou talvez por isso mesmo.<\/p>\n<p>Um dia o Senhor regressar\u00e1 e embelezar\u00e1 sua fiel Esposa com luz resplandecente e vestidos novos; a Igreja voltar\u00e1 a ser jovem e bonita e Ele lhe agradecer\u00e1 por ter tido tanta paci\u00eancia e tanta resist\u00eancia durante muitos anos, por haver sido a velha Igreja silenciosa e meio surda, sofrendo de uma doen\u00e7a que parecia incur\u00e1vel mas que na realidade n\u00e3o passava de um momento de debilidade, uma fase passageira da anci\u00e3 Igreja, sempre jovem pela for\u00e7a do Esp\u00edrito. Mas, at\u00e9 chegar esse dia, haver\u00e1 algu\u00e9m que queira cuidar desta senhora idosa chamada Igreja.<\/p>\n<div id=\"themify_builder_content-4186\" data-postid=\"4186\" class=\"themify_builder_content themify_builder_content-4186 themify_builder themify_builder_front\">\n\t<\/div>\n<!-- \/themify_builder_content -->","protected":false},"excerpt":{"rendered":"<p>Todos desejar\u00edamos que a Igreja fosse jovem, forte, vigorosa, ousada, criativa, primaveril, atraente\u2026 mas n\u00f3s a encontramos cansada, pressionada, silenciosa, medrosa, quase muda. Parece-nos muito velha, \u00e0s vezes quase tememos que tenha Alzheimer: recorda o passado, repete-o, mas parece que o que ocorre no momento lhe escapa, \u00e9 quase m\u00edope para compreender as novas luzes [&hellip;]<\/p>\n","protected":false},"author":5,"featured_media":0,"comment_status":"open","ping_status":"open","sticky":false,"template":"","format":"standard","meta":{"ngg_post_thumbnail":0,"footnotes":""},"categories":[9],"tags":[99],"yoast_head":"<!-- This site is optimized with the Yoast SEO plugin v23.5 - https:\/\/yoast.com\/wordpress\/plugins\/seo\/ -->\n<title>Uma anci\u00e3 chamada Igreja - O Arcanjo no ar<\/title>\n<meta name=\"robots\" content=\"index, follow, max-snippet:-1, max-image-preview:large, max-video-preview:-1\" \/>\n<link rel=\"canonical\" href=\"https:\/\/www.oarcanjo.net\/site\/uma-ancia-chamada-igreja\/\" \/>\n<meta property=\"og:locale\" content=\"pt_BR\" \/>\n<meta property=\"og:type\" content=\"article\" \/>\n<meta property=\"og:title\" content=\"Uma anci\u00e3 chamada Igreja - O Arcanjo no ar\" \/>\n<meta property=\"og:description\" content=\"Todos desejar\u00edamos que a Igreja fosse jovem, forte, vigorosa, ousada, criativa, primaveril, atraente\u2026 mas n\u00f3s a encontramos cansada, pressionada, silenciosa, medrosa, quase muda. Parece-nos muito velha, \u00e0s vezes quase tememos que tenha Alzheimer: recorda o passado, repete-o, mas parece que o que ocorre no momento lhe escapa, \u00e9 quase m\u00edope para compreender as novas luzes [&hellip;]\" \/>\n<meta property=\"og:url\" content=\"https:\/\/www.oarcanjo.net\/site\/uma-ancia-chamada-igreja\/\" \/>\n<meta property=\"og:site_name\" content=\"O Arcanjo no ar\" \/>\n<meta property=\"article:publisher\" content=\"https:\/\/www.facebook.com\/OArcanjoNoAr\/\" \/>\n<meta property=\"article:published_time\" content=\"2009-07-08T13:40:22+00:00\" \/>\n<meta property=\"article:modified_time\" content=\"2009-07-10T13:50:21+00:00\" \/>\n<meta property=\"og:image\" content=\"https:\/\/www.oarcanjo.net\/site\/wp-content\/uploads\/logo-o-arcanjo-no-ar-facebook.png\" \/>\n\t<meta property=\"og:image:width\" content=\"300\" \/>\n\t<meta property=\"og:image:height\" content=\"300\" \/>\n\t<meta property=\"og:image:type\" content=\"image\/png\" \/>\n<meta name=\"author\" content=\"editor\" \/>\n<meta name=\"twitter:card\" content=\"summary_large_image\" \/>\n<meta name=\"twitter:label1\" content=\"Escrito por\" \/>\n\t<meta name=\"twitter:data1\" content=\"editor\" \/>\n\t<meta name=\"twitter:label2\" content=\"Est. tempo de leitura\" \/>\n\t<meta name=\"twitter:data2\" content=\"7 minutos\" \/>\n<script type=\"application\/ld+json\" class=\"yoast-schema-graph\">{\"@context\":\"https:\/\/schema.org\",\"@graph\":[{\"@type\":\"Article\",\"@id\":\"https:\/\/www.oarcanjo.net\/site\/uma-ancia-chamada-igreja\/#article\",\"isPartOf\":{\"@id\":\"https:\/\/www.oarcanjo.net\/site\/uma-ancia-chamada-igreja\/\"},\"author\":{\"name\":\"editor\",\"@id\":\"https:\/\/www.oarcanjo.net\/site\/#\/schema\/person\/f7024d007863202483a31326673a0838\"},\"headline\":\"Uma anci\u00e3 chamada Igreja\",\"datePublished\":\"2009-07-08T13:40:22+00:00\",\"dateModified\":\"2009-07-10T13:50:21+00:00\",\"mainEntityOfPage\":{\"@id\":\"https:\/\/www.oarcanjo.net\/site\/uma-ancia-chamada-igreja\/\"},\"wordCount\":1350,\"commentCount\":0,\"publisher\":{\"@id\":\"https:\/\/www.oarcanjo.net\/site\/#organization\"},\"keywords\":[\"igreja\"],\"articleSection\":[\"Reflex\u00f5es\"],\"inLanguage\":\"pt-BR\",\"potentialAction\":[{\"@type\":\"CommentAction\",\"name\":\"Comment\",\"target\":[\"https:\/\/www.oarcanjo.net\/site\/uma-ancia-chamada-igreja\/#respond\"]}]},{\"@type\":\"WebPage\",\"@id\":\"https:\/\/www.oarcanjo.net\/site\/uma-ancia-chamada-igreja\/\",\"url\":\"https:\/\/www.oarcanjo.net\/site\/uma-ancia-chamada-igreja\/\",\"name\":\"Uma anci\u00e3 chamada Igreja - O Arcanjo no ar\",\"isPartOf\":{\"@id\":\"https:\/\/www.oarcanjo.net\/site\/#website\"},\"datePublished\":\"2009-07-08T13:40:22+00:00\",\"dateModified\":\"2009-07-10T13:50:21+00:00\",\"breadcrumb\":{\"@id\":\"https:\/\/www.oarcanjo.net\/site\/uma-ancia-chamada-igreja\/#breadcrumb\"},\"inLanguage\":\"pt-BR\",\"potentialAction\":[{\"@type\":\"ReadAction\",\"target\":[\"https:\/\/www.oarcanjo.net\/site\/uma-ancia-chamada-igreja\/\"]}]},{\"@type\":\"BreadcrumbList\",\"@id\":\"https:\/\/www.oarcanjo.net\/site\/uma-ancia-chamada-igreja\/#breadcrumb\",\"itemListElement\":[{\"@type\":\"ListItem\",\"position\":1,\"name\":\"In\u00edcio\",\"item\":\"https:\/\/www.oarcanjo.net\/site\/\"},{\"@type\":\"ListItem\",\"position\":2,\"name\":\"Uma anci\u00e3 chamada Igreja\"}]},{\"@type\":\"WebSite\",\"@id\":\"https:\/\/www.oarcanjo.net\/site\/#website\",\"url\":\"https:\/\/www.oarcanjo.net\/site\/\",\"name\":\"O Arcanjo no ar\",\"description\":\"Site da Par\u00f3quia S\u00e3o Miguel Arcanjo (Arquidiocese de SP)\",\"publisher\":{\"@id\":\"https:\/\/www.oarcanjo.net\/site\/#organization\"},\"potentialAction\":[{\"@type\":\"SearchAction\",\"target\":{\"@type\":\"EntryPoint\",\"urlTemplate\":\"https:\/\/www.oarcanjo.net\/site\/?s={search_term_string}\"},\"query-input\":{\"@type\":\"PropertyValueSpecification\",\"valueRequired\":true,\"valueName\":\"search_term_string\"}}],\"inLanguage\":\"pt-BR\"},{\"@type\":\"Organization\",\"@id\":\"https:\/\/www.oarcanjo.net\/site\/#organization\",\"name\":\"Par\u00f3quia S\u00e3o Miguel Arcanjo\",\"url\":\"https:\/\/www.oarcanjo.net\/site\/\",\"logo\":{\"@type\":\"ImageObject\",\"inLanguage\":\"pt-BR\",\"@id\":\"https:\/\/www.oarcanjo.net\/site\/#\/schema\/logo\/image\/\",\"url\":\"https:\/\/www.oarcanjo.net\/site\/wp-content\/uploads\/LogoOArcanjo.png\",\"contentUrl\":\"https:\/\/www.oarcanjo.net\/site\/wp-content\/uploads\/LogoOArcanjo.png\",\"width\":319,\"height\":99,\"caption\":\"Par\u00f3quia S\u00e3o Miguel Arcanjo\"},\"image\":{\"@id\":\"https:\/\/www.oarcanjo.net\/site\/#\/schema\/logo\/image\/\"},\"sameAs\":[\"https:\/\/www.facebook.com\/OArcanjoNoAr\/\"]},{\"@type\":\"Person\",\"@id\":\"https:\/\/www.oarcanjo.net\/site\/#\/schema\/person\/f7024d007863202483a31326673a0838\",\"name\":\"editor\",\"sameAs\":[\"http:\/\/www.oarcanjo.net\"]}]}<\/script>\n<!-- \/ Yoast SEO plugin. -->","yoast_head_json":{"title":"Uma anci\u00e3 chamada Igreja - O Arcanjo no ar","robots":{"index":"index","follow":"follow","max-snippet":"max-snippet:-1","max-image-preview":"max-image-preview:large","max-video-preview":"max-video-preview:-1"},"canonical":"https:\/\/www.oarcanjo.net\/site\/uma-ancia-chamada-igreja\/","og_locale":"pt_BR","og_type":"article","og_title":"Uma anci\u00e3 chamada Igreja - O Arcanjo no ar","og_description":"Todos desejar\u00edamos que a Igreja fosse jovem, forte, vigorosa, ousada, criativa, primaveril, atraente\u2026 mas n\u00f3s a encontramos cansada, pressionada, silenciosa, medrosa, quase muda. Parece-nos muito velha, \u00e0s vezes quase tememos que tenha Alzheimer: recorda o passado, repete-o, mas parece que o que ocorre no momento lhe escapa, \u00e9 quase m\u00edope para compreender as novas luzes [&hellip;]","og_url":"https:\/\/www.oarcanjo.net\/site\/uma-ancia-chamada-igreja\/","og_site_name":"O Arcanjo no ar","article_publisher":"https:\/\/www.facebook.com\/OArcanjoNoAr\/","article_published_time":"2009-07-08T13:40:22+00:00","article_modified_time":"2009-07-10T13:50:21+00:00","og_image":[{"width":300,"height":300,"url":"https:\/\/www.oarcanjo.net\/site\/wp-content\/uploads\/logo-o-arcanjo-no-ar-facebook.png","type":"image\/png"}],"author":"editor","twitter_card":"summary_large_image","twitter_misc":{"Escrito por":"editor","Est. tempo de leitura":"7 minutos"},"schema":{"@context":"https:\/\/schema.org","@graph":[{"@type":"Article","@id":"https:\/\/www.oarcanjo.net\/site\/uma-ancia-chamada-igreja\/#article","isPartOf":{"@id":"https:\/\/www.oarcanjo.net\/site\/uma-ancia-chamada-igreja\/"},"author":{"name":"editor","@id":"https:\/\/www.oarcanjo.net\/site\/#\/schema\/person\/f7024d007863202483a31326673a0838"},"headline":"Uma anci\u00e3 chamada Igreja","datePublished":"2009-07-08T13:40:22+00:00","dateModified":"2009-07-10T13:50:21+00:00","mainEntityOfPage":{"@id":"https:\/\/www.oarcanjo.net\/site\/uma-ancia-chamada-igreja\/"},"wordCount":1350,"commentCount":0,"publisher":{"@id":"https:\/\/www.oarcanjo.net\/site\/#organization"},"keywords":["igreja"],"articleSection":["Reflex\u00f5es"],"inLanguage":"pt-BR","potentialAction":[{"@type":"CommentAction","name":"Comment","target":["https:\/\/www.oarcanjo.net\/site\/uma-ancia-chamada-igreja\/#respond"]}]},{"@type":"WebPage","@id":"https:\/\/www.oarcanjo.net\/site\/uma-ancia-chamada-igreja\/","url":"https:\/\/www.oarcanjo.net\/site\/uma-ancia-chamada-igreja\/","name":"Uma anci\u00e3 chamada Igreja - O Arcanjo no ar","isPartOf":{"@id":"https:\/\/www.oarcanjo.net\/site\/#website"},"datePublished":"2009-07-08T13:40:22+00:00","dateModified":"2009-07-10T13:50:21+00:00","breadcrumb":{"@id":"https:\/\/www.oarcanjo.net\/site\/uma-ancia-chamada-igreja\/#breadcrumb"},"inLanguage":"pt-BR","potentialAction":[{"@type":"ReadAction","target":["https:\/\/www.oarcanjo.net\/site\/uma-ancia-chamada-igreja\/"]}]},{"@type":"BreadcrumbList","@id":"https:\/\/www.oarcanjo.net\/site\/uma-ancia-chamada-igreja\/#breadcrumb","itemListElement":[{"@type":"ListItem","position":1,"name":"In\u00edcio","item":"https:\/\/www.oarcanjo.net\/site\/"},{"@type":"ListItem","position":2,"name":"Uma anci\u00e3 chamada Igreja"}]},{"@type":"WebSite","@id":"https:\/\/www.oarcanjo.net\/site\/#website","url":"https:\/\/www.oarcanjo.net\/site\/","name":"O Arcanjo no ar","description":"Site da Par\u00f3quia S\u00e3o Miguel Arcanjo (Arquidiocese de SP)","publisher":{"@id":"https:\/\/www.oarcanjo.net\/site\/#organization"},"potentialAction":[{"@type":"SearchAction","target":{"@type":"EntryPoint","urlTemplate":"https:\/\/www.oarcanjo.net\/site\/?s={search_term_string}"},"query-input":{"@type":"PropertyValueSpecification","valueRequired":true,"valueName":"search_term_string"}}],"inLanguage":"pt-BR"},{"@type":"Organization","@id":"https:\/\/www.oarcanjo.net\/site\/#organization","name":"Par\u00f3quia S\u00e3o Miguel Arcanjo","url":"https:\/\/www.oarcanjo.net\/site\/","logo":{"@type":"ImageObject","inLanguage":"pt-BR","@id":"https:\/\/www.oarcanjo.net\/site\/#\/schema\/logo\/image\/","url":"https:\/\/www.oarcanjo.net\/site\/wp-content\/uploads\/LogoOArcanjo.png","contentUrl":"https:\/\/www.oarcanjo.net\/site\/wp-content\/uploads\/LogoOArcanjo.png","width":319,"height":99,"caption":"Par\u00f3quia S\u00e3o Miguel Arcanjo"},"image":{"@id":"https:\/\/www.oarcanjo.net\/site\/#\/schema\/logo\/image\/"},"sameAs":["https:\/\/www.facebook.com\/OArcanjoNoAr\/"]},{"@type":"Person","@id":"https:\/\/www.oarcanjo.net\/site\/#\/schema\/person\/f7024d007863202483a31326673a0838","name":"editor","sameAs":["http:\/\/www.oarcanjo.net"]}]}},"publishpress_future_action":{"enabled":false,"date":"2026-05-09 08:16:43","action":"category","newStatus":"draft","terms":[],"taxonomy":"category"},"publishpress_future_workflow_manual_trigger":{"enabledWorkflows":[]},"_links":{"self":[{"href":"https:\/\/www.oarcanjo.net\/site\/wp-json\/wp\/v2\/posts\/4186"}],"collection":[{"href":"https:\/\/www.oarcanjo.net\/site\/wp-json\/wp\/v2\/posts"}],"about":[{"href":"https:\/\/www.oarcanjo.net\/site\/wp-json\/wp\/v2\/types\/post"}],"author":[{"embeddable":true,"href":"https:\/\/www.oarcanjo.net\/site\/wp-json\/wp\/v2\/users\/5"}],"replies":[{"embeddable":true,"href":"https:\/\/www.oarcanjo.net\/site\/wp-json\/wp\/v2\/comments?post=4186"}],"version-history":[{"count":0,"href":"https:\/\/www.oarcanjo.net\/site\/wp-json\/wp\/v2\/posts\/4186\/revisions"}],"wp:attachment":[{"href":"https:\/\/www.oarcanjo.net\/site\/wp-json\/wp\/v2\/media?parent=4186"}],"wp:term":[{"taxonomy":"category","embeddable":true,"href":"https:\/\/www.oarcanjo.net\/site\/wp-json\/wp\/v2\/categories?post=4186"},{"taxonomy":"post_tag","embeddable":true,"href":"https:\/\/www.oarcanjo.net\/site\/wp-json\/wp\/v2\/tags?post=4186"}],"curies":[{"name":"wp","href":"https:\/\/api.w.org\/{rel}","templated":true}]}}