
{"id":4188,"date":"2009-07-08T10:00:23","date_gmt":"2009-07-08T13:00:23","guid":{"rendered":"http:\/\/www.oarcanjo.net\/site\/?p=4188"},"modified":"2009-07-10T10:56:52","modified_gmt":"2009-07-10T13:56:52","slug":"a-caridade-com-a-verdade-a-nova-enciclica-do-papa-bento-xvi","status":"publish","type":"post","link":"https:\/\/www.oarcanjo.net\/site\/a-caridade-com-a-verdade-a-nova-enciclica-do-papa-bento-xvi\/","title":{"rendered":"A caridade com a verdade: A nova Enc\u00edclica do Papa Bento XVI"},"content":{"rendered":"<p>D. Odilo Pedro Scherer<\/p>\n<p>No \u00faltimo dia 7 de julho, foi publicada a nova Enc\u00edclica do Papa Bento XVI, com o t\u00edtulo: Caritas in Veritate (A Caridade na Verdade). Trata-se da primeira Enc\u00edclica social deste papa, dando continuidade a uma tradi\u00e7\u00e3o consolidada pelos seus predecessores que, h\u00e1 mais de 100 anos, enriquecem a Doutrina Social da Igreja com oportunas tomadas de posi\u00e7\u00e3o do Magist\u00e9rio pontif\u00edcio diante das quest\u00f5es sociais em cont\u00ednua evolu\u00e7\u00e3o.<\/p>\n<p>A Enc\u00edclica foi anunciada j\u00e1 no ano passado, quando ainda a crise econ\u00f4mica e financeira mundial n\u00e3o tinha aparecido de maneira t\u00e3o forte; publicada agora, suas reflex\u00f5es j\u00e1 levam em conta esta, que est\u00e1 sendo uma das mais graves crises dos tempos modernos. Tenho, pois, a satisfa\u00e7\u00e3o de apresentar aqui algumas considera\u00e7\u00f5es sobre este novo documento do Ensino Social da Igreja; fa\u00e7o votos que a Enc\u00edclica seja objeto de grande interesse e de muitas outras considera\u00e7\u00f5es aprofundadas.<\/p>\n<p>A \u00faltima Enc\u00edclica social tinha sido a Centesimus Annus (O Cent\u00e9simo Ano), de Jo\u00e3o Paulo II, em 1991. J\u00e1 se foram quase 20 anos. Enquanto isso, o mundo ficou mais globalizado e o panorama pol\u00edtico e econ\u00f4mico passou por profundas transforma\u00e7\u00f5es, suscitando problemas novos na conviv\u00eancia entre os povos e nas comunidades locais. Bento XVI vai a uma quest\u00e3o de princ\u00edpios: para onde deve levar o progresso humano? Quais princ\u00edpios devem nortear a busca do desenvolvimento dos povos, para que seja verdadeiro e bom, ou seja, traga efeitos bons?<\/p>\n<p>Partindo da Enc\u00edclica Populorum Progressio (O Progresso dos Povos, 1967), Bento XVI recorda como j\u00e1 naquela circunst\u00e2ncia seu grande predecessor, Paulo VI, alertara que o desenvolvimento dos povos, sem levar em conta a perspectiva de Deus e da vida eterna, acaba sendo falseado e pode se tornar desumanizador. O objetivo do progresso \u00e9 o verdadeiro bem do homem e n\u00e3o pode ir na dire\u00e7\u00e3o contr\u00e1ria do fim \u00faltimo dele. E acrescenta, diante do impasse criado pela atual crise dos sistemas econ\u00f4micos e financeiros: o desenvolvimento e o progresso precisam da verdade; sem ela, o agir econ\u00f4mico e social fica desorientado e acaba manipulado por interesses privados e pelos jogos do poder, com efeitos desagregadores para a sociedade. A crise financeira, desencadeada por um mercado saturado de pap\u00e9is falsos e podres, \u00e9 um exemplo disso.<\/p>\n<p>A economia e a finan\u00e7a s\u00e3o atividades humanas e precisam nortear-se por princ\u00edpios \u00e9ticos. E a presente crise econ\u00f4mica nos obriga a repensar os rumos da economia, afirma o papa. Enquanto cresce a riqueza econ\u00f4mica, em termos absolutos, aumentam as disparidades sociais locais e entre pa\u00edses ricos e pobres; criaram-se demasiados mecanismos de prote\u00e7\u00e3o e garantia dos interesses de quem j\u00e1 tem muito, tanto no campo econ\u00f4mico e comercial, como no campo do conhecimento e da t\u00e9cnica, dificultando o acesso a esses benef\u00edcios para quem n\u00e3o participa do grupo dos privilegiados. E tamb\u00e9m \u00e9 necess\u00e1rio avaliar, de forma nova, o papel dos poderes p\u00fablicos do Estado e das organiza\u00e7\u00f5es da sociedade, para assegurar de maneira mais eficaz o direito dos trabalhadores. O papa manifesta o desejo de que as escolhas econ\u00f4micas tenham como objetivo priorit\u00e1rio o acesso de todos ao trabalho digno e chama a aten\u00e7\u00e3o para os riscos da a\u00e7\u00e3o econ\u00f4mica voltada para o m\u00e1ximo de lucro no menor tempo poss\u00edvel; quem paga a conta s\u00e3o os trabalhadores e os pobres, sem falar das consequ\u00eancias desastrosas para o equil\u00edbrio ambiental. E tamb\u00e9m deve ser superada a busca quase neur\u00f3tica da vantagem, da concorr\u00eancia e da capacidade competitiva sempre maior, que tem em vista a supera\u00e7\u00e3o de um pa\u00eds por outro; a pol\u00edtica econ\u00f4mica globalizada precisa integrar sempre mais os princ\u00edpios da colabora\u00e7\u00e3o e da solidariedade, para o bem e a vantagem de toda a grande fam\u00edlia humana. <\/p>\n<p>Por coincid\u00eancia (ou Provid\u00eancia), a Enc\u00edclica de Bento XVI est\u00e1 sendo publicada \u00e0s v\u00e9speras de mais uma reuni\u00e3o dos representantes dos 8 pa\u00edses mais ricos do mundo (G8), na It\u00e1lia. Que as li\u00e7\u00f5es do Papa sejam bem acolhidas; ficar\u00e1 mais feliz e viver\u00e1 em boa paz a fam\u00edlia humana globalizada, especialmente seus membros mais pobres.<\/p>\n<div id=\"themify_builder_content-4188\" data-postid=\"4188\" class=\"themify_builder_content themify_builder_content-4188 themify_builder themify_builder_front\">\n\t<\/div>\n<!-- \/themify_builder_content -->","protected":false},"excerpt":{"rendered":"<p>D. Odilo Pedro Scherer No \u00faltimo dia 7 de julho, foi publicada a nova Enc\u00edclica do Papa Bento XVI, com o t\u00edtulo: Caritas in Veritate (A Caridade na Verdade). Trata-se da primeira Enc\u00edclica social deste papa, dando continuidade a uma tradi\u00e7\u00e3o consolidada pelos seus predecessores que, h\u00e1 mais de 100 anos, enriquecem a Doutrina Social [&hellip;]<\/p>\n","protected":false},"author":5,"featured_media":0,"comment_status":"open","ping_status":"open","sticky":false,"template":"","format":"standard","meta":{"ngg_post_thumbnail":0,"footnotes":""},"categories":[9],"tags":[889,206,888,319,157,34],"yoast_head":"<!-- This site is optimized with the Yoast SEO plugin v23.5 - https:\/\/yoast.com\/wordpress\/plugins\/seo\/ -->\n<title>A caridade com a verdade: A nova Enc\u00edclica do Papa Bento XVI - O Arcanjo no ar<\/title>\n<meta name=\"robots\" content=\"index, follow, max-snippet:-1, max-image-preview:large, max-video-preview:-1\" \/>\n<link rel=\"canonical\" href=\"https:\/\/www.oarcanjo.net\/site\/a-caridade-com-a-verdade-a-nova-enciclica-do-papa-bento-xvi\/\" \/>\n<meta property=\"og:locale\" content=\"pt_BR\" \/>\n<meta property=\"og:type\" content=\"article\" \/>\n<meta property=\"og:title\" content=\"A caridade com a verdade: A nova Enc\u00edclica do Papa Bento XVI - O Arcanjo no ar\" \/>\n<meta property=\"og:description\" content=\"D. Odilo Pedro Scherer No \u00faltimo dia 7 de julho, foi publicada a nova Enc\u00edclica do Papa Bento XVI, com o t\u00edtulo: Caritas in Veritate (A Caridade na Verdade). Trata-se da primeira Enc\u00edclica social deste papa, dando continuidade a uma tradi\u00e7\u00e3o consolidada pelos seus predecessores que, h\u00e1 mais de 100 anos, enriquecem a Doutrina Social [&hellip;]\" \/>\n<meta property=\"og:url\" content=\"https:\/\/www.oarcanjo.net\/site\/a-caridade-com-a-verdade-a-nova-enciclica-do-papa-bento-xvi\/\" \/>\n<meta property=\"og:site_name\" content=\"O Arcanjo no ar\" \/>\n<meta property=\"article:publisher\" content=\"https:\/\/www.facebook.com\/OArcanjoNoAr\/\" \/>\n<meta property=\"article:published_time\" content=\"2009-07-08T13:00:23+00:00\" \/>\n<meta property=\"article:modified_time\" content=\"2009-07-10T13:56:52+00:00\" \/>\n<meta property=\"og:image\" content=\"https:\/\/www.oarcanjo.net\/site\/wp-content\/uploads\/logo-o-arcanjo-no-ar-facebook.png\" \/>\n\t<meta property=\"og:image:width\" content=\"300\" \/>\n\t<meta property=\"og:image:height\" content=\"300\" \/>\n\t<meta property=\"og:image:type\" content=\"image\/png\" \/>\n<meta name=\"author\" content=\"editor\" \/>\n<meta name=\"twitter:card\" content=\"summary_large_image\" \/>\n<meta name=\"twitter:label1\" content=\"Escrito por\" \/>\n\t<meta name=\"twitter:data1\" content=\"editor\" \/>\n\t<meta name=\"twitter:label2\" content=\"Est. tempo de leitura\" \/>\n\t<meta name=\"twitter:data2\" content=\"4 minutos\" \/>\n<script type=\"application\/ld+json\" class=\"yoast-schema-graph\">{\"@context\":\"https:\/\/schema.org\",\"@graph\":[{\"@type\":\"Article\",\"@id\":\"https:\/\/www.oarcanjo.net\/site\/a-caridade-com-a-verdade-a-nova-enciclica-do-papa-bento-xvi\/#article\",\"isPartOf\":{\"@id\":\"https:\/\/www.oarcanjo.net\/site\/a-caridade-com-a-verdade-a-nova-enciclica-do-papa-bento-xvi\/\"},\"author\":{\"name\":\"editor\",\"@id\":\"https:\/\/www.oarcanjo.net\/site\/#\/schema\/person\/f7024d007863202483a31326673a0838\"},\"headline\":\"A caridade com a verdade: A nova Enc\u00edclica do Papa Bento XVI\",\"datePublished\":\"2009-07-08T13:00:23+00:00\",\"dateModified\":\"2009-07-10T13:56:52+00:00\",\"mainEntityOfPage\":{\"@id\":\"https:\/\/www.oarcanjo.net\/site\/a-caridade-com-a-verdade-a-nova-enciclica-do-papa-bento-xvi\/\"},\"wordCount\":751,\"commentCount\":0,\"publisher\":{\"@id\":\"https:\/\/www.oarcanjo.net\/site\/#organization\"},\"keywords\":[\"A Caridade na Verdade\",\"Bento XVI\",\"Caritas in Veritate\",\"enc\u00edclica\",\"papa\",\"vaticano\"],\"articleSection\":[\"Reflex\u00f5es\"],\"inLanguage\":\"pt-BR\",\"potentialAction\":[{\"@type\":\"CommentAction\",\"name\":\"Comment\",\"target\":[\"https:\/\/www.oarcanjo.net\/site\/a-caridade-com-a-verdade-a-nova-enciclica-do-papa-bento-xvi\/#respond\"]}]},{\"@type\":\"WebPage\",\"@id\":\"https:\/\/www.oarcanjo.net\/site\/a-caridade-com-a-verdade-a-nova-enciclica-do-papa-bento-xvi\/\",\"url\":\"https:\/\/www.oarcanjo.net\/site\/a-caridade-com-a-verdade-a-nova-enciclica-do-papa-bento-xvi\/\",\"name\":\"A caridade com a verdade: A nova Enc\u00edclica do Papa Bento XVI - O Arcanjo no ar\",\"isPartOf\":{\"@id\":\"https:\/\/www.oarcanjo.net\/site\/#website\"},\"datePublished\":\"2009-07-08T13:00:23+00:00\",\"dateModified\":\"2009-07-10T13:56:52+00:00\",\"breadcrumb\":{\"@id\":\"https:\/\/www.oarcanjo.net\/site\/a-caridade-com-a-verdade-a-nova-enciclica-do-papa-bento-xvi\/#breadcrumb\"},\"inLanguage\":\"pt-BR\",\"potentialAction\":[{\"@type\":\"ReadAction\",\"target\":[\"https:\/\/www.oarcanjo.net\/site\/a-caridade-com-a-verdade-a-nova-enciclica-do-papa-bento-xvi\/\"]}]},{\"@type\":\"BreadcrumbList\",\"@id\":\"https:\/\/www.oarcanjo.net\/site\/a-caridade-com-a-verdade-a-nova-enciclica-do-papa-bento-xvi\/#breadcrumb\",\"itemListElement\":[{\"@type\":\"ListItem\",\"position\":1,\"name\":\"In\u00edcio\",\"item\":\"https:\/\/www.oarcanjo.net\/site\/\"},{\"@type\":\"ListItem\",\"position\":2,\"name\":\"A caridade com a verdade: A nova Enc\u00edclica do Papa Bento XVI\"}]},{\"@type\":\"WebSite\",\"@id\":\"https:\/\/www.oarcanjo.net\/site\/#website\",\"url\":\"https:\/\/www.oarcanjo.net\/site\/\",\"name\":\"O Arcanjo no ar\",\"description\":\"Site da Par\u00f3quia S\u00e3o Miguel Arcanjo (Arquidiocese de SP)\",\"publisher\":{\"@id\":\"https:\/\/www.oarcanjo.net\/site\/#organization\"},\"potentialAction\":[{\"@type\":\"SearchAction\",\"target\":{\"@type\":\"EntryPoint\",\"urlTemplate\":\"https:\/\/www.oarcanjo.net\/site\/?s={search_term_string}\"},\"query-input\":{\"@type\":\"PropertyValueSpecification\",\"valueRequired\":true,\"valueName\":\"search_term_string\"}}],\"inLanguage\":\"pt-BR\"},{\"@type\":\"Organization\",\"@id\":\"https:\/\/www.oarcanjo.net\/site\/#organization\",\"name\":\"Par\u00f3quia S\u00e3o Miguel Arcanjo\",\"url\":\"https:\/\/www.oarcanjo.net\/site\/\",\"logo\":{\"@type\":\"ImageObject\",\"inLanguage\":\"pt-BR\",\"@id\":\"https:\/\/www.oarcanjo.net\/site\/#\/schema\/logo\/image\/\",\"url\":\"https:\/\/www.oarcanjo.net\/site\/wp-content\/uploads\/LogoOArcanjo.png\",\"contentUrl\":\"https:\/\/www.oarcanjo.net\/site\/wp-content\/uploads\/LogoOArcanjo.png\",\"width\":319,\"height\":99,\"caption\":\"Par\u00f3quia S\u00e3o Miguel Arcanjo\"},\"image\":{\"@id\":\"https:\/\/www.oarcanjo.net\/site\/#\/schema\/logo\/image\/\"},\"sameAs\":[\"https:\/\/www.facebook.com\/OArcanjoNoAr\/\"]},{\"@type\":\"Person\",\"@id\":\"https:\/\/www.oarcanjo.net\/site\/#\/schema\/person\/f7024d007863202483a31326673a0838\",\"name\":\"editor\",\"sameAs\":[\"http:\/\/www.oarcanjo.net\"]}]}<\/script>\n<!-- \/ Yoast SEO plugin. -->","yoast_head_json":{"title":"A caridade com a verdade: A nova Enc\u00edclica do Papa Bento XVI - O Arcanjo no ar","robots":{"index":"index","follow":"follow","max-snippet":"max-snippet:-1","max-image-preview":"max-image-preview:large","max-video-preview":"max-video-preview:-1"},"canonical":"https:\/\/www.oarcanjo.net\/site\/a-caridade-com-a-verdade-a-nova-enciclica-do-papa-bento-xvi\/","og_locale":"pt_BR","og_type":"article","og_title":"A caridade com a verdade: A nova Enc\u00edclica do Papa Bento XVI - O Arcanjo no ar","og_description":"D. Odilo Pedro Scherer No \u00faltimo dia 7 de julho, foi publicada a nova Enc\u00edclica do Papa Bento XVI, com o t\u00edtulo: Caritas in Veritate (A Caridade na Verdade). Trata-se da primeira Enc\u00edclica social deste papa, dando continuidade a uma tradi\u00e7\u00e3o consolidada pelos seus predecessores que, h\u00e1 mais de 100 anos, enriquecem a Doutrina Social [&hellip;]","og_url":"https:\/\/www.oarcanjo.net\/site\/a-caridade-com-a-verdade-a-nova-enciclica-do-papa-bento-xvi\/","og_site_name":"O Arcanjo no ar","article_publisher":"https:\/\/www.facebook.com\/OArcanjoNoAr\/","article_published_time":"2009-07-08T13:00:23+00:00","article_modified_time":"2009-07-10T13:56:52+00:00","og_image":[{"width":300,"height":300,"url":"https:\/\/www.oarcanjo.net\/site\/wp-content\/uploads\/logo-o-arcanjo-no-ar-facebook.png","type":"image\/png"}],"author":"editor","twitter_card":"summary_large_image","twitter_misc":{"Escrito por":"editor","Est. tempo de leitura":"4 minutos"},"schema":{"@context":"https:\/\/schema.org","@graph":[{"@type":"Article","@id":"https:\/\/www.oarcanjo.net\/site\/a-caridade-com-a-verdade-a-nova-enciclica-do-papa-bento-xvi\/#article","isPartOf":{"@id":"https:\/\/www.oarcanjo.net\/site\/a-caridade-com-a-verdade-a-nova-enciclica-do-papa-bento-xvi\/"},"author":{"name":"editor","@id":"https:\/\/www.oarcanjo.net\/site\/#\/schema\/person\/f7024d007863202483a31326673a0838"},"headline":"A caridade com a verdade: A nova Enc\u00edclica do Papa Bento XVI","datePublished":"2009-07-08T13:00:23+00:00","dateModified":"2009-07-10T13:56:52+00:00","mainEntityOfPage":{"@id":"https:\/\/www.oarcanjo.net\/site\/a-caridade-com-a-verdade-a-nova-enciclica-do-papa-bento-xvi\/"},"wordCount":751,"commentCount":0,"publisher":{"@id":"https:\/\/www.oarcanjo.net\/site\/#organization"},"keywords":["A Caridade na Verdade","Bento XVI","Caritas in Veritate","enc\u00edclica","papa","vaticano"],"articleSection":["Reflex\u00f5es"],"inLanguage":"pt-BR","potentialAction":[{"@type":"CommentAction","name":"Comment","target":["https:\/\/www.oarcanjo.net\/site\/a-caridade-com-a-verdade-a-nova-enciclica-do-papa-bento-xvi\/#respond"]}]},{"@type":"WebPage","@id":"https:\/\/www.oarcanjo.net\/site\/a-caridade-com-a-verdade-a-nova-enciclica-do-papa-bento-xvi\/","url":"https:\/\/www.oarcanjo.net\/site\/a-caridade-com-a-verdade-a-nova-enciclica-do-papa-bento-xvi\/","name":"A caridade com a verdade: A nova Enc\u00edclica do Papa Bento XVI - O Arcanjo no ar","isPartOf":{"@id":"https:\/\/www.oarcanjo.net\/site\/#website"},"datePublished":"2009-07-08T13:00:23+00:00","dateModified":"2009-07-10T13:56:52+00:00","breadcrumb":{"@id":"https:\/\/www.oarcanjo.net\/site\/a-caridade-com-a-verdade-a-nova-enciclica-do-papa-bento-xvi\/#breadcrumb"},"inLanguage":"pt-BR","potentialAction":[{"@type":"ReadAction","target":["https:\/\/www.oarcanjo.net\/site\/a-caridade-com-a-verdade-a-nova-enciclica-do-papa-bento-xvi\/"]}]},{"@type":"BreadcrumbList","@id":"https:\/\/www.oarcanjo.net\/site\/a-caridade-com-a-verdade-a-nova-enciclica-do-papa-bento-xvi\/#breadcrumb","itemListElement":[{"@type":"ListItem","position":1,"name":"In\u00edcio","item":"https:\/\/www.oarcanjo.net\/site\/"},{"@type":"ListItem","position":2,"name":"A caridade com a verdade: A nova Enc\u00edclica do Papa Bento XVI"}]},{"@type":"WebSite","@id":"https:\/\/www.oarcanjo.net\/site\/#website","url":"https:\/\/www.oarcanjo.net\/site\/","name":"O Arcanjo no ar","description":"Site da Par\u00f3quia S\u00e3o Miguel Arcanjo (Arquidiocese de SP)","publisher":{"@id":"https:\/\/www.oarcanjo.net\/site\/#organization"},"potentialAction":[{"@type":"SearchAction","target":{"@type":"EntryPoint","urlTemplate":"https:\/\/www.oarcanjo.net\/site\/?s={search_term_string}"},"query-input":{"@type":"PropertyValueSpecification","valueRequired":true,"valueName":"search_term_string"}}],"inLanguage":"pt-BR"},{"@type":"Organization","@id":"https:\/\/www.oarcanjo.net\/site\/#organization","name":"Par\u00f3quia S\u00e3o Miguel Arcanjo","url":"https:\/\/www.oarcanjo.net\/site\/","logo":{"@type":"ImageObject","inLanguage":"pt-BR","@id":"https:\/\/www.oarcanjo.net\/site\/#\/schema\/logo\/image\/","url":"https:\/\/www.oarcanjo.net\/site\/wp-content\/uploads\/LogoOArcanjo.png","contentUrl":"https:\/\/www.oarcanjo.net\/site\/wp-content\/uploads\/LogoOArcanjo.png","width":319,"height":99,"caption":"Par\u00f3quia S\u00e3o Miguel Arcanjo"},"image":{"@id":"https:\/\/www.oarcanjo.net\/site\/#\/schema\/logo\/image\/"},"sameAs":["https:\/\/www.facebook.com\/OArcanjoNoAr\/"]},{"@type":"Person","@id":"https:\/\/www.oarcanjo.net\/site\/#\/schema\/person\/f7024d007863202483a31326673a0838","name":"editor","sameAs":["http:\/\/www.oarcanjo.net"]}]}},"publishpress_future_action":{"enabled":false,"date":"2026-05-09 10:00:59","action":"category","newStatus":"draft","terms":[],"taxonomy":"category"},"publishpress_future_workflow_manual_trigger":{"enabledWorkflows":[]},"_links":{"self":[{"href":"https:\/\/www.oarcanjo.net\/site\/wp-json\/wp\/v2\/posts\/4188"}],"collection":[{"href":"https:\/\/www.oarcanjo.net\/site\/wp-json\/wp\/v2\/posts"}],"about":[{"href":"https:\/\/www.oarcanjo.net\/site\/wp-json\/wp\/v2\/types\/post"}],"author":[{"embeddable":true,"href":"https:\/\/www.oarcanjo.net\/site\/wp-json\/wp\/v2\/users\/5"}],"replies":[{"embeddable":true,"href":"https:\/\/www.oarcanjo.net\/site\/wp-json\/wp\/v2\/comments?post=4188"}],"version-history":[{"count":0,"href":"https:\/\/www.oarcanjo.net\/site\/wp-json\/wp\/v2\/posts\/4188\/revisions"}],"wp:attachment":[{"href":"https:\/\/www.oarcanjo.net\/site\/wp-json\/wp\/v2\/media?parent=4188"}],"wp:term":[{"taxonomy":"category","embeddable":true,"href":"https:\/\/www.oarcanjo.net\/site\/wp-json\/wp\/v2\/categories?post=4188"},{"taxonomy":"post_tag","embeddable":true,"href":"https:\/\/www.oarcanjo.net\/site\/wp-json\/wp\/v2\/tags?post=4188"}],"curies":[{"name":"wp","href":"https:\/\/api.w.org\/{rel}","templated":true}]}}