
{"id":4190,"date":"2009-07-09T08:10:54","date_gmt":"2009-07-09T11:10:54","guid":{"rendered":"http:\/\/www.oarcanjo.net\/site\/?p=4190"},"modified":"2009-07-10T11:00:17","modified_gmt":"2009-07-10T14:00:17","slug":"caritas-in-veritate","status":"publish","type":"post","link":"https:\/\/www.oarcanjo.net\/site\/caritas-in-veritate\/","title":{"rendered":"Caritas in Veritate"},"content":{"rendered":"<p>Dom Dem\u00e9trio Valentini<\/p>\n<p>Foi publicada nesta semana a nova enc\u00edclica do Papa, com o nome emblem\u00e1tico de &#8220;C\u00e1ritas in Veritate&#8221;, &#8220;Caridade na verdade&#8221;. \u00c9 a terceira do pontificado de Bento 16, depois da &#8220;Deus C\u00e1ritas est&#8221; , e da &#8220;Spe Salvi&#8221;.<\/p>\n<p>Veio cercada de muitas expectativas. Anunciada com insist\u00eancia pelo pr\u00f3prio Papa, esta enc\u00edclica de car\u00e1ter social acabou ligada ao contexto de crise por que passa hoje o mundo. Sua publica\u00e7\u00e3o foi adiada em vista desta crise. Sinal de que o seu conte\u00fado pretende ser a resposta da Igreja, mesmo que seu tema n\u00e3o se limite \u00e0 crise.<\/p>\n<p>Esta enc\u00edclica confirma a marca registrada do pontificado de Bento 16. Sobretudo pela insist\u00eancia na palavra &#8220;C\u00e1ritas&#8221;, usada em refer\u00eancia toda especial a Deus, o papa te\u00f3logo se esmera em colocar um fundamento bem s\u00f3lido aos temas que ele aborda em suas alocu\u00e7\u00f5es. As tr\u00eas enc\u00edclicas trazem um racioc\u00ednio rigoroso e conseq\u00fcente, como desta vez ele o faz, conjugando o relacionamento entre caridade e verdade. Basta conferir uma de suas afirma\u00e7\u00f5es mais contundentes, ao afirmar que, sem a verdade, &#8220;o amor torna-se recipiente vazio, que se pode encher arbitrariamente. \u00c9 o risco fatal do amor numa cultura sem verdade: acaba prisioneiro das emo\u00e7\u00f5es e opini\u00f5es contingentes dos indiv\u00edduos, uma palavra abusada e adulterada, chegando a significar o oposto do que \u00e9 realmente&#8221;.<\/p>\n<p>Outra refer\u00eancia importante para compreender esta nova enc\u00edclica social, \u00e9 o fato de Bento 16 relacion\u00e1-la com a Populorum Progressio&#8221;, de Paulo VI. Este dado fornece o contexto deste documento, talvez mais eloq\u00fcente do que o pr\u00f3prio texto.<\/p>\n<p>Bento 16 faz quest\u00e3o de se colocar em continuidade com as enc\u00edclicas sociais anteriores, entre as quais ele destaca a Populorum Progressio, que ele chega a definir com a &#8220;Rerum Novarum&#8221; dos tempos atuais.<\/p>\n<p>Assim fazendo, Bento 16 situa sua enc\u00edclica num contexto mais amplo, e muito significativo para os dias de hoje. Trata-se da refer\u00eancia ao Conc\u00edlio, do qual ele fala explicitamente, recordando que a Populorum Progressio nasceu do ambiente conciliar. Como sabemos, a id\u00e9ia de uma enc\u00edclica que abordasse a quest\u00e3o do desenvolvimento nasceu no conc\u00edlio. Pela prem\u00eancia em concluir logo o conc\u00edlio, e por n\u00e3o encontrar a converg\u00eancia suficiente entre os bispos em torno de assuntos t\u00e3o complexos como os ligados ao desenvolvimento, Paulo VI decidiu assumir o tema em forma de uma enc\u00edclica, como de fato ele acabou fazendo logo depois de terminado o conc\u00edlio, em 1967.<\/p>\n<p>Portanto, retomando a Populorum Progressio, Bento 16 d\u00e1 um claro recado a todos, de que o Vaticano II ainda est\u00e1 vigente, e permanece como a grande refer\u00eancia n\u00e3o s\u00f3 para os assuntos internos da Igreja, mas tamb\u00e9m para balizar as posi\u00e7\u00f5es da Igreja diante dos problemas sociais de hoje.<\/p>\n<p>Percorrendo rapidamente os seus cap\u00edtulos, percebe-se que Bento 16 abre um leque muito amplo, dentro do qual ele encontra lugar para abordar as complexas quest\u00f5es enfrentadas hoje pelo desenvolvimento, como o meio ambiente, o sistema financeiro mundial, a fun\u00e7\u00e3o do mercado e a presen\u00e7a do Estado na regula\u00e7\u00e3o da economia.  <\/p>\n<p>Como todos hoje se perguntam pelos caminhos de sa\u00edda da crise, com certeza esta enc\u00edclica do Papa ser\u00e1 lida com muita aten\u00e7\u00e3o. Vamos aguardar as rea\u00e7\u00f5es. Abordando quest\u00f5es que evoluem continuamente, como qualquer outra enc\u00edclica social, ela n\u00e3o \u00e9 palavra final de nenhum assunto. Sua fun\u00e7\u00e3o \u00e9 apontar crit\u00e9rios, e estimular a busca de solu\u00e7\u00f5es, que levem em conta o desenvolvimento integral de &#8220;todos os homens e do homem todo&#8221;, para usar uma express\u00e3o de Paulo VI que est\u00e1 t\u00e3o presente nesta enc\u00edclica de Bento 16.<\/p>\n<div id=\"themify_builder_content-4190\" data-postid=\"4190\" class=\"themify_builder_content themify_builder_content-4190 themify_builder themify_builder_front\">\n\t<\/div>\n<!-- \/themify_builder_content -->","protected":false},"excerpt":{"rendered":"<p>Dom Dem\u00e9trio Valentini Foi publicada nesta semana a nova enc\u00edclica do Papa, com o nome emblem\u00e1tico de &#8220;C\u00e1ritas in Veritate&#8221;, &#8220;Caridade na verdade&#8221;. \u00c9 a terceira do pontificado de Bento 16, depois da &#8220;Deus C\u00e1ritas est&#8221; , e da &#8220;Spe Salvi&#8221;. Veio cercada de muitas expectativas. Anunciada com insist\u00eancia pelo pr\u00f3prio Papa, esta enc\u00edclica de [&hellip;]<\/p>\n","protected":false},"author":5,"featured_media":0,"comment_status":"open","ping_status":"open","sticky":false,"template":"","format":"standard","meta":{"ngg_post_thumbnail":0,"footnotes":""},"categories":[9],"tags":[206,890,888,373,319,157,891,34],"yoast_head":"<!-- This site is optimized with the Yoast SEO plugin v23.5 - https:\/\/yoast.com\/wordpress\/plugins\/seo\/ -->\n<title>Caritas in Veritate - O Arcanjo no ar<\/title>\n<meta name=\"robots\" content=\"index, follow, max-snippet:-1, max-image-preview:large, max-video-preview:-1\" \/>\n<link rel=\"canonical\" href=\"https:\/\/www.oarcanjo.net\/site\/caritas-in-veritate\/\" \/>\n<meta property=\"og:locale\" content=\"pt_BR\" \/>\n<meta property=\"og:type\" content=\"article\" \/>\n<meta property=\"og:title\" content=\"Caritas in Veritate - O Arcanjo no ar\" \/>\n<meta property=\"og:description\" content=\"Dom Dem\u00e9trio Valentini Foi publicada nesta semana a nova enc\u00edclica do Papa, com o nome emblem\u00e1tico de &#8220;C\u00e1ritas in Veritate&#8221;, &#8220;Caridade na verdade&#8221;. \u00c9 a terceira do pontificado de Bento 16, depois da &#8220;Deus C\u00e1ritas est&#8221; , e da &#8220;Spe Salvi&#8221;. Veio cercada de muitas expectativas. Anunciada com insist\u00eancia pelo pr\u00f3prio Papa, esta enc\u00edclica de [&hellip;]\" \/>\n<meta property=\"og:url\" content=\"https:\/\/www.oarcanjo.net\/site\/caritas-in-veritate\/\" \/>\n<meta property=\"og:site_name\" content=\"O Arcanjo no ar\" \/>\n<meta property=\"article:publisher\" content=\"https:\/\/www.facebook.com\/OArcanjoNoAr\/\" \/>\n<meta property=\"article:published_time\" content=\"2009-07-09T11:10:54+00:00\" \/>\n<meta property=\"article:modified_time\" content=\"2009-07-10T14:00:17+00:00\" \/>\n<meta property=\"og:image\" content=\"https:\/\/www.oarcanjo.net\/site\/wp-content\/uploads\/logo-o-arcanjo-no-ar-facebook.png\" \/>\n\t<meta property=\"og:image:width\" content=\"300\" \/>\n\t<meta property=\"og:image:height\" content=\"300\" \/>\n\t<meta property=\"og:image:type\" content=\"image\/png\" \/>\n<meta name=\"author\" content=\"editor\" \/>\n<meta name=\"twitter:card\" content=\"summary_large_image\" \/>\n<meta name=\"twitter:label1\" content=\"Escrito por\" \/>\n\t<meta name=\"twitter:data1\" content=\"editor\" \/>\n\t<meta name=\"twitter:label2\" content=\"Est. tempo de leitura\" \/>\n\t<meta name=\"twitter:data2\" content=\"3 minutos\" \/>\n<script type=\"application\/ld+json\" class=\"yoast-schema-graph\">{\"@context\":\"https:\/\/schema.org\",\"@graph\":[{\"@type\":\"Article\",\"@id\":\"https:\/\/www.oarcanjo.net\/site\/caritas-in-veritate\/#article\",\"isPartOf\":{\"@id\":\"https:\/\/www.oarcanjo.net\/site\/caritas-in-veritate\/\"},\"author\":{\"name\":\"editor\",\"@id\":\"https:\/\/www.oarcanjo.net\/site\/#\/schema\/person\/f7024d007863202483a31326673a0838\"},\"headline\":\"Caritas in Veritate\",\"datePublished\":\"2009-07-09T11:10:54+00:00\",\"dateModified\":\"2009-07-10T14:00:17+00:00\",\"mainEntityOfPage\":{\"@id\":\"https:\/\/www.oarcanjo.net\/site\/caritas-in-veritate\/\"},\"wordCount\":640,\"commentCount\":0,\"publisher\":{\"@id\":\"https:\/\/www.oarcanjo.net\/site\/#organization\"},\"keywords\":[\"Bento XVI\",\"Caridade na Verdade\",\"Caritas in Veritate\",\"Doutrina Social da Igreja\",\"enc\u00edclica\",\"papa\",\"Paulo VI\",\"vaticano\"],\"articleSection\":[\"Reflex\u00f5es\"],\"inLanguage\":\"pt-BR\",\"potentialAction\":[{\"@type\":\"CommentAction\",\"name\":\"Comment\",\"target\":[\"https:\/\/www.oarcanjo.net\/site\/caritas-in-veritate\/#respond\"]}]},{\"@type\":\"WebPage\",\"@id\":\"https:\/\/www.oarcanjo.net\/site\/caritas-in-veritate\/\",\"url\":\"https:\/\/www.oarcanjo.net\/site\/caritas-in-veritate\/\",\"name\":\"Caritas in Veritate - O Arcanjo no ar\",\"isPartOf\":{\"@id\":\"https:\/\/www.oarcanjo.net\/site\/#website\"},\"datePublished\":\"2009-07-09T11:10:54+00:00\",\"dateModified\":\"2009-07-10T14:00:17+00:00\",\"breadcrumb\":{\"@id\":\"https:\/\/www.oarcanjo.net\/site\/caritas-in-veritate\/#breadcrumb\"},\"inLanguage\":\"pt-BR\",\"potentialAction\":[{\"@type\":\"ReadAction\",\"target\":[\"https:\/\/www.oarcanjo.net\/site\/caritas-in-veritate\/\"]}]},{\"@type\":\"BreadcrumbList\",\"@id\":\"https:\/\/www.oarcanjo.net\/site\/caritas-in-veritate\/#breadcrumb\",\"itemListElement\":[{\"@type\":\"ListItem\",\"position\":1,\"name\":\"In\u00edcio\",\"item\":\"https:\/\/www.oarcanjo.net\/site\/\"},{\"@type\":\"ListItem\",\"position\":2,\"name\":\"Caritas in Veritate\"}]},{\"@type\":\"WebSite\",\"@id\":\"https:\/\/www.oarcanjo.net\/site\/#website\",\"url\":\"https:\/\/www.oarcanjo.net\/site\/\",\"name\":\"O Arcanjo no ar\",\"description\":\"Site da Par\u00f3quia S\u00e3o Miguel Arcanjo (Arquidiocese de SP)\",\"publisher\":{\"@id\":\"https:\/\/www.oarcanjo.net\/site\/#organization\"},\"potentialAction\":[{\"@type\":\"SearchAction\",\"target\":{\"@type\":\"EntryPoint\",\"urlTemplate\":\"https:\/\/www.oarcanjo.net\/site\/?s={search_term_string}\"},\"query-input\":{\"@type\":\"PropertyValueSpecification\",\"valueRequired\":true,\"valueName\":\"search_term_string\"}}],\"inLanguage\":\"pt-BR\"},{\"@type\":\"Organization\",\"@id\":\"https:\/\/www.oarcanjo.net\/site\/#organization\",\"name\":\"Par\u00f3quia S\u00e3o Miguel Arcanjo\",\"url\":\"https:\/\/www.oarcanjo.net\/site\/\",\"logo\":{\"@type\":\"ImageObject\",\"inLanguage\":\"pt-BR\",\"@id\":\"https:\/\/www.oarcanjo.net\/site\/#\/schema\/logo\/image\/\",\"url\":\"https:\/\/www.oarcanjo.net\/site\/wp-content\/uploads\/LogoOArcanjo.png\",\"contentUrl\":\"https:\/\/www.oarcanjo.net\/site\/wp-content\/uploads\/LogoOArcanjo.png\",\"width\":319,\"height\":99,\"caption\":\"Par\u00f3quia S\u00e3o Miguel Arcanjo\"},\"image\":{\"@id\":\"https:\/\/www.oarcanjo.net\/site\/#\/schema\/logo\/image\/\"},\"sameAs\":[\"https:\/\/www.facebook.com\/OArcanjoNoAr\/\"]},{\"@type\":\"Person\",\"@id\":\"https:\/\/www.oarcanjo.net\/site\/#\/schema\/person\/f7024d007863202483a31326673a0838\",\"name\":\"editor\",\"sameAs\":[\"http:\/\/www.oarcanjo.net\"]}]}<\/script>\n<!-- \/ Yoast SEO plugin. -->","yoast_head_json":{"title":"Caritas in Veritate - O Arcanjo no ar","robots":{"index":"index","follow":"follow","max-snippet":"max-snippet:-1","max-image-preview":"max-image-preview:large","max-video-preview":"max-video-preview:-1"},"canonical":"https:\/\/www.oarcanjo.net\/site\/caritas-in-veritate\/","og_locale":"pt_BR","og_type":"article","og_title":"Caritas in Veritate - O Arcanjo no ar","og_description":"Dom Dem\u00e9trio Valentini Foi publicada nesta semana a nova enc\u00edclica do Papa, com o nome emblem\u00e1tico de &#8220;C\u00e1ritas in Veritate&#8221;, &#8220;Caridade na verdade&#8221;. \u00c9 a terceira do pontificado de Bento 16, depois da &#8220;Deus C\u00e1ritas est&#8221; , e da &#8220;Spe Salvi&#8221;. Veio cercada de muitas expectativas. Anunciada com insist\u00eancia pelo pr\u00f3prio Papa, esta enc\u00edclica de [&hellip;]","og_url":"https:\/\/www.oarcanjo.net\/site\/caritas-in-veritate\/","og_site_name":"O Arcanjo no ar","article_publisher":"https:\/\/www.facebook.com\/OArcanjoNoAr\/","article_published_time":"2009-07-09T11:10:54+00:00","article_modified_time":"2009-07-10T14:00:17+00:00","og_image":[{"width":300,"height":300,"url":"https:\/\/www.oarcanjo.net\/site\/wp-content\/uploads\/logo-o-arcanjo-no-ar-facebook.png","type":"image\/png"}],"author":"editor","twitter_card":"summary_large_image","twitter_misc":{"Escrito por":"editor","Est. tempo de leitura":"3 minutos"},"schema":{"@context":"https:\/\/schema.org","@graph":[{"@type":"Article","@id":"https:\/\/www.oarcanjo.net\/site\/caritas-in-veritate\/#article","isPartOf":{"@id":"https:\/\/www.oarcanjo.net\/site\/caritas-in-veritate\/"},"author":{"name":"editor","@id":"https:\/\/www.oarcanjo.net\/site\/#\/schema\/person\/f7024d007863202483a31326673a0838"},"headline":"Caritas in Veritate","datePublished":"2009-07-09T11:10:54+00:00","dateModified":"2009-07-10T14:00:17+00:00","mainEntityOfPage":{"@id":"https:\/\/www.oarcanjo.net\/site\/caritas-in-veritate\/"},"wordCount":640,"commentCount":0,"publisher":{"@id":"https:\/\/www.oarcanjo.net\/site\/#organization"},"keywords":["Bento XVI","Caridade na Verdade","Caritas in Veritate","Doutrina Social da Igreja","enc\u00edclica","papa","Paulo VI","vaticano"],"articleSection":["Reflex\u00f5es"],"inLanguage":"pt-BR","potentialAction":[{"@type":"CommentAction","name":"Comment","target":["https:\/\/www.oarcanjo.net\/site\/caritas-in-veritate\/#respond"]}]},{"@type":"WebPage","@id":"https:\/\/www.oarcanjo.net\/site\/caritas-in-veritate\/","url":"https:\/\/www.oarcanjo.net\/site\/caritas-in-veritate\/","name":"Caritas in Veritate - O Arcanjo no ar","isPartOf":{"@id":"https:\/\/www.oarcanjo.net\/site\/#website"},"datePublished":"2009-07-09T11:10:54+00:00","dateModified":"2009-07-10T14:00:17+00:00","breadcrumb":{"@id":"https:\/\/www.oarcanjo.net\/site\/caritas-in-veritate\/#breadcrumb"},"inLanguage":"pt-BR","potentialAction":[{"@type":"ReadAction","target":["https:\/\/www.oarcanjo.net\/site\/caritas-in-veritate\/"]}]},{"@type":"BreadcrumbList","@id":"https:\/\/www.oarcanjo.net\/site\/caritas-in-veritate\/#breadcrumb","itemListElement":[{"@type":"ListItem","position":1,"name":"In\u00edcio","item":"https:\/\/www.oarcanjo.net\/site\/"},{"@type":"ListItem","position":2,"name":"Caritas in Veritate"}]},{"@type":"WebSite","@id":"https:\/\/www.oarcanjo.net\/site\/#website","url":"https:\/\/www.oarcanjo.net\/site\/","name":"O Arcanjo no ar","description":"Site da Par\u00f3quia S\u00e3o Miguel Arcanjo (Arquidiocese de SP)","publisher":{"@id":"https:\/\/www.oarcanjo.net\/site\/#organization"},"potentialAction":[{"@type":"SearchAction","target":{"@type":"EntryPoint","urlTemplate":"https:\/\/www.oarcanjo.net\/site\/?s={search_term_string}"},"query-input":{"@type":"PropertyValueSpecification","valueRequired":true,"valueName":"search_term_string"}}],"inLanguage":"pt-BR"},{"@type":"Organization","@id":"https:\/\/www.oarcanjo.net\/site\/#organization","name":"Par\u00f3quia S\u00e3o Miguel Arcanjo","url":"https:\/\/www.oarcanjo.net\/site\/","logo":{"@type":"ImageObject","inLanguage":"pt-BR","@id":"https:\/\/www.oarcanjo.net\/site\/#\/schema\/logo\/image\/","url":"https:\/\/www.oarcanjo.net\/site\/wp-content\/uploads\/LogoOArcanjo.png","contentUrl":"https:\/\/www.oarcanjo.net\/site\/wp-content\/uploads\/LogoOArcanjo.png","width":319,"height":99,"caption":"Par\u00f3quia S\u00e3o Miguel Arcanjo"},"image":{"@id":"https:\/\/www.oarcanjo.net\/site\/#\/schema\/logo\/image\/"},"sameAs":["https:\/\/www.facebook.com\/OArcanjoNoAr\/"]},{"@type":"Person","@id":"https:\/\/www.oarcanjo.net\/site\/#\/schema\/person\/f7024d007863202483a31326673a0838","name":"editor","sameAs":["http:\/\/www.oarcanjo.net"]}]}},"publishpress_future_action":{"enabled":false,"date":"2026-05-09 06:53:15","action":"category","newStatus":"draft","terms":[],"taxonomy":"category"},"publishpress_future_workflow_manual_trigger":{"enabledWorkflows":[]},"_links":{"self":[{"href":"https:\/\/www.oarcanjo.net\/site\/wp-json\/wp\/v2\/posts\/4190"}],"collection":[{"href":"https:\/\/www.oarcanjo.net\/site\/wp-json\/wp\/v2\/posts"}],"about":[{"href":"https:\/\/www.oarcanjo.net\/site\/wp-json\/wp\/v2\/types\/post"}],"author":[{"embeddable":true,"href":"https:\/\/www.oarcanjo.net\/site\/wp-json\/wp\/v2\/users\/5"}],"replies":[{"embeddable":true,"href":"https:\/\/www.oarcanjo.net\/site\/wp-json\/wp\/v2\/comments?post=4190"}],"version-history":[{"count":0,"href":"https:\/\/www.oarcanjo.net\/site\/wp-json\/wp\/v2\/posts\/4190\/revisions"}],"wp:attachment":[{"href":"https:\/\/www.oarcanjo.net\/site\/wp-json\/wp\/v2\/media?parent=4190"}],"wp:term":[{"taxonomy":"category","embeddable":true,"href":"https:\/\/www.oarcanjo.net\/site\/wp-json\/wp\/v2\/categories?post=4190"},{"taxonomy":"post_tag","embeddable":true,"href":"https:\/\/www.oarcanjo.net\/site\/wp-json\/wp\/v2\/tags?post=4190"}],"curies":[{"name":"wp","href":"https:\/\/api.w.org\/{rel}","templated":true}]}}