
{"id":4192,"date":"2009-07-10T11:04:46","date_gmt":"2009-07-10T14:04:46","guid":{"rendered":"http:\/\/www.oarcanjo.net\/site\/?p=4192"},"modified":"2009-07-10T11:04:46","modified_gmt":"2009-07-10T14:04:46","slug":"mensagens-pela-paz-em-honduras","status":"publish","type":"post","link":"https:\/\/www.oarcanjo.net\/site\/mensagens-pela-paz-em-honduras\/","title":{"rendered":"Mensagens pela paz em Honduras"},"content":{"rendered":"<p><em>Diante da situa\u00e7\u00e3o preocupante em Honduras, que neste final de semana viveu momentos de muita tens\u00e3o, o bispo de S\u00e3o F\u00e9lix do Araguaia e a D. Dem\u00e9trio Valentini, que enviassem mensagens aos movimentos sociais, na tentativa de acalmar as tens\u00f5es e ajudar na supera\u00e7\u00e3o do impasse que se instalou e evitar a todo custo a viol\u00eancia, que pode resultar em muitas mortes.<\/p>\n<p>Trancrevemos abaixo as mensagens, pedindo a todos ora\u00e7\u00f5es pela paz em Honduras:<\/em><\/p>\n<p><strong>Mensagem de Dom Pedro Casald\u00e1liga<\/strong><\/p>\n<p>&#8220;Com esp\u00edrito fraterno e na paix\u00e3o por Nossa Am\u00e9rica, livre e unida, queremos expressar nossa total solidariedade ao povo de Honduras nesta hora de tens\u00f5es e viol\u00eancia. Que se respeite a democracia, que \u00e9 respeitar a vontade do povo. O Deus da paz proteja a esse povo querido e sofrido.<\/p>\n<p>Um abra\u00e7o de solidariedade e de esperan\u00e7a.&#8221;<\/p>\n<p>D. Pedro Casald\u00e1liga<br \/>\nBispo retirado de S\u00e3o F\u00e9lix do Araguaia, Brasil.<\/p>\n<p>*******************<\/p>\n<p><strong>Mensagem de D. Dem\u00e9trio Valentini, Bispo de Jales e Presidente da C\u00e1ritas Brasileira:<\/strong><\/p>\n<p>&#8220;Sa\u00fado os queridos irm\u00e3os e irm\u00e3s de Honduras, que est\u00e3o vivendo momentos muito importantes para o futuro democr\u00e1tico do seu pa\u00eds, e desejam o retorno imediato da legalidade, com a garantia do respeito aos direitos humanos de todas as pessoas, o cessar imediato de toda viol\u00eancia, e a paz em todo o pa\u00eds.<\/p>\n<p>Quero manifestar minha solidariedade a todos os que querem uma Honduras democr\u00e1tica, livre das conseq\u00fc\u00eancias de golpes contra a ordem constitucional, desejando que, ao mesmo tempo, sejam firmes e unidos, e evitem a todo custo que a situa\u00e7\u00e3o descambe para a viol\u00eancia, que pode levar a sacrificar inutilmente vidas humanas.<\/p>\n<p>Que Deus ilumine os passos de voc\u00eas, e que todo o povo de Honduras possa voltar, o quanto antes, a viver na justi\u00e7a e na paz.<\/p>\n<p>Com minha prece,<br \/>\nD. Dem\u00e9trio Valentini<\/p>\n<p>(Publicado originalmente pela <a href=\"http:\/\/www.adital.com.br\" target=\"_blank\">Ag\u00eancia Adital<\/a>)<\/p>\n<div id=\"themify_builder_content-4192\" data-postid=\"4192\" class=\"themify_builder_content themify_builder_content-4192 themify_builder themify_builder_front\">\n\t<\/div>\n<!-- \/themify_builder_content -->","protected":false},"excerpt":{"rendered":"<p>Diante da situa\u00e7\u00e3o preocupante em Honduras, que neste final de semana viveu momentos de muita tens\u00e3o, o bispo de S\u00e3o F\u00e9lix do Araguaia e a D. Dem\u00e9trio Valentini, que enviassem mensagens aos movimentos sociais, na tentativa de acalmar as tens\u00f5es e ajudar na supera\u00e7\u00e3o do impasse que se instalou e evitar a todo custo a [&hellip;]<\/p>\n","protected":false},"author":5,"featured_media":0,"comment_status":"open","ping_status":"open","sticky":false,"template":"","format":"standard","meta":{"ngg_post_thumbnail":0,"footnotes":""},"categories":[8],"tags":[875],"yoast_head":"<!-- This site is optimized with the Yoast SEO plugin v23.5 - https:\/\/yoast.com\/wordpress\/plugins\/seo\/ -->\n<title>Mensagens pela paz em Honduras - O Arcanjo no ar<\/title>\n<meta name=\"robots\" content=\"index, follow, max-snippet:-1, max-image-preview:large, max-video-preview:-1\" \/>\n<link rel=\"canonical\" href=\"https:\/\/www.oarcanjo.net\/site\/mensagens-pela-paz-em-honduras\/\" \/>\n<meta property=\"og:locale\" content=\"pt_BR\" \/>\n<meta property=\"og:type\" content=\"article\" \/>\n<meta property=\"og:title\" content=\"Mensagens pela paz em Honduras - O Arcanjo no ar\" \/>\n<meta property=\"og:description\" content=\"Diante da situa\u00e7\u00e3o preocupante em Honduras, que neste final de semana viveu momentos de muita tens\u00e3o, o bispo de S\u00e3o F\u00e9lix do Araguaia e a D. Dem\u00e9trio Valentini, que enviassem mensagens aos movimentos sociais, na tentativa de acalmar as tens\u00f5es e ajudar na supera\u00e7\u00e3o do impasse que se instalou e evitar a todo custo a [&hellip;]\" \/>\n<meta property=\"og:url\" content=\"https:\/\/www.oarcanjo.net\/site\/mensagens-pela-paz-em-honduras\/\" \/>\n<meta property=\"og:site_name\" content=\"O Arcanjo no ar\" \/>\n<meta property=\"article:publisher\" content=\"https:\/\/www.facebook.com\/OArcanjoNoAr\/\" \/>\n<meta property=\"article:published_time\" content=\"2009-07-10T14:04:46+00:00\" \/>\n<meta property=\"og:image\" content=\"https:\/\/www.oarcanjo.net\/site\/wp-content\/uploads\/logo-o-arcanjo-no-ar-facebook.png\" \/>\n\t<meta property=\"og:image:width\" content=\"300\" \/>\n\t<meta property=\"og:image:height\" content=\"300\" \/>\n\t<meta property=\"og:image:type\" content=\"image\/png\" \/>\n<meta name=\"author\" content=\"editor\" \/>\n<meta name=\"twitter:card\" content=\"summary_large_image\" \/>\n<meta name=\"twitter:label1\" content=\"Escrito por\" \/>\n\t<meta name=\"twitter:data1\" content=\"editor\" \/>\n\t<meta name=\"twitter:label2\" content=\"Est. tempo de leitura\" \/>\n\t<meta name=\"twitter:data2\" content=\"2 minutos\" \/>\n<script type=\"application\/ld+json\" class=\"yoast-schema-graph\">{\"@context\":\"https:\/\/schema.org\",\"@graph\":[{\"@type\":\"Article\",\"@id\":\"https:\/\/www.oarcanjo.net\/site\/mensagens-pela-paz-em-honduras\/#article\",\"isPartOf\":{\"@id\":\"https:\/\/www.oarcanjo.net\/site\/mensagens-pela-paz-em-honduras\/\"},\"author\":{\"name\":\"editor\",\"@id\":\"https:\/\/www.oarcanjo.net\/site\/#\/schema\/person\/f7024d007863202483a31326673a0838\"},\"headline\":\"Mensagens pela paz em Honduras\",\"datePublished\":\"2009-07-10T14:04:46+00:00\",\"dateModified\":\"2009-07-10T14:04:46+00:00\",\"mainEntityOfPage\":{\"@id\":\"https:\/\/www.oarcanjo.net\/site\/mensagens-pela-paz-em-honduras\/\"},\"wordCount\":342,\"commentCount\":0,\"publisher\":{\"@id\":\"https:\/\/www.oarcanjo.net\/site\/#organization\"},\"keywords\":[\"Honduras\"],\"articleSection\":[\"Not\u00edcias\"],\"inLanguage\":\"pt-BR\",\"potentialAction\":[{\"@type\":\"CommentAction\",\"name\":\"Comment\",\"target\":[\"https:\/\/www.oarcanjo.net\/site\/mensagens-pela-paz-em-honduras\/#respond\"]}]},{\"@type\":\"WebPage\",\"@id\":\"https:\/\/www.oarcanjo.net\/site\/mensagens-pela-paz-em-honduras\/\",\"url\":\"https:\/\/www.oarcanjo.net\/site\/mensagens-pela-paz-em-honduras\/\",\"name\":\"Mensagens pela paz em Honduras - O Arcanjo no ar\",\"isPartOf\":{\"@id\":\"https:\/\/www.oarcanjo.net\/site\/#website\"},\"datePublished\":\"2009-07-10T14:04:46+00:00\",\"dateModified\":\"2009-07-10T14:04:46+00:00\",\"breadcrumb\":{\"@id\":\"https:\/\/www.oarcanjo.net\/site\/mensagens-pela-paz-em-honduras\/#breadcrumb\"},\"inLanguage\":\"pt-BR\",\"potentialAction\":[{\"@type\":\"ReadAction\",\"target\":[\"https:\/\/www.oarcanjo.net\/site\/mensagens-pela-paz-em-honduras\/\"]}]},{\"@type\":\"BreadcrumbList\",\"@id\":\"https:\/\/www.oarcanjo.net\/site\/mensagens-pela-paz-em-honduras\/#breadcrumb\",\"itemListElement\":[{\"@type\":\"ListItem\",\"position\":1,\"name\":\"In\u00edcio\",\"item\":\"https:\/\/www.oarcanjo.net\/site\/\"},{\"@type\":\"ListItem\",\"position\":2,\"name\":\"Mensagens pela paz em Honduras\"}]},{\"@type\":\"WebSite\",\"@id\":\"https:\/\/www.oarcanjo.net\/site\/#website\",\"url\":\"https:\/\/www.oarcanjo.net\/site\/\",\"name\":\"O Arcanjo no ar\",\"description\":\"Site da Par\u00f3quia S\u00e3o Miguel Arcanjo (Arquidiocese de SP)\",\"publisher\":{\"@id\":\"https:\/\/www.oarcanjo.net\/site\/#organization\"},\"potentialAction\":[{\"@type\":\"SearchAction\",\"target\":{\"@type\":\"EntryPoint\",\"urlTemplate\":\"https:\/\/www.oarcanjo.net\/site\/?s={search_term_string}\"},\"query-input\":{\"@type\":\"PropertyValueSpecification\",\"valueRequired\":true,\"valueName\":\"search_term_string\"}}],\"inLanguage\":\"pt-BR\"},{\"@type\":\"Organization\",\"@id\":\"https:\/\/www.oarcanjo.net\/site\/#organization\",\"name\":\"Par\u00f3quia S\u00e3o Miguel Arcanjo\",\"url\":\"https:\/\/www.oarcanjo.net\/site\/\",\"logo\":{\"@type\":\"ImageObject\",\"inLanguage\":\"pt-BR\",\"@id\":\"https:\/\/www.oarcanjo.net\/site\/#\/schema\/logo\/image\/\",\"url\":\"https:\/\/www.oarcanjo.net\/site\/wp-content\/uploads\/LogoOArcanjo.png\",\"contentUrl\":\"https:\/\/www.oarcanjo.net\/site\/wp-content\/uploads\/LogoOArcanjo.png\",\"width\":319,\"height\":99,\"caption\":\"Par\u00f3quia S\u00e3o Miguel Arcanjo\"},\"image\":{\"@id\":\"https:\/\/www.oarcanjo.net\/site\/#\/schema\/logo\/image\/\"},\"sameAs\":[\"https:\/\/www.facebook.com\/OArcanjoNoAr\/\"]},{\"@type\":\"Person\",\"@id\":\"https:\/\/www.oarcanjo.net\/site\/#\/schema\/person\/f7024d007863202483a31326673a0838\",\"name\":\"editor\",\"sameAs\":[\"http:\/\/www.oarcanjo.net\"]}]}<\/script>\n<!-- \/ Yoast SEO plugin. -->","yoast_head_json":{"title":"Mensagens pela paz em Honduras - O Arcanjo no ar","robots":{"index":"index","follow":"follow","max-snippet":"max-snippet:-1","max-image-preview":"max-image-preview:large","max-video-preview":"max-video-preview:-1"},"canonical":"https:\/\/www.oarcanjo.net\/site\/mensagens-pela-paz-em-honduras\/","og_locale":"pt_BR","og_type":"article","og_title":"Mensagens pela paz em Honduras - O Arcanjo no ar","og_description":"Diante da situa\u00e7\u00e3o preocupante em Honduras, que neste final de semana viveu momentos de muita tens\u00e3o, o bispo de S\u00e3o F\u00e9lix do Araguaia e a D. Dem\u00e9trio Valentini, que enviassem mensagens aos movimentos sociais, na tentativa de acalmar as tens\u00f5es e ajudar na supera\u00e7\u00e3o do impasse que se instalou e evitar a todo custo a [&hellip;]","og_url":"https:\/\/www.oarcanjo.net\/site\/mensagens-pela-paz-em-honduras\/","og_site_name":"O Arcanjo no ar","article_publisher":"https:\/\/www.facebook.com\/OArcanjoNoAr\/","article_published_time":"2009-07-10T14:04:46+00:00","og_image":[{"width":300,"height":300,"url":"https:\/\/www.oarcanjo.net\/site\/wp-content\/uploads\/logo-o-arcanjo-no-ar-facebook.png","type":"image\/png"}],"author":"editor","twitter_card":"summary_large_image","twitter_misc":{"Escrito por":"editor","Est. tempo de leitura":"2 minutos"},"schema":{"@context":"https:\/\/schema.org","@graph":[{"@type":"Article","@id":"https:\/\/www.oarcanjo.net\/site\/mensagens-pela-paz-em-honduras\/#article","isPartOf":{"@id":"https:\/\/www.oarcanjo.net\/site\/mensagens-pela-paz-em-honduras\/"},"author":{"name":"editor","@id":"https:\/\/www.oarcanjo.net\/site\/#\/schema\/person\/f7024d007863202483a31326673a0838"},"headline":"Mensagens pela paz em Honduras","datePublished":"2009-07-10T14:04:46+00:00","dateModified":"2009-07-10T14:04:46+00:00","mainEntityOfPage":{"@id":"https:\/\/www.oarcanjo.net\/site\/mensagens-pela-paz-em-honduras\/"},"wordCount":342,"commentCount":0,"publisher":{"@id":"https:\/\/www.oarcanjo.net\/site\/#organization"},"keywords":["Honduras"],"articleSection":["Not\u00edcias"],"inLanguage":"pt-BR","potentialAction":[{"@type":"CommentAction","name":"Comment","target":["https:\/\/www.oarcanjo.net\/site\/mensagens-pela-paz-em-honduras\/#respond"]}]},{"@type":"WebPage","@id":"https:\/\/www.oarcanjo.net\/site\/mensagens-pela-paz-em-honduras\/","url":"https:\/\/www.oarcanjo.net\/site\/mensagens-pela-paz-em-honduras\/","name":"Mensagens pela paz em Honduras - O Arcanjo no ar","isPartOf":{"@id":"https:\/\/www.oarcanjo.net\/site\/#website"},"datePublished":"2009-07-10T14:04:46+00:00","dateModified":"2009-07-10T14:04:46+00:00","breadcrumb":{"@id":"https:\/\/www.oarcanjo.net\/site\/mensagens-pela-paz-em-honduras\/#breadcrumb"},"inLanguage":"pt-BR","potentialAction":[{"@type":"ReadAction","target":["https:\/\/www.oarcanjo.net\/site\/mensagens-pela-paz-em-honduras\/"]}]},{"@type":"BreadcrumbList","@id":"https:\/\/www.oarcanjo.net\/site\/mensagens-pela-paz-em-honduras\/#breadcrumb","itemListElement":[{"@type":"ListItem","position":1,"name":"In\u00edcio","item":"https:\/\/www.oarcanjo.net\/site\/"},{"@type":"ListItem","position":2,"name":"Mensagens pela paz em Honduras"}]},{"@type":"WebSite","@id":"https:\/\/www.oarcanjo.net\/site\/#website","url":"https:\/\/www.oarcanjo.net\/site\/","name":"O Arcanjo no ar","description":"Site da Par\u00f3quia S\u00e3o Miguel Arcanjo (Arquidiocese de SP)","publisher":{"@id":"https:\/\/www.oarcanjo.net\/site\/#organization"},"potentialAction":[{"@type":"SearchAction","target":{"@type":"EntryPoint","urlTemplate":"https:\/\/www.oarcanjo.net\/site\/?s={search_term_string}"},"query-input":{"@type":"PropertyValueSpecification","valueRequired":true,"valueName":"search_term_string"}}],"inLanguage":"pt-BR"},{"@type":"Organization","@id":"https:\/\/www.oarcanjo.net\/site\/#organization","name":"Par\u00f3quia S\u00e3o Miguel Arcanjo","url":"https:\/\/www.oarcanjo.net\/site\/","logo":{"@type":"ImageObject","inLanguage":"pt-BR","@id":"https:\/\/www.oarcanjo.net\/site\/#\/schema\/logo\/image\/","url":"https:\/\/www.oarcanjo.net\/site\/wp-content\/uploads\/LogoOArcanjo.png","contentUrl":"https:\/\/www.oarcanjo.net\/site\/wp-content\/uploads\/LogoOArcanjo.png","width":319,"height":99,"caption":"Par\u00f3quia S\u00e3o Miguel Arcanjo"},"image":{"@id":"https:\/\/www.oarcanjo.net\/site\/#\/schema\/logo\/image\/"},"sameAs":["https:\/\/www.facebook.com\/OArcanjoNoAr\/"]},{"@type":"Person","@id":"https:\/\/www.oarcanjo.net\/site\/#\/schema\/person\/f7024d007863202483a31326673a0838","name":"editor","sameAs":["http:\/\/www.oarcanjo.net"]}]}},"publishpress_future_action":{"enabled":false,"date":"2026-05-08 16:15:36","action":"category","newStatus":"draft","terms":[],"taxonomy":"category"},"publishpress_future_workflow_manual_trigger":{"enabledWorkflows":[]},"_links":{"self":[{"href":"https:\/\/www.oarcanjo.net\/site\/wp-json\/wp\/v2\/posts\/4192"}],"collection":[{"href":"https:\/\/www.oarcanjo.net\/site\/wp-json\/wp\/v2\/posts"}],"about":[{"href":"https:\/\/www.oarcanjo.net\/site\/wp-json\/wp\/v2\/types\/post"}],"author":[{"embeddable":true,"href":"https:\/\/www.oarcanjo.net\/site\/wp-json\/wp\/v2\/users\/5"}],"replies":[{"embeddable":true,"href":"https:\/\/www.oarcanjo.net\/site\/wp-json\/wp\/v2\/comments?post=4192"}],"version-history":[{"count":0,"href":"https:\/\/www.oarcanjo.net\/site\/wp-json\/wp\/v2\/posts\/4192\/revisions"}],"wp:attachment":[{"href":"https:\/\/www.oarcanjo.net\/site\/wp-json\/wp\/v2\/media?parent=4192"}],"wp:term":[{"taxonomy":"category","embeddable":true,"href":"https:\/\/www.oarcanjo.net\/site\/wp-json\/wp\/v2\/categories?post=4192"},{"taxonomy":"post_tag","embeddable":true,"href":"https:\/\/www.oarcanjo.net\/site\/wp-json\/wp\/v2\/tags?post=4192"}],"curies":[{"name":"wp","href":"https:\/\/api.w.org\/{rel}","templated":true}]}}