
{"id":4194,"date":"2009-07-09T11:07:40","date_gmt":"2009-07-09T14:07:40","guid":{"rendered":"http:\/\/www.oarcanjo.net\/site\/?p=4194"},"modified":"2009-07-10T11:08:37","modified_gmt":"2009-07-10T14:08:37","slug":"decimo-segundo-intereclesial","status":"publish","type":"post","link":"https:\/\/www.oarcanjo.net\/site\/decimo-segundo-intereclesial\/","title":{"rendered":"D\u00e9cimo Segundo Intereclesial"},"content":{"rendered":"<p>Roberto Malvezzi, Gog\u00f3 *<\/p>\n<p>As caravanas das Comunidades Eclesiais de Base j\u00e1 se preparam para ir at\u00e9 Porto Velho, Rond\u00f4nia, para o XII Intereclesial de CEBs. Jornada longa. Os \u00f4nibus da Bahia devem levar quatro dias de ida, sete dias em Rond\u00f4nia e mais quatro dias de retorno.<\/p>\n<p>Nossas comunidades v\u00e3o assumir definitivamente a dimens\u00e3o ecol\u00f3gica da f\u00e9, num mundo em convuls\u00e3o, de trag\u00e9dias dantescas, globais, como as enchentes do Nordeste, como as cem mil mortes em um \u00fanico dil\u00favio em Mianmar. Estamos diante de um desafio planet\u00e1rio que se faz um desafio de f\u00e9.<\/p>\n<p>O local escolhido para assumir e aprofundar essa causa \u00e9 a Amaz\u00f4nia, s\u00edmbolo maior da devasta\u00e7\u00e3o que o ser humano provoca na natureza. Nos crimes contra a natureza nada se cria, na se perde, tudo se vinga. James Lovelock costuma dizer que esse n\u00e3o ser\u00e1 o fim da humanidade e nem o fim da vida no planeta, mas ser\u00e1 um planeta pobre, t\u00f3rrido, eliminando cerca de 70% da vida, inclusive das vidas humanas. Depois de se reajustar, o planeta se reorganiza de outra forma.<\/p>\n<p>Na humanidade resta pouca sensibilidade real contra a fome, a sede e as injusti\u00e7as. Existe muito daquela boa vontade da qual o inferno est\u00e1 forrado. S\u00f3 o caos ecol\u00f3gico pode ascender alguma rea\u00e7\u00e3o humana. A elite mundial chegou ao para\u00edso e n\u00e3o est\u00e1 disposta a ceder nenhuma unha de seu bem estar ao restante da humanidade.<\/p>\n<p>Nossas pequenas comunidades tamb\u00e9m j\u00e1 n\u00e3o t\u00eam o &#8220;apelo&#8221; que tinham antes, quando a op\u00e7\u00e3o pelos pobres era moda. Hoje o modismo eclesial \u00e9 a fama, o sucesso, a movimenta\u00e7\u00e3o milion\u00e1ria de produtos religiosos que fazem a fortuna de pessoas e institui\u00e7\u00f5es. Enfim, a tal teologia da prosperidade, t\u00e3o ao gosto de setores pentecostais, tanto evang\u00e9licos como cat\u00f3licos. Mas, o Evangelho n\u00e3o est\u00e1 sujeito a modismos. A fidelidade aos pobres, \u00e0 justi\u00e7a, \u00e0 partilha, \u00e0 solidariedade, \u00e0 fraternidade, independe das circunstancias.<\/p>\n<p>H\u00e1 um novo ar, uma nova clorofila, sendo respirados pelas CEBs. Eles v\u00eam da ecologia. Muitos pastores cat\u00f3licos j\u00e1 entenderam e ap\u00f3iam.<\/p>\n<p>A sede de justi\u00e7a \u00e9 uma bem-aventuran\u00e7a particular das CEBs. Sem elas essa pr\u00e1tica quase que desaparece da Igreja Cat\u00f3lica.<\/p>\n<p>De cora\u00e7\u00e3o, desejo e pe\u00e7o a Deus que nossas comunidades sejam revigoradas na f\u00e9, na ora\u00e7\u00e3o, na luta, no compromisso com a justi\u00e7a e a ecologia. Ser\u00e3o nossa contribui\u00e7\u00e3o de crist\u00e3os conscientes, cidad\u00e3os, inseridos, numa crise civilizacional que j\u00e1 se faz presente, se aprofunda e sugere cen\u00e1rios terr\u00edveis.<\/p>\n<p>Que Deus esteja com nossas comunidades em Rond\u00f4nia. E estar\u00e1.<\/p>\n<div id=\"themify_builder_content-4194\" data-postid=\"4194\" class=\"themify_builder_content themify_builder_content-4194 themify_builder themify_builder_front\">\n\t<\/div>\n<!-- \/themify_builder_content -->","protected":false},"excerpt":{"rendered":"<p>Roberto Malvezzi, Gog\u00f3 * As caravanas das Comunidades Eclesiais de Base j\u00e1 se preparam para ir at\u00e9 Porto Velho, Rond\u00f4nia, para o XII Intereclesial de CEBs. Jornada longa. Os \u00f4nibus da Bahia devem levar quatro dias de ida, sete dias em Rond\u00f4nia e mais quatro dias de retorno. Nossas comunidades v\u00e3o assumir definitivamente a dimens\u00e3o [&hellip;]<\/p>\n","protected":false},"author":5,"featured_media":0,"comment_status":"open","ping_status":"open","sticky":false,"template":"","format":"standard","meta":{"ngg_post_thumbnail":0,"footnotes":""},"categories":[8],"tags":[315,893,468,171,892],"yoast_head":"<!-- This site is optimized with the Yoast SEO plugin v23.5 - https:\/\/yoast.com\/wordpress\/plugins\/seo\/ -->\n<title>D\u00e9cimo Segundo Intereclesial - O Arcanjo no ar<\/title>\n<meta name=\"robots\" content=\"index, follow, max-snippet:-1, max-image-preview:large, max-video-preview:-1\" \/>\n<link rel=\"canonical\" href=\"https:\/\/www.oarcanjo.net\/site\/decimo-segundo-intereclesial\/\" \/>\n<meta property=\"og:locale\" content=\"pt_BR\" \/>\n<meta property=\"og:type\" content=\"article\" \/>\n<meta property=\"og:title\" content=\"D\u00e9cimo Segundo Intereclesial - O Arcanjo no ar\" \/>\n<meta property=\"og:description\" content=\"Roberto Malvezzi, Gog\u00f3 * As caravanas das Comunidades Eclesiais de Base j\u00e1 se preparam para ir at\u00e9 Porto Velho, Rond\u00f4nia, para o XII Intereclesial de CEBs. Jornada longa. Os \u00f4nibus da Bahia devem levar quatro dias de ida, sete dias em Rond\u00f4nia e mais quatro dias de retorno. Nossas comunidades v\u00e3o assumir definitivamente a dimens\u00e3o [&hellip;]\" \/>\n<meta property=\"og:url\" content=\"https:\/\/www.oarcanjo.net\/site\/decimo-segundo-intereclesial\/\" \/>\n<meta property=\"og:site_name\" content=\"O Arcanjo no ar\" \/>\n<meta property=\"article:publisher\" content=\"https:\/\/www.facebook.com\/OArcanjoNoAr\/\" \/>\n<meta property=\"article:published_time\" content=\"2009-07-09T14:07:40+00:00\" \/>\n<meta property=\"article:modified_time\" content=\"2009-07-10T14:08:37+00:00\" \/>\n<meta property=\"og:image\" content=\"https:\/\/www.oarcanjo.net\/site\/wp-content\/uploads\/logo-o-arcanjo-no-ar-facebook.png\" \/>\n\t<meta property=\"og:image:width\" content=\"300\" \/>\n\t<meta property=\"og:image:height\" content=\"300\" \/>\n\t<meta property=\"og:image:type\" content=\"image\/png\" \/>\n<meta name=\"author\" content=\"editor\" \/>\n<meta name=\"twitter:card\" content=\"summary_large_image\" \/>\n<meta name=\"twitter:label1\" content=\"Escrito por\" \/>\n\t<meta name=\"twitter:data1\" content=\"editor\" \/>\n\t<meta name=\"twitter:label2\" content=\"Est. tempo de leitura\" \/>\n\t<meta name=\"twitter:data2\" content=\"2 minutos\" \/>\n<script type=\"application\/ld+json\" class=\"yoast-schema-graph\">{\"@context\":\"https:\/\/schema.org\",\"@graph\":[{\"@type\":\"Article\",\"@id\":\"https:\/\/www.oarcanjo.net\/site\/decimo-segundo-intereclesial\/#article\",\"isPartOf\":{\"@id\":\"https:\/\/www.oarcanjo.net\/site\/decimo-segundo-intereclesial\/\"},\"author\":{\"name\":\"editor\",\"@id\":\"https:\/\/www.oarcanjo.net\/site\/#\/schema\/person\/f7024d007863202483a31326673a0838\"},\"headline\":\"D\u00e9cimo Segundo Intereclesial\",\"datePublished\":\"2009-07-09T14:07:40+00:00\",\"dateModified\":\"2009-07-10T14:08:37+00:00\",\"mainEntityOfPage\":{\"@id\":\"https:\/\/www.oarcanjo.net\/site\/decimo-segundo-intereclesial\/\"},\"wordCount\":460,\"commentCount\":1,\"publisher\":{\"@id\":\"https:\/\/www.oarcanjo.net\/site\/#organization\"},\"keywords\":[\"Amaz\u00f4nia\",\"Comunidades Eclesiais de Base\",\"meio ambiente\",\"natureza\",\"XII Intereclesial de CEBs\"],\"articleSection\":[\"Not\u00edcias\"],\"inLanguage\":\"pt-BR\",\"potentialAction\":[{\"@type\":\"CommentAction\",\"name\":\"Comment\",\"target\":[\"https:\/\/www.oarcanjo.net\/site\/decimo-segundo-intereclesial\/#respond\"]}]},{\"@type\":\"WebPage\",\"@id\":\"https:\/\/www.oarcanjo.net\/site\/decimo-segundo-intereclesial\/\",\"url\":\"https:\/\/www.oarcanjo.net\/site\/decimo-segundo-intereclesial\/\",\"name\":\"D\u00e9cimo Segundo Intereclesial - O Arcanjo no ar\",\"isPartOf\":{\"@id\":\"https:\/\/www.oarcanjo.net\/site\/#website\"},\"datePublished\":\"2009-07-09T14:07:40+00:00\",\"dateModified\":\"2009-07-10T14:08:37+00:00\",\"breadcrumb\":{\"@id\":\"https:\/\/www.oarcanjo.net\/site\/decimo-segundo-intereclesial\/#breadcrumb\"},\"inLanguage\":\"pt-BR\",\"potentialAction\":[{\"@type\":\"ReadAction\",\"target\":[\"https:\/\/www.oarcanjo.net\/site\/decimo-segundo-intereclesial\/\"]}]},{\"@type\":\"BreadcrumbList\",\"@id\":\"https:\/\/www.oarcanjo.net\/site\/decimo-segundo-intereclesial\/#breadcrumb\",\"itemListElement\":[{\"@type\":\"ListItem\",\"position\":1,\"name\":\"In\u00edcio\",\"item\":\"https:\/\/www.oarcanjo.net\/site\/\"},{\"@type\":\"ListItem\",\"position\":2,\"name\":\"D\u00e9cimo Segundo Intereclesial\"}]},{\"@type\":\"WebSite\",\"@id\":\"https:\/\/www.oarcanjo.net\/site\/#website\",\"url\":\"https:\/\/www.oarcanjo.net\/site\/\",\"name\":\"O Arcanjo no ar\",\"description\":\"Site da Par\u00f3quia S\u00e3o Miguel Arcanjo (Arquidiocese de SP)\",\"publisher\":{\"@id\":\"https:\/\/www.oarcanjo.net\/site\/#organization\"},\"potentialAction\":[{\"@type\":\"SearchAction\",\"target\":{\"@type\":\"EntryPoint\",\"urlTemplate\":\"https:\/\/www.oarcanjo.net\/site\/?s={search_term_string}\"},\"query-input\":{\"@type\":\"PropertyValueSpecification\",\"valueRequired\":true,\"valueName\":\"search_term_string\"}}],\"inLanguage\":\"pt-BR\"},{\"@type\":\"Organization\",\"@id\":\"https:\/\/www.oarcanjo.net\/site\/#organization\",\"name\":\"Par\u00f3quia S\u00e3o Miguel Arcanjo\",\"url\":\"https:\/\/www.oarcanjo.net\/site\/\",\"logo\":{\"@type\":\"ImageObject\",\"inLanguage\":\"pt-BR\",\"@id\":\"https:\/\/www.oarcanjo.net\/site\/#\/schema\/logo\/image\/\",\"url\":\"https:\/\/www.oarcanjo.net\/site\/wp-content\/uploads\/LogoOArcanjo.png\",\"contentUrl\":\"https:\/\/www.oarcanjo.net\/site\/wp-content\/uploads\/LogoOArcanjo.png\",\"width\":319,\"height\":99,\"caption\":\"Par\u00f3quia S\u00e3o Miguel Arcanjo\"},\"image\":{\"@id\":\"https:\/\/www.oarcanjo.net\/site\/#\/schema\/logo\/image\/\"},\"sameAs\":[\"https:\/\/www.facebook.com\/OArcanjoNoAr\/\"]},{\"@type\":\"Person\",\"@id\":\"https:\/\/www.oarcanjo.net\/site\/#\/schema\/person\/f7024d007863202483a31326673a0838\",\"name\":\"editor\",\"sameAs\":[\"http:\/\/www.oarcanjo.net\"]}]}<\/script>\n<!-- \/ Yoast SEO plugin. -->","yoast_head_json":{"title":"D\u00e9cimo Segundo Intereclesial - O Arcanjo no ar","robots":{"index":"index","follow":"follow","max-snippet":"max-snippet:-1","max-image-preview":"max-image-preview:large","max-video-preview":"max-video-preview:-1"},"canonical":"https:\/\/www.oarcanjo.net\/site\/decimo-segundo-intereclesial\/","og_locale":"pt_BR","og_type":"article","og_title":"D\u00e9cimo Segundo Intereclesial - O Arcanjo no ar","og_description":"Roberto Malvezzi, Gog\u00f3 * As caravanas das Comunidades Eclesiais de Base j\u00e1 se preparam para ir at\u00e9 Porto Velho, Rond\u00f4nia, para o XII Intereclesial de CEBs. Jornada longa. Os \u00f4nibus da Bahia devem levar quatro dias de ida, sete dias em Rond\u00f4nia e mais quatro dias de retorno. Nossas comunidades v\u00e3o assumir definitivamente a dimens\u00e3o [&hellip;]","og_url":"https:\/\/www.oarcanjo.net\/site\/decimo-segundo-intereclesial\/","og_site_name":"O Arcanjo no ar","article_publisher":"https:\/\/www.facebook.com\/OArcanjoNoAr\/","article_published_time":"2009-07-09T14:07:40+00:00","article_modified_time":"2009-07-10T14:08:37+00:00","og_image":[{"width":300,"height":300,"url":"https:\/\/www.oarcanjo.net\/site\/wp-content\/uploads\/logo-o-arcanjo-no-ar-facebook.png","type":"image\/png"}],"author":"editor","twitter_card":"summary_large_image","twitter_misc":{"Escrito por":"editor","Est. tempo de leitura":"2 minutos"},"schema":{"@context":"https:\/\/schema.org","@graph":[{"@type":"Article","@id":"https:\/\/www.oarcanjo.net\/site\/decimo-segundo-intereclesial\/#article","isPartOf":{"@id":"https:\/\/www.oarcanjo.net\/site\/decimo-segundo-intereclesial\/"},"author":{"name":"editor","@id":"https:\/\/www.oarcanjo.net\/site\/#\/schema\/person\/f7024d007863202483a31326673a0838"},"headline":"D\u00e9cimo Segundo Intereclesial","datePublished":"2009-07-09T14:07:40+00:00","dateModified":"2009-07-10T14:08:37+00:00","mainEntityOfPage":{"@id":"https:\/\/www.oarcanjo.net\/site\/decimo-segundo-intereclesial\/"},"wordCount":460,"commentCount":1,"publisher":{"@id":"https:\/\/www.oarcanjo.net\/site\/#organization"},"keywords":["Amaz\u00f4nia","Comunidades Eclesiais de Base","meio ambiente","natureza","XII Intereclesial de CEBs"],"articleSection":["Not\u00edcias"],"inLanguage":"pt-BR","potentialAction":[{"@type":"CommentAction","name":"Comment","target":["https:\/\/www.oarcanjo.net\/site\/decimo-segundo-intereclesial\/#respond"]}]},{"@type":"WebPage","@id":"https:\/\/www.oarcanjo.net\/site\/decimo-segundo-intereclesial\/","url":"https:\/\/www.oarcanjo.net\/site\/decimo-segundo-intereclesial\/","name":"D\u00e9cimo Segundo Intereclesial - O Arcanjo no ar","isPartOf":{"@id":"https:\/\/www.oarcanjo.net\/site\/#website"},"datePublished":"2009-07-09T14:07:40+00:00","dateModified":"2009-07-10T14:08:37+00:00","breadcrumb":{"@id":"https:\/\/www.oarcanjo.net\/site\/decimo-segundo-intereclesial\/#breadcrumb"},"inLanguage":"pt-BR","potentialAction":[{"@type":"ReadAction","target":["https:\/\/www.oarcanjo.net\/site\/decimo-segundo-intereclesial\/"]}]},{"@type":"BreadcrumbList","@id":"https:\/\/www.oarcanjo.net\/site\/decimo-segundo-intereclesial\/#breadcrumb","itemListElement":[{"@type":"ListItem","position":1,"name":"In\u00edcio","item":"https:\/\/www.oarcanjo.net\/site\/"},{"@type":"ListItem","position":2,"name":"D\u00e9cimo Segundo Intereclesial"}]},{"@type":"WebSite","@id":"https:\/\/www.oarcanjo.net\/site\/#website","url":"https:\/\/www.oarcanjo.net\/site\/","name":"O Arcanjo no ar","description":"Site da Par\u00f3quia S\u00e3o Miguel Arcanjo (Arquidiocese de SP)","publisher":{"@id":"https:\/\/www.oarcanjo.net\/site\/#organization"},"potentialAction":[{"@type":"SearchAction","target":{"@type":"EntryPoint","urlTemplate":"https:\/\/www.oarcanjo.net\/site\/?s={search_term_string}"},"query-input":{"@type":"PropertyValueSpecification","valueRequired":true,"valueName":"search_term_string"}}],"inLanguage":"pt-BR"},{"@type":"Organization","@id":"https:\/\/www.oarcanjo.net\/site\/#organization","name":"Par\u00f3quia S\u00e3o Miguel Arcanjo","url":"https:\/\/www.oarcanjo.net\/site\/","logo":{"@type":"ImageObject","inLanguage":"pt-BR","@id":"https:\/\/www.oarcanjo.net\/site\/#\/schema\/logo\/image\/","url":"https:\/\/www.oarcanjo.net\/site\/wp-content\/uploads\/LogoOArcanjo.png","contentUrl":"https:\/\/www.oarcanjo.net\/site\/wp-content\/uploads\/LogoOArcanjo.png","width":319,"height":99,"caption":"Par\u00f3quia S\u00e3o Miguel Arcanjo"},"image":{"@id":"https:\/\/www.oarcanjo.net\/site\/#\/schema\/logo\/image\/"},"sameAs":["https:\/\/www.facebook.com\/OArcanjoNoAr\/"]},{"@type":"Person","@id":"https:\/\/www.oarcanjo.net\/site\/#\/schema\/person\/f7024d007863202483a31326673a0838","name":"editor","sameAs":["http:\/\/www.oarcanjo.net"]}]}},"publishpress_future_action":{"enabled":false,"date":"2026-05-08 17:29:09","action":"category","newStatus":"draft","terms":[],"taxonomy":"category"},"publishpress_future_workflow_manual_trigger":{"enabledWorkflows":[]},"_links":{"self":[{"href":"https:\/\/www.oarcanjo.net\/site\/wp-json\/wp\/v2\/posts\/4194"}],"collection":[{"href":"https:\/\/www.oarcanjo.net\/site\/wp-json\/wp\/v2\/posts"}],"about":[{"href":"https:\/\/www.oarcanjo.net\/site\/wp-json\/wp\/v2\/types\/post"}],"author":[{"embeddable":true,"href":"https:\/\/www.oarcanjo.net\/site\/wp-json\/wp\/v2\/users\/5"}],"replies":[{"embeddable":true,"href":"https:\/\/www.oarcanjo.net\/site\/wp-json\/wp\/v2\/comments?post=4194"}],"version-history":[{"count":0,"href":"https:\/\/www.oarcanjo.net\/site\/wp-json\/wp\/v2\/posts\/4194\/revisions"}],"wp:attachment":[{"href":"https:\/\/www.oarcanjo.net\/site\/wp-json\/wp\/v2\/media?parent=4194"}],"wp:term":[{"taxonomy":"category","embeddable":true,"href":"https:\/\/www.oarcanjo.net\/site\/wp-json\/wp\/v2\/categories?post=4194"},{"taxonomy":"post_tag","embeddable":true,"href":"https:\/\/www.oarcanjo.net\/site\/wp-json\/wp\/v2\/tags?post=4194"}],"curies":[{"name":"wp","href":"https:\/\/api.w.org\/{rel}","templated":true}]}}