
{"id":4197,"date":"2009-07-08T16:08:44","date_gmt":"2009-07-08T19:08:44","guid":{"rendered":"http:\/\/www.oarcanjo.net\/site\/?p=4197"},"modified":"2009-07-10T11:10:30","modified_gmt":"2009-07-10T14:10:30","slug":"12-intereclesial-das-comunidades-eclesiais-de-base-divulga-programacao","status":"publish","type":"post","link":"https:\/\/www.oarcanjo.net\/site\/12-intereclesial-das-comunidades-eclesiais-de-base-divulga-programacao\/","title":{"rendered":"12\u00b0 Intereclesial das Comunidades Eclesiais de Base divulga programa\u00e7\u00e3o"},"content":{"rendered":"<p>A capital de Rond\u00f4nia, Porto Velho, no norte do pa\u00eds, sedia o 12\u00b0 Intereclesial das Comunidades Eclesiais de Base (CEBs) a partir do pr\u00f3ximo dia 21. O encontro, que vai at\u00e9 25 de julho, traz como tema principal &#8220;Ecologia e Miss\u00e3o&#8221;. O lema deste ano \u00e9 &#8220;Do Ventre da Terra, o Grito que vem da Amaz\u00f4nia&#8221;. <\/p>\n<p>Os organizadores do evento, que \u00e9 considerado um dos maiores acontecimentos religiosos e sociais do pa\u00eds, confirmam presen\u00e7a de 3 mil pessoas.<\/p>\n<p>A abertura, no dia 21, ser\u00e1 na Pra\u00e7a Madeira Mamor\u00e9 com uma celebra\u00e7\u00e3o \u00e0s 19h, ap\u00f3s chegada das delega\u00e7\u00f5es. Segundo Irm\u00e3 Osnilda Silva, Coordenadora de Comunica\u00e7\u00e3o do 12\u00b0 Intereclesial, a Celebra\u00e7\u00e3o de Abertura \u00e9 um dos principais momentos do encontro das CEBs, j\u00e1 que na ocasi\u00e3o ser\u00e3o lembrados todos os Intereclesiais ocorridos at\u00e9 ent\u00e3o. <\/p>\n<p>O in\u00edcio dos trabalhos acontece na manh\u00e3 da quarta-feira (22) com ora\u00e7\u00e3o pelas popula\u00e7\u00f5es ind\u00edgenas. \u00c0s 9h haver\u00e1 a primeira coletiva de imprensa do evento e, no per\u00edodo da tarde, um Ato Penitencial ser\u00e1 celebrado em local pr\u00f3ximo \u00e0 constru\u00e7\u00e3o da Usina Hidroel\u00e9trica Santo Antonio.<\/p>\n<p>Irm\u00e3 Osnilda destaca como importante as visitas que ser\u00e3o feitas \u00e0s Comunidades, Popula\u00e7\u00f5es Ind\u00edgenas, Casa de deten\u00e7\u00e3o, Hospitais e Casa Fam\u00edlia Rosetta, que cuida de pessoas com defici\u00eancia e depend\u00eancia qu\u00edmica, no dia 23. O objetivo das visitas n\u00e3o \u00e9 apenas conhecer, mas tamb\u00e9m ouvir e criar um la\u00e7o de amizade. O lema dessas visitas \u00e9 &#8220;Quem conhece ama&#8221;.<\/p>\n<p>Na sexta-feira (24) dois momentos trazem \u2018trocas de experi\u00eancias\u2019. Primeiro durante manh\u00e3, as &#8220;Trocas de testemunhos da experi\u00eancia na Miss\u00e3o&#8221; re\u00fanem grupos das regionais das CEBs do Brasil inteiro para compartilhar experi\u00eancias de suas regi\u00f5es. Ap\u00f3s almo\u00e7o, um dos grandes destaques do encontro se d\u00e1 com o &#8220;Testemunho de pessoas prof\u00e9ticas&#8221;. <\/p>\n<p>Segundo Irm\u00e3 Osnilda, esse momento traz pessoas escolhidas, &#8220;s\u00e3o pessoas de presen\u00e7a prof\u00e9tica, que lutam por uma causa e questionam a realidade&#8221;. A senadora Marina Silva (PT-AC) participa falando sobre a defesa da Amaz\u00f4nia e a l\u00edder ind\u00edgena guatemalteca Rigoberta Mench\u00fa traz seu conhecimento de militante em prol da mulher. Dom Jos\u00e9 Maria Pires, conhecido como &#8220;Dom Zumbi&#8221; &#8211; por sua luta em favor da comunidade afro &#8211; e Dom Pedro Casald\u00e1liga, tamb\u00e9m participam do Testemunho.<\/p>\n<p>No \u00faltimo dia do 12\u00b0 Intereclesial das CEBs, s\u00e1bado, ser\u00e1 realizada uma celebra\u00e7\u00e3o ecum\u00eanica no in\u00edcio da manh\u00e3 e haver\u00e1 tamb\u00e9m escolha do local para o 13\u00b0 Intereclesial. Ap\u00f3s caminhada das comunidades, haver\u00e1 encerramento com Celebra\u00e7\u00e3o Eucar\u00edstica \u00e0s 17h no Est\u00e1dio Alu\u00edsio Ferreira, no bairro Arigol\u00e2ndia.<\/p>\n<p><strong>CEBs<\/strong><\/p>\n<p>As Comunidades Eclesiais de Base se tornaram parte integrante da Igreja Cat\u00f3lica na d\u00e9cada de 70 com o objetivo de ser um ponto de partida para discuss\u00f5es sobre vivenciar a f\u00e9 em comunh\u00e3o com os povos, sobretudo os mais necessitados e exclu\u00eddos.<\/p>\n<div id=\"themify_builder_content-4197\" data-postid=\"4197\" class=\"themify_builder_content themify_builder_content-4197 themify_builder themify_builder_front\">\n\t<\/div>\n<!-- \/themify_builder_content -->","protected":false},"excerpt":{"rendered":"<p>A capital de Rond\u00f4nia, Porto Velho, no norte do pa\u00eds, sedia o 12\u00b0 Intereclesial das Comunidades Eclesiais de Base (CEBs) a partir do pr\u00f3ximo dia 21. O encontro, que vai at\u00e9 25 de julho, traz como tema principal &#8220;Ecologia e Miss\u00e3o&#8221;. O lema deste ano \u00e9 &#8220;Do Ventre da Terra, o Grito que vem da [&hellip;]<\/p>\n","protected":false},"author":5,"featured_media":0,"comment_status":"open","ping_status":"open","sticky":false,"template":"","format":"standard","meta":{"ngg_post_thumbnail":0,"footnotes":""},"categories":[8],"tags":[893,894],"yoast_head":"<!-- This site is optimized with the Yoast SEO plugin v23.5 - https:\/\/yoast.com\/wordpress\/plugins\/seo\/ -->\n<title>12\u00b0 Intereclesial das Comunidades Eclesiais de Base divulga programa\u00e7\u00e3o - O Arcanjo no ar<\/title>\n<meta name=\"robots\" content=\"index, follow, max-snippet:-1, max-image-preview:large, max-video-preview:-1\" \/>\n<link rel=\"canonical\" href=\"https:\/\/www.oarcanjo.net\/site\/12-intereclesial-das-comunidades-eclesiais-de-base-divulga-programacao\/\" \/>\n<meta property=\"og:locale\" content=\"pt_BR\" \/>\n<meta property=\"og:type\" content=\"article\" \/>\n<meta property=\"og:title\" content=\"12\u00b0 Intereclesial das Comunidades Eclesiais de Base divulga programa\u00e7\u00e3o - O Arcanjo no ar\" \/>\n<meta property=\"og:description\" content=\"A capital de Rond\u00f4nia, Porto Velho, no norte do pa\u00eds, sedia o 12\u00b0 Intereclesial das Comunidades Eclesiais de Base (CEBs) a partir do pr\u00f3ximo dia 21. O encontro, que vai at\u00e9 25 de julho, traz como tema principal &#8220;Ecologia e Miss\u00e3o&#8221;. O lema deste ano \u00e9 &#8220;Do Ventre da Terra, o Grito que vem da [&hellip;]\" \/>\n<meta property=\"og:url\" content=\"https:\/\/www.oarcanjo.net\/site\/12-intereclesial-das-comunidades-eclesiais-de-base-divulga-programacao\/\" \/>\n<meta property=\"og:site_name\" content=\"O Arcanjo no ar\" \/>\n<meta property=\"article:publisher\" content=\"https:\/\/www.facebook.com\/OArcanjoNoAr\/\" \/>\n<meta property=\"article:published_time\" content=\"2009-07-08T19:08:44+00:00\" \/>\n<meta property=\"article:modified_time\" content=\"2009-07-10T14:10:30+00:00\" \/>\n<meta property=\"og:image\" content=\"https:\/\/www.oarcanjo.net\/site\/wp-content\/uploads\/logo-o-arcanjo-no-ar-facebook.png\" \/>\n\t<meta property=\"og:image:width\" content=\"300\" \/>\n\t<meta property=\"og:image:height\" content=\"300\" \/>\n\t<meta property=\"og:image:type\" content=\"image\/png\" \/>\n<meta name=\"author\" content=\"editor\" \/>\n<meta name=\"twitter:card\" content=\"summary_large_image\" \/>\n<meta name=\"twitter:label1\" content=\"Escrito por\" \/>\n\t<meta name=\"twitter:data1\" content=\"editor\" \/>\n\t<meta name=\"twitter:label2\" content=\"Est. tempo de leitura\" \/>\n\t<meta name=\"twitter:data2\" content=\"3 minutos\" \/>\n<script type=\"application\/ld+json\" class=\"yoast-schema-graph\">{\"@context\":\"https:\/\/schema.org\",\"@graph\":[{\"@type\":\"Article\",\"@id\":\"https:\/\/www.oarcanjo.net\/site\/12-intereclesial-das-comunidades-eclesiais-de-base-divulga-programacao\/#article\",\"isPartOf\":{\"@id\":\"https:\/\/www.oarcanjo.net\/site\/12-intereclesial-das-comunidades-eclesiais-de-base-divulga-programacao\/\"},\"author\":{\"name\":\"editor\",\"@id\":\"https:\/\/www.oarcanjo.net\/site\/#\/schema\/person\/f7024d007863202483a31326673a0838\"},\"headline\":\"12\u00b0 Intereclesial das Comunidades Eclesiais de Base divulga programa\u00e7\u00e3o\",\"datePublished\":\"2009-07-08T19:08:44+00:00\",\"dateModified\":\"2009-07-10T14:10:30+00:00\",\"mainEntityOfPage\":{\"@id\":\"https:\/\/www.oarcanjo.net\/site\/12-intereclesial-das-comunidades-eclesiais-de-base-divulga-programacao\/\"},\"wordCount\":511,\"commentCount\":5,\"publisher\":{\"@id\":\"https:\/\/www.oarcanjo.net\/site\/#organization\"},\"keywords\":[\"Comunidades Eclesiais de Base\",\"Intereclesial de CEBs\"],\"articleSection\":[\"Not\u00edcias\"],\"inLanguage\":\"pt-BR\",\"potentialAction\":[{\"@type\":\"CommentAction\",\"name\":\"Comment\",\"target\":[\"https:\/\/www.oarcanjo.net\/site\/12-intereclesial-das-comunidades-eclesiais-de-base-divulga-programacao\/#respond\"]}]},{\"@type\":\"WebPage\",\"@id\":\"https:\/\/www.oarcanjo.net\/site\/12-intereclesial-das-comunidades-eclesiais-de-base-divulga-programacao\/\",\"url\":\"https:\/\/www.oarcanjo.net\/site\/12-intereclesial-das-comunidades-eclesiais-de-base-divulga-programacao\/\",\"name\":\"12\u00b0 Intereclesial das Comunidades Eclesiais de Base divulga programa\u00e7\u00e3o - O Arcanjo no ar\",\"isPartOf\":{\"@id\":\"https:\/\/www.oarcanjo.net\/site\/#website\"},\"datePublished\":\"2009-07-08T19:08:44+00:00\",\"dateModified\":\"2009-07-10T14:10:30+00:00\",\"breadcrumb\":{\"@id\":\"https:\/\/www.oarcanjo.net\/site\/12-intereclesial-das-comunidades-eclesiais-de-base-divulga-programacao\/#breadcrumb\"},\"inLanguage\":\"pt-BR\",\"potentialAction\":[{\"@type\":\"ReadAction\",\"target\":[\"https:\/\/www.oarcanjo.net\/site\/12-intereclesial-das-comunidades-eclesiais-de-base-divulga-programacao\/\"]}]},{\"@type\":\"BreadcrumbList\",\"@id\":\"https:\/\/www.oarcanjo.net\/site\/12-intereclesial-das-comunidades-eclesiais-de-base-divulga-programacao\/#breadcrumb\",\"itemListElement\":[{\"@type\":\"ListItem\",\"position\":1,\"name\":\"In\u00edcio\",\"item\":\"https:\/\/www.oarcanjo.net\/site\/\"},{\"@type\":\"ListItem\",\"position\":2,\"name\":\"12\u00b0 Intereclesial das Comunidades Eclesiais de Base divulga programa\u00e7\u00e3o\"}]},{\"@type\":\"WebSite\",\"@id\":\"https:\/\/www.oarcanjo.net\/site\/#website\",\"url\":\"https:\/\/www.oarcanjo.net\/site\/\",\"name\":\"O Arcanjo no ar\",\"description\":\"Site da Par\u00f3quia S\u00e3o Miguel Arcanjo (Arquidiocese de SP)\",\"publisher\":{\"@id\":\"https:\/\/www.oarcanjo.net\/site\/#organization\"},\"potentialAction\":[{\"@type\":\"SearchAction\",\"target\":{\"@type\":\"EntryPoint\",\"urlTemplate\":\"https:\/\/www.oarcanjo.net\/site\/?s={search_term_string}\"},\"query-input\":{\"@type\":\"PropertyValueSpecification\",\"valueRequired\":true,\"valueName\":\"search_term_string\"}}],\"inLanguage\":\"pt-BR\"},{\"@type\":\"Organization\",\"@id\":\"https:\/\/www.oarcanjo.net\/site\/#organization\",\"name\":\"Par\u00f3quia S\u00e3o Miguel Arcanjo\",\"url\":\"https:\/\/www.oarcanjo.net\/site\/\",\"logo\":{\"@type\":\"ImageObject\",\"inLanguage\":\"pt-BR\",\"@id\":\"https:\/\/www.oarcanjo.net\/site\/#\/schema\/logo\/image\/\",\"url\":\"https:\/\/www.oarcanjo.net\/site\/wp-content\/uploads\/LogoOArcanjo.png\",\"contentUrl\":\"https:\/\/www.oarcanjo.net\/site\/wp-content\/uploads\/LogoOArcanjo.png\",\"width\":319,\"height\":99,\"caption\":\"Par\u00f3quia S\u00e3o Miguel Arcanjo\"},\"image\":{\"@id\":\"https:\/\/www.oarcanjo.net\/site\/#\/schema\/logo\/image\/\"},\"sameAs\":[\"https:\/\/www.facebook.com\/OArcanjoNoAr\/\"]},{\"@type\":\"Person\",\"@id\":\"https:\/\/www.oarcanjo.net\/site\/#\/schema\/person\/f7024d007863202483a31326673a0838\",\"name\":\"editor\",\"sameAs\":[\"http:\/\/www.oarcanjo.net\"]}]}<\/script>\n<!-- \/ Yoast SEO plugin. -->","yoast_head_json":{"title":"12\u00b0 Intereclesial das Comunidades Eclesiais de Base divulga programa\u00e7\u00e3o - O Arcanjo no ar","robots":{"index":"index","follow":"follow","max-snippet":"max-snippet:-1","max-image-preview":"max-image-preview:large","max-video-preview":"max-video-preview:-1"},"canonical":"https:\/\/www.oarcanjo.net\/site\/12-intereclesial-das-comunidades-eclesiais-de-base-divulga-programacao\/","og_locale":"pt_BR","og_type":"article","og_title":"12\u00b0 Intereclesial das Comunidades Eclesiais de Base divulga programa\u00e7\u00e3o - O Arcanjo no ar","og_description":"A capital de Rond\u00f4nia, Porto Velho, no norte do pa\u00eds, sedia o 12\u00b0 Intereclesial das Comunidades Eclesiais de Base (CEBs) a partir do pr\u00f3ximo dia 21. O encontro, que vai at\u00e9 25 de julho, traz como tema principal &#8220;Ecologia e Miss\u00e3o&#8221;. O lema deste ano \u00e9 &#8220;Do Ventre da Terra, o Grito que vem da [&hellip;]","og_url":"https:\/\/www.oarcanjo.net\/site\/12-intereclesial-das-comunidades-eclesiais-de-base-divulga-programacao\/","og_site_name":"O Arcanjo no ar","article_publisher":"https:\/\/www.facebook.com\/OArcanjoNoAr\/","article_published_time":"2009-07-08T19:08:44+00:00","article_modified_time":"2009-07-10T14:10:30+00:00","og_image":[{"width":300,"height":300,"url":"https:\/\/www.oarcanjo.net\/site\/wp-content\/uploads\/logo-o-arcanjo-no-ar-facebook.png","type":"image\/png"}],"author":"editor","twitter_card":"summary_large_image","twitter_misc":{"Escrito por":"editor","Est. tempo de leitura":"3 minutos"},"schema":{"@context":"https:\/\/schema.org","@graph":[{"@type":"Article","@id":"https:\/\/www.oarcanjo.net\/site\/12-intereclesial-das-comunidades-eclesiais-de-base-divulga-programacao\/#article","isPartOf":{"@id":"https:\/\/www.oarcanjo.net\/site\/12-intereclesial-das-comunidades-eclesiais-de-base-divulga-programacao\/"},"author":{"name":"editor","@id":"https:\/\/www.oarcanjo.net\/site\/#\/schema\/person\/f7024d007863202483a31326673a0838"},"headline":"12\u00b0 Intereclesial das Comunidades Eclesiais de Base divulga programa\u00e7\u00e3o","datePublished":"2009-07-08T19:08:44+00:00","dateModified":"2009-07-10T14:10:30+00:00","mainEntityOfPage":{"@id":"https:\/\/www.oarcanjo.net\/site\/12-intereclesial-das-comunidades-eclesiais-de-base-divulga-programacao\/"},"wordCount":511,"commentCount":5,"publisher":{"@id":"https:\/\/www.oarcanjo.net\/site\/#organization"},"keywords":["Comunidades Eclesiais de Base","Intereclesial de CEBs"],"articleSection":["Not\u00edcias"],"inLanguage":"pt-BR","potentialAction":[{"@type":"CommentAction","name":"Comment","target":["https:\/\/www.oarcanjo.net\/site\/12-intereclesial-das-comunidades-eclesiais-de-base-divulga-programacao\/#respond"]}]},{"@type":"WebPage","@id":"https:\/\/www.oarcanjo.net\/site\/12-intereclesial-das-comunidades-eclesiais-de-base-divulga-programacao\/","url":"https:\/\/www.oarcanjo.net\/site\/12-intereclesial-das-comunidades-eclesiais-de-base-divulga-programacao\/","name":"12\u00b0 Intereclesial das Comunidades Eclesiais de Base divulga programa\u00e7\u00e3o - O Arcanjo no ar","isPartOf":{"@id":"https:\/\/www.oarcanjo.net\/site\/#website"},"datePublished":"2009-07-08T19:08:44+00:00","dateModified":"2009-07-10T14:10:30+00:00","breadcrumb":{"@id":"https:\/\/www.oarcanjo.net\/site\/12-intereclesial-das-comunidades-eclesiais-de-base-divulga-programacao\/#breadcrumb"},"inLanguage":"pt-BR","potentialAction":[{"@type":"ReadAction","target":["https:\/\/www.oarcanjo.net\/site\/12-intereclesial-das-comunidades-eclesiais-de-base-divulga-programacao\/"]}]},{"@type":"BreadcrumbList","@id":"https:\/\/www.oarcanjo.net\/site\/12-intereclesial-das-comunidades-eclesiais-de-base-divulga-programacao\/#breadcrumb","itemListElement":[{"@type":"ListItem","position":1,"name":"In\u00edcio","item":"https:\/\/www.oarcanjo.net\/site\/"},{"@type":"ListItem","position":2,"name":"12\u00b0 Intereclesial das Comunidades Eclesiais de Base divulga programa\u00e7\u00e3o"}]},{"@type":"WebSite","@id":"https:\/\/www.oarcanjo.net\/site\/#website","url":"https:\/\/www.oarcanjo.net\/site\/","name":"O Arcanjo no ar","description":"Site da Par\u00f3quia S\u00e3o Miguel Arcanjo (Arquidiocese de SP)","publisher":{"@id":"https:\/\/www.oarcanjo.net\/site\/#organization"},"potentialAction":[{"@type":"SearchAction","target":{"@type":"EntryPoint","urlTemplate":"https:\/\/www.oarcanjo.net\/site\/?s={search_term_string}"},"query-input":{"@type":"PropertyValueSpecification","valueRequired":true,"valueName":"search_term_string"}}],"inLanguage":"pt-BR"},{"@type":"Organization","@id":"https:\/\/www.oarcanjo.net\/site\/#organization","name":"Par\u00f3quia S\u00e3o Miguel Arcanjo","url":"https:\/\/www.oarcanjo.net\/site\/","logo":{"@type":"ImageObject","inLanguage":"pt-BR","@id":"https:\/\/www.oarcanjo.net\/site\/#\/schema\/logo\/image\/","url":"https:\/\/www.oarcanjo.net\/site\/wp-content\/uploads\/LogoOArcanjo.png","contentUrl":"https:\/\/www.oarcanjo.net\/site\/wp-content\/uploads\/LogoOArcanjo.png","width":319,"height":99,"caption":"Par\u00f3quia S\u00e3o Miguel Arcanjo"},"image":{"@id":"https:\/\/www.oarcanjo.net\/site\/#\/schema\/logo\/image\/"},"sameAs":["https:\/\/www.facebook.com\/OArcanjoNoAr\/"]},{"@type":"Person","@id":"https:\/\/www.oarcanjo.net\/site\/#\/schema\/person\/f7024d007863202483a31326673a0838","name":"editor","sameAs":["http:\/\/www.oarcanjo.net"]}]}},"publishpress_future_action":{"enabled":false,"date":"2026-05-08 20:32:38","action":"category","newStatus":"draft","terms":[],"taxonomy":"category"},"publishpress_future_workflow_manual_trigger":{"enabledWorkflows":[]},"_links":{"self":[{"href":"https:\/\/www.oarcanjo.net\/site\/wp-json\/wp\/v2\/posts\/4197"}],"collection":[{"href":"https:\/\/www.oarcanjo.net\/site\/wp-json\/wp\/v2\/posts"}],"about":[{"href":"https:\/\/www.oarcanjo.net\/site\/wp-json\/wp\/v2\/types\/post"}],"author":[{"embeddable":true,"href":"https:\/\/www.oarcanjo.net\/site\/wp-json\/wp\/v2\/users\/5"}],"replies":[{"embeddable":true,"href":"https:\/\/www.oarcanjo.net\/site\/wp-json\/wp\/v2\/comments?post=4197"}],"version-history":[{"count":0,"href":"https:\/\/www.oarcanjo.net\/site\/wp-json\/wp\/v2\/posts\/4197\/revisions"}],"wp:attachment":[{"href":"https:\/\/www.oarcanjo.net\/site\/wp-json\/wp\/v2\/media?parent=4197"}],"wp:term":[{"taxonomy":"category","embeddable":true,"href":"https:\/\/www.oarcanjo.net\/site\/wp-json\/wp\/v2\/categories?post=4197"},{"taxonomy":"post_tag","embeddable":true,"href":"https:\/\/www.oarcanjo.net\/site\/wp-json\/wp\/v2\/tags?post=4197"}],"curies":[{"name":"wp","href":"https:\/\/api.w.org\/{rel}","templated":true}]}}