
{"id":4201,"date":"2009-07-06T11:20:56","date_gmt":"2009-07-06T14:20:56","guid":{"rendered":"http:\/\/www.oarcanjo.net\/site\/?p=4201"},"modified":"2009-07-10T11:32:18","modified_gmt":"2009-07-10T14:32:18","slug":"o-lazer-e-a-criatividade","status":"publish","type":"post","link":"https:\/\/www.oarcanjo.net\/site\/o-lazer-e-a-criatividade\/","title":{"rendered":"O Lazer e a criatividade"},"content":{"rendered":"<p>Marcelo Barros<\/p>\n<p>No m\u00eas de julho, em todo o Brasil, escolas e universidades d\u00e3o uma pausa em suas atividades. Em v\u00e1rias regi\u00f5es do Brasil, \u00e9 tempo de f\u00e9rias. No Centro-oeste, \u00e9 temporada de acampamentos no Araguaia. Em um pa\u00eds socialista como Cuba, oper\u00e1rios ou sub-empregados que lutam para sobreviver a vida inteira, de repente, uma vez ao ano, por uma semana, podem se inscrever e se hospedam em col\u00f4nias de f\u00e9rias e hot\u00e9is fazendas ou de praia, tudo por conta do governo. No Brasil, infelizmente, lazer ainda parece luxo e infelizmente \u00e9 restritivo para quem tem dinheiro ou as m\u00ednimas condi\u00e7\u00f5es econ\u00f4micas para arcar com as despesas. Tanto o servi\u00e7o de sa\u00fade governamental, como planos de sa\u00fade particular, n\u00e3o imaginam p\u00f4r em suas listas de servi\u00e7o o lazer como essencial \u00e0 sa\u00fade p\u00fablica, embora os m\u00e9dicos recomendem descansar e fazer exerc\u00edcios como nata\u00e7\u00e3o como solu\u00e7\u00e3o a v\u00e1rios problemas f\u00edsicos e ps\u00edquicos.<\/p>\n<p>Tanto para a sa\u00fade, como para uma espiritualidade ecum\u00eanica, \u00e9 importante romper com a rotina. Cada pessoa tem sua medida de trabalho e sua necessidade de descanso. H\u00e1 pessoas que se refazem plantando uma horta. Outras recreiam fazendo comida. Outras ainda se refazem dirigindo um carro. E tamb\u00e9m h\u00e1 quem prefira simplesmente viver alguns dias sem obriga\u00e7\u00f5es de hor\u00e1rio, embora muitos ainda n\u00e3o se sintam livres, porque a sociedade capitalista nos faz sentir mal e como em pecado grave, quando n\u00e3o estamos produzindo.<\/p>\n<p>\u00c9 certo que, como diz a regra beneditina, &#8220;o n\u00e3o fazer nada \u00e9 nocivo para a alma&#8221;. A ociosidade gera neuroses, viol\u00eancias e outros v\u00edcios. Ningu\u00e9m nega o valor ou a import\u00e2ncia do trabalho. Mas, como diria o Evangelho, o trabalho \u00e9 para o ser humano e para a sua vida e n\u00e3o o contr\u00e1rio. O desafio \u00e9 superar a idolatria da produ\u00e7\u00e3o a qualquer custo, do mercado considerado como regulador maior das rela\u00e7\u00f5es sociais e da competitividade como regra primeira da conviv\u00eancia humana.<\/p>\n<p>A uma sociedade que insiste em considerar o tempo como dinheiro, as culturas tradicionais teimam em dizer que tempo \u00e9 gra\u00e7a e espa\u00e7o de conviv\u00eancia. As tradi\u00e7\u00f5es populares cont\u00eam muito da criatividade que pode fundamentar novas rela\u00e7\u00f5es sociais. Em uma sociedade que s\u00f3 d\u00e1 valor ao trabalho ou ao estudo, mas n\u00e3o ao lazer, o trabalho e o estudo s\u00e3o planejados e organizados em leis bastante restritas. O lazer \u00e9 abandonado \u00e0 pr\u00f3pria sorte. Quem contar quantas horas do dia uma pessoa que se forma dedica \u00e0 escola, vai constatar que a escola ocupa uma parte pequena da vida (1\/7 do tempo). Deixa uma grande parte de tempo livre sem planejamento.<\/p>\n<p>O mundo inteiro pode ser reorganizado de forma que favore\u00e7a o direito que todos os seres humanos t\u00eam a uma vida digna e feliz. Este caminho n\u00e3o \u00e9 espont\u00e2neo. Por isso, as diversas escolas de Filosofia e \u00c9tica precisam ajudar as pessoas a torn\u00e1-las mais capazes do amor solid\u00e1rio e da constru\u00e7\u00e3o de um mundo no qual todos sejam irm\u00e3os. O cuidado com a vida n\u00e3o basta para nos trazer felicidade, a n\u00e3o ser quando cada pessoa se faz respons\u00e1vel tamb\u00e9m pela vida do outro. A solidariedade \u00e9 a maior fonte de felicidade e bem-estar pessoal e coletivo. Mesmo nas f\u00e9rias ou em pleno lazer, \u00e9 poss\u00edvel viver de forma solid\u00e1ria e respons\u00e1vel. Para descansar, h\u00e1 quem pe\u00e7a apenas o sol do Araguaia, muita cerveja gelada, uma bela companhia e a espera dos dias que passam. Estes dias podem ser mais felizes com alguma criatividade e uma boa parcela de solidariedade humana.<\/p>\n<p>O Ocidente precisou de fil\u00f3sofos contempor\u00e2neos como Domenico de Masi para valorizar o &#8220;\u00f3cio criativo&#8221; que, h\u00e1 s\u00e9culos, as culturas negras e ind\u00edgenas cultivam, ao menos aquelas que n\u00e3o se deixaram contaminar pela ambi\u00e7\u00e3o do lucro, desencadeada pelo contato com a cultura capitalista. O \u00f3cio criativo n\u00e3o \u00e9 simplesmente uma aus\u00eancia de ocupa\u00e7\u00e3o, mas \u00e9 relacionar melhor trabalho, estudo e lazer. A reflex\u00e3o sobre o &#8220;\u00f3cio criativo&#8221; ajuda as pessoas a planejarem melhor o tempo livre e a aprofundarem o sentido e o valor do lazer.<\/p>\n<p>No Brasil de hoje, alguns dos trabalhos sociais mais importantes e significativos consistem em educar crian\u00e7as e jovens para artes pl\u00e1sticas, m\u00fasica, dan\u00e7a e outras formas de arte que d\u00e3o novo sentido \u00e0 vida das pessoas, liberta jovens, adultos e crian\u00e7as da viol\u00eancia de cada dia e os educa para a criatividade que, muitas vezes, falta na escola formal, presa a programas e curr\u00edculos oficiais.<\/p>\n<p>Podemos tornar nossa vida uma bela obra de arte, como, ao contr\u00e1rio, podemos transform\u00e1-la em algo desarm\u00f4nico, feio e nocivo. A sociedade nos condiciona at\u00e9 certo ponto, mas podemos reagir a isso e sermos respons\u00e1veis por um caminho novo e mais feliz para n\u00f3s mesmos, nossos semelhantes e o universo.<\/p>\n<div id=\"themify_builder_content-4201\" data-postid=\"4201\" class=\"themify_builder_content themify_builder_content-4201 themify_builder themify_builder_front\">\n\t<\/div>\n<!-- \/themify_builder_content -->","protected":false},"excerpt":{"rendered":"<p>Marcelo Barros No m\u00eas de julho, em todo o Brasil, escolas e universidades d\u00e3o uma pausa em suas atividades. Em v\u00e1rias regi\u00f5es do Brasil, \u00e9 tempo de f\u00e9rias. No Centro-oeste, \u00e9 temporada de acampamentos no Araguaia. Em um pa\u00eds socialista como Cuba, oper\u00e1rios ou sub-empregados que lutam para sobreviver a vida inteira, de repente, uma [&hellip;]<\/p>\n","protected":false},"author":5,"featured_media":0,"comment_status":"open","ping_status":"open","sticky":false,"template":"","format":"standard","meta":{"ngg_post_thumbnail":0,"footnotes":""},"categories":[9],"tags":[896,895,897,88],"yoast_head":"<!-- This site is optimized with the Yoast SEO plugin v23.5 - https:\/\/yoast.com\/wordpress\/plugins\/seo\/ -->\n<title>O Lazer e a criatividade - O Arcanjo no ar<\/title>\n<meta name=\"robots\" content=\"index, follow, max-snippet:-1, max-image-preview:large, max-video-preview:-1\" \/>\n<link rel=\"canonical\" href=\"https:\/\/www.oarcanjo.net\/site\/o-lazer-e-a-criatividade\/\" \/>\n<meta property=\"og:locale\" content=\"pt_BR\" \/>\n<meta property=\"og:type\" content=\"article\" \/>\n<meta property=\"og:title\" content=\"O Lazer e a criatividade - O Arcanjo no ar\" \/>\n<meta property=\"og:description\" content=\"Marcelo Barros No m\u00eas de julho, em todo o Brasil, escolas e universidades d\u00e3o uma pausa em suas atividades. Em v\u00e1rias regi\u00f5es do Brasil, \u00e9 tempo de f\u00e9rias. No Centro-oeste, \u00e9 temporada de acampamentos no Araguaia. Em um pa\u00eds socialista como Cuba, oper\u00e1rios ou sub-empregados que lutam para sobreviver a vida inteira, de repente, uma [&hellip;]\" \/>\n<meta property=\"og:url\" content=\"https:\/\/www.oarcanjo.net\/site\/o-lazer-e-a-criatividade\/\" \/>\n<meta property=\"og:site_name\" content=\"O Arcanjo no ar\" \/>\n<meta property=\"article:publisher\" content=\"https:\/\/www.facebook.com\/OArcanjoNoAr\/\" \/>\n<meta property=\"article:published_time\" content=\"2009-07-06T14:20:56+00:00\" \/>\n<meta property=\"article:modified_time\" content=\"2009-07-10T14:32:18+00:00\" \/>\n<meta property=\"og:image\" content=\"https:\/\/www.oarcanjo.net\/site\/wp-content\/uploads\/logo-o-arcanjo-no-ar-facebook.png\" \/>\n\t<meta property=\"og:image:width\" content=\"300\" \/>\n\t<meta property=\"og:image:height\" content=\"300\" \/>\n\t<meta property=\"og:image:type\" content=\"image\/png\" \/>\n<meta name=\"author\" content=\"editor\" \/>\n<meta name=\"twitter:card\" content=\"summary_large_image\" \/>\n<meta name=\"twitter:label1\" content=\"Escrito por\" \/>\n\t<meta name=\"twitter:data1\" content=\"editor\" \/>\n\t<meta name=\"twitter:label2\" content=\"Est. tempo de leitura\" \/>\n\t<meta name=\"twitter:data2\" content=\"4 minutos\" \/>\n<script type=\"application\/ld+json\" class=\"yoast-schema-graph\">{\"@context\":\"https:\/\/schema.org\",\"@graph\":[{\"@type\":\"Article\",\"@id\":\"https:\/\/www.oarcanjo.net\/site\/o-lazer-e-a-criatividade\/#article\",\"isPartOf\":{\"@id\":\"https:\/\/www.oarcanjo.net\/site\/o-lazer-e-a-criatividade\/\"},\"author\":{\"name\":\"editor\",\"@id\":\"https:\/\/www.oarcanjo.net\/site\/#\/schema\/person\/f7024d007863202483a31326673a0838\"},\"headline\":\"O Lazer e a criatividade\",\"datePublished\":\"2009-07-06T14:20:56+00:00\",\"dateModified\":\"2009-07-10T14:32:18+00:00\",\"mainEntityOfPage\":{\"@id\":\"https:\/\/www.oarcanjo.net\/site\/o-lazer-e-a-criatividade\/\"},\"wordCount\":861,\"commentCount\":0,\"publisher\":{\"@id\":\"https:\/\/www.oarcanjo.net\/site\/#organization\"},\"keywords\":[\"f\u00e9rias\",\"lazer\",\"ociosidade\",\"solidariedade\"],\"articleSection\":[\"Reflex\u00f5es\"],\"inLanguage\":\"pt-BR\",\"potentialAction\":[{\"@type\":\"CommentAction\",\"name\":\"Comment\",\"target\":[\"https:\/\/www.oarcanjo.net\/site\/o-lazer-e-a-criatividade\/#respond\"]}]},{\"@type\":\"WebPage\",\"@id\":\"https:\/\/www.oarcanjo.net\/site\/o-lazer-e-a-criatividade\/\",\"url\":\"https:\/\/www.oarcanjo.net\/site\/o-lazer-e-a-criatividade\/\",\"name\":\"O Lazer e a criatividade - O Arcanjo no ar\",\"isPartOf\":{\"@id\":\"https:\/\/www.oarcanjo.net\/site\/#website\"},\"datePublished\":\"2009-07-06T14:20:56+00:00\",\"dateModified\":\"2009-07-10T14:32:18+00:00\",\"breadcrumb\":{\"@id\":\"https:\/\/www.oarcanjo.net\/site\/o-lazer-e-a-criatividade\/#breadcrumb\"},\"inLanguage\":\"pt-BR\",\"potentialAction\":[{\"@type\":\"ReadAction\",\"target\":[\"https:\/\/www.oarcanjo.net\/site\/o-lazer-e-a-criatividade\/\"]}]},{\"@type\":\"BreadcrumbList\",\"@id\":\"https:\/\/www.oarcanjo.net\/site\/o-lazer-e-a-criatividade\/#breadcrumb\",\"itemListElement\":[{\"@type\":\"ListItem\",\"position\":1,\"name\":\"In\u00edcio\",\"item\":\"https:\/\/www.oarcanjo.net\/site\/\"},{\"@type\":\"ListItem\",\"position\":2,\"name\":\"O Lazer e a criatividade\"}]},{\"@type\":\"WebSite\",\"@id\":\"https:\/\/www.oarcanjo.net\/site\/#website\",\"url\":\"https:\/\/www.oarcanjo.net\/site\/\",\"name\":\"O Arcanjo no ar\",\"description\":\"Site da Par\u00f3quia S\u00e3o Miguel Arcanjo (Arquidiocese de SP)\",\"publisher\":{\"@id\":\"https:\/\/www.oarcanjo.net\/site\/#organization\"},\"potentialAction\":[{\"@type\":\"SearchAction\",\"target\":{\"@type\":\"EntryPoint\",\"urlTemplate\":\"https:\/\/www.oarcanjo.net\/site\/?s={search_term_string}\"},\"query-input\":{\"@type\":\"PropertyValueSpecification\",\"valueRequired\":true,\"valueName\":\"search_term_string\"}}],\"inLanguage\":\"pt-BR\"},{\"@type\":\"Organization\",\"@id\":\"https:\/\/www.oarcanjo.net\/site\/#organization\",\"name\":\"Par\u00f3quia S\u00e3o Miguel Arcanjo\",\"url\":\"https:\/\/www.oarcanjo.net\/site\/\",\"logo\":{\"@type\":\"ImageObject\",\"inLanguage\":\"pt-BR\",\"@id\":\"https:\/\/www.oarcanjo.net\/site\/#\/schema\/logo\/image\/\",\"url\":\"https:\/\/www.oarcanjo.net\/site\/wp-content\/uploads\/LogoOArcanjo.png\",\"contentUrl\":\"https:\/\/www.oarcanjo.net\/site\/wp-content\/uploads\/LogoOArcanjo.png\",\"width\":319,\"height\":99,\"caption\":\"Par\u00f3quia S\u00e3o Miguel Arcanjo\"},\"image\":{\"@id\":\"https:\/\/www.oarcanjo.net\/site\/#\/schema\/logo\/image\/\"},\"sameAs\":[\"https:\/\/www.facebook.com\/OArcanjoNoAr\/\"]},{\"@type\":\"Person\",\"@id\":\"https:\/\/www.oarcanjo.net\/site\/#\/schema\/person\/f7024d007863202483a31326673a0838\",\"name\":\"editor\",\"sameAs\":[\"http:\/\/www.oarcanjo.net\"]}]}<\/script>\n<!-- \/ Yoast SEO plugin. -->","yoast_head_json":{"title":"O Lazer e a criatividade - O Arcanjo no ar","robots":{"index":"index","follow":"follow","max-snippet":"max-snippet:-1","max-image-preview":"max-image-preview:large","max-video-preview":"max-video-preview:-1"},"canonical":"https:\/\/www.oarcanjo.net\/site\/o-lazer-e-a-criatividade\/","og_locale":"pt_BR","og_type":"article","og_title":"O Lazer e a criatividade - O Arcanjo no ar","og_description":"Marcelo Barros No m\u00eas de julho, em todo o Brasil, escolas e universidades d\u00e3o uma pausa em suas atividades. Em v\u00e1rias regi\u00f5es do Brasil, \u00e9 tempo de f\u00e9rias. No Centro-oeste, \u00e9 temporada de acampamentos no Araguaia. Em um pa\u00eds socialista como Cuba, oper\u00e1rios ou sub-empregados que lutam para sobreviver a vida inteira, de repente, uma [&hellip;]","og_url":"https:\/\/www.oarcanjo.net\/site\/o-lazer-e-a-criatividade\/","og_site_name":"O Arcanjo no ar","article_publisher":"https:\/\/www.facebook.com\/OArcanjoNoAr\/","article_published_time":"2009-07-06T14:20:56+00:00","article_modified_time":"2009-07-10T14:32:18+00:00","og_image":[{"width":300,"height":300,"url":"https:\/\/www.oarcanjo.net\/site\/wp-content\/uploads\/logo-o-arcanjo-no-ar-facebook.png","type":"image\/png"}],"author":"editor","twitter_card":"summary_large_image","twitter_misc":{"Escrito por":"editor","Est. tempo de leitura":"4 minutos"},"schema":{"@context":"https:\/\/schema.org","@graph":[{"@type":"Article","@id":"https:\/\/www.oarcanjo.net\/site\/o-lazer-e-a-criatividade\/#article","isPartOf":{"@id":"https:\/\/www.oarcanjo.net\/site\/o-lazer-e-a-criatividade\/"},"author":{"name":"editor","@id":"https:\/\/www.oarcanjo.net\/site\/#\/schema\/person\/f7024d007863202483a31326673a0838"},"headline":"O Lazer e a criatividade","datePublished":"2009-07-06T14:20:56+00:00","dateModified":"2009-07-10T14:32:18+00:00","mainEntityOfPage":{"@id":"https:\/\/www.oarcanjo.net\/site\/o-lazer-e-a-criatividade\/"},"wordCount":861,"commentCount":0,"publisher":{"@id":"https:\/\/www.oarcanjo.net\/site\/#organization"},"keywords":["f\u00e9rias","lazer","ociosidade","solidariedade"],"articleSection":["Reflex\u00f5es"],"inLanguage":"pt-BR","potentialAction":[{"@type":"CommentAction","name":"Comment","target":["https:\/\/www.oarcanjo.net\/site\/o-lazer-e-a-criatividade\/#respond"]}]},{"@type":"WebPage","@id":"https:\/\/www.oarcanjo.net\/site\/o-lazer-e-a-criatividade\/","url":"https:\/\/www.oarcanjo.net\/site\/o-lazer-e-a-criatividade\/","name":"O Lazer e a criatividade - O Arcanjo no ar","isPartOf":{"@id":"https:\/\/www.oarcanjo.net\/site\/#website"},"datePublished":"2009-07-06T14:20:56+00:00","dateModified":"2009-07-10T14:32:18+00:00","breadcrumb":{"@id":"https:\/\/www.oarcanjo.net\/site\/o-lazer-e-a-criatividade\/#breadcrumb"},"inLanguage":"pt-BR","potentialAction":[{"@type":"ReadAction","target":["https:\/\/www.oarcanjo.net\/site\/o-lazer-e-a-criatividade\/"]}]},{"@type":"BreadcrumbList","@id":"https:\/\/www.oarcanjo.net\/site\/o-lazer-e-a-criatividade\/#breadcrumb","itemListElement":[{"@type":"ListItem","position":1,"name":"In\u00edcio","item":"https:\/\/www.oarcanjo.net\/site\/"},{"@type":"ListItem","position":2,"name":"O Lazer e a criatividade"}]},{"@type":"WebSite","@id":"https:\/\/www.oarcanjo.net\/site\/#website","url":"https:\/\/www.oarcanjo.net\/site\/","name":"O Arcanjo no ar","description":"Site da Par\u00f3quia S\u00e3o Miguel Arcanjo (Arquidiocese de SP)","publisher":{"@id":"https:\/\/www.oarcanjo.net\/site\/#organization"},"potentialAction":[{"@type":"SearchAction","target":{"@type":"EntryPoint","urlTemplate":"https:\/\/www.oarcanjo.net\/site\/?s={search_term_string}"},"query-input":{"@type":"PropertyValueSpecification","valueRequired":true,"valueName":"search_term_string"}}],"inLanguage":"pt-BR"},{"@type":"Organization","@id":"https:\/\/www.oarcanjo.net\/site\/#organization","name":"Par\u00f3quia S\u00e3o Miguel Arcanjo","url":"https:\/\/www.oarcanjo.net\/site\/","logo":{"@type":"ImageObject","inLanguage":"pt-BR","@id":"https:\/\/www.oarcanjo.net\/site\/#\/schema\/logo\/image\/","url":"https:\/\/www.oarcanjo.net\/site\/wp-content\/uploads\/LogoOArcanjo.png","contentUrl":"https:\/\/www.oarcanjo.net\/site\/wp-content\/uploads\/LogoOArcanjo.png","width":319,"height":99,"caption":"Par\u00f3quia S\u00e3o Miguel Arcanjo"},"image":{"@id":"https:\/\/www.oarcanjo.net\/site\/#\/schema\/logo\/image\/"},"sameAs":["https:\/\/www.facebook.com\/OArcanjoNoAr\/"]},{"@type":"Person","@id":"https:\/\/www.oarcanjo.net\/site\/#\/schema\/person\/f7024d007863202483a31326673a0838","name":"editor","sameAs":["http:\/\/www.oarcanjo.net"]}]}},"publishpress_future_action":{"enabled":false,"date":"2026-05-09 10:06:46","action":"category","newStatus":"draft","terms":[],"taxonomy":"category"},"publishpress_future_workflow_manual_trigger":{"enabledWorkflows":[]},"_links":{"self":[{"href":"https:\/\/www.oarcanjo.net\/site\/wp-json\/wp\/v2\/posts\/4201"}],"collection":[{"href":"https:\/\/www.oarcanjo.net\/site\/wp-json\/wp\/v2\/posts"}],"about":[{"href":"https:\/\/www.oarcanjo.net\/site\/wp-json\/wp\/v2\/types\/post"}],"author":[{"embeddable":true,"href":"https:\/\/www.oarcanjo.net\/site\/wp-json\/wp\/v2\/users\/5"}],"replies":[{"embeddable":true,"href":"https:\/\/www.oarcanjo.net\/site\/wp-json\/wp\/v2\/comments?post=4201"}],"version-history":[{"count":0,"href":"https:\/\/www.oarcanjo.net\/site\/wp-json\/wp\/v2\/posts\/4201\/revisions"}],"wp:attachment":[{"href":"https:\/\/www.oarcanjo.net\/site\/wp-json\/wp\/v2\/media?parent=4201"}],"wp:term":[{"taxonomy":"category","embeddable":true,"href":"https:\/\/www.oarcanjo.net\/site\/wp-json\/wp\/v2\/categories?post=4201"},{"taxonomy":"post_tag","embeddable":true,"href":"https:\/\/www.oarcanjo.net\/site\/wp-json\/wp\/v2\/tags?post=4201"}],"curies":[{"name":"wp","href":"https:\/\/api.w.org\/{rel}","templated":true}]}}