
{"id":42089,"date":"2014-05-18T18:35:10","date_gmt":"2014-05-18T21:35:10","guid":{"rendered":"http:\/\/www.oarcanjo.net\/site\/?p=42089"},"modified":"2014-05-21T06:28:28","modified_gmt":"2014-05-21T09:28:28","slug":"comunidade-e-um-dos-50-pontos-de-paz","status":"publish","type":"post","link":"https:\/\/www.oarcanjo.net\/site\/comunidade-e-um-dos-50-pontos-de-paz\/","title":{"rendered":"Comunidade \u00e9 um dos 50 pontos de paz"},"content":{"rendered":"<p>A igreja S\u00e3o Miguel Arcanjo \u00e9 um dos 50 pontos de paz na comemora\u00e7\u00e3o dos 50 anos do Sermig, criador do Arsenal da Esperan\u00e7a (<a title=\"50 pontos de paz\" href=\"http:\/\/www.sermig.org\/br\/50-pontos-de-paz\" target=\"_blank\">saiba mais clicando aqui<\/a>). No <strong>s\u00e1bado<\/strong>, <strong>24\/05<\/strong>, a <strong>festa da vida<\/strong>, promovida pela <strong>Pastoral da Crian\u00e7a<\/strong>, ser\u00e1 a principal atividade da comunidade. O evento\u00a0ser\u00e1 das <strong>10h \u00e0s 16h<\/strong>, no centro comunit\u00e1rio,\u00a0e est\u00e3o programadas brincadeiras\u00a0com as crian\u00e7as, apresenta\u00e7\u00e3o de teatro pelos jovens, cadastramento de doadores de sangue, al\u00e9m de ser dia\u00a0de coleta de\u00a0roupas, rem\u00e9dios e alimentos para doa\u00e7\u00e3o.<\/p>\n<p>Dia <strong>31 de maio<\/strong>, na celebra\u00e7\u00e3o do encerramento do m\u00eas de Maria, \u00e0s 17h, a comunidade recebe cobertores e agasalhos que ser\u00e3o doados para os moradores de rua de S\u00e3o Paulo.<\/p>\n<p>Veja mais detalhes nos avisos da semana, gravados na missa das 10h na capela da Universidade S\u00e3o Judas Tadeu, em que foram crismados 26 paroquianos:<\/p>\n<p><iframe loading=\"lazy\" frameborder=\"0\" height=\"315\" src=\"\/\/www.youtube.com\/embed\/Lht5JLbJtfg?rel=0\" width=\"560\"><\/iframe><\/p>\n<div id=\"themify_builder_content-42089\" data-postid=\"42089\" class=\"themify_builder_content themify_builder_content-42089 themify_builder themify_builder_front\">\n\t<\/div>\n<!-- \/themify_builder_content -->","protected":false},"excerpt":{"rendered":"<p>A igreja S\u00e3o Miguel Arcanjo \u00e9 um dos 50 pontos de paz na comemora\u00e7\u00e3o dos 50 anos do Sermig, criador do Arsenal da Esperan\u00e7a (saiba mais clicando aqui). No s\u00e1bado, 24\/05, a festa da vida, promovida pela Pastoral da Crian\u00e7a, ser\u00e1 a principal atividade da comunidade. O evento\u00a0ser\u00e1 das 10h \u00e0s 16h, no centro comunit\u00e1rio,\u00a0e [&hellip;]<\/p>\n","protected":false},"author":5,"featured_media":0,"comment_status":"open","ping_status":"open","sticky":false,"template":"","format":"standard","meta":{"ngg_post_thumbnail":0,"footnotes":""},"categories":[476,3,8],"tags":[1361,142,518,242,3069,91,2633,88],"yoast_head":"<!-- This site is optimized with the Yoast SEO plugin v23.5 - https:\/\/yoast.com\/wordpress\/plugins\/seo\/ -->\n<title>Comunidade \u00e9 um dos 50 pontos de paz - O Arcanjo no ar<\/title>\n<meta name=\"robots\" content=\"index, follow, max-snippet:-1, max-image-preview:large, max-video-preview:-1\" \/>\n<link rel=\"canonical\" href=\"https:\/\/www.oarcanjo.net\/site\/comunidade-e-um-dos-50-pontos-de-paz\/\" \/>\n<meta property=\"og:locale\" content=\"pt_BR\" \/>\n<meta property=\"og:type\" content=\"article\" \/>\n<meta property=\"og:title\" content=\"Comunidade \u00e9 um dos 50 pontos de paz - O Arcanjo no ar\" \/>\n<meta property=\"og:description\" content=\"A igreja S\u00e3o Miguel Arcanjo \u00e9 um dos 50 pontos de paz na comemora\u00e7\u00e3o dos 50 anos do Sermig, criador do Arsenal da Esperan\u00e7a (saiba mais clicando aqui). No s\u00e1bado, 24\/05, a festa da vida, promovida pela Pastoral da Crian\u00e7a, ser\u00e1 a principal atividade da comunidade. O evento\u00a0ser\u00e1 das 10h \u00e0s 16h, no centro comunit\u00e1rio,\u00a0e [&hellip;]\" \/>\n<meta property=\"og:url\" content=\"https:\/\/www.oarcanjo.net\/site\/comunidade-e-um-dos-50-pontos-de-paz\/\" \/>\n<meta property=\"og:site_name\" content=\"O Arcanjo no ar\" \/>\n<meta property=\"article:publisher\" content=\"https:\/\/www.facebook.com\/OArcanjoNoAr\/\" \/>\n<meta property=\"article:published_time\" content=\"2014-05-18T21:35:10+00:00\" \/>\n<meta property=\"article:modified_time\" content=\"2014-05-21T09:28:28+00:00\" \/>\n<meta property=\"og:image\" content=\"https:\/\/www.oarcanjo.net\/site\/wp-content\/uploads\/logo-o-arcanjo-no-ar-facebook.png\" \/>\n\t<meta property=\"og:image:width\" content=\"300\" \/>\n\t<meta property=\"og:image:height\" content=\"300\" \/>\n\t<meta property=\"og:image:type\" content=\"image\/png\" \/>\n<meta name=\"author\" content=\"editor\" \/>\n<meta name=\"twitter:card\" content=\"summary_large_image\" \/>\n<meta name=\"twitter:label1\" content=\"Escrito por\" \/>\n\t<meta name=\"twitter:data1\" content=\"editor\" \/>\n\t<meta name=\"twitter:label2\" content=\"Est. tempo de leitura\" \/>\n\t<meta name=\"twitter:data2\" content=\"1 minuto\" \/>\n<script type=\"application\/ld+json\" class=\"yoast-schema-graph\">{\"@context\":\"https:\/\/schema.org\",\"@graph\":[{\"@type\":\"Article\",\"@id\":\"https:\/\/www.oarcanjo.net\/site\/comunidade-e-um-dos-50-pontos-de-paz\/#article\",\"isPartOf\":{\"@id\":\"https:\/\/www.oarcanjo.net\/site\/comunidade-e-um-dos-50-pontos-de-paz\/\"},\"author\":{\"name\":\"editor\",\"@id\":\"https:\/\/www.oarcanjo.net\/site\/#\/schema\/person\/f7024d007863202483a31326673a0838\"},\"headline\":\"Comunidade \u00e9 um dos 50 pontos de paz\",\"datePublished\":\"2014-05-18T21:35:10+00:00\",\"dateModified\":\"2014-05-21T09:28:28+00:00\",\"mainEntityOfPage\":{\"@id\":\"https:\/\/www.oarcanjo.net\/site\/comunidade-e-um-dos-50-pontos-de-paz\/\"},\"wordCount\":159,\"commentCount\":3,\"publisher\":{\"@id\":\"https:\/\/www.oarcanjo.net\/site\/#organization\"},\"keywords\":[\"Arsenal da Esperan\u00e7a\",\"Crisma\",\"moradores de rua\",\"P\u00e1scoa\",\"pontos de paz\",\"povo da rua\",\"SERMIG\",\"solidariedade\"],\"articleSection\":[\"Avisos\",\"Destaques\",\"Not\u00edcias\"],\"inLanguage\":\"pt-BR\",\"potentialAction\":[{\"@type\":\"CommentAction\",\"name\":\"Comment\",\"target\":[\"https:\/\/www.oarcanjo.net\/site\/comunidade-e-um-dos-50-pontos-de-paz\/#respond\"]}]},{\"@type\":\"WebPage\",\"@id\":\"https:\/\/www.oarcanjo.net\/site\/comunidade-e-um-dos-50-pontos-de-paz\/\",\"url\":\"https:\/\/www.oarcanjo.net\/site\/comunidade-e-um-dos-50-pontos-de-paz\/\",\"name\":\"Comunidade \u00e9 um dos 50 pontos de paz - O Arcanjo no ar\",\"isPartOf\":{\"@id\":\"https:\/\/www.oarcanjo.net\/site\/#website\"},\"datePublished\":\"2014-05-18T21:35:10+00:00\",\"dateModified\":\"2014-05-21T09:28:28+00:00\",\"breadcrumb\":{\"@id\":\"https:\/\/www.oarcanjo.net\/site\/comunidade-e-um-dos-50-pontos-de-paz\/#breadcrumb\"},\"inLanguage\":\"pt-BR\",\"potentialAction\":[{\"@type\":\"ReadAction\",\"target\":[\"https:\/\/www.oarcanjo.net\/site\/comunidade-e-um-dos-50-pontos-de-paz\/\"]}]},{\"@type\":\"BreadcrumbList\",\"@id\":\"https:\/\/www.oarcanjo.net\/site\/comunidade-e-um-dos-50-pontos-de-paz\/#breadcrumb\",\"itemListElement\":[{\"@type\":\"ListItem\",\"position\":1,\"name\":\"In\u00edcio\",\"item\":\"https:\/\/www.oarcanjo.net\/site\/\"},{\"@type\":\"ListItem\",\"position\":2,\"name\":\"Comunidade \u00e9 um dos 50 pontos de paz\"}]},{\"@type\":\"WebSite\",\"@id\":\"https:\/\/www.oarcanjo.net\/site\/#website\",\"url\":\"https:\/\/www.oarcanjo.net\/site\/\",\"name\":\"O Arcanjo no ar\",\"description\":\"Site da Par\u00f3quia S\u00e3o Miguel Arcanjo (Arquidiocese de SP)\",\"publisher\":{\"@id\":\"https:\/\/www.oarcanjo.net\/site\/#organization\"},\"potentialAction\":[{\"@type\":\"SearchAction\",\"target\":{\"@type\":\"EntryPoint\",\"urlTemplate\":\"https:\/\/www.oarcanjo.net\/site\/?s={search_term_string}\"},\"query-input\":{\"@type\":\"PropertyValueSpecification\",\"valueRequired\":true,\"valueName\":\"search_term_string\"}}],\"inLanguage\":\"pt-BR\"},{\"@type\":\"Organization\",\"@id\":\"https:\/\/www.oarcanjo.net\/site\/#organization\",\"name\":\"Par\u00f3quia S\u00e3o Miguel Arcanjo\",\"url\":\"https:\/\/www.oarcanjo.net\/site\/\",\"logo\":{\"@type\":\"ImageObject\",\"inLanguage\":\"pt-BR\",\"@id\":\"https:\/\/www.oarcanjo.net\/site\/#\/schema\/logo\/image\/\",\"url\":\"https:\/\/www.oarcanjo.net\/site\/wp-content\/uploads\/LogoOArcanjo.png\",\"contentUrl\":\"https:\/\/www.oarcanjo.net\/site\/wp-content\/uploads\/LogoOArcanjo.png\",\"width\":319,\"height\":99,\"caption\":\"Par\u00f3quia S\u00e3o Miguel Arcanjo\"},\"image\":{\"@id\":\"https:\/\/www.oarcanjo.net\/site\/#\/schema\/logo\/image\/\"},\"sameAs\":[\"https:\/\/www.facebook.com\/OArcanjoNoAr\/\"]},{\"@type\":\"Person\",\"@id\":\"https:\/\/www.oarcanjo.net\/site\/#\/schema\/person\/f7024d007863202483a31326673a0838\",\"name\":\"editor\",\"sameAs\":[\"http:\/\/www.oarcanjo.net\"]}]}<\/script>\n<!-- \/ Yoast SEO plugin. -->","yoast_head_json":{"title":"Comunidade \u00e9 um dos 50 pontos de paz - O Arcanjo no ar","robots":{"index":"index","follow":"follow","max-snippet":"max-snippet:-1","max-image-preview":"max-image-preview:large","max-video-preview":"max-video-preview:-1"},"canonical":"https:\/\/www.oarcanjo.net\/site\/comunidade-e-um-dos-50-pontos-de-paz\/","og_locale":"pt_BR","og_type":"article","og_title":"Comunidade \u00e9 um dos 50 pontos de paz - O Arcanjo no ar","og_description":"A igreja S\u00e3o Miguel Arcanjo \u00e9 um dos 50 pontos de paz na comemora\u00e7\u00e3o dos 50 anos do Sermig, criador do Arsenal da Esperan\u00e7a (saiba mais clicando aqui). No s\u00e1bado, 24\/05, a festa da vida, promovida pela Pastoral da Crian\u00e7a, ser\u00e1 a principal atividade da comunidade. O evento\u00a0ser\u00e1 das 10h \u00e0s 16h, no centro comunit\u00e1rio,\u00a0e [&hellip;]","og_url":"https:\/\/www.oarcanjo.net\/site\/comunidade-e-um-dos-50-pontos-de-paz\/","og_site_name":"O Arcanjo no ar","article_publisher":"https:\/\/www.facebook.com\/OArcanjoNoAr\/","article_published_time":"2014-05-18T21:35:10+00:00","article_modified_time":"2014-05-21T09:28:28+00:00","og_image":[{"width":300,"height":300,"url":"https:\/\/www.oarcanjo.net\/site\/wp-content\/uploads\/logo-o-arcanjo-no-ar-facebook.png","type":"image\/png"}],"author":"editor","twitter_card":"summary_large_image","twitter_misc":{"Escrito por":"editor","Est. tempo de leitura":"1 minuto"},"schema":{"@context":"https:\/\/schema.org","@graph":[{"@type":"Article","@id":"https:\/\/www.oarcanjo.net\/site\/comunidade-e-um-dos-50-pontos-de-paz\/#article","isPartOf":{"@id":"https:\/\/www.oarcanjo.net\/site\/comunidade-e-um-dos-50-pontos-de-paz\/"},"author":{"name":"editor","@id":"https:\/\/www.oarcanjo.net\/site\/#\/schema\/person\/f7024d007863202483a31326673a0838"},"headline":"Comunidade \u00e9 um dos 50 pontos de paz","datePublished":"2014-05-18T21:35:10+00:00","dateModified":"2014-05-21T09:28:28+00:00","mainEntityOfPage":{"@id":"https:\/\/www.oarcanjo.net\/site\/comunidade-e-um-dos-50-pontos-de-paz\/"},"wordCount":159,"commentCount":3,"publisher":{"@id":"https:\/\/www.oarcanjo.net\/site\/#organization"},"keywords":["Arsenal da Esperan\u00e7a","Crisma","moradores de rua","P\u00e1scoa","pontos de paz","povo da rua","SERMIG","solidariedade"],"articleSection":["Avisos","Destaques","Not\u00edcias"],"inLanguage":"pt-BR","potentialAction":[{"@type":"CommentAction","name":"Comment","target":["https:\/\/www.oarcanjo.net\/site\/comunidade-e-um-dos-50-pontos-de-paz\/#respond"]}]},{"@type":"WebPage","@id":"https:\/\/www.oarcanjo.net\/site\/comunidade-e-um-dos-50-pontos-de-paz\/","url":"https:\/\/www.oarcanjo.net\/site\/comunidade-e-um-dos-50-pontos-de-paz\/","name":"Comunidade \u00e9 um dos 50 pontos de paz - O Arcanjo no ar","isPartOf":{"@id":"https:\/\/www.oarcanjo.net\/site\/#website"},"datePublished":"2014-05-18T21:35:10+00:00","dateModified":"2014-05-21T09:28:28+00:00","breadcrumb":{"@id":"https:\/\/www.oarcanjo.net\/site\/comunidade-e-um-dos-50-pontos-de-paz\/#breadcrumb"},"inLanguage":"pt-BR","potentialAction":[{"@type":"ReadAction","target":["https:\/\/www.oarcanjo.net\/site\/comunidade-e-um-dos-50-pontos-de-paz\/"]}]},{"@type":"BreadcrumbList","@id":"https:\/\/www.oarcanjo.net\/site\/comunidade-e-um-dos-50-pontos-de-paz\/#breadcrumb","itemListElement":[{"@type":"ListItem","position":1,"name":"In\u00edcio","item":"https:\/\/www.oarcanjo.net\/site\/"},{"@type":"ListItem","position":2,"name":"Comunidade \u00e9 um dos 50 pontos de paz"}]},{"@type":"WebSite","@id":"https:\/\/www.oarcanjo.net\/site\/#website","url":"https:\/\/www.oarcanjo.net\/site\/","name":"O Arcanjo no ar","description":"Site da Par\u00f3quia S\u00e3o Miguel Arcanjo (Arquidiocese de SP)","publisher":{"@id":"https:\/\/www.oarcanjo.net\/site\/#organization"},"potentialAction":[{"@type":"SearchAction","target":{"@type":"EntryPoint","urlTemplate":"https:\/\/www.oarcanjo.net\/site\/?s={search_term_string}"},"query-input":{"@type":"PropertyValueSpecification","valueRequired":true,"valueName":"search_term_string"}}],"inLanguage":"pt-BR"},{"@type":"Organization","@id":"https:\/\/www.oarcanjo.net\/site\/#organization","name":"Par\u00f3quia S\u00e3o Miguel Arcanjo","url":"https:\/\/www.oarcanjo.net\/site\/","logo":{"@type":"ImageObject","inLanguage":"pt-BR","@id":"https:\/\/www.oarcanjo.net\/site\/#\/schema\/logo\/image\/","url":"https:\/\/www.oarcanjo.net\/site\/wp-content\/uploads\/LogoOArcanjo.png","contentUrl":"https:\/\/www.oarcanjo.net\/site\/wp-content\/uploads\/LogoOArcanjo.png","width":319,"height":99,"caption":"Par\u00f3quia S\u00e3o Miguel Arcanjo"},"image":{"@id":"https:\/\/www.oarcanjo.net\/site\/#\/schema\/logo\/image\/"},"sameAs":["https:\/\/www.facebook.com\/OArcanjoNoAr\/"]},{"@type":"Person","@id":"https:\/\/www.oarcanjo.net\/site\/#\/schema\/person\/f7024d007863202483a31326673a0838","name":"editor","sameAs":["http:\/\/www.oarcanjo.net"]}]}},"publishpress_future_action":{"enabled":false,"date":"2026-05-06 19:57:59","action":"category","newStatus":"draft","terms":[],"taxonomy":"category"},"publishpress_future_workflow_manual_trigger":{"enabledWorkflows":[]},"_links":{"self":[{"href":"https:\/\/www.oarcanjo.net\/site\/wp-json\/wp\/v2\/posts\/42089"}],"collection":[{"href":"https:\/\/www.oarcanjo.net\/site\/wp-json\/wp\/v2\/posts"}],"about":[{"href":"https:\/\/www.oarcanjo.net\/site\/wp-json\/wp\/v2\/types\/post"}],"author":[{"embeddable":true,"href":"https:\/\/www.oarcanjo.net\/site\/wp-json\/wp\/v2\/users\/5"}],"replies":[{"embeddable":true,"href":"https:\/\/www.oarcanjo.net\/site\/wp-json\/wp\/v2\/comments?post=42089"}],"version-history":[{"count":0,"href":"https:\/\/www.oarcanjo.net\/site\/wp-json\/wp\/v2\/posts\/42089\/revisions"}],"wp:attachment":[{"href":"https:\/\/www.oarcanjo.net\/site\/wp-json\/wp\/v2\/media?parent=42089"}],"wp:term":[{"taxonomy":"category","embeddable":true,"href":"https:\/\/www.oarcanjo.net\/site\/wp-json\/wp\/v2\/categories?post=42089"},{"taxonomy":"post_tag","embeddable":true,"href":"https:\/\/www.oarcanjo.net\/site\/wp-json\/wp\/v2\/tags?post=42089"}],"curies":[{"name":"wp","href":"https:\/\/api.w.org\/{rel}","templated":true}]}}