
{"id":4223,"date":"2009-07-13T10:37:33","date_gmt":"2009-07-13T13:37:33","guid":{"rendered":"http:\/\/www.oarcanjo.net\/site\/?p=4223"},"modified":"2009-07-14T23:50:33","modified_gmt":"2009-07-15T02:50:33","slug":"esperanca-para-as-criancas-soldado","status":"publish","type":"post","link":"https:\/\/www.oarcanjo.net\/site\/esperanca-para-as-criancas-soldado\/","title":{"rendered":"Esperan\u00e7a para as crian\u00e7as-soldado"},"content":{"rendered":"<p>Trata-se de um dos piores tipo de escravid\u00e3o, mas continua nos dias de hoje: crian\u00e7as usadas como soldados, possivelmente 250.000 em todo o mundo, que s\u00e3o obrigadas a matar seus vizinhos, \u00e0s vezes at\u00e9 seus pais, irm\u00e3os e amigos.<\/p>\n<p>Em dias passados, Bento XVI prestou homenagem aqueles que tentam p\u00f4r fim a este terr\u00edvel flagelo e ajudar estas crian\u00e7as a regressarem \u00e0 vida normal. Falando no final de sua audi\u00eancia geral semanal em 24 de junho, ele contou a uma delega\u00e7\u00e3o visitante liderada pela ONU, uma entidade que luta contra o uso de crian\u00e7as como combatentes, seu &#8220;profundo apre\u00e7o&#8221; pelo seu empenho.<\/p>\n<p>&#8220;Penso em todas as crian\u00e7as do mundo, em especial naquelas que est\u00e3o expostas ao medo, abandono, fome, abuso, doen\u00e7a, morte&#8221;, o Santo Padre disse. &#8220;O Papa est\u00e1 pr\u00f3ximo de todas estas v\u00edtimas e se lembra delas em ora\u00e7\u00e3o&#8221;.<\/p>\n<p>Segundo a Coaliz\u00e3o contra o uso de crian\u00e7as-soldados, grupo de organiza\u00e7\u00f5es de direitos humanos, embora muitas crian\u00e7as tenham sido libertadas das guerras, outras milhares foram arrastadas para novos conflitos como os da Costa do Marfim, Sud\u00e3o, Chade, Col\u00f4mbia, Rep\u00fablica Democr\u00e1tica do Congo e Mianmar.<\/p>\n<p>As crian\u00e7as, algumas at\u00e9 de cinco anos de idade, n\u00e3o s\u00f3 s\u00e3o treinadas para usar armas, mas tamb\u00e9m para espalhar minas e explosivos, observar, espionar, ou agir como chamariz, correios ou guardas. Elas tamb\u00e9m podem ser for\u00e7adas a desempenhar fun\u00e7\u00f5es de apoio log\u00edstico, e muitas das meninas s\u00e3o coagidas \u00e0 escravatura sexual. A maioria s\u00e3o mal alimentados e t\u00eam pouco ou nenhum abrigo. E mesmo que os seus captores as libertem, s\u00e3o muitas vezes estigmatizadas na volta para casa e rejeitadas por suas comunidades.<\/p>\n<p>Ainda h\u00e1 esperan\u00e7a para aquelas que sobrevivem e que conseguem escapar. Segundo as Na\u00e7\u00f5es Unidas, em grande parte gra\u00e7as ao trabalho das comunidades religiosas e, em particular, da Igreja Cat\u00f3lica, elas t\u00eam acesso a comida e abrigo, e s\u00e3o ajudadas na reabilita\u00e7\u00e3o e reintegra\u00e7\u00e3o.<\/p>\n<p>Radhika Coomaraswamy, representante do secretariado-geral da ONU para as crian\u00e7as e os conflitos armados, disse que ela tinha em parte vindo ao Vaticano para agradecer pessoalmente a Bento XVI pelo trabalho que a Igreja est\u00e1 a fazer nesta \u00e1rea. A Igreja, disse ela numa confer\u00eancia de imprensa em 24 de junho em Roma, est\u00e1 fazendo &#8220;um enorme e bom trabalho&#8221; para ajudar essas crian\u00e7as. Atrav\u00e9s de sua vasta rede, disse, a Igreja se sensibiliza atrav\u00e9s da educa\u00e7\u00e3o e atua como um &#8220;sistema de alerta r\u00e1pido&#8221; para ajudar a proteger e impedir as crian\u00e7as de serem raptadas.<\/p>\n<p>Promovida pela Comunidade de leigos de Sant\u2019Eg\u00eddio, que por si s\u00f3 muitas vezes tem apoiado a reabilita\u00e7\u00e3o dessas crian\u00e7as, a confer\u00eancia de imprensa tamb\u00e9m ouviu Grace Akallo, uma ex-crian\u00e7a-soldado de Uganda, hoje com 29 anos. Gra\u00e7as ao trabalho da Igreja, ela ganhou uma nova vida depois de ser raptada de sua escola cat\u00f3lica e levada para o Sud\u00e3o, onde foi for\u00e7ada ao casamento, ensinada a usar armas de fogo e onde conheceu outras crian\u00e7as que haviam sido coagidas a matar parentes e amigos.<\/p>\n<p>Ela finalmente encontrou a liberdade, foi recuperada gra\u00e7as a sua ex-diretora &#8211; uma freira &#8211; que simplesmente lia para ela, e acabou por freq\u00fcentar uma universidade em Uganda. Ela agora \u00e9 uma estudante formada nos Estados Unidos.<\/p>\n<p>&#8220;O que estas crian\u00e7as mais precisam \u00e9 de amor e aceita\u00e7\u00e3o, pois a maioria da sociedade as rejeita&#8221;, disse Akallo, e salientou a import\u00e2ncia da &#8220;preven\u00e7\u00e3o e prote\u00e7\u00e3o&#8221; para estas crian\u00e7as. Educa\u00e7\u00e3o da sociedade \u00e9 fundamental, ela disse, e relembrou como, ao voltar para casa, era &#8220;expulsa do \u00f4nibus, chamada de palavr\u00f5es e espancada por vezes na cabe\u00e7a, porque acreditavam que eu tinha cometido crimes.&#8221;<\/p>\n<p>Tamb\u00e9m falou a Irm\u00e3 Rosemary Nyerumbe, do Sagrado Cora\u00e7\u00e3o, que dirige um centro para ex-crian\u00e7as-soldado no Norte de Uganda. &#8220;N\u00f3s todos temos a responsabilidade e a obriga\u00e7\u00e3o de restaurar a dignidade perdida e a inoc\u00eancia destas crian\u00e7as&#8221;, disse ela. &#8220;Voc\u00ea pode abrir a porta de sua casa, mas a coisa mais importante voc\u00ea pode fazer \u00e9 abrir a porta do seu cora\u00e7\u00e3o e chegar a essas crian\u00e7as.&#8221;<\/p>\n<div id=\"themify_builder_content-4223\" data-postid=\"4223\" class=\"themify_builder_content themify_builder_content-4223 themify_builder themify_builder_front\">\n\t<\/div>\n<!-- \/themify_builder_content -->","protected":false},"excerpt":{"rendered":"<p>Trata-se de um dos piores tipo de escravid\u00e3o, mas continua nos dias de hoje: crian\u00e7as usadas como soldados, possivelmente 250.000 em todo o mundo, que s\u00e3o obrigadas a matar seus vizinhos, \u00e0s vezes at\u00e9 seus pais, irm\u00e3os e amigos. Em dias passados, Bento XVI prestou homenagem aqueles que tentam p\u00f4r fim a este terr\u00edvel flagelo [&hellip;]<\/p>\n","protected":false},"author":5,"featured_media":0,"comment_status":"open","ping_status":"open","sticky":false,"template":"","format":"standard","meta":{"ngg_post_thumbnail":0,"footnotes":""},"categories":[8],"tags":[206,901,673,511,157],"yoast_head":"<!-- This site is optimized with the Yoast SEO plugin v23.5 - https:\/\/yoast.com\/wordpress\/plugins\/seo\/ -->\n<title>Esperan\u00e7a para as crian\u00e7as-soldado - O Arcanjo no ar<\/title>\n<meta name=\"robots\" content=\"index, follow, max-snippet:-1, max-image-preview:large, max-video-preview:-1\" \/>\n<link rel=\"canonical\" href=\"https:\/\/www.oarcanjo.net\/site\/esperanca-para-as-criancas-soldado\/\" \/>\n<meta property=\"og:locale\" content=\"pt_BR\" \/>\n<meta property=\"og:type\" content=\"article\" \/>\n<meta property=\"og:title\" content=\"Esperan\u00e7a para as crian\u00e7as-soldado - O Arcanjo no ar\" \/>\n<meta property=\"og:description\" content=\"Trata-se de um dos piores tipo de escravid\u00e3o, mas continua nos dias de hoje: crian\u00e7as usadas como soldados, possivelmente 250.000 em todo o mundo, que s\u00e3o obrigadas a matar seus vizinhos, \u00e0s vezes at\u00e9 seus pais, irm\u00e3os e amigos. Em dias passados, Bento XVI prestou homenagem aqueles que tentam p\u00f4r fim a este terr\u00edvel flagelo [&hellip;]\" \/>\n<meta property=\"og:url\" content=\"https:\/\/www.oarcanjo.net\/site\/esperanca-para-as-criancas-soldado\/\" \/>\n<meta property=\"og:site_name\" content=\"O Arcanjo no ar\" \/>\n<meta property=\"article:publisher\" content=\"https:\/\/www.facebook.com\/OArcanjoNoAr\/\" \/>\n<meta property=\"article:published_time\" content=\"2009-07-13T13:37:33+00:00\" \/>\n<meta property=\"article:modified_time\" content=\"2009-07-15T02:50:33+00:00\" \/>\n<meta property=\"og:image\" content=\"https:\/\/www.oarcanjo.net\/site\/wp-content\/uploads\/logo-o-arcanjo-no-ar-facebook.png\" \/>\n\t<meta property=\"og:image:width\" content=\"300\" \/>\n\t<meta property=\"og:image:height\" content=\"300\" \/>\n\t<meta property=\"og:image:type\" content=\"image\/png\" \/>\n<meta name=\"author\" content=\"editor\" \/>\n<meta name=\"twitter:card\" content=\"summary_large_image\" \/>\n<meta name=\"twitter:label1\" content=\"Escrito por\" \/>\n\t<meta name=\"twitter:data1\" content=\"editor\" \/>\n\t<meta name=\"twitter:label2\" content=\"Est. tempo de leitura\" \/>\n\t<meta name=\"twitter:data2\" content=\"4 minutos\" \/>\n<script type=\"application\/ld+json\" class=\"yoast-schema-graph\">{\"@context\":\"https:\/\/schema.org\",\"@graph\":[{\"@type\":\"Article\",\"@id\":\"https:\/\/www.oarcanjo.net\/site\/esperanca-para-as-criancas-soldado\/#article\",\"isPartOf\":{\"@id\":\"https:\/\/www.oarcanjo.net\/site\/esperanca-para-as-criancas-soldado\/\"},\"author\":{\"name\":\"editor\",\"@id\":\"https:\/\/www.oarcanjo.net\/site\/#\/schema\/person\/f7024d007863202483a31326673a0838\"},\"headline\":\"Esperan\u00e7a para as crian\u00e7as-soldado\",\"datePublished\":\"2009-07-13T13:37:33+00:00\",\"dateModified\":\"2009-07-15T02:50:33+00:00\",\"mainEntityOfPage\":{\"@id\":\"https:\/\/www.oarcanjo.net\/site\/esperanca-para-as-criancas-soldado\/\"},\"wordCount\":741,\"commentCount\":2,\"publisher\":{\"@id\":\"https:\/\/www.oarcanjo.net\/site\/#organization\"},\"keywords\":[\"Bento XVI\",\"crian\u00e7as soldado\",\"Na\u00e7\u00f5es Unidas\",\"ONU\",\"papa\"],\"articleSection\":[\"Not\u00edcias\"],\"inLanguage\":\"pt-BR\",\"potentialAction\":[{\"@type\":\"CommentAction\",\"name\":\"Comment\",\"target\":[\"https:\/\/www.oarcanjo.net\/site\/esperanca-para-as-criancas-soldado\/#respond\"]}]},{\"@type\":\"WebPage\",\"@id\":\"https:\/\/www.oarcanjo.net\/site\/esperanca-para-as-criancas-soldado\/\",\"url\":\"https:\/\/www.oarcanjo.net\/site\/esperanca-para-as-criancas-soldado\/\",\"name\":\"Esperan\u00e7a para as crian\u00e7as-soldado - O Arcanjo no ar\",\"isPartOf\":{\"@id\":\"https:\/\/www.oarcanjo.net\/site\/#website\"},\"datePublished\":\"2009-07-13T13:37:33+00:00\",\"dateModified\":\"2009-07-15T02:50:33+00:00\",\"breadcrumb\":{\"@id\":\"https:\/\/www.oarcanjo.net\/site\/esperanca-para-as-criancas-soldado\/#breadcrumb\"},\"inLanguage\":\"pt-BR\",\"potentialAction\":[{\"@type\":\"ReadAction\",\"target\":[\"https:\/\/www.oarcanjo.net\/site\/esperanca-para-as-criancas-soldado\/\"]}]},{\"@type\":\"BreadcrumbList\",\"@id\":\"https:\/\/www.oarcanjo.net\/site\/esperanca-para-as-criancas-soldado\/#breadcrumb\",\"itemListElement\":[{\"@type\":\"ListItem\",\"position\":1,\"name\":\"In\u00edcio\",\"item\":\"https:\/\/www.oarcanjo.net\/site\/\"},{\"@type\":\"ListItem\",\"position\":2,\"name\":\"Esperan\u00e7a para as crian\u00e7as-soldado\"}]},{\"@type\":\"WebSite\",\"@id\":\"https:\/\/www.oarcanjo.net\/site\/#website\",\"url\":\"https:\/\/www.oarcanjo.net\/site\/\",\"name\":\"O Arcanjo no ar\",\"description\":\"Site da Par\u00f3quia S\u00e3o Miguel Arcanjo (Arquidiocese de SP)\",\"publisher\":{\"@id\":\"https:\/\/www.oarcanjo.net\/site\/#organization\"},\"potentialAction\":[{\"@type\":\"SearchAction\",\"target\":{\"@type\":\"EntryPoint\",\"urlTemplate\":\"https:\/\/www.oarcanjo.net\/site\/?s={search_term_string}\"},\"query-input\":{\"@type\":\"PropertyValueSpecification\",\"valueRequired\":true,\"valueName\":\"search_term_string\"}}],\"inLanguage\":\"pt-BR\"},{\"@type\":\"Organization\",\"@id\":\"https:\/\/www.oarcanjo.net\/site\/#organization\",\"name\":\"Par\u00f3quia S\u00e3o Miguel Arcanjo\",\"url\":\"https:\/\/www.oarcanjo.net\/site\/\",\"logo\":{\"@type\":\"ImageObject\",\"inLanguage\":\"pt-BR\",\"@id\":\"https:\/\/www.oarcanjo.net\/site\/#\/schema\/logo\/image\/\",\"url\":\"https:\/\/www.oarcanjo.net\/site\/wp-content\/uploads\/LogoOArcanjo.png\",\"contentUrl\":\"https:\/\/www.oarcanjo.net\/site\/wp-content\/uploads\/LogoOArcanjo.png\",\"width\":319,\"height\":99,\"caption\":\"Par\u00f3quia S\u00e3o Miguel Arcanjo\"},\"image\":{\"@id\":\"https:\/\/www.oarcanjo.net\/site\/#\/schema\/logo\/image\/\"},\"sameAs\":[\"https:\/\/www.facebook.com\/OArcanjoNoAr\/\"]},{\"@type\":\"Person\",\"@id\":\"https:\/\/www.oarcanjo.net\/site\/#\/schema\/person\/f7024d007863202483a31326673a0838\",\"name\":\"editor\",\"sameAs\":[\"http:\/\/www.oarcanjo.net\"]}]}<\/script>\n<!-- \/ Yoast SEO plugin. -->","yoast_head_json":{"title":"Esperan\u00e7a para as crian\u00e7as-soldado - O Arcanjo no ar","robots":{"index":"index","follow":"follow","max-snippet":"max-snippet:-1","max-image-preview":"max-image-preview:large","max-video-preview":"max-video-preview:-1"},"canonical":"https:\/\/www.oarcanjo.net\/site\/esperanca-para-as-criancas-soldado\/","og_locale":"pt_BR","og_type":"article","og_title":"Esperan\u00e7a para as crian\u00e7as-soldado - O Arcanjo no ar","og_description":"Trata-se de um dos piores tipo de escravid\u00e3o, mas continua nos dias de hoje: crian\u00e7as usadas como soldados, possivelmente 250.000 em todo o mundo, que s\u00e3o obrigadas a matar seus vizinhos, \u00e0s vezes at\u00e9 seus pais, irm\u00e3os e amigos. Em dias passados, Bento XVI prestou homenagem aqueles que tentam p\u00f4r fim a este terr\u00edvel flagelo [&hellip;]","og_url":"https:\/\/www.oarcanjo.net\/site\/esperanca-para-as-criancas-soldado\/","og_site_name":"O Arcanjo no ar","article_publisher":"https:\/\/www.facebook.com\/OArcanjoNoAr\/","article_published_time":"2009-07-13T13:37:33+00:00","article_modified_time":"2009-07-15T02:50:33+00:00","og_image":[{"width":300,"height":300,"url":"https:\/\/www.oarcanjo.net\/site\/wp-content\/uploads\/logo-o-arcanjo-no-ar-facebook.png","type":"image\/png"}],"author":"editor","twitter_card":"summary_large_image","twitter_misc":{"Escrito por":"editor","Est. tempo de leitura":"4 minutos"},"schema":{"@context":"https:\/\/schema.org","@graph":[{"@type":"Article","@id":"https:\/\/www.oarcanjo.net\/site\/esperanca-para-as-criancas-soldado\/#article","isPartOf":{"@id":"https:\/\/www.oarcanjo.net\/site\/esperanca-para-as-criancas-soldado\/"},"author":{"name":"editor","@id":"https:\/\/www.oarcanjo.net\/site\/#\/schema\/person\/f7024d007863202483a31326673a0838"},"headline":"Esperan\u00e7a para as crian\u00e7as-soldado","datePublished":"2009-07-13T13:37:33+00:00","dateModified":"2009-07-15T02:50:33+00:00","mainEntityOfPage":{"@id":"https:\/\/www.oarcanjo.net\/site\/esperanca-para-as-criancas-soldado\/"},"wordCount":741,"commentCount":2,"publisher":{"@id":"https:\/\/www.oarcanjo.net\/site\/#organization"},"keywords":["Bento XVI","crian\u00e7as soldado","Na\u00e7\u00f5es Unidas","ONU","papa"],"articleSection":["Not\u00edcias"],"inLanguage":"pt-BR","potentialAction":[{"@type":"CommentAction","name":"Comment","target":["https:\/\/www.oarcanjo.net\/site\/esperanca-para-as-criancas-soldado\/#respond"]}]},{"@type":"WebPage","@id":"https:\/\/www.oarcanjo.net\/site\/esperanca-para-as-criancas-soldado\/","url":"https:\/\/www.oarcanjo.net\/site\/esperanca-para-as-criancas-soldado\/","name":"Esperan\u00e7a para as crian\u00e7as-soldado - O Arcanjo no ar","isPartOf":{"@id":"https:\/\/www.oarcanjo.net\/site\/#website"},"datePublished":"2009-07-13T13:37:33+00:00","dateModified":"2009-07-15T02:50:33+00:00","breadcrumb":{"@id":"https:\/\/www.oarcanjo.net\/site\/esperanca-para-as-criancas-soldado\/#breadcrumb"},"inLanguage":"pt-BR","potentialAction":[{"@type":"ReadAction","target":["https:\/\/www.oarcanjo.net\/site\/esperanca-para-as-criancas-soldado\/"]}]},{"@type":"BreadcrumbList","@id":"https:\/\/www.oarcanjo.net\/site\/esperanca-para-as-criancas-soldado\/#breadcrumb","itemListElement":[{"@type":"ListItem","position":1,"name":"In\u00edcio","item":"https:\/\/www.oarcanjo.net\/site\/"},{"@type":"ListItem","position":2,"name":"Esperan\u00e7a para as crian\u00e7as-soldado"}]},{"@type":"WebSite","@id":"https:\/\/www.oarcanjo.net\/site\/#website","url":"https:\/\/www.oarcanjo.net\/site\/","name":"O Arcanjo no ar","description":"Site da Par\u00f3quia S\u00e3o Miguel Arcanjo (Arquidiocese de SP)","publisher":{"@id":"https:\/\/www.oarcanjo.net\/site\/#organization"},"potentialAction":[{"@type":"SearchAction","target":{"@type":"EntryPoint","urlTemplate":"https:\/\/www.oarcanjo.net\/site\/?s={search_term_string}"},"query-input":{"@type":"PropertyValueSpecification","valueRequired":true,"valueName":"search_term_string"}}],"inLanguage":"pt-BR"},{"@type":"Organization","@id":"https:\/\/www.oarcanjo.net\/site\/#organization","name":"Par\u00f3quia S\u00e3o Miguel Arcanjo","url":"https:\/\/www.oarcanjo.net\/site\/","logo":{"@type":"ImageObject","inLanguage":"pt-BR","@id":"https:\/\/www.oarcanjo.net\/site\/#\/schema\/logo\/image\/","url":"https:\/\/www.oarcanjo.net\/site\/wp-content\/uploads\/LogoOArcanjo.png","contentUrl":"https:\/\/www.oarcanjo.net\/site\/wp-content\/uploads\/LogoOArcanjo.png","width":319,"height":99,"caption":"Par\u00f3quia S\u00e3o Miguel Arcanjo"},"image":{"@id":"https:\/\/www.oarcanjo.net\/site\/#\/schema\/logo\/image\/"},"sameAs":["https:\/\/www.facebook.com\/OArcanjoNoAr\/"]},{"@type":"Person","@id":"https:\/\/www.oarcanjo.net\/site\/#\/schema\/person\/f7024d007863202483a31326673a0838","name":"editor","sameAs":["http:\/\/www.oarcanjo.net"]}]}},"publishpress_future_action":{"enabled":false,"date":"2026-05-09 02:29:34","action":"category","newStatus":"draft","terms":[],"taxonomy":"category"},"publishpress_future_workflow_manual_trigger":{"enabledWorkflows":[]},"_links":{"self":[{"href":"https:\/\/www.oarcanjo.net\/site\/wp-json\/wp\/v2\/posts\/4223"}],"collection":[{"href":"https:\/\/www.oarcanjo.net\/site\/wp-json\/wp\/v2\/posts"}],"about":[{"href":"https:\/\/www.oarcanjo.net\/site\/wp-json\/wp\/v2\/types\/post"}],"author":[{"embeddable":true,"href":"https:\/\/www.oarcanjo.net\/site\/wp-json\/wp\/v2\/users\/5"}],"replies":[{"embeddable":true,"href":"https:\/\/www.oarcanjo.net\/site\/wp-json\/wp\/v2\/comments?post=4223"}],"version-history":[{"count":0,"href":"https:\/\/www.oarcanjo.net\/site\/wp-json\/wp\/v2\/posts\/4223\/revisions"}],"wp:attachment":[{"href":"https:\/\/www.oarcanjo.net\/site\/wp-json\/wp\/v2\/media?parent=4223"}],"wp:term":[{"taxonomy":"category","embeddable":true,"href":"https:\/\/www.oarcanjo.net\/site\/wp-json\/wp\/v2\/categories?post=4223"},{"taxonomy":"post_tag","embeddable":true,"href":"https:\/\/www.oarcanjo.net\/site\/wp-json\/wp\/v2\/tags?post=4223"}],"curies":[{"name":"wp","href":"https:\/\/api.w.org\/{rel}","templated":true}]}}