
{"id":4225,"date":"2009-07-12T22:00:51","date_gmt":"2009-07-13T01:00:51","guid":{"rendered":"http:\/\/www.oarcanjo.net\/site\/?p=4225"},"modified":"2009-07-14T23:42:27","modified_gmt":"2009-07-15T02:42:27","slug":"mensagem-do-vi-congresso-de-entidades-negras-catolicas","status":"publish","type":"post","link":"https:\/\/www.oarcanjo.net\/site\/mensagem-do-vi-congresso-de-entidades-negras-catolicas\/","title":{"rendered":"Mensagem do VI Congresso de Entidades Negras Cat\u00f3licas"},"content":{"rendered":"<p>Conenc<\/p>\n<p>Na cidade hist\u00f3rica de S\u00e3o Lu\u00eds \u2010 MA, aconteceu, entre os dias 8 a 11 de julho de 2009, o VI CONENC sobre o tema Refletindo o rosto negro da Igreja de Medell\u00edn \u00e0 Aparecida, que reuniu 150 agentes de pastoral representantes de 16 Estados (RS, SC, PR, SP, RJ, ES, MG, CE, BA, MA, PA, PI, RO, DF, TO e GO), tendo contado com a participa\u00e7\u00e3o de irm\u00e3os da Pol\u00f4nia, dos Estados Unidos, da It\u00e1lia e do Qu\u00eania.<\/p>\n<p>O CONENC tem se constitu\u00eddo no espa\u00e7o para a reflex\u00e3o, avalia\u00e7\u00e3o, articula\u00e7\u00e3o e constru\u00e7\u00e3o de diretrizes para diversos grupos da Pastoral Afro\u2010Basileira (PAB), em rela\u00e7\u00e3o \u00e0 discuss\u00e3o da negritude no Brasil.<\/p>\n<p>Nestes dias de esperan\u00e7a ativa, f\u00e9 criativa e inovadora, pudemos rever os objetivos e a miss\u00e3o da PAB, o seu compromisso evangelizador \u00e0 luz de Medell\u00edn a Aparecida, interagindo com a teologia que brota das manifesta\u00e7\u00f5es afrobrasileiras e respeitando a diversidade s\u00f3cio\u2010cultural e religiosa.<br \/>\nOs momentos de espiritualidade (mushak\u00e1) e os eventos culturais ajudaram a criar um clima de fraternidade e intera\u00e7\u00e3o entre os participantes.<\/p>\n<p>Motivados pelas reflex\u00f5es sobre a situa\u00e7\u00e3o atual da comunidade negra na sociedade e na Igreja conclu\u00edmos que os v\u00e1rios desafios e prioridades da PAB s\u00e3o:<\/p>\n<p>\u2022 Dar visibilidade aos negros e negras dentro da Igreja e na sociedade;<br \/>\n\u2022 Superar a discrimina\u00e7\u00e3o de g\u00eanero e promover o protagonismo das mulheres;<br \/>\n\u2022 A necessidade de uma catequese que contemple a cultura, a hist\u00f3ria e a realidade dos afrobrasileiros;<br \/>\n\u2022 O posicionamento e o apoio \u00e0 luta das comunidades tradicionais negras (quilombolas, mocambos, comunidades negras rurais e terras de preto), no processo de titula\u00e7\u00e3o de suas terras e do desenvolvimento sustent\u00e1vel;<br \/>\n\u2022 Intensificar o di\u00e1logo interreligioso, principalmente com as religi\u00f5es de matriz africana;<br \/>\n\u2022 Incentivo \u00e0 participa\u00e7\u00e3o da juventude negra nas atividades da PAB;<br \/>\n\u2022 Incentivo e promo\u00e7\u00e3o das voca\u00e7\u00f5es \u00e0 vida presbiteral e religiosa de afrobrasileiros (as);<br \/>\n\u2022 Participa\u00e7\u00e3o pol\u00edtica dos agentes da PAB e envolvimento nas discuss\u00f5es sobre as pol\u00edticas p\u00fablicas e de a\u00e7\u00e3o afirmativa;<br \/>\n\u2022 Fortalecer e ampliar o trabalho de base;<br \/>\n\u2022 Acompanhar o processo de implanta\u00e7\u00e3o da lei 10.639 e 11.645<br \/>\n\u2022 Ampliar a atua\u00e7\u00e3o e participa\u00e7\u00e3o nos espa\u00e7os lit\u00fargicos;<br \/>\n\u2022 Erradicar o preconceito, o racismo e intoler\u00e2ncia na Igreja e na sociedade;<br \/>\n\u2022 Uso das ferramentas de comunica\u00e7\u00e3o, para intera\u00e7\u00e3o entre os grupos, regionais e Secretariado Nacional.<\/p>\n<p>Considerando os desafios deste VI CONENC, emanados das discuss\u00f5es dos grupos de trabalho, pretendemos assumir como prioridades: a revis\u00e3o da metodologia da PAB, o apoio \u00e0 luta das comunidades quilombolas, o desenvolvimento de uma catequese inculturada e o di\u00e1logo inter\u2010religioso.<br \/>\nAgradecendo a Olorum (Deus), \u00e0 equipe organizativa e aos parceiros do VI CONENC, na certeza de nos encontrarmos no VII CONENC em 2012, no Estado do Paran\u00e1.<\/p>\n<div id=\"themify_builder_content-4225\" data-postid=\"4225\" class=\"themify_builder_content themify_builder_content-4225 themify_builder themify_builder_front\">\n\t<\/div>\n<!-- \/themify_builder_content -->","protected":false},"excerpt":{"rendered":"<p>Conenc Na cidade hist\u00f3rica de S\u00e3o Lu\u00eds \u2010 MA, aconteceu, entre os dias 8 a 11 de julho de 2009, o VI CONENC sobre o tema Refletindo o rosto negro da Igreja de Medell\u00edn \u00e0 Aparecida, que reuniu 150 agentes de pastoral representantes de 16 Estados (RS, SC, PR, SP, RJ, ES, MG, CE, BA, [&hellip;]<\/p>\n","protected":false},"author":5,"featured_media":0,"comment_status":"open","ping_status":"open","sticky":false,"template":"","format":"standard","meta":{"ngg_post_thumbnail":0,"footnotes":""},"categories":[8],"tags":[904,902,905,903],"yoast_head":"<!-- This site is optimized with the Yoast SEO plugin v23.5 - https:\/\/yoast.com\/wordpress\/plugins\/seo\/ -->\n<title>Mensagem do VI Congresso de Entidades Negras Cat\u00f3licas - O Arcanjo no ar<\/title>\n<meta name=\"robots\" content=\"index, follow, max-snippet:-1, max-image-preview:large, max-video-preview:-1\" \/>\n<link rel=\"canonical\" href=\"https:\/\/www.oarcanjo.net\/site\/mensagem-do-vi-congresso-de-entidades-negras-catolicas\/\" \/>\n<meta property=\"og:locale\" content=\"pt_BR\" \/>\n<meta property=\"og:type\" content=\"article\" \/>\n<meta property=\"og:title\" content=\"Mensagem do VI Congresso de Entidades Negras Cat\u00f3licas - O Arcanjo no ar\" \/>\n<meta property=\"og:description\" content=\"Conenc Na cidade hist\u00f3rica de S\u00e3o Lu\u00eds \u2010 MA, aconteceu, entre os dias 8 a 11 de julho de 2009, o VI CONENC sobre o tema Refletindo o rosto negro da Igreja de Medell\u00edn \u00e0 Aparecida, que reuniu 150 agentes de pastoral representantes de 16 Estados (RS, SC, PR, SP, RJ, ES, MG, CE, BA, [&hellip;]\" \/>\n<meta property=\"og:url\" content=\"https:\/\/www.oarcanjo.net\/site\/mensagem-do-vi-congresso-de-entidades-negras-catolicas\/\" \/>\n<meta property=\"og:site_name\" content=\"O Arcanjo no ar\" \/>\n<meta property=\"article:publisher\" content=\"https:\/\/www.facebook.com\/OArcanjoNoAr\/\" \/>\n<meta property=\"article:published_time\" content=\"2009-07-13T01:00:51+00:00\" \/>\n<meta property=\"article:modified_time\" content=\"2009-07-15T02:42:27+00:00\" \/>\n<meta property=\"og:image\" content=\"https:\/\/www.oarcanjo.net\/site\/wp-content\/uploads\/logo-o-arcanjo-no-ar-facebook.png\" \/>\n\t<meta property=\"og:image:width\" content=\"300\" \/>\n\t<meta property=\"og:image:height\" content=\"300\" \/>\n\t<meta property=\"og:image:type\" content=\"image\/png\" \/>\n<meta name=\"author\" content=\"editor\" \/>\n<meta name=\"twitter:card\" content=\"summary_large_image\" \/>\n<meta name=\"twitter:label1\" content=\"Escrito por\" \/>\n\t<meta name=\"twitter:data1\" content=\"editor\" \/>\n\t<meta name=\"twitter:label2\" content=\"Est. tempo de leitura\" \/>\n\t<meta name=\"twitter:data2\" content=\"2 minutos\" \/>\n<script type=\"application\/ld+json\" class=\"yoast-schema-graph\">{\"@context\":\"https:\/\/schema.org\",\"@graph\":[{\"@type\":\"Article\",\"@id\":\"https:\/\/www.oarcanjo.net\/site\/mensagem-do-vi-congresso-de-entidades-negras-catolicas\/#article\",\"isPartOf\":{\"@id\":\"https:\/\/www.oarcanjo.net\/site\/mensagem-do-vi-congresso-de-entidades-negras-catolicas\/\"},\"author\":{\"name\":\"editor\",\"@id\":\"https:\/\/www.oarcanjo.net\/site\/#\/schema\/person\/f7024d007863202483a31326673a0838\"},\"headline\":\"Mensagem do VI Congresso de Entidades Negras Cat\u00f3licas\",\"datePublished\":\"2009-07-13T01:00:51+00:00\",\"dateModified\":\"2009-07-15T02:42:27+00:00\",\"mainEntityOfPage\":{\"@id\":\"https:\/\/www.oarcanjo.net\/site\/mensagem-do-vi-congresso-de-entidades-negras-catolicas\/\"},\"wordCount\":491,\"commentCount\":0,\"publisher\":{\"@id\":\"https:\/\/www.oarcanjo.net\/site\/#organization\"},\"keywords\":[\"Conenc\",\"negros\",\"PAB\",\"Pastoral Afro-Brasileira\"],\"articleSection\":[\"Not\u00edcias\"],\"inLanguage\":\"pt-BR\",\"potentialAction\":[{\"@type\":\"CommentAction\",\"name\":\"Comment\",\"target\":[\"https:\/\/www.oarcanjo.net\/site\/mensagem-do-vi-congresso-de-entidades-negras-catolicas\/#respond\"]}]},{\"@type\":\"WebPage\",\"@id\":\"https:\/\/www.oarcanjo.net\/site\/mensagem-do-vi-congresso-de-entidades-negras-catolicas\/\",\"url\":\"https:\/\/www.oarcanjo.net\/site\/mensagem-do-vi-congresso-de-entidades-negras-catolicas\/\",\"name\":\"Mensagem do VI Congresso de Entidades Negras Cat\u00f3licas - O Arcanjo no ar\",\"isPartOf\":{\"@id\":\"https:\/\/www.oarcanjo.net\/site\/#website\"},\"datePublished\":\"2009-07-13T01:00:51+00:00\",\"dateModified\":\"2009-07-15T02:42:27+00:00\",\"breadcrumb\":{\"@id\":\"https:\/\/www.oarcanjo.net\/site\/mensagem-do-vi-congresso-de-entidades-negras-catolicas\/#breadcrumb\"},\"inLanguage\":\"pt-BR\",\"potentialAction\":[{\"@type\":\"ReadAction\",\"target\":[\"https:\/\/www.oarcanjo.net\/site\/mensagem-do-vi-congresso-de-entidades-negras-catolicas\/\"]}]},{\"@type\":\"BreadcrumbList\",\"@id\":\"https:\/\/www.oarcanjo.net\/site\/mensagem-do-vi-congresso-de-entidades-negras-catolicas\/#breadcrumb\",\"itemListElement\":[{\"@type\":\"ListItem\",\"position\":1,\"name\":\"In\u00edcio\",\"item\":\"https:\/\/www.oarcanjo.net\/site\/\"},{\"@type\":\"ListItem\",\"position\":2,\"name\":\"Mensagem do VI Congresso de Entidades Negras Cat\u00f3licas\"}]},{\"@type\":\"WebSite\",\"@id\":\"https:\/\/www.oarcanjo.net\/site\/#website\",\"url\":\"https:\/\/www.oarcanjo.net\/site\/\",\"name\":\"O Arcanjo no ar\",\"description\":\"Site da Par\u00f3quia S\u00e3o Miguel Arcanjo (Arquidiocese de SP)\",\"publisher\":{\"@id\":\"https:\/\/www.oarcanjo.net\/site\/#organization\"},\"potentialAction\":[{\"@type\":\"SearchAction\",\"target\":{\"@type\":\"EntryPoint\",\"urlTemplate\":\"https:\/\/www.oarcanjo.net\/site\/?s={search_term_string}\"},\"query-input\":{\"@type\":\"PropertyValueSpecification\",\"valueRequired\":true,\"valueName\":\"search_term_string\"}}],\"inLanguage\":\"pt-BR\"},{\"@type\":\"Organization\",\"@id\":\"https:\/\/www.oarcanjo.net\/site\/#organization\",\"name\":\"Par\u00f3quia S\u00e3o Miguel Arcanjo\",\"url\":\"https:\/\/www.oarcanjo.net\/site\/\",\"logo\":{\"@type\":\"ImageObject\",\"inLanguage\":\"pt-BR\",\"@id\":\"https:\/\/www.oarcanjo.net\/site\/#\/schema\/logo\/image\/\",\"url\":\"https:\/\/www.oarcanjo.net\/site\/wp-content\/uploads\/LogoOArcanjo.png\",\"contentUrl\":\"https:\/\/www.oarcanjo.net\/site\/wp-content\/uploads\/LogoOArcanjo.png\",\"width\":319,\"height\":99,\"caption\":\"Par\u00f3quia S\u00e3o Miguel Arcanjo\"},\"image\":{\"@id\":\"https:\/\/www.oarcanjo.net\/site\/#\/schema\/logo\/image\/\"},\"sameAs\":[\"https:\/\/www.facebook.com\/OArcanjoNoAr\/\"]},{\"@type\":\"Person\",\"@id\":\"https:\/\/www.oarcanjo.net\/site\/#\/schema\/person\/f7024d007863202483a31326673a0838\",\"name\":\"editor\",\"sameAs\":[\"http:\/\/www.oarcanjo.net\"]}]}<\/script>\n<!-- \/ Yoast SEO plugin. -->","yoast_head_json":{"title":"Mensagem do VI Congresso de Entidades Negras Cat\u00f3licas - O Arcanjo no ar","robots":{"index":"index","follow":"follow","max-snippet":"max-snippet:-1","max-image-preview":"max-image-preview:large","max-video-preview":"max-video-preview:-1"},"canonical":"https:\/\/www.oarcanjo.net\/site\/mensagem-do-vi-congresso-de-entidades-negras-catolicas\/","og_locale":"pt_BR","og_type":"article","og_title":"Mensagem do VI Congresso de Entidades Negras Cat\u00f3licas - O Arcanjo no ar","og_description":"Conenc Na cidade hist\u00f3rica de S\u00e3o Lu\u00eds \u2010 MA, aconteceu, entre os dias 8 a 11 de julho de 2009, o VI CONENC sobre o tema Refletindo o rosto negro da Igreja de Medell\u00edn \u00e0 Aparecida, que reuniu 150 agentes de pastoral representantes de 16 Estados (RS, SC, PR, SP, RJ, ES, MG, CE, BA, [&hellip;]","og_url":"https:\/\/www.oarcanjo.net\/site\/mensagem-do-vi-congresso-de-entidades-negras-catolicas\/","og_site_name":"O Arcanjo no ar","article_publisher":"https:\/\/www.facebook.com\/OArcanjoNoAr\/","article_published_time":"2009-07-13T01:00:51+00:00","article_modified_time":"2009-07-15T02:42:27+00:00","og_image":[{"width":300,"height":300,"url":"https:\/\/www.oarcanjo.net\/site\/wp-content\/uploads\/logo-o-arcanjo-no-ar-facebook.png","type":"image\/png"}],"author":"editor","twitter_card":"summary_large_image","twitter_misc":{"Escrito por":"editor","Est. tempo de leitura":"2 minutos"},"schema":{"@context":"https:\/\/schema.org","@graph":[{"@type":"Article","@id":"https:\/\/www.oarcanjo.net\/site\/mensagem-do-vi-congresso-de-entidades-negras-catolicas\/#article","isPartOf":{"@id":"https:\/\/www.oarcanjo.net\/site\/mensagem-do-vi-congresso-de-entidades-negras-catolicas\/"},"author":{"name":"editor","@id":"https:\/\/www.oarcanjo.net\/site\/#\/schema\/person\/f7024d007863202483a31326673a0838"},"headline":"Mensagem do VI Congresso de Entidades Negras Cat\u00f3licas","datePublished":"2009-07-13T01:00:51+00:00","dateModified":"2009-07-15T02:42:27+00:00","mainEntityOfPage":{"@id":"https:\/\/www.oarcanjo.net\/site\/mensagem-do-vi-congresso-de-entidades-negras-catolicas\/"},"wordCount":491,"commentCount":0,"publisher":{"@id":"https:\/\/www.oarcanjo.net\/site\/#organization"},"keywords":["Conenc","negros","PAB","Pastoral Afro-Brasileira"],"articleSection":["Not\u00edcias"],"inLanguage":"pt-BR","potentialAction":[{"@type":"CommentAction","name":"Comment","target":["https:\/\/www.oarcanjo.net\/site\/mensagem-do-vi-congresso-de-entidades-negras-catolicas\/#respond"]}]},{"@type":"WebPage","@id":"https:\/\/www.oarcanjo.net\/site\/mensagem-do-vi-congresso-de-entidades-negras-catolicas\/","url":"https:\/\/www.oarcanjo.net\/site\/mensagem-do-vi-congresso-de-entidades-negras-catolicas\/","name":"Mensagem do VI Congresso de Entidades Negras Cat\u00f3licas - O Arcanjo no ar","isPartOf":{"@id":"https:\/\/www.oarcanjo.net\/site\/#website"},"datePublished":"2009-07-13T01:00:51+00:00","dateModified":"2009-07-15T02:42:27+00:00","breadcrumb":{"@id":"https:\/\/www.oarcanjo.net\/site\/mensagem-do-vi-congresso-de-entidades-negras-catolicas\/#breadcrumb"},"inLanguage":"pt-BR","potentialAction":[{"@type":"ReadAction","target":["https:\/\/www.oarcanjo.net\/site\/mensagem-do-vi-congresso-de-entidades-negras-catolicas\/"]}]},{"@type":"BreadcrumbList","@id":"https:\/\/www.oarcanjo.net\/site\/mensagem-do-vi-congresso-de-entidades-negras-catolicas\/#breadcrumb","itemListElement":[{"@type":"ListItem","position":1,"name":"In\u00edcio","item":"https:\/\/www.oarcanjo.net\/site\/"},{"@type":"ListItem","position":2,"name":"Mensagem do VI Congresso de Entidades Negras Cat\u00f3licas"}]},{"@type":"WebSite","@id":"https:\/\/www.oarcanjo.net\/site\/#website","url":"https:\/\/www.oarcanjo.net\/site\/","name":"O Arcanjo no ar","description":"Site da Par\u00f3quia S\u00e3o Miguel Arcanjo (Arquidiocese de SP)","publisher":{"@id":"https:\/\/www.oarcanjo.net\/site\/#organization"},"potentialAction":[{"@type":"SearchAction","target":{"@type":"EntryPoint","urlTemplate":"https:\/\/www.oarcanjo.net\/site\/?s={search_term_string}"},"query-input":{"@type":"PropertyValueSpecification","valueRequired":true,"valueName":"search_term_string"}}],"inLanguage":"pt-BR"},{"@type":"Organization","@id":"https:\/\/www.oarcanjo.net\/site\/#organization","name":"Par\u00f3quia S\u00e3o Miguel Arcanjo","url":"https:\/\/www.oarcanjo.net\/site\/","logo":{"@type":"ImageObject","inLanguage":"pt-BR","@id":"https:\/\/www.oarcanjo.net\/site\/#\/schema\/logo\/image\/","url":"https:\/\/www.oarcanjo.net\/site\/wp-content\/uploads\/LogoOArcanjo.png","contentUrl":"https:\/\/www.oarcanjo.net\/site\/wp-content\/uploads\/LogoOArcanjo.png","width":319,"height":99,"caption":"Par\u00f3quia S\u00e3o Miguel Arcanjo"},"image":{"@id":"https:\/\/www.oarcanjo.net\/site\/#\/schema\/logo\/image\/"},"sameAs":["https:\/\/www.facebook.com\/OArcanjoNoAr\/"]},{"@type":"Person","@id":"https:\/\/www.oarcanjo.net\/site\/#\/schema\/person\/f7024d007863202483a31326673a0838","name":"editor","sameAs":["http:\/\/www.oarcanjo.net"]}]}},"publishpress_future_action":{"enabled":false,"date":"2026-05-09 02:29:22","action":"category","newStatus":"draft","terms":[],"taxonomy":"category"},"publishpress_future_workflow_manual_trigger":{"enabledWorkflows":[]},"_links":{"self":[{"href":"https:\/\/www.oarcanjo.net\/site\/wp-json\/wp\/v2\/posts\/4225"}],"collection":[{"href":"https:\/\/www.oarcanjo.net\/site\/wp-json\/wp\/v2\/posts"}],"about":[{"href":"https:\/\/www.oarcanjo.net\/site\/wp-json\/wp\/v2\/types\/post"}],"author":[{"embeddable":true,"href":"https:\/\/www.oarcanjo.net\/site\/wp-json\/wp\/v2\/users\/5"}],"replies":[{"embeddable":true,"href":"https:\/\/www.oarcanjo.net\/site\/wp-json\/wp\/v2\/comments?post=4225"}],"version-history":[{"count":0,"href":"https:\/\/www.oarcanjo.net\/site\/wp-json\/wp\/v2\/posts\/4225\/revisions"}],"wp:attachment":[{"href":"https:\/\/www.oarcanjo.net\/site\/wp-json\/wp\/v2\/media?parent=4225"}],"wp:term":[{"taxonomy":"category","embeddable":true,"href":"https:\/\/www.oarcanjo.net\/site\/wp-json\/wp\/v2\/categories?post=4225"},{"taxonomy":"post_tag","embeddable":true,"href":"https:\/\/www.oarcanjo.net\/site\/wp-json\/wp\/v2\/tags?post=4225"}],"curies":[{"name":"wp","href":"https:\/\/api.w.org\/{rel}","templated":true}]}}