
{"id":4227,"date":"2009-07-13T20:42:28","date_gmt":"2009-07-13T23:42:28","guid":{"rendered":"http:\/\/www.oarcanjo.net\/site\/?p=4227"},"modified":"2009-07-23T00:51:39","modified_gmt":"2009-07-23T03:51:39","slug":"viva-o-12-encontro-intereclesial-das-cebs","status":"publish","type":"post","link":"https:\/\/www.oarcanjo.net\/site\/viva-o-12-encontro-intereclesial-das-cebs\/","title":{"rendered":"Viva o 12\u00ba Encontro Intereclesial das CEBs!"},"content":{"rendered":"<p>Carlo Tursi<\/p>\n<p>As Comunidades Eclesiais de Base representam, no atual cen\u00e1rio cat\u00f3lico, aquela pequena, por\u00e9m valente parte da Igreja que se tornou presente na base do Povo de Deus, ou &#8211; como o papa Jo\u00e3o XXIII costumava dizer &#8211; a &#8220;Igreja dos pobres&#8221;. No m\u00eas corrente est\u00e1 para se realizar, entre os dias 21 e 25, o 12\u00ba Encontro Intereclesial das CEBs na cidade de Porto Velho (Rond\u00f4nia), para onde est\u00e3o rumando, neste instante, dois \u00f4nibus cheios de delegados das nossas comunidades cearenses. Passar\u00e3o quatro dias na estrada! E como estas comunidades, na sua grande maioria, faveladas, tiveram que &#8220;se virar&#8221; nos \u00faltimos meses para poderem mandar seus representantes para um destino t\u00e3o distante! Mas quem acredita, sempre alcan\u00e7a, n\u00e3o \u00e9 mesmo?!<\/p>\n<p>A grande tem\u00e1tica a ser trabalhada l\u00e1, no cora\u00e7\u00e3o da Amaz\u00f4nia, \u00e9 &#8220;CEBs &#8211; Ecologia e Miss\u00e3o&#8221;. Pois, as Comunidades de Base s\u00e3o uma das (hoje) poucas for\u00e7as vivas na Igreja que, ao inv\u00e9s de girarem em torno do pr\u00f3prio &#8220;umbigo&#8221; eclesial, preferem enfrentam os grandes problemas da realidade social brasileira, querendo contribuir para a sua supera\u00e7\u00e3o. Para isso, tiveram que se capacitar: Em um grande semin\u00e1rio de prepara\u00e7\u00e3o, realizado em Fortaleza, os delegados cearenses estudaram o texto-base para o Encontro, com o t\u00edtulo &#8220;Do Ventre da Terra, o Grito que vem da Amaz\u00f4nia&#8221;, ajudados pelo assessor Pe. Luiz Ceppi. O livro est\u00e1 organizado segundo a metodologia j\u00e1 consagrada: VER &#8211; a realidade gritante do desmatamento, da grilagem de terra, da invas\u00e3o estrangeira, da amea\u00e7a aos povos nativos da floresta; JULGAR &#8211; ler os acontecimentos alarmantes a partir da \u00f3tica do Evangelho, com textos de grandes te\u00f3logos renomados como Leonardo Boff, Marcelo Barros e Faustino Teixeira; e AGIR &#8211; modelos e experi\u00eancias de miss\u00e3o evangelizadora libertadora na regi\u00e3o amaz\u00f4nica.<\/p>\n<p>A extensa programa\u00e7\u00e3o em Porto Velho incluir\u00e1, al\u00e9m de celebra\u00e7\u00f5es eucar\u00edsticas, confer\u00eancias tem\u00e1ticas, momentos culturais, gestos prof\u00e9ticos, tamb\u00e9m visitas a \u00e1reas de grande car\u00eancia social (&#8220;Quem conhece, ama!&#8221;): \u00e0s popula\u00e7\u00f5es ind\u00edgenas, \u00e0s comunidades extrativistas, \u00e0s comunidades ribeirinhas, \u00e0s casas de deten\u00e7\u00e3o, a hospitais. A espiritualidade &#8220;encarnada&#8221; do Encontro est\u00e1 bem expressa nas palavras do bispo-assessor Dom Moacyr Grecchi: &#8220;Salvar a Terra, cuidar da humanidade e garantir o futuro da vida crist\u00e3 &#8211; \u00e9 urgente uma \u00e9tica da compaix\u00e3o, no sentido budista e tamb\u00e9m crist\u00e3o, da palavra. Quer dizer, diante da humanidade sofredora e da natureza devastada munir-se de empatia, fazer-se bom samaritano, aliviar a dor e, se poss\u00edvel, impedir que se reproduza. Al\u00e9m disso, faz-se urgente uma \u00e9tica da responsabilidade pelo futuro da humanidade e da Terra. Responsabilidade \u00e9 controle das conseq\u00fc\u00eancias de nossos atos para que sejam de precau\u00e7\u00e3o e de prote\u00e7\u00e3o e n\u00e3o de destrui\u00e7\u00e3o. Por fim, uma \u00e9tica da solidariedade de todos com todos, pois, todos somos interdependentes uns dos outros e juntos devemos construir o futuro comum que inclua a todos, a come\u00e7ar pelos mais fracos&#8221; (Jornal &#8220;A Caminho&#8221;, n\u00ba 10, junho de 2009).<\/p>\n<p>Que Deus derrame sua Luz sobre este grande encontro de crist\u00e3os combativos e em seus cora\u00e7\u00f5es acenda o fogo do Seu Amor por um mundo melhor! Am\u00e9m! Ax\u00e9! Aleluia!<\/p>\n<div id=\"themify_builder_content-4227\" data-postid=\"4227\" class=\"themify_builder_content themify_builder_content-4227 themify_builder themify_builder_front\">\n\t<\/div>\n<!-- \/themify_builder_content -->","protected":false},"excerpt":{"rendered":"<p>Carlo Tursi As Comunidades Eclesiais de Base representam, no atual cen\u00e1rio cat\u00f3lico, aquela pequena, por\u00e9m valente parte da Igreja que se tornou presente na base do Povo de Deus, ou &#8211; como o papa Jo\u00e3o XXIII costumava dizer &#8211; a &#8220;Igreja dos pobres&#8221;. No m\u00eas corrente est\u00e1 para se realizar, entre os dias 21 e [&hellip;]<\/p>\n","protected":false},"author":5,"featured_media":0,"comment_status":"open","ping_status":"open","sticky":false,"template":"","format":"standard","meta":{"ngg_post_thumbnail":0,"footnotes":""},"categories":[9],"tags":[906,894,907],"yoast_head":"<!-- This site is optimized with the Yoast SEO plugin v23.5 - https:\/\/yoast.com\/wordpress\/plugins\/seo\/ -->\n<title>Viva o 12\u00ba Encontro Intereclesial das CEBs! - O Arcanjo no ar<\/title>\n<meta name=\"robots\" content=\"index, follow, max-snippet:-1, max-image-preview:large, max-video-preview:-1\" \/>\n<link rel=\"canonical\" href=\"https:\/\/www.oarcanjo.net\/site\/viva-o-12-encontro-intereclesial-das-cebs\/\" \/>\n<meta property=\"og:locale\" content=\"pt_BR\" \/>\n<meta property=\"og:type\" content=\"article\" \/>\n<meta property=\"og:title\" content=\"Viva o 12\u00ba Encontro Intereclesial das CEBs! - O Arcanjo no ar\" \/>\n<meta property=\"og:description\" content=\"Carlo Tursi As Comunidades Eclesiais de Base representam, no atual cen\u00e1rio cat\u00f3lico, aquela pequena, por\u00e9m valente parte da Igreja que se tornou presente na base do Povo de Deus, ou &#8211; como o papa Jo\u00e3o XXIII costumava dizer &#8211; a &#8220;Igreja dos pobres&#8221;. No m\u00eas corrente est\u00e1 para se realizar, entre os dias 21 e [&hellip;]\" \/>\n<meta property=\"og:url\" content=\"https:\/\/www.oarcanjo.net\/site\/viva-o-12-encontro-intereclesial-das-cebs\/\" \/>\n<meta property=\"og:site_name\" content=\"O Arcanjo no ar\" \/>\n<meta property=\"article:publisher\" content=\"https:\/\/www.facebook.com\/OArcanjoNoAr\/\" \/>\n<meta property=\"article:published_time\" content=\"2009-07-13T23:42:28+00:00\" \/>\n<meta property=\"article:modified_time\" content=\"2009-07-23T03:51:39+00:00\" \/>\n<meta property=\"og:image\" content=\"https:\/\/www.oarcanjo.net\/site\/wp-content\/uploads\/logo-o-arcanjo-no-ar-facebook.png\" \/>\n\t<meta property=\"og:image:width\" content=\"300\" \/>\n\t<meta property=\"og:image:height\" content=\"300\" \/>\n\t<meta property=\"og:image:type\" content=\"image\/png\" \/>\n<meta name=\"author\" content=\"editor\" \/>\n<meta name=\"twitter:card\" content=\"summary_large_image\" \/>\n<meta name=\"twitter:label1\" content=\"Escrito por\" \/>\n\t<meta name=\"twitter:data1\" content=\"editor\" \/>\n\t<meta name=\"twitter:label2\" content=\"Est. tempo de leitura\" \/>\n\t<meta name=\"twitter:data2\" content=\"3 minutos\" \/>\n<script type=\"application\/ld+json\" class=\"yoast-schema-graph\">{\"@context\":\"https:\/\/schema.org\",\"@graph\":[{\"@type\":\"Article\",\"@id\":\"https:\/\/www.oarcanjo.net\/site\/viva-o-12-encontro-intereclesial-das-cebs\/#article\",\"isPartOf\":{\"@id\":\"https:\/\/www.oarcanjo.net\/site\/viva-o-12-encontro-intereclesial-das-cebs\/\"},\"author\":{\"name\":\"editor\",\"@id\":\"https:\/\/www.oarcanjo.net\/site\/#\/schema\/person\/f7024d007863202483a31326673a0838\"},\"headline\":\"Viva o 12\u00ba Encontro Intereclesial das CEBs!\",\"datePublished\":\"2009-07-13T23:42:28+00:00\",\"dateModified\":\"2009-07-23T03:51:39+00:00\",\"mainEntityOfPage\":{\"@id\":\"https:\/\/www.oarcanjo.net\/site\/viva-o-12-encontro-intereclesial-das-cebs\/\"},\"wordCount\":562,\"commentCount\":0,\"publisher\":{\"@id\":\"https:\/\/www.oarcanjo.net\/site\/#organization\"},\"keywords\":[\"ecologia e miss\u00e3o\",\"Intereclesial de CEBs\",\"ver julgar agir\"],\"articleSection\":[\"Reflex\u00f5es\"],\"inLanguage\":\"pt-BR\",\"potentialAction\":[{\"@type\":\"CommentAction\",\"name\":\"Comment\",\"target\":[\"https:\/\/www.oarcanjo.net\/site\/viva-o-12-encontro-intereclesial-das-cebs\/#respond\"]}]},{\"@type\":\"WebPage\",\"@id\":\"https:\/\/www.oarcanjo.net\/site\/viva-o-12-encontro-intereclesial-das-cebs\/\",\"url\":\"https:\/\/www.oarcanjo.net\/site\/viva-o-12-encontro-intereclesial-das-cebs\/\",\"name\":\"Viva o 12\u00ba Encontro Intereclesial das CEBs! - O Arcanjo no ar\",\"isPartOf\":{\"@id\":\"https:\/\/www.oarcanjo.net\/site\/#website\"},\"datePublished\":\"2009-07-13T23:42:28+00:00\",\"dateModified\":\"2009-07-23T03:51:39+00:00\",\"breadcrumb\":{\"@id\":\"https:\/\/www.oarcanjo.net\/site\/viva-o-12-encontro-intereclesial-das-cebs\/#breadcrumb\"},\"inLanguage\":\"pt-BR\",\"potentialAction\":[{\"@type\":\"ReadAction\",\"target\":[\"https:\/\/www.oarcanjo.net\/site\/viva-o-12-encontro-intereclesial-das-cebs\/\"]}]},{\"@type\":\"BreadcrumbList\",\"@id\":\"https:\/\/www.oarcanjo.net\/site\/viva-o-12-encontro-intereclesial-das-cebs\/#breadcrumb\",\"itemListElement\":[{\"@type\":\"ListItem\",\"position\":1,\"name\":\"In\u00edcio\",\"item\":\"https:\/\/www.oarcanjo.net\/site\/\"},{\"@type\":\"ListItem\",\"position\":2,\"name\":\"Viva o 12\u00ba Encontro Intereclesial das CEBs!\"}]},{\"@type\":\"WebSite\",\"@id\":\"https:\/\/www.oarcanjo.net\/site\/#website\",\"url\":\"https:\/\/www.oarcanjo.net\/site\/\",\"name\":\"O Arcanjo no ar\",\"description\":\"Site da Par\u00f3quia S\u00e3o Miguel Arcanjo (Arquidiocese de SP)\",\"publisher\":{\"@id\":\"https:\/\/www.oarcanjo.net\/site\/#organization\"},\"potentialAction\":[{\"@type\":\"SearchAction\",\"target\":{\"@type\":\"EntryPoint\",\"urlTemplate\":\"https:\/\/www.oarcanjo.net\/site\/?s={search_term_string}\"},\"query-input\":{\"@type\":\"PropertyValueSpecification\",\"valueRequired\":true,\"valueName\":\"search_term_string\"}}],\"inLanguage\":\"pt-BR\"},{\"@type\":\"Organization\",\"@id\":\"https:\/\/www.oarcanjo.net\/site\/#organization\",\"name\":\"Par\u00f3quia S\u00e3o Miguel Arcanjo\",\"url\":\"https:\/\/www.oarcanjo.net\/site\/\",\"logo\":{\"@type\":\"ImageObject\",\"inLanguage\":\"pt-BR\",\"@id\":\"https:\/\/www.oarcanjo.net\/site\/#\/schema\/logo\/image\/\",\"url\":\"https:\/\/www.oarcanjo.net\/site\/wp-content\/uploads\/LogoOArcanjo.png\",\"contentUrl\":\"https:\/\/www.oarcanjo.net\/site\/wp-content\/uploads\/LogoOArcanjo.png\",\"width\":319,\"height\":99,\"caption\":\"Par\u00f3quia S\u00e3o Miguel Arcanjo\"},\"image\":{\"@id\":\"https:\/\/www.oarcanjo.net\/site\/#\/schema\/logo\/image\/\"},\"sameAs\":[\"https:\/\/www.facebook.com\/OArcanjoNoAr\/\"]},{\"@type\":\"Person\",\"@id\":\"https:\/\/www.oarcanjo.net\/site\/#\/schema\/person\/f7024d007863202483a31326673a0838\",\"name\":\"editor\",\"sameAs\":[\"http:\/\/www.oarcanjo.net\"]}]}<\/script>\n<!-- \/ Yoast SEO plugin. -->","yoast_head_json":{"title":"Viva o 12\u00ba Encontro Intereclesial das CEBs! - O Arcanjo no ar","robots":{"index":"index","follow":"follow","max-snippet":"max-snippet:-1","max-image-preview":"max-image-preview:large","max-video-preview":"max-video-preview:-1"},"canonical":"https:\/\/www.oarcanjo.net\/site\/viva-o-12-encontro-intereclesial-das-cebs\/","og_locale":"pt_BR","og_type":"article","og_title":"Viva o 12\u00ba Encontro Intereclesial das CEBs! - O Arcanjo no ar","og_description":"Carlo Tursi As Comunidades Eclesiais de Base representam, no atual cen\u00e1rio cat\u00f3lico, aquela pequena, por\u00e9m valente parte da Igreja que se tornou presente na base do Povo de Deus, ou &#8211; como o papa Jo\u00e3o XXIII costumava dizer &#8211; a &#8220;Igreja dos pobres&#8221;. No m\u00eas corrente est\u00e1 para se realizar, entre os dias 21 e [&hellip;]","og_url":"https:\/\/www.oarcanjo.net\/site\/viva-o-12-encontro-intereclesial-das-cebs\/","og_site_name":"O Arcanjo no ar","article_publisher":"https:\/\/www.facebook.com\/OArcanjoNoAr\/","article_published_time":"2009-07-13T23:42:28+00:00","article_modified_time":"2009-07-23T03:51:39+00:00","og_image":[{"width":300,"height":300,"url":"https:\/\/www.oarcanjo.net\/site\/wp-content\/uploads\/logo-o-arcanjo-no-ar-facebook.png","type":"image\/png"}],"author":"editor","twitter_card":"summary_large_image","twitter_misc":{"Escrito por":"editor","Est. tempo de leitura":"3 minutos"},"schema":{"@context":"https:\/\/schema.org","@graph":[{"@type":"Article","@id":"https:\/\/www.oarcanjo.net\/site\/viva-o-12-encontro-intereclesial-das-cebs\/#article","isPartOf":{"@id":"https:\/\/www.oarcanjo.net\/site\/viva-o-12-encontro-intereclesial-das-cebs\/"},"author":{"name":"editor","@id":"https:\/\/www.oarcanjo.net\/site\/#\/schema\/person\/f7024d007863202483a31326673a0838"},"headline":"Viva o 12\u00ba Encontro Intereclesial das CEBs!","datePublished":"2009-07-13T23:42:28+00:00","dateModified":"2009-07-23T03:51:39+00:00","mainEntityOfPage":{"@id":"https:\/\/www.oarcanjo.net\/site\/viva-o-12-encontro-intereclesial-das-cebs\/"},"wordCount":562,"commentCount":0,"publisher":{"@id":"https:\/\/www.oarcanjo.net\/site\/#organization"},"keywords":["ecologia e miss\u00e3o","Intereclesial de CEBs","ver julgar agir"],"articleSection":["Reflex\u00f5es"],"inLanguage":"pt-BR","potentialAction":[{"@type":"CommentAction","name":"Comment","target":["https:\/\/www.oarcanjo.net\/site\/viva-o-12-encontro-intereclesial-das-cebs\/#respond"]}]},{"@type":"WebPage","@id":"https:\/\/www.oarcanjo.net\/site\/viva-o-12-encontro-intereclesial-das-cebs\/","url":"https:\/\/www.oarcanjo.net\/site\/viva-o-12-encontro-intereclesial-das-cebs\/","name":"Viva o 12\u00ba Encontro Intereclesial das CEBs! - O Arcanjo no ar","isPartOf":{"@id":"https:\/\/www.oarcanjo.net\/site\/#website"},"datePublished":"2009-07-13T23:42:28+00:00","dateModified":"2009-07-23T03:51:39+00:00","breadcrumb":{"@id":"https:\/\/www.oarcanjo.net\/site\/viva-o-12-encontro-intereclesial-das-cebs\/#breadcrumb"},"inLanguage":"pt-BR","potentialAction":[{"@type":"ReadAction","target":["https:\/\/www.oarcanjo.net\/site\/viva-o-12-encontro-intereclesial-das-cebs\/"]}]},{"@type":"BreadcrumbList","@id":"https:\/\/www.oarcanjo.net\/site\/viva-o-12-encontro-intereclesial-das-cebs\/#breadcrumb","itemListElement":[{"@type":"ListItem","position":1,"name":"In\u00edcio","item":"https:\/\/www.oarcanjo.net\/site\/"},{"@type":"ListItem","position":2,"name":"Viva o 12\u00ba Encontro Intereclesial das CEBs!"}]},{"@type":"WebSite","@id":"https:\/\/www.oarcanjo.net\/site\/#website","url":"https:\/\/www.oarcanjo.net\/site\/","name":"O Arcanjo no ar","description":"Site da Par\u00f3quia S\u00e3o Miguel Arcanjo (Arquidiocese de SP)","publisher":{"@id":"https:\/\/www.oarcanjo.net\/site\/#organization"},"potentialAction":[{"@type":"SearchAction","target":{"@type":"EntryPoint","urlTemplate":"https:\/\/www.oarcanjo.net\/site\/?s={search_term_string}"},"query-input":{"@type":"PropertyValueSpecification","valueRequired":true,"valueName":"search_term_string"}}],"inLanguage":"pt-BR"},{"@type":"Organization","@id":"https:\/\/www.oarcanjo.net\/site\/#organization","name":"Par\u00f3quia S\u00e3o Miguel Arcanjo","url":"https:\/\/www.oarcanjo.net\/site\/","logo":{"@type":"ImageObject","inLanguage":"pt-BR","@id":"https:\/\/www.oarcanjo.net\/site\/#\/schema\/logo\/image\/","url":"https:\/\/www.oarcanjo.net\/site\/wp-content\/uploads\/LogoOArcanjo.png","contentUrl":"https:\/\/www.oarcanjo.net\/site\/wp-content\/uploads\/LogoOArcanjo.png","width":319,"height":99,"caption":"Par\u00f3quia S\u00e3o Miguel Arcanjo"},"image":{"@id":"https:\/\/www.oarcanjo.net\/site\/#\/schema\/logo\/image\/"},"sameAs":["https:\/\/www.facebook.com\/OArcanjoNoAr\/"]},{"@type":"Person","@id":"https:\/\/www.oarcanjo.net\/site\/#\/schema\/person\/f7024d007863202483a31326673a0838","name":"editor","sameAs":["http:\/\/www.oarcanjo.net"]}]}},"publishpress_future_action":{"enabled":false,"date":"2026-05-09 10:15:49","action":"category","newStatus":"draft","terms":[],"taxonomy":"category"},"publishpress_future_workflow_manual_trigger":{"enabledWorkflows":[]},"_links":{"self":[{"href":"https:\/\/www.oarcanjo.net\/site\/wp-json\/wp\/v2\/posts\/4227"}],"collection":[{"href":"https:\/\/www.oarcanjo.net\/site\/wp-json\/wp\/v2\/posts"}],"about":[{"href":"https:\/\/www.oarcanjo.net\/site\/wp-json\/wp\/v2\/types\/post"}],"author":[{"embeddable":true,"href":"https:\/\/www.oarcanjo.net\/site\/wp-json\/wp\/v2\/users\/5"}],"replies":[{"embeddable":true,"href":"https:\/\/www.oarcanjo.net\/site\/wp-json\/wp\/v2\/comments?post=4227"}],"version-history":[{"count":0,"href":"https:\/\/www.oarcanjo.net\/site\/wp-json\/wp\/v2\/posts\/4227\/revisions"}],"wp:attachment":[{"href":"https:\/\/www.oarcanjo.net\/site\/wp-json\/wp\/v2\/media?parent=4227"}],"wp:term":[{"taxonomy":"category","embeddable":true,"href":"https:\/\/www.oarcanjo.net\/site\/wp-json\/wp\/v2\/categories?post=4227"},{"taxonomy":"post_tag","embeddable":true,"href":"https:\/\/www.oarcanjo.net\/site\/wp-json\/wp\/v2\/tags?post=4227"}],"curies":[{"name":"wp","href":"https:\/\/api.w.org\/{rel}","templated":true}]}}