
{"id":4232,"date":"2009-07-13T00:23:31","date_gmt":"2009-07-13T03:23:31","guid":{"rendered":"http:\/\/www.oarcanjo.net\/site\/?p=4232"},"modified":"2009-07-15T00:25:05","modified_gmt":"2009-07-15T03:25:05","slug":"estatuto-da-crianca-e-do-adolescente-completa-19-anos","status":"publish","type":"post","link":"https:\/\/www.oarcanjo.net\/site\/estatuto-da-crianca-e-do-adolescente-completa-19-anos\/","title":{"rendered":"Estatuto da Crian\u00e7a e do Adolescente completa 19 anos"},"content":{"rendered":"<p>Na segunda-feira, 13\/07, comemorou-se no Brasil o 19\u00b0 anivers\u00e1rio do Estatuto da Crian\u00e7a e do Adolescente (ECA). Apesar da Lei n\u00b0 8.069 ser uma das mais avan\u00e7adas do mundo em rela\u00e7\u00e3o aos direitos da crian\u00e7a e do adolescente, entidades que trabalham na defesa do Estatuto acreditam que ainda h\u00e1 muito que conquistar. <\/p>\n<p>Para Adriano Ribeiro, coordenador da Campanha Nacional Crian\u00e7a N\u00e3o \u00e9 de Rua, o ECA foi fruto de uma grande mobiliza\u00e7\u00e3o nacional da sociedade e j\u00e1 conseguiu grandes conquistas, mas o pa\u00eds ainda precisa &#8220;alcan\u00e7ar uma implementa\u00e7\u00e3o mais efetiva do Estatuto&#8221;. <\/p>\n<p>O coordenador comenta que o problema \u00e9 a dificuldade do Brasil em unir todos os setores da sociedade em busca da garantia dos direitos. &#8220;Existe uma mobiliza\u00e7\u00e3o por parte da organiza\u00e7\u00e3o civil, mas \u00e9 dificultada pelo poder p\u00fablico&#8221;, afirma.<\/p>\n<p>De acordo com o coordenador, o principal problema ainda \u00e9 aus\u00eancia de compromisso do governo em destinar verbas para os direitos das crian\u00e7as e dos adolescentes. &#8220;[O Brasil] nem sequer tem uma pol\u00edtica de socializa\u00e7\u00e3o para as crian\u00e7as que moram na rua&#8221;, desabafa. <\/p>\n<p>Entretanto, n\u00e3o se pode afirmar que nos \u00faltimos 19 anos os direitos das crian\u00e7as e dos adolescentes foram totalmente esquecidos. Prova disso s\u00e3o as pol\u00edticas de promo\u00e7\u00e3o e defesa dos direitos da crian\u00e7a e do adolescente implementadas nos \u00faltimos anos, como o Plano Nacional de Enfrentamento \u00e0 Viol\u00eancia Sexual contra Crian\u00e7as e Adolescentes e o Plano Nacional de Preven\u00e7\u00e3o e Erradica\u00e7\u00e3o do Trabalho Infantil e Prote\u00e7\u00e3o ao Trabalhador Adolescente.<\/p>\n<p>Dados do Instituto Brasileiro de Geografia e Estat\u00edstica (IBGE) mostram avan\u00e7os tamb\u00e9m em rela\u00e7\u00e3o \u00e0 diminui\u00e7\u00e3o da mortalidade infantil. Em 1991, para cada mil crian\u00e7as nascidas vivas, 45 morriam. Em 2006, a cifra caiu para 25. Os n\u00fameros ainda s\u00e3o positivos no campo da educa\u00e7\u00e3o. Segundo o IBGE, as taxas de escolariza\u00e7\u00e3o aumentaram no pa\u00eds. Em 1992, 81,4% das crian\u00e7as frequentavam o ensino fundamental; em 2005, a taxa subiu para 94,8%. No ensino m\u00e9dio, o aumento foi de 154% em todo o Brasil.<\/p>\n<p>Na avalia\u00e7\u00e3o do coordenador da Campanha, uma das principais contribui\u00e7\u00f5es do Estatuto foi o reconhecimento das crian\u00e7as e dos adolescentes como protagonistas. &#8220;Boa parte da popula\u00e7\u00e3o reconhece a crian\u00e7a e o adolescente como sujeitos de direitos&#8221;, alegra-se.<\/p>\n<p>Outro grande avan\u00e7o conquistado pelo Estatuto foi a prote\u00e7\u00e3o integral. O ECA, diferentemente da legisla\u00e7\u00e3o anterior, n\u00e3o aponta somente para a puni\u00e7\u00e3o das crian\u00e7as e dos adolescentes em conflito com a Lei. Embora ainda falte muito para mudar a cultura repressiva imposta pelo C\u00f3digo de Menores, o ECA j\u00e1 conseguiu avan\u00e7os significativos na aplica\u00e7\u00e3o de medidas socioeducativas e na melhoria da infraestrutura de alguns abrigos.<\/p>\n<p>Para Ribeiro, apesar dos desafios, o ECA consegue animar as pessoas que conhecem o Estatuto a continuar lutando pela implementa\u00e7\u00e3o dos direitos das crian\u00e7as e dos adolescentes. &#8220;Ainda temos que caminhar bastante para alcan\u00e7ar tudo o que o ECA prev\u00ea&#8221;, afirma. <\/p>\n<div id=\"themify_builder_content-4232\" data-postid=\"4232\" class=\"themify_builder_content themify_builder_content-4232 themify_builder themify_builder_front\">\n\t<\/div>\n<!-- \/themify_builder_content -->","protected":false},"excerpt":{"rendered":"<p>Na segunda-feira, 13\/07, comemorou-se no Brasil o 19\u00b0 anivers\u00e1rio do Estatuto da Crian\u00e7a e do Adolescente (ECA). Apesar da Lei n\u00b0 8.069 ser uma das mais avan\u00e7adas do mundo em rela\u00e7\u00e3o aos direitos da crian\u00e7a e do adolescente, entidades que trabalham na defesa do Estatuto acreditam que ainda h\u00e1 muito que conquistar. Para Adriano Ribeiro, [&hellip;]<\/p>\n","protected":false},"author":5,"featured_media":0,"comment_status":"open","ping_status":"open","sticky":false,"template":"","format":"standard","meta":{"ngg_post_thumbnail":0,"footnotes":""},"categories":[9],"tags":[350,911,910],"yoast_head":"<!-- This site is optimized with the Yoast SEO plugin v23.5 - https:\/\/yoast.com\/wordpress\/plugins\/seo\/ -->\n<title>Estatuto da Crian\u00e7a e do Adolescente completa 19 anos - O Arcanjo no ar<\/title>\n<meta name=\"robots\" content=\"index, follow, max-snippet:-1, max-image-preview:large, max-video-preview:-1\" \/>\n<link rel=\"canonical\" href=\"https:\/\/www.oarcanjo.net\/site\/estatuto-da-crianca-e-do-adolescente-completa-19-anos\/\" \/>\n<meta property=\"og:locale\" content=\"pt_BR\" \/>\n<meta property=\"og:type\" content=\"article\" \/>\n<meta property=\"og:title\" content=\"Estatuto da Crian\u00e7a e do Adolescente completa 19 anos - O Arcanjo no ar\" \/>\n<meta property=\"og:description\" content=\"Na segunda-feira, 13\/07, comemorou-se no Brasil o 19\u00b0 anivers\u00e1rio do Estatuto da Crian\u00e7a e do Adolescente (ECA). Apesar da Lei n\u00b0 8.069 ser uma das mais avan\u00e7adas do mundo em rela\u00e7\u00e3o aos direitos da crian\u00e7a e do adolescente, entidades que trabalham na defesa do Estatuto acreditam que ainda h\u00e1 muito que conquistar. Para Adriano Ribeiro, [&hellip;]\" \/>\n<meta property=\"og:url\" content=\"https:\/\/www.oarcanjo.net\/site\/estatuto-da-crianca-e-do-adolescente-completa-19-anos\/\" \/>\n<meta property=\"og:site_name\" content=\"O Arcanjo no ar\" \/>\n<meta property=\"article:publisher\" content=\"https:\/\/www.facebook.com\/OArcanjoNoAr\/\" \/>\n<meta property=\"article:published_time\" content=\"2009-07-13T03:23:31+00:00\" \/>\n<meta property=\"article:modified_time\" content=\"2009-07-15T03:25:05+00:00\" \/>\n<meta property=\"og:image\" content=\"https:\/\/www.oarcanjo.net\/site\/wp-content\/uploads\/logo-o-arcanjo-no-ar-facebook.png\" \/>\n\t<meta property=\"og:image:width\" content=\"300\" \/>\n\t<meta property=\"og:image:height\" content=\"300\" \/>\n\t<meta property=\"og:image:type\" content=\"image\/png\" \/>\n<meta name=\"author\" content=\"editor\" \/>\n<meta name=\"twitter:card\" content=\"summary_large_image\" \/>\n<meta name=\"twitter:label1\" content=\"Escrito por\" \/>\n\t<meta name=\"twitter:data1\" content=\"editor\" \/>\n\t<meta name=\"twitter:label2\" content=\"Est. tempo de leitura\" \/>\n\t<meta name=\"twitter:data2\" content=\"3 minutos\" \/>\n<script type=\"application\/ld+json\" class=\"yoast-schema-graph\">{\"@context\":\"https:\/\/schema.org\",\"@graph\":[{\"@type\":\"Article\",\"@id\":\"https:\/\/www.oarcanjo.net\/site\/estatuto-da-crianca-e-do-adolescente-completa-19-anos\/#article\",\"isPartOf\":{\"@id\":\"https:\/\/www.oarcanjo.net\/site\/estatuto-da-crianca-e-do-adolescente-completa-19-anos\/\"},\"author\":{\"name\":\"editor\",\"@id\":\"https:\/\/www.oarcanjo.net\/site\/#\/schema\/person\/f7024d007863202483a31326673a0838\"},\"headline\":\"Estatuto da Crian\u00e7a e do Adolescente completa 19 anos\",\"datePublished\":\"2009-07-13T03:23:31+00:00\",\"dateModified\":\"2009-07-15T03:25:05+00:00\",\"mainEntityOfPage\":{\"@id\":\"https:\/\/www.oarcanjo.net\/site\/estatuto-da-crianca-e-do-adolescente-completa-19-anos\/\"},\"wordCount\":519,\"commentCount\":1,\"publisher\":{\"@id\":\"https:\/\/www.oarcanjo.net\/site\/#organization\"},\"keywords\":[\"direitos\",\"ECA\",\"Estatuto da Crian\u00e7a e do Adolescente\"],\"articleSection\":[\"Reflex\u00f5es\"],\"inLanguage\":\"pt-BR\",\"potentialAction\":[{\"@type\":\"CommentAction\",\"name\":\"Comment\",\"target\":[\"https:\/\/www.oarcanjo.net\/site\/estatuto-da-crianca-e-do-adolescente-completa-19-anos\/#respond\"]}]},{\"@type\":\"WebPage\",\"@id\":\"https:\/\/www.oarcanjo.net\/site\/estatuto-da-crianca-e-do-adolescente-completa-19-anos\/\",\"url\":\"https:\/\/www.oarcanjo.net\/site\/estatuto-da-crianca-e-do-adolescente-completa-19-anos\/\",\"name\":\"Estatuto da Crian\u00e7a e do Adolescente completa 19 anos - O Arcanjo no ar\",\"isPartOf\":{\"@id\":\"https:\/\/www.oarcanjo.net\/site\/#website\"},\"datePublished\":\"2009-07-13T03:23:31+00:00\",\"dateModified\":\"2009-07-15T03:25:05+00:00\",\"breadcrumb\":{\"@id\":\"https:\/\/www.oarcanjo.net\/site\/estatuto-da-crianca-e-do-adolescente-completa-19-anos\/#breadcrumb\"},\"inLanguage\":\"pt-BR\",\"potentialAction\":[{\"@type\":\"ReadAction\",\"target\":[\"https:\/\/www.oarcanjo.net\/site\/estatuto-da-crianca-e-do-adolescente-completa-19-anos\/\"]}]},{\"@type\":\"BreadcrumbList\",\"@id\":\"https:\/\/www.oarcanjo.net\/site\/estatuto-da-crianca-e-do-adolescente-completa-19-anos\/#breadcrumb\",\"itemListElement\":[{\"@type\":\"ListItem\",\"position\":1,\"name\":\"In\u00edcio\",\"item\":\"https:\/\/www.oarcanjo.net\/site\/\"},{\"@type\":\"ListItem\",\"position\":2,\"name\":\"Estatuto da Crian\u00e7a e do Adolescente completa 19 anos\"}]},{\"@type\":\"WebSite\",\"@id\":\"https:\/\/www.oarcanjo.net\/site\/#website\",\"url\":\"https:\/\/www.oarcanjo.net\/site\/\",\"name\":\"O Arcanjo no ar\",\"description\":\"Site da Par\u00f3quia S\u00e3o Miguel Arcanjo (Arquidiocese de SP)\",\"publisher\":{\"@id\":\"https:\/\/www.oarcanjo.net\/site\/#organization\"},\"potentialAction\":[{\"@type\":\"SearchAction\",\"target\":{\"@type\":\"EntryPoint\",\"urlTemplate\":\"https:\/\/www.oarcanjo.net\/site\/?s={search_term_string}\"},\"query-input\":{\"@type\":\"PropertyValueSpecification\",\"valueRequired\":true,\"valueName\":\"search_term_string\"}}],\"inLanguage\":\"pt-BR\"},{\"@type\":\"Organization\",\"@id\":\"https:\/\/www.oarcanjo.net\/site\/#organization\",\"name\":\"Par\u00f3quia S\u00e3o Miguel Arcanjo\",\"url\":\"https:\/\/www.oarcanjo.net\/site\/\",\"logo\":{\"@type\":\"ImageObject\",\"inLanguage\":\"pt-BR\",\"@id\":\"https:\/\/www.oarcanjo.net\/site\/#\/schema\/logo\/image\/\",\"url\":\"https:\/\/www.oarcanjo.net\/site\/wp-content\/uploads\/LogoOArcanjo.png\",\"contentUrl\":\"https:\/\/www.oarcanjo.net\/site\/wp-content\/uploads\/LogoOArcanjo.png\",\"width\":319,\"height\":99,\"caption\":\"Par\u00f3quia S\u00e3o Miguel Arcanjo\"},\"image\":{\"@id\":\"https:\/\/www.oarcanjo.net\/site\/#\/schema\/logo\/image\/\"},\"sameAs\":[\"https:\/\/www.facebook.com\/OArcanjoNoAr\/\"]},{\"@type\":\"Person\",\"@id\":\"https:\/\/www.oarcanjo.net\/site\/#\/schema\/person\/f7024d007863202483a31326673a0838\",\"name\":\"editor\",\"sameAs\":[\"http:\/\/www.oarcanjo.net\"]}]}<\/script>\n<!-- \/ Yoast SEO plugin. -->","yoast_head_json":{"title":"Estatuto da Crian\u00e7a e do Adolescente completa 19 anos - O Arcanjo no ar","robots":{"index":"index","follow":"follow","max-snippet":"max-snippet:-1","max-image-preview":"max-image-preview:large","max-video-preview":"max-video-preview:-1"},"canonical":"https:\/\/www.oarcanjo.net\/site\/estatuto-da-crianca-e-do-adolescente-completa-19-anos\/","og_locale":"pt_BR","og_type":"article","og_title":"Estatuto da Crian\u00e7a e do Adolescente completa 19 anos - O Arcanjo no ar","og_description":"Na segunda-feira, 13\/07, comemorou-se no Brasil o 19\u00b0 anivers\u00e1rio do Estatuto da Crian\u00e7a e do Adolescente (ECA). Apesar da Lei n\u00b0 8.069 ser uma das mais avan\u00e7adas do mundo em rela\u00e7\u00e3o aos direitos da crian\u00e7a e do adolescente, entidades que trabalham na defesa do Estatuto acreditam que ainda h\u00e1 muito que conquistar. Para Adriano Ribeiro, [&hellip;]","og_url":"https:\/\/www.oarcanjo.net\/site\/estatuto-da-crianca-e-do-adolescente-completa-19-anos\/","og_site_name":"O Arcanjo no ar","article_publisher":"https:\/\/www.facebook.com\/OArcanjoNoAr\/","article_published_time":"2009-07-13T03:23:31+00:00","article_modified_time":"2009-07-15T03:25:05+00:00","og_image":[{"width":300,"height":300,"url":"https:\/\/www.oarcanjo.net\/site\/wp-content\/uploads\/logo-o-arcanjo-no-ar-facebook.png","type":"image\/png"}],"author":"editor","twitter_card":"summary_large_image","twitter_misc":{"Escrito por":"editor","Est. tempo de leitura":"3 minutos"},"schema":{"@context":"https:\/\/schema.org","@graph":[{"@type":"Article","@id":"https:\/\/www.oarcanjo.net\/site\/estatuto-da-crianca-e-do-adolescente-completa-19-anos\/#article","isPartOf":{"@id":"https:\/\/www.oarcanjo.net\/site\/estatuto-da-crianca-e-do-adolescente-completa-19-anos\/"},"author":{"name":"editor","@id":"https:\/\/www.oarcanjo.net\/site\/#\/schema\/person\/f7024d007863202483a31326673a0838"},"headline":"Estatuto da Crian\u00e7a e do Adolescente completa 19 anos","datePublished":"2009-07-13T03:23:31+00:00","dateModified":"2009-07-15T03:25:05+00:00","mainEntityOfPage":{"@id":"https:\/\/www.oarcanjo.net\/site\/estatuto-da-crianca-e-do-adolescente-completa-19-anos\/"},"wordCount":519,"commentCount":1,"publisher":{"@id":"https:\/\/www.oarcanjo.net\/site\/#organization"},"keywords":["direitos","ECA","Estatuto da Crian\u00e7a e do Adolescente"],"articleSection":["Reflex\u00f5es"],"inLanguage":"pt-BR","potentialAction":[{"@type":"CommentAction","name":"Comment","target":["https:\/\/www.oarcanjo.net\/site\/estatuto-da-crianca-e-do-adolescente-completa-19-anos\/#respond"]}]},{"@type":"WebPage","@id":"https:\/\/www.oarcanjo.net\/site\/estatuto-da-crianca-e-do-adolescente-completa-19-anos\/","url":"https:\/\/www.oarcanjo.net\/site\/estatuto-da-crianca-e-do-adolescente-completa-19-anos\/","name":"Estatuto da Crian\u00e7a e do Adolescente completa 19 anos - O Arcanjo no ar","isPartOf":{"@id":"https:\/\/www.oarcanjo.net\/site\/#website"},"datePublished":"2009-07-13T03:23:31+00:00","dateModified":"2009-07-15T03:25:05+00:00","breadcrumb":{"@id":"https:\/\/www.oarcanjo.net\/site\/estatuto-da-crianca-e-do-adolescente-completa-19-anos\/#breadcrumb"},"inLanguage":"pt-BR","potentialAction":[{"@type":"ReadAction","target":["https:\/\/www.oarcanjo.net\/site\/estatuto-da-crianca-e-do-adolescente-completa-19-anos\/"]}]},{"@type":"BreadcrumbList","@id":"https:\/\/www.oarcanjo.net\/site\/estatuto-da-crianca-e-do-adolescente-completa-19-anos\/#breadcrumb","itemListElement":[{"@type":"ListItem","position":1,"name":"In\u00edcio","item":"https:\/\/www.oarcanjo.net\/site\/"},{"@type":"ListItem","position":2,"name":"Estatuto da Crian\u00e7a e do Adolescente completa 19 anos"}]},{"@type":"WebSite","@id":"https:\/\/www.oarcanjo.net\/site\/#website","url":"https:\/\/www.oarcanjo.net\/site\/","name":"O Arcanjo no ar","description":"Site da Par\u00f3quia S\u00e3o Miguel Arcanjo (Arquidiocese de SP)","publisher":{"@id":"https:\/\/www.oarcanjo.net\/site\/#organization"},"potentialAction":[{"@type":"SearchAction","target":{"@type":"EntryPoint","urlTemplate":"https:\/\/www.oarcanjo.net\/site\/?s={search_term_string}"},"query-input":{"@type":"PropertyValueSpecification","valueRequired":true,"valueName":"search_term_string"}}],"inLanguage":"pt-BR"},{"@type":"Organization","@id":"https:\/\/www.oarcanjo.net\/site\/#organization","name":"Par\u00f3quia S\u00e3o Miguel Arcanjo","url":"https:\/\/www.oarcanjo.net\/site\/","logo":{"@type":"ImageObject","inLanguage":"pt-BR","@id":"https:\/\/www.oarcanjo.net\/site\/#\/schema\/logo\/image\/","url":"https:\/\/www.oarcanjo.net\/site\/wp-content\/uploads\/LogoOArcanjo.png","contentUrl":"https:\/\/www.oarcanjo.net\/site\/wp-content\/uploads\/LogoOArcanjo.png","width":319,"height":99,"caption":"Par\u00f3quia S\u00e3o Miguel Arcanjo"},"image":{"@id":"https:\/\/www.oarcanjo.net\/site\/#\/schema\/logo\/image\/"},"sameAs":["https:\/\/www.facebook.com\/OArcanjoNoAr\/"]},{"@type":"Person","@id":"https:\/\/www.oarcanjo.net\/site\/#\/schema\/person\/f7024d007863202483a31326673a0838","name":"editor","sameAs":["http:\/\/www.oarcanjo.net"]}]}},"publishpress_future_action":{"enabled":false,"date":"2026-05-09 08:42:02","action":"category","newStatus":"draft","terms":[],"taxonomy":"category"},"publishpress_future_workflow_manual_trigger":{"enabledWorkflows":[]},"_links":{"self":[{"href":"https:\/\/www.oarcanjo.net\/site\/wp-json\/wp\/v2\/posts\/4232"}],"collection":[{"href":"https:\/\/www.oarcanjo.net\/site\/wp-json\/wp\/v2\/posts"}],"about":[{"href":"https:\/\/www.oarcanjo.net\/site\/wp-json\/wp\/v2\/types\/post"}],"author":[{"embeddable":true,"href":"https:\/\/www.oarcanjo.net\/site\/wp-json\/wp\/v2\/users\/5"}],"replies":[{"embeddable":true,"href":"https:\/\/www.oarcanjo.net\/site\/wp-json\/wp\/v2\/comments?post=4232"}],"version-history":[{"count":0,"href":"https:\/\/www.oarcanjo.net\/site\/wp-json\/wp\/v2\/posts\/4232\/revisions"}],"wp:attachment":[{"href":"https:\/\/www.oarcanjo.net\/site\/wp-json\/wp\/v2\/media?parent=4232"}],"wp:term":[{"taxonomy":"category","embeddable":true,"href":"https:\/\/www.oarcanjo.net\/site\/wp-json\/wp\/v2\/categories?post=4232"},{"taxonomy":"post_tag","embeddable":true,"href":"https:\/\/www.oarcanjo.net\/site\/wp-json\/wp\/v2\/tags?post=4232"}],"curies":[{"name":"wp","href":"https:\/\/api.w.org\/{rel}","templated":true}]}}