
{"id":42357,"date":"2014-05-20T06:00:35","date_gmt":"2014-05-20T09:00:35","guid":{"rendered":"http:\/\/www.oarcanjo.net\/site\/?p=42357"},"modified":"2014-05-20T07:23:16","modified_gmt":"2014-05-20T10:23:16","slug":"espiritualidade-pascal-chamados-a-sair-de-si-mesmo","status":"publish","type":"post","link":"https:\/\/www.oarcanjo.net\/site\/espiritualidade-pascal-chamados-a-sair-de-si-mesmo\/","title":{"rendered":"Espiritualidade Pascal: chamados a sair de si mesmo"},"content":{"rendered":"<p><em>Dom\u00a0Edmar Peron<\/em><\/p>\n<p>A espiritualidade desse tempo da P\u00e1scoa inclui, certamente, a mensagem do Papa Francisco para o 51\u00ba dia mundial de ora\u00e7\u00e3o pelas voca\u00e7\u00f5es. Ele inicia a sua mensagem com o tradicional texto de Mateus:\u00a0\u201cA colheita \u00e9 grande, mas os trabalhadores s\u00e3o poucos. Portanto, pe\u00e7am ao Senhor da colheita que envie trabalhadores para a sua colheita\u201d (9,37-38). Deus \u00e9 o \u201cSenhor da colheita\u201d; lavrou a terra, semeou, cultivou. E, agora, no tempo da Igreja \u00e9 hora de trabalhar para colher. Esse campo \u201c\u00e9 a humanidade, somos n\u00f3s\u201d. Dessa maneira, a ora\u00e7\u00e3o de que fala Jesus \u00e9 para que aumente o n\u00famero das pessoas que \u201cest\u00e3o ao servi\u00e7o do seu Reino\u201d. Pessoas que conseguem contemplar a a\u00e7\u00e3o de Deus no mundo, o adoram e, consequentemente, sentem-se interpeladas por ele para, livremente, \u201cagir com ele e por ele\u201d.<\/p>\n<p>E continua o papa Francisco: \u201cEmbora na pluralidade das estradas, <em>toda a voca\u00e7\u00e3o exige sempre um \u00eaxodo, uma sa\u00edda de si mesmo<\/em> para centrar a pr\u00f3pria exist\u00eancia em Cristo e no seu Evangelho. Quer na vida conjugal, quer nas formas de consagra\u00e7\u00e3o religiosa, quer ainda na vida sacerdotal, \u00e9 necess\u00e1rio superar os modos de pensar e de agir que n\u00e3o est\u00e3o conformes com a vontade de Deus. <em>\u00c9 um \u00eaxodo que nos leva por um caminho de adora\u00e7\u00e3o ao Senhor e de servi\u00e7o a Ele nos irm\u00e3os e nas irm\u00e3s.<\/em> Por isso, todos somos chamados a adorar Cristo no \u00edntimo dos nossos cora\u00e7\u00f5es (1Pd 3,15), para nos deixarmos alcan\u00e7ar pelo impulso da gra\u00e7a contido na semente da Palavra, que deve crescer em n\u00f3s e transformar-se em servi\u00e7o concreto ao pr\u00f3ximo. N\u00e3o devemos ter medo: Deus acompanha, com paix\u00e3o e per\u00edcia, a obra sa\u00edda das suas m\u00e3os, em cada esta\u00e7\u00e3o da vida. Ele nunca nos abandona! Tem a peito a realiza\u00e7\u00e3o do seu projeto sobre n\u00f3s, mas pretende consegui-lo contando com a nossa ades\u00e3o e a nossa colabora\u00e7\u00e3o\u201d.<\/p>\n<p>Depois, o Papa Francisco convida cada pessoa \u201ca ouvir e seguir Jesus, a deixar-se transformar interiormente pelas suas palavras que \u00abs\u00e3o esp\u00edrito e s\u00e3o vida\u00bb (Jo 6,63)\u201d. Ele afirma que nos far\u00e1 um bem enorme \u201cparticipar, confiadamente, num caminho comunit\u00e1rio que saiba despertar em cada um e ao seu redor as melhores energias\u201d.<\/p>\n<p>Enfim, conclui o papa: \u201cQuanto mais soubermos nos unir a Jesus pela ora\u00e7\u00e3o, a Sagrada Escritura, a Eucaristia, os Sacramentos celebrados e vividos na Igreja, pela fraternidade vivida, tanto mais haver\u00e1 de crescer em n\u00f3s a alegria de colaborar com Deus no servi\u00e7o do Reino de miseric\u00f3rdia e verdade, de justi\u00e7a e paz. E a colheita ser\u00e1 grande, proporcional \u00e0 gra\u00e7a que tivermos sabido, com docilidade, acolher em n\u00f3s\u201d.<\/p>\n<p>Continuemos hoje a salvadora experi\u00eancia de Jesus: percorrer nossa Cidade, testemunhando com nossas vidas \u201co evangelho do Reino\u201d, cheios de compaix\u00e3o pelas multid\u00f5es que continuam \u201cangustiadas e abandonadas como ovelhas que n\u00e3o t\u00eam pastor\u201d (Mt 9,35-36). A P\u00e1scoa \u00e9 convite permanente para irmos ao encontro desses irm\u00e3os e irm\u00e3s: eis o nosso \u00eaxodo cotidiano.<\/p>\n<div id=\"themify_builder_content-42357\" data-postid=\"42357\" class=\"themify_builder_content themify_builder_content-42357 themify_builder themify_builder_front\">\n\t<\/div>\n<!-- \/themify_builder_content -->","protected":false},"excerpt":{"rendered":"<p>Dom\u00a0Edmar Peron A espiritualidade desse tempo da P\u00e1scoa inclui, certamente, a mensagem do Papa Francisco para o 51\u00ba dia mundial de ora\u00e7\u00e3o pelas voca\u00e7\u00f5es. Ele inicia a sua mensagem com o tradicional texto de Mateus:\u00a0\u201cA colheita \u00e9 grande, mas os trabalhadores s\u00e3o poucos. Portanto, pe\u00e7am ao Senhor da colheita que envie trabalhadores para a sua [&hellip;]<\/p>\n","protected":false},"author":5,"featured_media":0,"comment_status":"open","ping_status":"open","sticky":false,"template":"","format":"standard","meta":{"ngg_post_thumbnail":0,"footnotes":""},"categories":[9],"tags":[829,296,2433,242,609],"yoast_head":"<!-- This site is optimized with the Yoast SEO plugin v23.5 - https:\/\/yoast.com\/wordpress\/plugins\/seo\/ -->\n<title>Espiritualidade Pascal: chamados a sair de si mesmo - O Arcanjo no ar<\/title>\n<meta name=\"robots\" content=\"index, follow, max-snippet:-1, max-image-preview:large, max-video-preview:-1\" \/>\n<link rel=\"canonical\" href=\"https:\/\/www.oarcanjo.net\/site\/espiritualidade-pascal-chamados-a-sair-de-si-mesmo\/\" \/>\n<meta property=\"og:locale\" content=\"pt_BR\" \/>\n<meta property=\"og:type\" content=\"article\" \/>\n<meta property=\"og:title\" content=\"Espiritualidade Pascal: chamados a sair de si mesmo - O Arcanjo no ar\" \/>\n<meta property=\"og:description\" content=\"Dom\u00a0Edmar Peron A espiritualidade desse tempo da P\u00e1scoa inclui, certamente, a mensagem do Papa Francisco para o 51\u00ba dia mundial de ora\u00e7\u00e3o pelas voca\u00e7\u00f5es. Ele inicia a sua mensagem com o tradicional texto de Mateus:\u00a0\u201cA colheita \u00e9 grande, mas os trabalhadores s\u00e3o poucos. Portanto, pe\u00e7am ao Senhor da colheita que envie trabalhadores para a sua [&hellip;]\" \/>\n<meta property=\"og:url\" content=\"https:\/\/www.oarcanjo.net\/site\/espiritualidade-pascal-chamados-a-sair-de-si-mesmo\/\" \/>\n<meta property=\"og:site_name\" content=\"O Arcanjo no ar\" \/>\n<meta property=\"article:publisher\" content=\"https:\/\/www.facebook.com\/OArcanjoNoAr\/\" \/>\n<meta property=\"article:published_time\" content=\"2014-05-20T09:00:35+00:00\" \/>\n<meta property=\"article:modified_time\" content=\"2014-05-20T10:23:16+00:00\" \/>\n<meta property=\"og:image\" content=\"https:\/\/www.oarcanjo.net\/site\/wp-content\/uploads\/logo-o-arcanjo-no-ar-facebook.png\" \/>\n\t<meta property=\"og:image:width\" content=\"300\" \/>\n\t<meta property=\"og:image:height\" content=\"300\" \/>\n\t<meta property=\"og:image:type\" content=\"image\/png\" \/>\n<meta name=\"author\" content=\"editor\" \/>\n<meta name=\"twitter:card\" content=\"summary_large_image\" \/>\n<meta name=\"twitter:label1\" content=\"Escrito por\" \/>\n\t<meta name=\"twitter:data1\" content=\"editor\" \/>\n\t<meta name=\"twitter:label2\" content=\"Est. tempo de leitura\" \/>\n\t<meta name=\"twitter:data2\" content=\"3 minutos\" \/>\n<script type=\"application\/ld+json\" class=\"yoast-schema-graph\">{\"@context\":\"https:\/\/schema.org\",\"@graph\":[{\"@type\":\"Article\",\"@id\":\"https:\/\/www.oarcanjo.net\/site\/espiritualidade-pascal-chamados-a-sair-de-si-mesmo\/#article\",\"isPartOf\":{\"@id\":\"https:\/\/www.oarcanjo.net\/site\/espiritualidade-pascal-chamados-a-sair-de-si-mesmo\/\"},\"author\":{\"name\":\"editor\",\"@id\":\"https:\/\/www.oarcanjo.net\/site\/#\/schema\/person\/f7024d007863202483a31326673a0838\"},\"headline\":\"Espiritualidade Pascal: chamados a sair de si mesmo\",\"datePublished\":\"2014-05-20T09:00:35+00:00\",\"dateModified\":\"2014-05-20T10:23:16+00:00\",\"mainEntityOfPage\":{\"@id\":\"https:\/\/www.oarcanjo.net\/site\/espiritualidade-pascal-chamados-a-sair-de-si-mesmo\/\"},\"wordCount\":545,\"commentCount\":0,\"publisher\":{\"@id\":\"https:\/\/www.oarcanjo.net\/site\/#organization\"},\"keywords\":[\"colheita\",\"\u00eaxodo\",\"Papa Francisco\",\"P\u00e1scoa\",\"voca\u00e7\u00f5es\"],\"articleSection\":[\"Reflex\u00f5es\"],\"inLanguage\":\"pt-BR\",\"potentialAction\":[{\"@type\":\"CommentAction\",\"name\":\"Comment\",\"target\":[\"https:\/\/www.oarcanjo.net\/site\/espiritualidade-pascal-chamados-a-sair-de-si-mesmo\/#respond\"]}]},{\"@type\":\"WebPage\",\"@id\":\"https:\/\/www.oarcanjo.net\/site\/espiritualidade-pascal-chamados-a-sair-de-si-mesmo\/\",\"url\":\"https:\/\/www.oarcanjo.net\/site\/espiritualidade-pascal-chamados-a-sair-de-si-mesmo\/\",\"name\":\"Espiritualidade Pascal: chamados a sair de si mesmo - O Arcanjo no ar\",\"isPartOf\":{\"@id\":\"https:\/\/www.oarcanjo.net\/site\/#website\"},\"datePublished\":\"2014-05-20T09:00:35+00:00\",\"dateModified\":\"2014-05-20T10:23:16+00:00\",\"breadcrumb\":{\"@id\":\"https:\/\/www.oarcanjo.net\/site\/espiritualidade-pascal-chamados-a-sair-de-si-mesmo\/#breadcrumb\"},\"inLanguage\":\"pt-BR\",\"potentialAction\":[{\"@type\":\"ReadAction\",\"target\":[\"https:\/\/www.oarcanjo.net\/site\/espiritualidade-pascal-chamados-a-sair-de-si-mesmo\/\"]}]},{\"@type\":\"BreadcrumbList\",\"@id\":\"https:\/\/www.oarcanjo.net\/site\/espiritualidade-pascal-chamados-a-sair-de-si-mesmo\/#breadcrumb\",\"itemListElement\":[{\"@type\":\"ListItem\",\"position\":1,\"name\":\"In\u00edcio\",\"item\":\"https:\/\/www.oarcanjo.net\/site\/\"},{\"@type\":\"ListItem\",\"position\":2,\"name\":\"Espiritualidade Pascal: chamados a sair de si mesmo\"}]},{\"@type\":\"WebSite\",\"@id\":\"https:\/\/www.oarcanjo.net\/site\/#website\",\"url\":\"https:\/\/www.oarcanjo.net\/site\/\",\"name\":\"O Arcanjo no ar\",\"description\":\"Site da Par\u00f3quia S\u00e3o Miguel Arcanjo (Arquidiocese de SP)\",\"publisher\":{\"@id\":\"https:\/\/www.oarcanjo.net\/site\/#organization\"},\"potentialAction\":[{\"@type\":\"SearchAction\",\"target\":{\"@type\":\"EntryPoint\",\"urlTemplate\":\"https:\/\/www.oarcanjo.net\/site\/?s={search_term_string}\"},\"query-input\":{\"@type\":\"PropertyValueSpecification\",\"valueRequired\":true,\"valueName\":\"search_term_string\"}}],\"inLanguage\":\"pt-BR\"},{\"@type\":\"Organization\",\"@id\":\"https:\/\/www.oarcanjo.net\/site\/#organization\",\"name\":\"Par\u00f3quia S\u00e3o Miguel Arcanjo\",\"url\":\"https:\/\/www.oarcanjo.net\/site\/\",\"logo\":{\"@type\":\"ImageObject\",\"inLanguage\":\"pt-BR\",\"@id\":\"https:\/\/www.oarcanjo.net\/site\/#\/schema\/logo\/image\/\",\"url\":\"https:\/\/www.oarcanjo.net\/site\/wp-content\/uploads\/LogoOArcanjo.png\",\"contentUrl\":\"https:\/\/www.oarcanjo.net\/site\/wp-content\/uploads\/LogoOArcanjo.png\",\"width\":319,\"height\":99,\"caption\":\"Par\u00f3quia S\u00e3o Miguel Arcanjo\"},\"image\":{\"@id\":\"https:\/\/www.oarcanjo.net\/site\/#\/schema\/logo\/image\/\"},\"sameAs\":[\"https:\/\/www.facebook.com\/OArcanjoNoAr\/\"]},{\"@type\":\"Person\",\"@id\":\"https:\/\/www.oarcanjo.net\/site\/#\/schema\/person\/f7024d007863202483a31326673a0838\",\"name\":\"editor\",\"sameAs\":[\"http:\/\/www.oarcanjo.net\"]}]}<\/script>\n<!-- \/ Yoast SEO plugin. -->","yoast_head_json":{"title":"Espiritualidade Pascal: chamados a sair de si mesmo - O Arcanjo no ar","robots":{"index":"index","follow":"follow","max-snippet":"max-snippet:-1","max-image-preview":"max-image-preview:large","max-video-preview":"max-video-preview:-1"},"canonical":"https:\/\/www.oarcanjo.net\/site\/espiritualidade-pascal-chamados-a-sair-de-si-mesmo\/","og_locale":"pt_BR","og_type":"article","og_title":"Espiritualidade Pascal: chamados a sair de si mesmo - O Arcanjo no ar","og_description":"Dom\u00a0Edmar Peron A espiritualidade desse tempo da P\u00e1scoa inclui, certamente, a mensagem do Papa Francisco para o 51\u00ba dia mundial de ora\u00e7\u00e3o pelas voca\u00e7\u00f5es. Ele inicia a sua mensagem com o tradicional texto de Mateus:\u00a0\u201cA colheita \u00e9 grande, mas os trabalhadores s\u00e3o poucos. Portanto, pe\u00e7am ao Senhor da colheita que envie trabalhadores para a sua [&hellip;]","og_url":"https:\/\/www.oarcanjo.net\/site\/espiritualidade-pascal-chamados-a-sair-de-si-mesmo\/","og_site_name":"O Arcanjo no ar","article_publisher":"https:\/\/www.facebook.com\/OArcanjoNoAr\/","article_published_time":"2014-05-20T09:00:35+00:00","article_modified_time":"2014-05-20T10:23:16+00:00","og_image":[{"width":300,"height":300,"url":"https:\/\/www.oarcanjo.net\/site\/wp-content\/uploads\/logo-o-arcanjo-no-ar-facebook.png","type":"image\/png"}],"author":"editor","twitter_card":"summary_large_image","twitter_misc":{"Escrito por":"editor","Est. tempo de leitura":"3 minutos"},"schema":{"@context":"https:\/\/schema.org","@graph":[{"@type":"Article","@id":"https:\/\/www.oarcanjo.net\/site\/espiritualidade-pascal-chamados-a-sair-de-si-mesmo\/#article","isPartOf":{"@id":"https:\/\/www.oarcanjo.net\/site\/espiritualidade-pascal-chamados-a-sair-de-si-mesmo\/"},"author":{"name":"editor","@id":"https:\/\/www.oarcanjo.net\/site\/#\/schema\/person\/f7024d007863202483a31326673a0838"},"headline":"Espiritualidade Pascal: chamados a sair de si mesmo","datePublished":"2014-05-20T09:00:35+00:00","dateModified":"2014-05-20T10:23:16+00:00","mainEntityOfPage":{"@id":"https:\/\/www.oarcanjo.net\/site\/espiritualidade-pascal-chamados-a-sair-de-si-mesmo\/"},"wordCount":545,"commentCount":0,"publisher":{"@id":"https:\/\/www.oarcanjo.net\/site\/#organization"},"keywords":["colheita","\u00eaxodo","Papa Francisco","P\u00e1scoa","voca\u00e7\u00f5es"],"articleSection":["Reflex\u00f5es"],"inLanguage":"pt-BR","potentialAction":[{"@type":"CommentAction","name":"Comment","target":["https:\/\/www.oarcanjo.net\/site\/espiritualidade-pascal-chamados-a-sair-de-si-mesmo\/#respond"]}]},{"@type":"WebPage","@id":"https:\/\/www.oarcanjo.net\/site\/espiritualidade-pascal-chamados-a-sair-de-si-mesmo\/","url":"https:\/\/www.oarcanjo.net\/site\/espiritualidade-pascal-chamados-a-sair-de-si-mesmo\/","name":"Espiritualidade Pascal: chamados a sair de si mesmo - O Arcanjo no ar","isPartOf":{"@id":"https:\/\/www.oarcanjo.net\/site\/#website"},"datePublished":"2014-05-20T09:00:35+00:00","dateModified":"2014-05-20T10:23:16+00:00","breadcrumb":{"@id":"https:\/\/www.oarcanjo.net\/site\/espiritualidade-pascal-chamados-a-sair-de-si-mesmo\/#breadcrumb"},"inLanguage":"pt-BR","potentialAction":[{"@type":"ReadAction","target":["https:\/\/www.oarcanjo.net\/site\/espiritualidade-pascal-chamados-a-sair-de-si-mesmo\/"]}]},{"@type":"BreadcrumbList","@id":"https:\/\/www.oarcanjo.net\/site\/espiritualidade-pascal-chamados-a-sair-de-si-mesmo\/#breadcrumb","itemListElement":[{"@type":"ListItem","position":1,"name":"In\u00edcio","item":"https:\/\/www.oarcanjo.net\/site\/"},{"@type":"ListItem","position":2,"name":"Espiritualidade Pascal: chamados a sair de si mesmo"}]},{"@type":"WebSite","@id":"https:\/\/www.oarcanjo.net\/site\/#website","url":"https:\/\/www.oarcanjo.net\/site\/","name":"O Arcanjo no ar","description":"Site da Par\u00f3quia S\u00e3o Miguel Arcanjo (Arquidiocese de SP)","publisher":{"@id":"https:\/\/www.oarcanjo.net\/site\/#organization"},"potentialAction":[{"@type":"SearchAction","target":{"@type":"EntryPoint","urlTemplate":"https:\/\/www.oarcanjo.net\/site\/?s={search_term_string}"},"query-input":{"@type":"PropertyValueSpecification","valueRequired":true,"valueName":"search_term_string"}}],"inLanguage":"pt-BR"},{"@type":"Organization","@id":"https:\/\/www.oarcanjo.net\/site\/#organization","name":"Par\u00f3quia S\u00e3o Miguel Arcanjo","url":"https:\/\/www.oarcanjo.net\/site\/","logo":{"@type":"ImageObject","inLanguage":"pt-BR","@id":"https:\/\/www.oarcanjo.net\/site\/#\/schema\/logo\/image\/","url":"https:\/\/www.oarcanjo.net\/site\/wp-content\/uploads\/LogoOArcanjo.png","contentUrl":"https:\/\/www.oarcanjo.net\/site\/wp-content\/uploads\/LogoOArcanjo.png","width":319,"height":99,"caption":"Par\u00f3quia S\u00e3o Miguel Arcanjo"},"image":{"@id":"https:\/\/www.oarcanjo.net\/site\/#\/schema\/logo\/image\/"},"sameAs":["https:\/\/www.facebook.com\/OArcanjoNoAr\/"]},{"@type":"Person","@id":"https:\/\/www.oarcanjo.net\/site\/#\/schema\/person\/f7024d007863202483a31326673a0838","name":"editor","sameAs":["http:\/\/www.oarcanjo.net"]}]}},"publishpress_future_action":{"enabled":false,"date":"2026-05-08 20:16:05","action":"category","newStatus":"draft","terms":[],"taxonomy":"category"},"publishpress_future_workflow_manual_trigger":{"enabledWorkflows":[]},"_links":{"self":[{"href":"https:\/\/www.oarcanjo.net\/site\/wp-json\/wp\/v2\/posts\/42357"}],"collection":[{"href":"https:\/\/www.oarcanjo.net\/site\/wp-json\/wp\/v2\/posts"}],"about":[{"href":"https:\/\/www.oarcanjo.net\/site\/wp-json\/wp\/v2\/types\/post"}],"author":[{"embeddable":true,"href":"https:\/\/www.oarcanjo.net\/site\/wp-json\/wp\/v2\/users\/5"}],"replies":[{"embeddable":true,"href":"https:\/\/www.oarcanjo.net\/site\/wp-json\/wp\/v2\/comments?post=42357"}],"version-history":[{"count":0,"href":"https:\/\/www.oarcanjo.net\/site\/wp-json\/wp\/v2\/posts\/42357\/revisions"}],"wp:attachment":[{"href":"https:\/\/www.oarcanjo.net\/site\/wp-json\/wp\/v2\/media?parent=42357"}],"wp:term":[{"taxonomy":"category","embeddable":true,"href":"https:\/\/www.oarcanjo.net\/site\/wp-json\/wp\/v2\/categories?post=42357"},{"taxonomy":"post_tag","embeddable":true,"href":"https:\/\/www.oarcanjo.net\/site\/wp-json\/wp\/v2\/tags?post=42357"}],"curies":[{"name":"wp","href":"https:\/\/api.w.org\/{rel}","templated":true}]}}