
{"id":4240,"date":"2009-07-17T21:45:40","date_gmt":"2009-07-18T00:45:40","guid":{"rendered":"http:\/\/www.oarcanjo.net\/site\/?p=4240"},"modified":"2009-07-17T21:45:40","modified_gmt":"2009-07-18T00:45:40","slug":"casa-do-povo-da-rua-da-assistencia-aos-que-vivem-nas-ruas-de-fortaleza-ce","status":"publish","type":"post","link":"https:\/\/www.oarcanjo.net\/site\/casa-do-povo-da-rua-da-assistencia-aos-que-vivem-nas-ruas-de-fortaleza-ce\/","title":{"rendered":"Casa do Povo da Rua d\u00e1 assist\u00eancia aos que vivem nas ruas de Fortaleza (CE)"},"content":{"rendered":"<p>Fortaleza &#8211; Adital &#8211; &#8220;O Senhor \u00e9 meu Pastor e nada me faltar\u00e1&#8221;. \u00c9 com base no vers\u00edculo inicial do conhecido Salmo 23 que moradores em situa\u00e7\u00e3o de rua da capital cearense buscam abrigo e aux\u00edlio na &#8220;Casa do Povo da Rua Dom Luciano Mendes&#8221;, localizada na Rua Coronel Ferraz, 222, em Fortaleza (CE). Inaugurado em junho de 2008 o espa\u00e7o foi cedido pela Arquidiocese de Fortaleza para a Pastoral do Povo de Rua, em raz\u00e3o da necessidade que eles sentiam em ter um local para atender melhor as pessoas em situa\u00e7\u00e3o de moradia ou trabalho de rua.<\/p>\n<p>Segundo o padre Lino Allegri, membro da Pastoral do Povo de Rua de Fortaleza, por dia, a casa recebe em m\u00e9dia 50 pessoas. O local funciona de segunda a sexta das 14h \u00e0s 17h30 e atende necessidades b\u00e1sicas como banho, lavagem de roupa e espa\u00e7o para descanso tempor\u00e1rio. Embora a Pastoral do Povo de Rua comemore a aquisi\u00e7\u00e3o do local, a limita\u00e7\u00e3o f\u00edsica da casa e dos recursos financeiros n\u00e3o permitem um atendimento mais amplo. Por este motivo, a Pastoral divulga o servi\u00e7o apenas nas visitas que faz \u00e0s pessoas na rua. <\/p>\n<p>Padre Lino ressalta que o maior objetivo \u00e9 ser um ponto de refer\u00eancia e oferecer aux\u00edlio para que essas pessoas encontrem documentos perdidos e recebam orienta\u00e7\u00e3o jur\u00eddica caso necessitem. &#8220;Estes s\u00e3o servi\u00e7os que ajudam essas pessoas a conquistarem seus direitos e sua dignidade&#8221;, reflete o padre.<\/p>\n<p>Atualmente, o espa\u00e7o oferece algumas oficinas como \u2018m\u00fasica\u2019, \u2018exibi\u00e7\u00e3o de filme seguido de debate\u2019, al\u00e9m de reuni\u00e3o para discutir pol\u00edticas p\u00fablicas e servi\u00e7o p\u00fablico e, a cada quinze dias, h\u00e1 celebra\u00e7\u00e3o eucar\u00edstica. Mesmo sendo um servi\u00e7o ligado \u00e0 Igreja Cat\u00f3lica, Padre Lino ressalta que a Casa n\u00e3o tem o intuito de captar pessoas para a igreja e nem obriga os atendidos a participarem das atividades. <\/p>\n<p>O p\u00fablico que busca os servi\u00e7os da Casa \u00e9 formado por pessoas com idade entre 20 e 40 anos, sendo a maioria homens. Muitos deles trabalham nas ruas como flanelinhas ou lavadores de carros. &#8220;Infelizmente alguns s\u00e3o envolvidos com drogas ou atividades il\u00edcitas&#8221;, lamenta Allegri. O padre informa ainda, que a maior parte desses moradores de rua tem uma hist\u00f3ria parecida. De acordo com ele, quase todos t\u00eam s\u00e9rios problemas com suas fam\u00edlias. Quando \u00e9 poss\u00edvel a Pastoral faz contato com a fam\u00edlia, mas nem sempre d\u00e1, pois alguns cortaram os la\u00e7os com seus familiares. <\/p>\n<p>Seminaristas, novi\u00e7as, padres e freiras comp\u00f5em mais da metade dos trabalhadores que desenvolvem as atividades da Casa Dom Luciano, mas pessoas da comunidade tamb\u00e9m podem contribuir nos cuidados do ambiente, nas visitas de rua ou nas oficinas. Para quem quiser ajudar nos servi\u00e7os da Pastoral do Povo de Rua, sobretudo na Casa, Padre Lino esclarece que apenas n\u00e3o recebem doa\u00e7\u00f5es de roupas nem de alimentos da cesta b\u00e1sica. Mas, sempre que podem, oferecem lanche, por isso, a \u00fanica doa\u00e7\u00e3o que aceitam \u00e9 de biscoito, sucos ou p\u00e3es para o preparo da merenda. &#8220;N\u00e3o temos a pretens\u00e3o de ser assistencialistas&#8221;, ressalta o padre, explicando por que n\u00e3o doam roupas nem cestas b\u00e1sicas.<\/p>\n<p>Neste m\u00eas de Julho a Casa est\u00e1 fechada para reforma. &#8220;Estamos reformando os banheiros que \u00e9 o local mais usado da casa&#8221;, informa padre Lino. Mas no in\u00edcio de Agosto, o abrigo estar\u00e1 novamente dispon\u00edvel para atender a essa popula\u00e7\u00e3o que tanto necessita de apoio e ajuda.<\/p>\n<div id=\"themify_builder_content-4240\" data-postid=\"4240\" class=\"themify_builder_content themify_builder_content-4240 themify_builder themify_builder_front\">\n\t<\/div>\n<!-- \/themify_builder_content -->","protected":false},"excerpt":{"rendered":"<p>Fortaleza &#8211; Adital &#8211; &#8220;O Senhor \u00e9 meu Pastor e nada me faltar\u00e1&#8221;. \u00c9 com base no vers\u00edculo inicial do conhecido Salmo 23 que moradores em situa\u00e7\u00e3o de rua da capital cearense buscam abrigo e aux\u00edlio na &#8220;Casa do Povo da Rua Dom Luciano Mendes&#8221;, localizada na Rua Coronel Ferraz, 222, em Fortaleza (CE). Inaugurado [&hellip;]<\/p>\n","protected":false},"author":5,"featured_media":0,"comment_status":"open","ping_status":"open","sticky":false,"template":"","format":"standard","meta":{"ngg_post_thumbnail":0,"footnotes":""},"categories":[8],"tags":[915,916,549,37,91],"yoast_head":"<!-- This site is optimized with the Yoast SEO plugin v23.5 - https:\/\/yoast.com\/wordpress\/plugins\/seo\/ -->\n<title>Casa do Povo da Rua d\u00e1 assist\u00eancia aos que vivem nas ruas de Fortaleza (CE) - O Arcanjo no ar<\/title>\n<meta name=\"robots\" content=\"index, follow, max-snippet:-1, max-image-preview:large, max-video-preview:-1\" \/>\n<link rel=\"canonical\" href=\"https:\/\/www.oarcanjo.net\/site\/casa-do-povo-da-rua-da-assistencia-aos-que-vivem-nas-ruas-de-fortaleza-ce\/\" \/>\n<meta property=\"og:locale\" content=\"pt_BR\" \/>\n<meta property=\"og:type\" content=\"article\" \/>\n<meta property=\"og:title\" content=\"Casa do Povo da Rua d\u00e1 assist\u00eancia aos que vivem nas ruas de Fortaleza (CE) - O Arcanjo no ar\" \/>\n<meta property=\"og:description\" content=\"Fortaleza &#8211; Adital &#8211; &#8220;O Senhor \u00e9 meu Pastor e nada me faltar\u00e1&#8221;. \u00c9 com base no vers\u00edculo inicial do conhecido Salmo 23 que moradores em situa\u00e7\u00e3o de rua da capital cearense buscam abrigo e aux\u00edlio na &#8220;Casa do Povo da Rua Dom Luciano Mendes&#8221;, localizada na Rua Coronel Ferraz, 222, em Fortaleza (CE). Inaugurado [&hellip;]\" \/>\n<meta property=\"og:url\" content=\"https:\/\/www.oarcanjo.net\/site\/casa-do-povo-da-rua-da-assistencia-aos-que-vivem-nas-ruas-de-fortaleza-ce\/\" \/>\n<meta property=\"og:site_name\" content=\"O Arcanjo no ar\" \/>\n<meta property=\"article:publisher\" content=\"https:\/\/www.facebook.com\/OArcanjoNoAr\/\" \/>\n<meta property=\"article:published_time\" content=\"2009-07-18T00:45:40+00:00\" \/>\n<meta property=\"og:image\" content=\"https:\/\/www.oarcanjo.net\/site\/wp-content\/uploads\/logo-o-arcanjo-no-ar-facebook.png\" \/>\n\t<meta property=\"og:image:width\" content=\"300\" \/>\n\t<meta property=\"og:image:height\" content=\"300\" \/>\n\t<meta property=\"og:image:type\" content=\"image\/png\" \/>\n<meta name=\"author\" content=\"editor\" \/>\n<meta name=\"twitter:card\" content=\"summary_large_image\" \/>\n<meta name=\"twitter:label1\" content=\"Escrito por\" \/>\n\t<meta name=\"twitter:data1\" content=\"editor\" \/>\n\t<meta name=\"twitter:label2\" content=\"Est. tempo de leitura\" \/>\n\t<meta name=\"twitter:data2\" content=\"3 minutos\" \/>\n<script type=\"application\/ld+json\" class=\"yoast-schema-graph\">{\"@context\":\"https:\/\/schema.org\",\"@graph\":[{\"@type\":\"Article\",\"@id\":\"https:\/\/www.oarcanjo.net\/site\/casa-do-povo-da-rua-da-assistencia-aos-que-vivem-nas-ruas-de-fortaleza-ce\/#article\",\"isPartOf\":{\"@id\":\"https:\/\/www.oarcanjo.net\/site\/casa-do-povo-da-rua-da-assistencia-aos-que-vivem-nas-ruas-de-fortaleza-ce\/\"},\"author\":{\"name\":\"editor\",\"@id\":\"https:\/\/www.oarcanjo.net\/site\/#\/schema\/person\/f7024d007863202483a31326673a0838\"},\"headline\":\"Casa do Povo da Rua d\u00e1 assist\u00eancia aos que vivem nas ruas de Fortaleza (CE)\",\"datePublished\":\"2009-07-18T00:45:40+00:00\",\"dateModified\":\"2009-07-18T00:45:40+00:00\",\"mainEntityOfPage\":{\"@id\":\"https:\/\/www.oarcanjo.net\/site\/casa-do-povo-da-rua-da-assistencia-aos-que-vivem-nas-ruas-de-fortaleza-ce\/\"},\"wordCount\":619,\"commentCount\":4,\"publisher\":{\"@id\":\"https:\/\/www.oarcanjo.net\/site\/#organization\"},\"keywords\":[\"D. Luciano Mendes de Almeida\",\"exclus\u00e3o social\",\"inclus\u00e3o social\",\"pobreza\",\"povo da rua\"],\"articleSection\":[\"Not\u00edcias\"],\"inLanguage\":\"pt-BR\",\"potentialAction\":[{\"@type\":\"CommentAction\",\"name\":\"Comment\",\"target\":[\"https:\/\/www.oarcanjo.net\/site\/casa-do-povo-da-rua-da-assistencia-aos-que-vivem-nas-ruas-de-fortaleza-ce\/#respond\"]}]},{\"@type\":\"WebPage\",\"@id\":\"https:\/\/www.oarcanjo.net\/site\/casa-do-povo-da-rua-da-assistencia-aos-que-vivem-nas-ruas-de-fortaleza-ce\/\",\"url\":\"https:\/\/www.oarcanjo.net\/site\/casa-do-povo-da-rua-da-assistencia-aos-que-vivem-nas-ruas-de-fortaleza-ce\/\",\"name\":\"Casa do Povo da Rua d\u00e1 assist\u00eancia aos que vivem nas ruas de Fortaleza (CE) - O Arcanjo no ar\",\"isPartOf\":{\"@id\":\"https:\/\/www.oarcanjo.net\/site\/#website\"},\"datePublished\":\"2009-07-18T00:45:40+00:00\",\"dateModified\":\"2009-07-18T00:45:40+00:00\",\"breadcrumb\":{\"@id\":\"https:\/\/www.oarcanjo.net\/site\/casa-do-povo-da-rua-da-assistencia-aos-que-vivem-nas-ruas-de-fortaleza-ce\/#breadcrumb\"},\"inLanguage\":\"pt-BR\",\"potentialAction\":[{\"@type\":\"ReadAction\",\"target\":[\"https:\/\/www.oarcanjo.net\/site\/casa-do-povo-da-rua-da-assistencia-aos-que-vivem-nas-ruas-de-fortaleza-ce\/\"]}]},{\"@type\":\"BreadcrumbList\",\"@id\":\"https:\/\/www.oarcanjo.net\/site\/casa-do-povo-da-rua-da-assistencia-aos-que-vivem-nas-ruas-de-fortaleza-ce\/#breadcrumb\",\"itemListElement\":[{\"@type\":\"ListItem\",\"position\":1,\"name\":\"In\u00edcio\",\"item\":\"https:\/\/www.oarcanjo.net\/site\/\"},{\"@type\":\"ListItem\",\"position\":2,\"name\":\"Casa do Povo da Rua d\u00e1 assist\u00eancia aos que vivem nas ruas de Fortaleza (CE)\"}]},{\"@type\":\"WebSite\",\"@id\":\"https:\/\/www.oarcanjo.net\/site\/#website\",\"url\":\"https:\/\/www.oarcanjo.net\/site\/\",\"name\":\"O Arcanjo no ar\",\"description\":\"Site da Par\u00f3quia S\u00e3o Miguel Arcanjo (Arquidiocese de SP)\",\"publisher\":{\"@id\":\"https:\/\/www.oarcanjo.net\/site\/#organization\"},\"potentialAction\":[{\"@type\":\"SearchAction\",\"target\":{\"@type\":\"EntryPoint\",\"urlTemplate\":\"https:\/\/www.oarcanjo.net\/site\/?s={search_term_string}\"},\"query-input\":{\"@type\":\"PropertyValueSpecification\",\"valueRequired\":true,\"valueName\":\"search_term_string\"}}],\"inLanguage\":\"pt-BR\"},{\"@type\":\"Organization\",\"@id\":\"https:\/\/www.oarcanjo.net\/site\/#organization\",\"name\":\"Par\u00f3quia S\u00e3o Miguel Arcanjo\",\"url\":\"https:\/\/www.oarcanjo.net\/site\/\",\"logo\":{\"@type\":\"ImageObject\",\"inLanguage\":\"pt-BR\",\"@id\":\"https:\/\/www.oarcanjo.net\/site\/#\/schema\/logo\/image\/\",\"url\":\"https:\/\/www.oarcanjo.net\/site\/wp-content\/uploads\/LogoOArcanjo.png\",\"contentUrl\":\"https:\/\/www.oarcanjo.net\/site\/wp-content\/uploads\/LogoOArcanjo.png\",\"width\":319,\"height\":99,\"caption\":\"Par\u00f3quia S\u00e3o Miguel Arcanjo\"},\"image\":{\"@id\":\"https:\/\/www.oarcanjo.net\/site\/#\/schema\/logo\/image\/\"},\"sameAs\":[\"https:\/\/www.facebook.com\/OArcanjoNoAr\/\"]},{\"@type\":\"Person\",\"@id\":\"https:\/\/www.oarcanjo.net\/site\/#\/schema\/person\/f7024d007863202483a31326673a0838\",\"name\":\"editor\",\"sameAs\":[\"http:\/\/www.oarcanjo.net\"]}]}<\/script>\n<!-- \/ Yoast SEO plugin. -->","yoast_head_json":{"title":"Casa do Povo da Rua d\u00e1 assist\u00eancia aos que vivem nas ruas de Fortaleza (CE) - O Arcanjo no ar","robots":{"index":"index","follow":"follow","max-snippet":"max-snippet:-1","max-image-preview":"max-image-preview:large","max-video-preview":"max-video-preview:-1"},"canonical":"https:\/\/www.oarcanjo.net\/site\/casa-do-povo-da-rua-da-assistencia-aos-que-vivem-nas-ruas-de-fortaleza-ce\/","og_locale":"pt_BR","og_type":"article","og_title":"Casa do Povo da Rua d\u00e1 assist\u00eancia aos que vivem nas ruas de Fortaleza (CE) - O Arcanjo no ar","og_description":"Fortaleza &#8211; Adital &#8211; &#8220;O Senhor \u00e9 meu Pastor e nada me faltar\u00e1&#8221;. \u00c9 com base no vers\u00edculo inicial do conhecido Salmo 23 que moradores em situa\u00e7\u00e3o de rua da capital cearense buscam abrigo e aux\u00edlio na &#8220;Casa do Povo da Rua Dom Luciano Mendes&#8221;, localizada na Rua Coronel Ferraz, 222, em Fortaleza (CE). Inaugurado [&hellip;]","og_url":"https:\/\/www.oarcanjo.net\/site\/casa-do-povo-da-rua-da-assistencia-aos-que-vivem-nas-ruas-de-fortaleza-ce\/","og_site_name":"O Arcanjo no ar","article_publisher":"https:\/\/www.facebook.com\/OArcanjoNoAr\/","article_published_time":"2009-07-18T00:45:40+00:00","og_image":[{"width":300,"height":300,"url":"https:\/\/www.oarcanjo.net\/site\/wp-content\/uploads\/logo-o-arcanjo-no-ar-facebook.png","type":"image\/png"}],"author":"editor","twitter_card":"summary_large_image","twitter_misc":{"Escrito por":"editor","Est. tempo de leitura":"3 minutos"},"schema":{"@context":"https:\/\/schema.org","@graph":[{"@type":"Article","@id":"https:\/\/www.oarcanjo.net\/site\/casa-do-povo-da-rua-da-assistencia-aos-que-vivem-nas-ruas-de-fortaleza-ce\/#article","isPartOf":{"@id":"https:\/\/www.oarcanjo.net\/site\/casa-do-povo-da-rua-da-assistencia-aos-que-vivem-nas-ruas-de-fortaleza-ce\/"},"author":{"name":"editor","@id":"https:\/\/www.oarcanjo.net\/site\/#\/schema\/person\/f7024d007863202483a31326673a0838"},"headline":"Casa do Povo da Rua d\u00e1 assist\u00eancia aos que vivem nas ruas de Fortaleza (CE)","datePublished":"2009-07-18T00:45:40+00:00","dateModified":"2009-07-18T00:45:40+00:00","mainEntityOfPage":{"@id":"https:\/\/www.oarcanjo.net\/site\/casa-do-povo-da-rua-da-assistencia-aos-que-vivem-nas-ruas-de-fortaleza-ce\/"},"wordCount":619,"commentCount":4,"publisher":{"@id":"https:\/\/www.oarcanjo.net\/site\/#organization"},"keywords":["D. Luciano Mendes de Almeida","exclus\u00e3o social","inclus\u00e3o social","pobreza","povo da rua"],"articleSection":["Not\u00edcias"],"inLanguage":"pt-BR","potentialAction":[{"@type":"CommentAction","name":"Comment","target":["https:\/\/www.oarcanjo.net\/site\/casa-do-povo-da-rua-da-assistencia-aos-que-vivem-nas-ruas-de-fortaleza-ce\/#respond"]}]},{"@type":"WebPage","@id":"https:\/\/www.oarcanjo.net\/site\/casa-do-povo-da-rua-da-assistencia-aos-que-vivem-nas-ruas-de-fortaleza-ce\/","url":"https:\/\/www.oarcanjo.net\/site\/casa-do-povo-da-rua-da-assistencia-aos-que-vivem-nas-ruas-de-fortaleza-ce\/","name":"Casa do Povo da Rua d\u00e1 assist\u00eancia aos que vivem nas ruas de Fortaleza (CE) - O Arcanjo no ar","isPartOf":{"@id":"https:\/\/www.oarcanjo.net\/site\/#website"},"datePublished":"2009-07-18T00:45:40+00:00","dateModified":"2009-07-18T00:45:40+00:00","breadcrumb":{"@id":"https:\/\/www.oarcanjo.net\/site\/casa-do-povo-da-rua-da-assistencia-aos-que-vivem-nas-ruas-de-fortaleza-ce\/#breadcrumb"},"inLanguage":"pt-BR","potentialAction":[{"@type":"ReadAction","target":["https:\/\/www.oarcanjo.net\/site\/casa-do-povo-da-rua-da-assistencia-aos-que-vivem-nas-ruas-de-fortaleza-ce\/"]}]},{"@type":"BreadcrumbList","@id":"https:\/\/www.oarcanjo.net\/site\/casa-do-povo-da-rua-da-assistencia-aos-que-vivem-nas-ruas-de-fortaleza-ce\/#breadcrumb","itemListElement":[{"@type":"ListItem","position":1,"name":"In\u00edcio","item":"https:\/\/www.oarcanjo.net\/site\/"},{"@type":"ListItem","position":2,"name":"Casa do Povo da Rua d\u00e1 assist\u00eancia aos que vivem nas ruas de Fortaleza (CE)"}]},{"@type":"WebSite","@id":"https:\/\/www.oarcanjo.net\/site\/#website","url":"https:\/\/www.oarcanjo.net\/site\/","name":"O Arcanjo no ar","description":"Site da Par\u00f3quia S\u00e3o Miguel Arcanjo (Arquidiocese de SP)","publisher":{"@id":"https:\/\/www.oarcanjo.net\/site\/#organization"},"potentialAction":[{"@type":"SearchAction","target":{"@type":"EntryPoint","urlTemplate":"https:\/\/www.oarcanjo.net\/site\/?s={search_term_string}"},"query-input":{"@type":"PropertyValueSpecification","valueRequired":true,"valueName":"search_term_string"}}],"inLanguage":"pt-BR"},{"@type":"Organization","@id":"https:\/\/www.oarcanjo.net\/site\/#organization","name":"Par\u00f3quia S\u00e3o Miguel Arcanjo","url":"https:\/\/www.oarcanjo.net\/site\/","logo":{"@type":"ImageObject","inLanguage":"pt-BR","@id":"https:\/\/www.oarcanjo.net\/site\/#\/schema\/logo\/image\/","url":"https:\/\/www.oarcanjo.net\/site\/wp-content\/uploads\/LogoOArcanjo.png","contentUrl":"https:\/\/www.oarcanjo.net\/site\/wp-content\/uploads\/LogoOArcanjo.png","width":319,"height":99,"caption":"Par\u00f3quia S\u00e3o Miguel Arcanjo"},"image":{"@id":"https:\/\/www.oarcanjo.net\/site\/#\/schema\/logo\/image\/"},"sameAs":["https:\/\/www.facebook.com\/OArcanjoNoAr\/"]},{"@type":"Person","@id":"https:\/\/www.oarcanjo.net\/site\/#\/schema\/person\/f7024d007863202483a31326673a0838","name":"editor","sameAs":["http:\/\/www.oarcanjo.net"]}]}},"publishpress_future_action":{"enabled":false,"date":"2026-05-09 05:20:55","action":"category","newStatus":"draft","terms":[],"taxonomy":"category"},"publishpress_future_workflow_manual_trigger":{"enabledWorkflows":[]},"_links":{"self":[{"href":"https:\/\/www.oarcanjo.net\/site\/wp-json\/wp\/v2\/posts\/4240"}],"collection":[{"href":"https:\/\/www.oarcanjo.net\/site\/wp-json\/wp\/v2\/posts"}],"about":[{"href":"https:\/\/www.oarcanjo.net\/site\/wp-json\/wp\/v2\/types\/post"}],"author":[{"embeddable":true,"href":"https:\/\/www.oarcanjo.net\/site\/wp-json\/wp\/v2\/users\/5"}],"replies":[{"embeddable":true,"href":"https:\/\/www.oarcanjo.net\/site\/wp-json\/wp\/v2\/comments?post=4240"}],"version-history":[{"count":0,"href":"https:\/\/www.oarcanjo.net\/site\/wp-json\/wp\/v2\/posts\/4240\/revisions"}],"wp:attachment":[{"href":"https:\/\/www.oarcanjo.net\/site\/wp-json\/wp\/v2\/media?parent=4240"}],"wp:term":[{"taxonomy":"category","embeddable":true,"href":"https:\/\/www.oarcanjo.net\/site\/wp-json\/wp\/v2\/categories?post=4240"},{"taxonomy":"post_tag","embeddable":true,"href":"https:\/\/www.oarcanjo.net\/site\/wp-json\/wp\/v2\/tags?post=4240"}],"curies":[{"name":"wp","href":"https:\/\/api.w.org\/{rel}","templated":true}]}}