
{"id":4255,"date":"2009-07-18T09:27:47","date_gmt":"2009-07-18T12:27:47","guid":{"rendered":"http:\/\/www.oarcanjo.net\/site\/?p=4255"},"modified":"2009-07-20T09:59:51","modified_gmt":"2009-07-20T12:59:51","slug":"ovelhas-sem-pastor","status":"publish","type":"post","link":"https:\/\/www.oarcanjo.net\/site\/ovelhas-sem-pastor\/","title":{"rendered":"Ovelhas sem Pastor !"},"content":{"rendered":"<p>Marcos nos mostra com beleza e simplicidade que Pastor \u00e9 JESUS.<\/p>\n<p>Pastor compassivo, que se volta para os exclu\u00eddos, enfraquecidos e esquecidos.<br \/>\nJESUS convida os d\u00edscipulos mission\u00e1rios para descansar um pouco mas diante do povo sofrido, sente compaix\u00e3o, pois estavam como ovelhas sem pastor!<\/p>\n<p>Ovelhas abandonadas \u00e0 pr\u00f3pria sorte!<br \/>\novelhas fracas a quem ningu\u00e9m conforta!<br \/>\novelhas enfermas a quem ningu\u00e9m cuida!<br \/>\novelhas feridas a quem se aproxima!<br \/>\novelhas desviadas a quem ningu\u00e9m procura!<br \/>\novelhas perdidas a quem ningu\u00e9m ama!<\/p>\n<p>Gente solit\u00e1ria a quem ningu\u00e9m tem tempo de escutar!<\/p>\n<p>JESUS \u00e9 lideran\u00e7a de vida e n\u00e3o traidor do povo.<br \/>\nn\u00e3o usa de for\u00e7a mas transmite ternura e bondade,<br \/>\n\u00e9 severo com os que abandonam os pobres, fracos e desvalidos.<\/p>\n<p>A pr\u00e1tica de JESUS contrasta, \u00e9 conflitiva e questionante, inquieta  e nos faz refletir!<br \/>\nJESUS sente compaix\u00e3o que mobiliza e transforma, n\u00e3o \u00e9 sentimento alienado, mas proximidade que na conviv\u00eancia ensina e aprende, liberta e faz caminhar.<\/p>\n<p>JESUS olha e deixa o que v\u00ea entrar!<br \/>\nentrar e permanecer,<br \/>\npermanencia que compromete,<br \/>\ncompromisso que faz caminhar,<br \/>\ncaminho para libertar,<br \/>\nliberdade para viver,<br \/>\nvida para amar,<br \/>\namar sem discriminar , nem condenar,<br \/>\nenfim , humanizar para em DEUS ser e habitar.<\/p>\n<hr \/>\n<p>Assista abaixo \u00e0 homilia da missa das 18h de 19\/07\/2009:<\/p>\n<p><video style=\"width: 100%; height: auto; aspect-ratio: 480\/334; border: none; overflow: hidden;\" controls>\n                <source src=\"mms:\/\/mms.bizmedia.com.br\/bizmedia\/Homilia20090719-final.wmv\" type=\"video\/x-ms-wmv\">\n                <source src=\"mms:\/\/mms.bizmedia.com.br\/bizmedia\/Homilia20090719-final.wmv\" type=\"video\/wmv\">\n                Your browser does not support the video tag.\n            <\/video><\/p>\n<div id=\"themify_builder_content-4255\" data-postid=\"4255\" class=\"themify_builder_content themify_builder_content-4255 themify_builder themify_builder_front\">\n\t<\/div>\n<!-- \/themify_builder_content -->","protected":false},"excerpt":{"rendered":"<p>Marcos nos mostra com beleza e simplicidade que Pastor \u00e9 JESUS. Pastor compassivo, que se volta para os exclu\u00eddos, enfraquecidos e esquecidos. JESUS convida os d\u00edscipulos mission\u00e1rios para descansar um pouco mas diante do povo sofrido, sente compaix\u00e3o, pois estavam como ovelhas sem pastor! Ovelhas abandonadas \u00e0 pr\u00f3pria sorte! ovelhas fracas a quem ningu\u00e9m conforta! [&hellip;]<\/p>\n","protected":false},"author":4,"featured_media":0,"comment_status":"open","ping_status":"open","sticky":false,"template":"","format":"standard","meta":{"ngg_post_thumbnail":0,"footnotes":""},"categories":[4,475],"tags":[920,273,236,919,290,28],"yoast_head":"<!-- This site is optimized with the Yoast SEO plugin v23.5 - https:\/\/yoast.com\/wordpress\/plugins\/seo\/ -->\n<title>Ovelhas sem Pastor ! - O Arcanjo no ar<\/title>\n<meta name=\"robots\" content=\"index, follow, max-snippet:-1, max-image-preview:large, max-video-preview:-1\" \/>\n<link rel=\"canonical\" href=\"https:\/\/www.oarcanjo.net\/site\/ovelhas-sem-pastor\/\" \/>\n<meta property=\"og:locale\" content=\"pt_BR\" \/>\n<meta property=\"og:type\" content=\"article\" \/>\n<meta property=\"og:title\" content=\"Ovelhas sem Pastor ! - O Arcanjo no ar\" \/>\n<meta property=\"og:description\" content=\"Marcos nos mostra com beleza e simplicidade que Pastor \u00e9 JESUS. Pastor compassivo, que se volta para os exclu\u00eddos, enfraquecidos e esquecidos. JESUS convida os d\u00edscipulos mission\u00e1rios para descansar um pouco mas diante do povo sofrido, sente compaix\u00e3o, pois estavam como ovelhas sem pastor! Ovelhas abandonadas \u00e0 pr\u00f3pria sorte! ovelhas fracas a quem ningu\u00e9m conforta! [&hellip;]\" \/>\n<meta property=\"og:url\" content=\"https:\/\/www.oarcanjo.net\/site\/ovelhas-sem-pastor\/\" \/>\n<meta property=\"og:site_name\" content=\"O Arcanjo no ar\" \/>\n<meta property=\"article:publisher\" content=\"https:\/\/www.facebook.com\/OArcanjoNoAr\/\" \/>\n<meta property=\"article:published_time\" content=\"2009-07-18T12:27:47+00:00\" \/>\n<meta property=\"article:modified_time\" content=\"2009-07-20T12:59:51+00:00\" \/>\n<meta property=\"og:image\" content=\"https:\/\/www.oarcanjo.net\/site\/wp-content\/uploads\/logo-o-arcanjo-no-ar-facebook.png\" \/>\n\t<meta property=\"og:image:width\" content=\"300\" \/>\n\t<meta property=\"og:image:height\" content=\"300\" \/>\n\t<meta property=\"og:image:type\" content=\"image\/png\" \/>\n<meta name=\"author\" content=\"julio\" \/>\n<meta name=\"twitter:card\" content=\"summary_large_image\" \/>\n<meta name=\"twitter:label1\" content=\"Escrito por\" \/>\n\t<meta name=\"twitter:data1\" content=\"julio\" \/>\n\t<meta name=\"twitter:label2\" content=\"Est. tempo de leitura\" \/>\n\t<meta name=\"twitter:data2\" content=\"1 minuto\" \/>\n<script type=\"application\/ld+json\" class=\"yoast-schema-graph\">{\"@context\":\"https:\/\/schema.org\",\"@graph\":[{\"@type\":\"Article\",\"@id\":\"https:\/\/www.oarcanjo.net\/site\/ovelhas-sem-pastor\/#article\",\"isPartOf\":{\"@id\":\"https:\/\/www.oarcanjo.net\/site\/ovelhas-sem-pastor\/\"},\"author\":{\"name\":\"julio\",\"@id\":\"https:\/\/www.oarcanjo.net\/site\/#\/schema\/person\/d78ea01c648c91e29c364b516767079e\"},\"headline\":\"Ovelhas sem Pastor !\",\"datePublished\":\"2009-07-18T12:27:47+00:00\",\"dateModified\":\"2009-07-20T12:59:51+00:00\",\"mainEntityOfPage\":{\"@id\":\"https:\/\/www.oarcanjo.net\/site\/ovelhas-sem-pastor\/\"},\"wordCount\":230,\"commentCount\":7,\"publisher\":{\"@id\":\"https:\/\/www.oarcanjo.net\/site\/#organization\"},\"keywords\":[\"compaix\u00e3o\",\"evangelho\",\"Jesus\",\"ovelhas\",\"pastor\",\"pastoral\"],\"articleSection\":[\"Blog\",\"Homilias\"],\"inLanguage\":\"pt-BR\",\"potentialAction\":[{\"@type\":\"CommentAction\",\"name\":\"Comment\",\"target\":[\"https:\/\/www.oarcanjo.net\/site\/ovelhas-sem-pastor\/#respond\"]}]},{\"@type\":\"WebPage\",\"@id\":\"https:\/\/www.oarcanjo.net\/site\/ovelhas-sem-pastor\/\",\"url\":\"https:\/\/www.oarcanjo.net\/site\/ovelhas-sem-pastor\/\",\"name\":\"Ovelhas sem Pastor ! - O Arcanjo no ar\",\"isPartOf\":{\"@id\":\"https:\/\/www.oarcanjo.net\/site\/#website\"},\"datePublished\":\"2009-07-18T12:27:47+00:00\",\"dateModified\":\"2009-07-20T12:59:51+00:00\",\"breadcrumb\":{\"@id\":\"https:\/\/www.oarcanjo.net\/site\/ovelhas-sem-pastor\/#breadcrumb\"},\"inLanguage\":\"pt-BR\",\"potentialAction\":[{\"@type\":\"ReadAction\",\"target\":[\"https:\/\/www.oarcanjo.net\/site\/ovelhas-sem-pastor\/\"]}]},{\"@type\":\"BreadcrumbList\",\"@id\":\"https:\/\/www.oarcanjo.net\/site\/ovelhas-sem-pastor\/#breadcrumb\",\"itemListElement\":[{\"@type\":\"ListItem\",\"position\":1,\"name\":\"In\u00edcio\",\"item\":\"https:\/\/www.oarcanjo.net\/site\/\"},{\"@type\":\"ListItem\",\"position\":2,\"name\":\"Ovelhas sem Pastor !\"}]},{\"@type\":\"WebSite\",\"@id\":\"https:\/\/www.oarcanjo.net\/site\/#website\",\"url\":\"https:\/\/www.oarcanjo.net\/site\/\",\"name\":\"O Arcanjo no ar\",\"description\":\"Site da Par\u00f3quia S\u00e3o Miguel Arcanjo (Arquidiocese de SP)\",\"publisher\":{\"@id\":\"https:\/\/www.oarcanjo.net\/site\/#organization\"},\"potentialAction\":[{\"@type\":\"SearchAction\",\"target\":{\"@type\":\"EntryPoint\",\"urlTemplate\":\"https:\/\/www.oarcanjo.net\/site\/?s={search_term_string}\"},\"query-input\":{\"@type\":\"PropertyValueSpecification\",\"valueRequired\":true,\"valueName\":\"search_term_string\"}}],\"inLanguage\":\"pt-BR\"},{\"@type\":\"Organization\",\"@id\":\"https:\/\/www.oarcanjo.net\/site\/#organization\",\"name\":\"Par\u00f3quia S\u00e3o Miguel Arcanjo\",\"url\":\"https:\/\/www.oarcanjo.net\/site\/\",\"logo\":{\"@type\":\"ImageObject\",\"inLanguage\":\"pt-BR\",\"@id\":\"https:\/\/www.oarcanjo.net\/site\/#\/schema\/logo\/image\/\",\"url\":\"https:\/\/www.oarcanjo.net\/site\/wp-content\/uploads\/LogoOArcanjo.png\",\"contentUrl\":\"https:\/\/www.oarcanjo.net\/site\/wp-content\/uploads\/LogoOArcanjo.png\",\"width\":319,\"height\":99,\"caption\":\"Par\u00f3quia S\u00e3o Miguel Arcanjo\"},\"image\":{\"@id\":\"https:\/\/www.oarcanjo.net\/site\/#\/schema\/logo\/image\/\"},\"sameAs\":[\"https:\/\/www.facebook.com\/OArcanjoNoAr\/\"]},{\"@type\":\"Person\",\"@id\":\"https:\/\/www.oarcanjo.net\/site\/#\/schema\/person\/d78ea01c648c91e29c364b516767079e\",\"name\":\"julio\",\"sameAs\":[\"http:\/\/www.oarcanjo.net\"]}]}<\/script>\n<!-- \/ Yoast SEO plugin. -->","yoast_head_json":{"title":"Ovelhas sem Pastor ! - O Arcanjo no ar","robots":{"index":"index","follow":"follow","max-snippet":"max-snippet:-1","max-image-preview":"max-image-preview:large","max-video-preview":"max-video-preview:-1"},"canonical":"https:\/\/www.oarcanjo.net\/site\/ovelhas-sem-pastor\/","og_locale":"pt_BR","og_type":"article","og_title":"Ovelhas sem Pastor ! - O Arcanjo no ar","og_description":"Marcos nos mostra com beleza e simplicidade que Pastor \u00e9 JESUS. Pastor compassivo, que se volta para os exclu\u00eddos, enfraquecidos e esquecidos. JESUS convida os d\u00edscipulos mission\u00e1rios para descansar um pouco mas diante do povo sofrido, sente compaix\u00e3o, pois estavam como ovelhas sem pastor! Ovelhas abandonadas \u00e0 pr\u00f3pria sorte! ovelhas fracas a quem ningu\u00e9m conforta! [&hellip;]","og_url":"https:\/\/www.oarcanjo.net\/site\/ovelhas-sem-pastor\/","og_site_name":"O Arcanjo no ar","article_publisher":"https:\/\/www.facebook.com\/OArcanjoNoAr\/","article_published_time":"2009-07-18T12:27:47+00:00","article_modified_time":"2009-07-20T12:59:51+00:00","og_image":[{"width":300,"height":300,"url":"https:\/\/www.oarcanjo.net\/site\/wp-content\/uploads\/logo-o-arcanjo-no-ar-facebook.png","type":"image\/png"}],"author":"julio","twitter_card":"summary_large_image","twitter_misc":{"Escrito por":"julio","Est. tempo de leitura":"1 minuto"},"schema":{"@context":"https:\/\/schema.org","@graph":[{"@type":"Article","@id":"https:\/\/www.oarcanjo.net\/site\/ovelhas-sem-pastor\/#article","isPartOf":{"@id":"https:\/\/www.oarcanjo.net\/site\/ovelhas-sem-pastor\/"},"author":{"name":"julio","@id":"https:\/\/www.oarcanjo.net\/site\/#\/schema\/person\/d78ea01c648c91e29c364b516767079e"},"headline":"Ovelhas sem Pastor !","datePublished":"2009-07-18T12:27:47+00:00","dateModified":"2009-07-20T12:59:51+00:00","mainEntityOfPage":{"@id":"https:\/\/www.oarcanjo.net\/site\/ovelhas-sem-pastor\/"},"wordCount":230,"commentCount":7,"publisher":{"@id":"https:\/\/www.oarcanjo.net\/site\/#organization"},"keywords":["compaix\u00e3o","evangelho","Jesus","ovelhas","pastor","pastoral"],"articleSection":["Blog","Homilias"],"inLanguage":"pt-BR","potentialAction":[{"@type":"CommentAction","name":"Comment","target":["https:\/\/www.oarcanjo.net\/site\/ovelhas-sem-pastor\/#respond"]}]},{"@type":"WebPage","@id":"https:\/\/www.oarcanjo.net\/site\/ovelhas-sem-pastor\/","url":"https:\/\/www.oarcanjo.net\/site\/ovelhas-sem-pastor\/","name":"Ovelhas sem Pastor ! - O Arcanjo no ar","isPartOf":{"@id":"https:\/\/www.oarcanjo.net\/site\/#website"},"datePublished":"2009-07-18T12:27:47+00:00","dateModified":"2009-07-20T12:59:51+00:00","breadcrumb":{"@id":"https:\/\/www.oarcanjo.net\/site\/ovelhas-sem-pastor\/#breadcrumb"},"inLanguage":"pt-BR","potentialAction":[{"@type":"ReadAction","target":["https:\/\/www.oarcanjo.net\/site\/ovelhas-sem-pastor\/"]}]},{"@type":"BreadcrumbList","@id":"https:\/\/www.oarcanjo.net\/site\/ovelhas-sem-pastor\/#breadcrumb","itemListElement":[{"@type":"ListItem","position":1,"name":"In\u00edcio","item":"https:\/\/www.oarcanjo.net\/site\/"},{"@type":"ListItem","position":2,"name":"Ovelhas sem Pastor !"}]},{"@type":"WebSite","@id":"https:\/\/www.oarcanjo.net\/site\/#website","url":"https:\/\/www.oarcanjo.net\/site\/","name":"O Arcanjo no ar","description":"Site da Par\u00f3quia S\u00e3o Miguel Arcanjo (Arquidiocese de SP)","publisher":{"@id":"https:\/\/www.oarcanjo.net\/site\/#organization"},"potentialAction":[{"@type":"SearchAction","target":{"@type":"EntryPoint","urlTemplate":"https:\/\/www.oarcanjo.net\/site\/?s={search_term_string}"},"query-input":{"@type":"PropertyValueSpecification","valueRequired":true,"valueName":"search_term_string"}}],"inLanguage":"pt-BR"},{"@type":"Organization","@id":"https:\/\/www.oarcanjo.net\/site\/#organization","name":"Par\u00f3quia S\u00e3o Miguel Arcanjo","url":"https:\/\/www.oarcanjo.net\/site\/","logo":{"@type":"ImageObject","inLanguage":"pt-BR","@id":"https:\/\/www.oarcanjo.net\/site\/#\/schema\/logo\/image\/","url":"https:\/\/www.oarcanjo.net\/site\/wp-content\/uploads\/LogoOArcanjo.png","contentUrl":"https:\/\/www.oarcanjo.net\/site\/wp-content\/uploads\/LogoOArcanjo.png","width":319,"height":99,"caption":"Par\u00f3quia S\u00e3o Miguel Arcanjo"},"image":{"@id":"https:\/\/www.oarcanjo.net\/site\/#\/schema\/logo\/image\/"},"sameAs":["https:\/\/www.facebook.com\/OArcanjoNoAr\/"]},{"@type":"Person","@id":"https:\/\/www.oarcanjo.net\/site\/#\/schema\/person\/d78ea01c648c91e29c364b516767079e","name":"julio","sameAs":["http:\/\/www.oarcanjo.net"]}]}},"publishpress_future_action":{"enabled":false,"date":"2026-05-09 00:05:05","action":"category","newStatus":"draft","terms":[],"taxonomy":"category"},"publishpress_future_workflow_manual_trigger":{"enabledWorkflows":[]},"_links":{"self":[{"href":"https:\/\/www.oarcanjo.net\/site\/wp-json\/wp\/v2\/posts\/4255"}],"collection":[{"href":"https:\/\/www.oarcanjo.net\/site\/wp-json\/wp\/v2\/posts"}],"about":[{"href":"https:\/\/www.oarcanjo.net\/site\/wp-json\/wp\/v2\/types\/post"}],"author":[{"embeddable":true,"href":"https:\/\/www.oarcanjo.net\/site\/wp-json\/wp\/v2\/users\/4"}],"replies":[{"embeddable":true,"href":"https:\/\/www.oarcanjo.net\/site\/wp-json\/wp\/v2\/comments?post=4255"}],"version-history":[{"count":0,"href":"https:\/\/www.oarcanjo.net\/site\/wp-json\/wp\/v2\/posts\/4255\/revisions"}],"wp:attachment":[{"href":"https:\/\/www.oarcanjo.net\/site\/wp-json\/wp\/v2\/media?parent=4255"}],"wp:term":[{"taxonomy":"category","embeddable":true,"href":"https:\/\/www.oarcanjo.net\/site\/wp-json\/wp\/v2\/categories?post=4255"},{"taxonomy":"post_tag","embeddable":true,"href":"https:\/\/www.oarcanjo.net\/site\/wp-json\/wp\/v2\/tags?post=4255"}],"curies":[{"name":"wp","href":"https:\/\/api.w.org\/{rel}","templated":true}]}}