
{"id":4273,"date":"2009-07-20T22:58:59","date_gmt":"2009-07-21T01:58:59","guid":{"rendered":"http:\/\/www.oarcanjo.net\/site\/?p=4273"},"modified":"2009-07-21T21:04:31","modified_gmt":"2009-07-22T00:04:31","slug":"o-vaticano-aprova-o-novo-filme-harry-potter-e-divulga-sua-critica","status":"publish","type":"post","link":"https:\/\/www.oarcanjo.net\/site\/o-vaticano-aprova-o-novo-filme-harry-potter-e-divulga-sua-critica\/","title":{"rendered":"O Vaticano aprova o novo filme Harry Potter e divulga sua cr\u00edtica"},"content":{"rendered":"<p>p>Poucos dias da estr\u00e9ia do novo filme de Harry Potter que \u00e9 Harry Potter e o Enigma do Pr\u00edncipe o vaticano aprova o filme e divulgou sua cr\u00edtica.Este texto foi retirado de um site dedicado a s\u00e9rie.<\/p>\n<p> O L\u2019Osservatore Romano, jornal oficial do Vaticano, divulgou hoje a sua aprova\u00e7\u00e3o de Harry Potter e o Enigma do Pr\u00edncipe, sexto filme da saga Harry Potter, e tamb\u00e9m a sua cr\u00edtica a cerca do filme. O AP reportou hoje que o jornal disse que essa \u00e9 a melhor adapta\u00e7\u00e3o dos livros da s\u00e9rie de J.K. Rowling, dizendo que o Enigma do Pr\u00edncipe traz claramente \u201do velho debate entre o bem e o mal\u201c, e tornou as estrelas mais credibilizadas para a audi\u00eancia geral.<\/p>\n<p>Embora criticando Rowling por omitir qualquer expl\u00edcita \u201crefer\u00eancia ao transcedente\u201d em seus livros, o jornal diz que no \u00faltimo livro fica bem claro que o bem sempre deve superar o mal, nem que para isso sejam precisos custos e sacr\u00edficios. \u201cAl\u00e9m disso, a busca de Voldemort pela imortalidade \u00e9 estigmatizada\u201d.<\/p>\n<p>Harry Potter e o Enigma do Pr\u00edncipe est\u00e1 sendo exibido em todos os cinemas.  <\/p>\n<p><div id=\"attachment_4305\" style=\"width: 214px\" class=\"wp-caption alignnone\"><a href=\"http:\/\/www.oarcanjo.net\/site\/wp-content\/uploads\/onesheet.jpg\"><img loading=\"lazy\" decoding=\"async\" aria-describedby=\"caption-attachment-4305\" src=\"http:\/\/www.oarcanjo.net\/site\/wp-content\/uploads\/onesheet-204x300.jpg\" alt=\"Harry Potter e o Enigma do Pr\u00edncipe\" title=\"Harry Potter e o Enigma do Pr\u00edncipe\" width=\"204\" height=\"300\" class=\"size-medium wp-image-4305\" srcset=\"https:\/\/www.oarcanjo.net\/site\/wp-content\/uploads\/onesheet-204x300.jpg 204w, https:\/\/www.oarcanjo.net\/site\/wp-content\/uploads\/onesheet.jpg 1609w\" sizes=\"(max-width: 204px) 100vw, 204px\" \/><\/a><p id=\"caption-attachment-4305\" class=\"wp-caption-text\">Harry Potter e o Enigma do Pr\u00edncipe<\/p><\/div><\n\n\n\n<\/p>\n<div id=\"themify_builder_content-4273\" data-postid=\"4273\" class=\"themify_builder_content themify_builder_content-4273 themify_builder themify_builder_front\">\n\t<\/div>\n<!-- \/themify_builder_content -->","protected":false},"excerpt":{"rendered":"<p>p>Poucos dias da estr\u00e9ia do novo filme de Harry Potter que \u00e9 Harry Potter e o Enigma do Pr\u00edncipe o vaticano aprova o filme e divulgou sua cr\u00edtica.Este texto foi retirado de um site dedicado a s\u00e9rie. O L\u2019Osservatore Romano, jornal oficial do Vaticano, divulgou hoje a sua aprova\u00e7\u00e3o de Harry Potter e o Enigma [&hellip;]<\/p>\n","protected":false},"author":12,"featured_media":0,"comment_status":"open","ping_status":"open","sticky":false,"template":"","format":"standard","meta":{"ngg_post_thumbnail":0,"footnotes":""},"categories":[395],"tags":[930],"yoast_head":"<!-- This site is optimized with the Yoast SEO plugin v23.5 - https:\/\/yoast.com\/wordpress\/plugins\/seo\/ -->\n<title>O Vaticano aprova o novo filme Harry Potter e divulga sua cr\u00edtica - O Arcanjo no ar<\/title>\n<meta name=\"robots\" content=\"index, follow, max-snippet:-1, max-image-preview:large, max-video-preview:-1\" \/>\n<link rel=\"canonical\" href=\"https:\/\/www.oarcanjo.net\/site\/o-vaticano-aprova-o-novo-filme-harry-potter-e-divulga-sua-critica\/\" \/>\n<meta property=\"og:locale\" content=\"pt_BR\" \/>\n<meta property=\"og:type\" content=\"article\" \/>\n<meta property=\"og:title\" content=\"O Vaticano aprova o novo filme Harry Potter e divulga sua cr\u00edtica - O Arcanjo no ar\" \/>\n<meta property=\"og:description\" content=\"p&gt;Poucos dias da estr\u00e9ia do novo filme de Harry Potter que \u00e9 Harry Potter e o Enigma do Pr\u00edncipe o vaticano aprova o filme e divulgou sua cr\u00edtica.Este texto foi retirado de um site dedicado a s\u00e9rie. O L\u2019Osservatore Romano, jornal oficial do Vaticano, divulgou hoje a sua aprova\u00e7\u00e3o de Harry Potter e o Enigma [&hellip;]\" \/>\n<meta property=\"og:url\" content=\"https:\/\/www.oarcanjo.net\/site\/o-vaticano-aprova-o-novo-filme-harry-potter-e-divulga-sua-critica\/\" \/>\n<meta property=\"og:site_name\" content=\"O Arcanjo no ar\" \/>\n<meta property=\"article:publisher\" content=\"https:\/\/www.facebook.com\/OArcanjoNoAr\/\" \/>\n<meta property=\"article:published_time\" content=\"2009-07-21T01:58:59+00:00\" \/>\n<meta property=\"article:modified_time\" content=\"2009-07-22T00:04:31+00:00\" \/>\n<meta property=\"og:image\" content=\"http:\/\/www.oarcanjo.net\/site\/wp-content\/uploads\/onesheet-204x300.jpg\" \/>\n<meta name=\"author\" content=\"mariana\" \/>\n<meta name=\"twitter:card\" content=\"summary_large_image\" \/>\n<meta name=\"twitter:label1\" content=\"Escrito por\" \/>\n\t<meta name=\"twitter:data1\" content=\"mariana\" \/>\n\t<meta name=\"twitter:label2\" content=\"Est. tempo de leitura\" \/>\n\t<meta name=\"twitter:data2\" content=\"1 minuto\" \/>\n<script type=\"application\/ld+json\" class=\"yoast-schema-graph\">{\"@context\":\"https:\/\/schema.org\",\"@graph\":[{\"@type\":\"Article\",\"@id\":\"https:\/\/www.oarcanjo.net\/site\/o-vaticano-aprova-o-novo-filme-harry-potter-e-divulga-sua-critica\/#article\",\"isPartOf\":{\"@id\":\"https:\/\/www.oarcanjo.net\/site\/o-vaticano-aprova-o-novo-filme-harry-potter-e-divulga-sua-critica\/\"},\"author\":{\"name\":\"mariana\",\"@id\":\"https:\/\/www.oarcanjo.net\/site\/#\/schema\/person\/e54a5c62347067e278a5d0cf64f6a6e6\"},\"headline\":\"O Vaticano aprova o novo filme Harry Potter e divulga sua cr\u00edtica\",\"datePublished\":\"2009-07-21T01:58:59+00:00\",\"dateModified\":\"2009-07-22T00:04:31+00:00\",\"mainEntityOfPage\":{\"@id\":\"https:\/\/www.oarcanjo.net\/site\/o-vaticano-aprova-o-novo-filme-harry-potter-e-divulga-sua-critica\/\"},\"wordCount\":231,\"commentCount\":0,\"publisher\":{\"@id\":\"https:\/\/www.oarcanjo.net\/site\/#organization\"},\"image\":{\"@id\":\"https:\/\/www.oarcanjo.net\/site\/o-vaticano-aprova-o-novo-filme-harry-potter-e-divulga-sua-critica\/#primaryimage\"},\"thumbnailUrl\":\"http:\/\/www.oarcanjo.net\/site\/wp-content\/uploads\/onesheet-204x300.jpg\",\"keywords\":[\"aprova\u00e7\u00e3o\"],\"articleSection\":[\"Jovens\"],\"inLanguage\":\"pt-BR\",\"potentialAction\":[{\"@type\":\"CommentAction\",\"name\":\"Comment\",\"target\":[\"https:\/\/www.oarcanjo.net\/site\/o-vaticano-aprova-o-novo-filme-harry-potter-e-divulga-sua-critica\/#respond\"]}]},{\"@type\":\"WebPage\",\"@id\":\"https:\/\/www.oarcanjo.net\/site\/o-vaticano-aprova-o-novo-filme-harry-potter-e-divulga-sua-critica\/\",\"url\":\"https:\/\/www.oarcanjo.net\/site\/o-vaticano-aprova-o-novo-filme-harry-potter-e-divulga-sua-critica\/\",\"name\":\"O Vaticano aprova o novo filme Harry Potter e divulga sua cr\u00edtica - O Arcanjo no ar\",\"isPartOf\":{\"@id\":\"https:\/\/www.oarcanjo.net\/site\/#website\"},\"primaryImageOfPage\":{\"@id\":\"https:\/\/www.oarcanjo.net\/site\/o-vaticano-aprova-o-novo-filme-harry-potter-e-divulga-sua-critica\/#primaryimage\"},\"image\":{\"@id\":\"https:\/\/www.oarcanjo.net\/site\/o-vaticano-aprova-o-novo-filme-harry-potter-e-divulga-sua-critica\/#primaryimage\"},\"thumbnailUrl\":\"http:\/\/www.oarcanjo.net\/site\/wp-content\/uploads\/onesheet-204x300.jpg\",\"datePublished\":\"2009-07-21T01:58:59+00:00\",\"dateModified\":\"2009-07-22T00:04:31+00:00\",\"breadcrumb\":{\"@id\":\"https:\/\/www.oarcanjo.net\/site\/o-vaticano-aprova-o-novo-filme-harry-potter-e-divulga-sua-critica\/#breadcrumb\"},\"inLanguage\":\"pt-BR\",\"potentialAction\":[{\"@type\":\"ReadAction\",\"target\":[\"https:\/\/www.oarcanjo.net\/site\/o-vaticano-aprova-o-novo-filme-harry-potter-e-divulga-sua-critica\/\"]}]},{\"@type\":\"ImageObject\",\"inLanguage\":\"pt-BR\",\"@id\":\"https:\/\/www.oarcanjo.net\/site\/o-vaticano-aprova-o-novo-filme-harry-potter-e-divulga-sua-critica\/#primaryimage\",\"url\":\"https:\/\/www.oarcanjo.net\/site\/wp-content\/uploads\/onesheet.jpg\",\"contentUrl\":\"https:\/\/www.oarcanjo.net\/site\/wp-content\/uploads\/onesheet.jpg\",\"width\":1609,\"height\":2362,\"caption\":\"Harry Potter e o Enigma do Pr\u00edncipe\"},{\"@type\":\"BreadcrumbList\",\"@id\":\"https:\/\/www.oarcanjo.net\/site\/o-vaticano-aprova-o-novo-filme-harry-potter-e-divulga-sua-critica\/#breadcrumb\",\"itemListElement\":[{\"@type\":\"ListItem\",\"position\":1,\"name\":\"In\u00edcio\",\"item\":\"https:\/\/www.oarcanjo.net\/site\/\"},{\"@type\":\"ListItem\",\"position\":2,\"name\":\"O Vaticano aprova o novo filme Harry Potter e divulga sua cr\u00edtica\"}]},{\"@type\":\"WebSite\",\"@id\":\"https:\/\/www.oarcanjo.net\/site\/#website\",\"url\":\"https:\/\/www.oarcanjo.net\/site\/\",\"name\":\"O Arcanjo no ar\",\"description\":\"Site da Par\u00f3quia S\u00e3o Miguel Arcanjo (Arquidiocese de SP)\",\"publisher\":{\"@id\":\"https:\/\/www.oarcanjo.net\/site\/#organization\"},\"potentialAction\":[{\"@type\":\"SearchAction\",\"target\":{\"@type\":\"EntryPoint\",\"urlTemplate\":\"https:\/\/www.oarcanjo.net\/site\/?s={search_term_string}\"},\"query-input\":{\"@type\":\"PropertyValueSpecification\",\"valueRequired\":true,\"valueName\":\"search_term_string\"}}],\"inLanguage\":\"pt-BR\"},{\"@type\":\"Organization\",\"@id\":\"https:\/\/www.oarcanjo.net\/site\/#organization\",\"name\":\"Par\u00f3quia S\u00e3o Miguel Arcanjo\",\"url\":\"https:\/\/www.oarcanjo.net\/site\/\",\"logo\":{\"@type\":\"ImageObject\",\"inLanguage\":\"pt-BR\",\"@id\":\"https:\/\/www.oarcanjo.net\/site\/#\/schema\/logo\/image\/\",\"url\":\"https:\/\/www.oarcanjo.net\/site\/wp-content\/uploads\/LogoOArcanjo.png\",\"contentUrl\":\"https:\/\/www.oarcanjo.net\/site\/wp-content\/uploads\/LogoOArcanjo.png\",\"width\":319,\"height\":99,\"caption\":\"Par\u00f3quia S\u00e3o Miguel Arcanjo\"},\"image\":{\"@id\":\"https:\/\/www.oarcanjo.net\/site\/#\/schema\/logo\/image\/\"},\"sameAs\":[\"https:\/\/www.facebook.com\/OArcanjoNoAr\/\"]},{\"@type\":\"Person\",\"@id\":\"https:\/\/www.oarcanjo.net\/site\/#\/schema\/person\/e54a5c62347067e278a5d0cf64f6a6e6\",\"name\":\"mariana\"}]}<\/script>\n<!-- \/ Yoast SEO plugin. -->","yoast_head_json":{"title":"O Vaticano aprova o novo filme Harry Potter e divulga sua cr\u00edtica - O Arcanjo no ar","robots":{"index":"index","follow":"follow","max-snippet":"max-snippet:-1","max-image-preview":"max-image-preview:large","max-video-preview":"max-video-preview:-1"},"canonical":"https:\/\/www.oarcanjo.net\/site\/o-vaticano-aprova-o-novo-filme-harry-potter-e-divulga-sua-critica\/","og_locale":"pt_BR","og_type":"article","og_title":"O Vaticano aprova o novo filme Harry Potter e divulga sua cr\u00edtica - O Arcanjo no ar","og_description":"p>Poucos dias da estr\u00e9ia do novo filme de Harry Potter que \u00e9 Harry Potter e o Enigma do Pr\u00edncipe o vaticano aprova o filme e divulgou sua cr\u00edtica.Este texto foi retirado de um site dedicado a s\u00e9rie. O L\u2019Osservatore Romano, jornal oficial do Vaticano, divulgou hoje a sua aprova\u00e7\u00e3o de Harry Potter e o Enigma [&hellip;]","og_url":"https:\/\/www.oarcanjo.net\/site\/o-vaticano-aprova-o-novo-filme-harry-potter-e-divulga-sua-critica\/","og_site_name":"O Arcanjo no ar","article_publisher":"https:\/\/www.facebook.com\/OArcanjoNoAr\/","article_published_time":"2009-07-21T01:58:59+00:00","article_modified_time":"2009-07-22T00:04:31+00:00","og_image":[{"url":"http:\/\/www.oarcanjo.net\/site\/wp-content\/uploads\/onesheet-204x300.jpg"}],"author":"mariana","twitter_card":"summary_large_image","twitter_misc":{"Escrito por":"mariana","Est. tempo de leitura":"1 minuto"},"schema":{"@context":"https:\/\/schema.org","@graph":[{"@type":"Article","@id":"https:\/\/www.oarcanjo.net\/site\/o-vaticano-aprova-o-novo-filme-harry-potter-e-divulga-sua-critica\/#article","isPartOf":{"@id":"https:\/\/www.oarcanjo.net\/site\/o-vaticano-aprova-o-novo-filme-harry-potter-e-divulga-sua-critica\/"},"author":{"name":"mariana","@id":"https:\/\/www.oarcanjo.net\/site\/#\/schema\/person\/e54a5c62347067e278a5d0cf64f6a6e6"},"headline":"O Vaticano aprova o novo filme Harry Potter e divulga sua cr\u00edtica","datePublished":"2009-07-21T01:58:59+00:00","dateModified":"2009-07-22T00:04:31+00:00","mainEntityOfPage":{"@id":"https:\/\/www.oarcanjo.net\/site\/o-vaticano-aprova-o-novo-filme-harry-potter-e-divulga-sua-critica\/"},"wordCount":231,"commentCount":0,"publisher":{"@id":"https:\/\/www.oarcanjo.net\/site\/#organization"},"image":{"@id":"https:\/\/www.oarcanjo.net\/site\/o-vaticano-aprova-o-novo-filme-harry-potter-e-divulga-sua-critica\/#primaryimage"},"thumbnailUrl":"http:\/\/www.oarcanjo.net\/site\/wp-content\/uploads\/onesheet-204x300.jpg","keywords":["aprova\u00e7\u00e3o"],"articleSection":["Jovens"],"inLanguage":"pt-BR","potentialAction":[{"@type":"CommentAction","name":"Comment","target":["https:\/\/www.oarcanjo.net\/site\/o-vaticano-aprova-o-novo-filme-harry-potter-e-divulga-sua-critica\/#respond"]}]},{"@type":"WebPage","@id":"https:\/\/www.oarcanjo.net\/site\/o-vaticano-aprova-o-novo-filme-harry-potter-e-divulga-sua-critica\/","url":"https:\/\/www.oarcanjo.net\/site\/o-vaticano-aprova-o-novo-filme-harry-potter-e-divulga-sua-critica\/","name":"O Vaticano aprova o novo filme Harry Potter e divulga sua cr\u00edtica - O Arcanjo no ar","isPartOf":{"@id":"https:\/\/www.oarcanjo.net\/site\/#website"},"primaryImageOfPage":{"@id":"https:\/\/www.oarcanjo.net\/site\/o-vaticano-aprova-o-novo-filme-harry-potter-e-divulga-sua-critica\/#primaryimage"},"image":{"@id":"https:\/\/www.oarcanjo.net\/site\/o-vaticano-aprova-o-novo-filme-harry-potter-e-divulga-sua-critica\/#primaryimage"},"thumbnailUrl":"http:\/\/www.oarcanjo.net\/site\/wp-content\/uploads\/onesheet-204x300.jpg","datePublished":"2009-07-21T01:58:59+00:00","dateModified":"2009-07-22T00:04:31+00:00","breadcrumb":{"@id":"https:\/\/www.oarcanjo.net\/site\/o-vaticano-aprova-o-novo-filme-harry-potter-e-divulga-sua-critica\/#breadcrumb"},"inLanguage":"pt-BR","potentialAction":[{"@type":"ReadAction","target":["https:\/\/www.oarcanjo.net\/site\/o-vaticano-aprova-o-novo-filme-harry-potter-e-divulga-sua-critica\/"]}]},{"@type":"ImageObject","inLanguage":"pt-BR","@id":"https:\/\/www.oarcanjo.net\/site\/o-vaticano-aprova-o-novo-filme-harry-potter-e-divulga-sua-critica\/#primaryimage","url":"https:\/\/www.oarcanjo.net\/site\/wp-content\/uploads\/onesheet.jpg","contentUrl":"https:\/\/www.oarcanjo.net\/site\/wp-content\/uploads\/onesheet.jpg","width":1609,"height":2362,"caption":"Harry Potter e o Enigma do Pr\u00edncipe"},{"@type":"BreadcrumbList","@id":"https:\/\/www.oarcanjo.net\/site\/o-vaticano-aprova-o-novo-filme-harry-potter-e-divulga-sua-critica\/#breadcrumb","itemListElement":[{"@type":"ListItem","position":1,"name":"In\u00edcio","item":"https:\/\/www.oarcanjo.net\/site\/"},{"@type":"ListItem","position":2,"name":"O Vaticano aprova o novo filme Harry Potter e divulga sua cr\u00edtica"}]},{"@type":"WebSite","@id":"https:\/\/www.oarcanjo.net\/site\/#website","url":"https:\/\/www.oarcanjo.net\/site\/","name":"O Arcanjo no ar","description":"Site da Par\u00f3quia S\u00e3o Miguel Arcanjo (Arquidiocese de SP)","publisher":{"@id":"https:\/\/www.oarcanjo.net\/site\/#organization"},"potentialAction":[{"@type":"SearchAction","target":{"@type":"EntryPoint","urlTemplate":"https:\/\/www.oarcanjo.net\/site\/?s={search_term_string}"},"query-input":{"@type":"PropertyValueSpecification","valueRequired":true,"valueName":"search_term_string"}}],"inLanguage":"pt-BR"},{"@type":"Organization","@id":"https:\/\/www.oarcanjo.net\/site\/#organization","name":"Par\u00f3quia S\u00e3o Miguel Arcanjo","url":"https:\/\/www.oarcanjo.net\/site\/","logo":{"@type":"ImageObject","inLanguage":"pt-BR","@id":"https:\/\/www.oarcanjo.net\/site\/#\/schema\/logo\/image\/","url":"https:\/\/www.oarcanjo.net\/site\/wp-content\/uploads\/LogoOArcanjo.png","contentUrl":"https:\/\/www.oarcanjo.net\/site\/wp-content\/uploads\/LogoOArcanjo.png","width":319,"height":99,"caption":"Par\u00f3quia S\u00e3o Miguel Arcanjo"},"image":{"@id":"https:\/\/www.oarcanjo.net\/site\/#\/schema\/logo\/image\/"},"sameAs":["https:\/\/www.facebook.com\/OArcanjoNoAr\/"]},{"@type":"Person","@id":"https:\/\/www.oarcanjo.net\/site\/#\/schema\/person\/e54a5c62347067e278a5d0cf64f6a6e6","name":"mariana"}]}},"publishpress_future_action":{"enabled":false,"date":"2026-05-07 09:47:57","action":"category","newStatus":"draft","terms":[],"taxonomy":"category"},"publishpress_future_workflow_manual_trigger":{"enabledWorkflows":[]},"_links":{"self":[{"href":"https:\/\/www.oarcanjo.net\/site\/wp-json\/wp\/v2\/posts\/4273"}],"collection":[{"href":"https:\/\/www.oarcanjo.net\/site\/wp-json\/wp\/v2\/posts"}],"about":[{"href":"https:\/\/www.oarcanjo.net\/site\/wp-json\/wp\/v2\/types\/post"}],"author":[{"embeddable":true,"href":"https:\/\/www.oarcanjo.net\/site\/wp-json\/wp\/v2\/users\/12"}],"replies":[{"embeddable":true,"href":"https:\/\/www.oarcanjo.net\/site\/wp-json\/wp\/v2\/comments?post=4273"}],"version-history":[{"count":0,"href":"https:\/\/www.oarcanjo.net\/site\/wp-json\/wp\/v2\/posts\/4273\/revisions"}],"wp:attachment":[{"href":"https:\/\/www.oarcanjo.net\/site\/wp-json\/wp\/v2\/media?parent=4273"}],"wp:term":[{"taxonomy":"category","embeddable":true,"href":"https:\/\/www.oarcanjo.net\/site\/wp-json\/wp\/v2\/categories?post=4273"},{"taxonomy":"post_tag","embeddable":true,"href":"https:\/\/www.oarcanjo.net\/site\/wp-json\/wp\/v2\/tags?post=4273"}],"curies":[{"name":"wp","href":"https:\/\/api.w.org\/{rel}","templated":true}]}}