
{"id":4285,"date":"2009-07-21T18:00:12","date_gmt":"2009-07-21T21:00:12","guid":{"rendered":"http:\/\/www.oarcanjo.net\/site\/?p=4285"},"modified":"2010-01-21T20:00:24","modified_gmt":"2010-01-21T22:00:24","slug":"musicas-que-fala-em-salvar-nosso-mundo","status":"publish","type":"post","link":"https:\/\/www.oarcanjo.net\/site\/musicas-que-fala-em-salvar-nosso-mundo\/","title":{"rendered":"M\u00fasicas que falam em salvar nosso mundo"},"content":{"rendered":"<p>Estou trazendo duas m\u00fasicas que falam em salvar nosso mundo que tem tanta coisa errada e que precisa ser mudada rapidamente antes que seja tarde demais.Essas duas m\u00fasicas s\u00e3o do grande cantor,dan\u00e7arino e compositor Michael Jackson.<\/p>\n<p>M\u00fasica Heal the Word de Michael Jackson :<\/p>\n<p>Tem um lugar em seu cora\u00e7\u00e3o<br \/>\nE eu sei que \u00e9 amor<br \/>\nE esse lugar poderia ser<br \/>\nMuito mais brilhante que amanh\u00e3<br \/>\nE se voc\u00ea realmente tentar<br \/>\nVer\u00e1 que n\u00e3o tem motivos pra chorar<br \/>\nNesse lugar voc\u00ea vai sentir<br \/>\nQue n\u00e3o h\u00e1 dor ou m\u00e1goa<\/p>\n<p>Tem jeitos de chegar la<br \/>\nSe voc\u00ea se importa o suficiente com os vivos<br \/>\nAbra um espa\u00e7o<br \/>\nFa\u00e7a um lugar melhor<\/p>\n<p>salve o planeta<br \/>\nFa\u00e7a dele um lugar melhor<br \/>\nPra voc\u00ea e eu<br \/>\nE toda a ra\u00e7a humana<br \/>\nTem pessoas morrendo<br \/>\nSe voc\u00ea se importa o suficiente com os vivos<br \/>\nFa\u00e7a do mundo um lugar melhor<br \/>\nPara voc\u00ea e para mim<\/p>\n<p>Se voc\u00ea quer saber porque<br \/>\nTem amor que n\u00e3o mente<br \/>\nO amor \u00e9 forte<br \/>\nS\u00f3 se importa com coisas alegres<br \/>\nSe tentarmos, vamos ver<br \/>\nNa gra\u00e7a, n\u00e3o podemos sentir<br \/>\nMedo ou pavor<br \/>\nN\u00f3s paramos de existir e come\u00e7amos a viver<\/p>\n<p>Parece que sempre<br \/>\nO amor \u00e9 suficiente pra n\u00f3s crescermos<br \/>\nEnt\u00e3o fa\u00e7a um mundo melhor<br \/>\nFa\u00e7a um lugar melhor<\/p>\n<p>Cure o mundo<br \/>\nFa\u00e7a dele um lugar melhor<br \/>\nPra voc\u00ea e eu<br \/>\nE toda a ra\u00e7a humana<br \/>\nTem pessoas morrendo<br \/>\nSe voc\u00ea se importa o suficiente com os vivos<br \/>\nFa\u00e7a do mundo um lugar melhor<br \/>\nPara voc\u00ea e para mim<\/p>\n<p>E o sonho que foram concebidos<br \/>\nIr\u00e1 revelar um rosto alegre<br \/>\nE o mundo uma vez que acreditavam<br \/>\nVai brilhar novamente em gra\u00e7a<br \/>\nEnt\u00e3o pq continuamos estrangulando a vida<br \/>\nMachucando a terra, crucificando sua alma<br \/>\nApesar de ser f\u00e1cil de ver<br \/>\nEsse mundo \u00e9 divino<br \/>\nSeja o brilho de Deus<\/p>\n<p>N\u00f3s podiamos voar t\u00e3o alto<br \/>\nNunca deixar nossos espiritos morrerem<br \/>\nEm meu cora\u00e7\u00e3o, sinto que somos todos irm\u00e3os<br \/>\nCrie um mundo sem medo<br \/>\nJuntos choramos lagrimas de felicidade<br \/>\nVeja as na\u00e7\u00f5es transformarem suas espadas em semeadores<\/p>\n<p>N\u00f3s podemos chegar la<br \/>\nSe voc\u00ea se importasse o suficiente com os vivos<br \/>\nAbra um espa\u00e7o<br \/>\nPra fazer um lugar melhor<\/p>\n<p>Cure o mundo<br \/>\nFa\u00e7a dele um lugar melhor<br \/>\nPra voc\u00ea e eu<br \/>\nE toda a ra\u00e7a humana<br \/>\nTem pessoas morrendo<br \/>\nSe voc\u00ea se importa o suficiente com os vivos<br \/>\nFa\u00e7a do mundo um lugar melhor<br \/>\nPara voc\u00ea e para mim<\/p>\n<p>Tem pessoas morrendo<br \/>\nSe voc\u00ea se importa o suficiente com os vivos<br \/>\nFa\u00e7a do mundo um lugar melhor<br \/>\nPara voc\u00ea e para mim<\/p>\n<p>Para voc\u00ea e para mim<\/p>\n<p>M\u00fasica We Are the Word de Michael Jackson :<\/p>\n<p>Lionel Richie<br \/>\nVem um tempo quando n\u00f3s ouvimos uma chamada certa<\/p>\n<p>Lionel Richie &amp; Stevie Wonder<br \/>\nQuando o mundo precisa ir junto como um<\/p>\n<p>Stevie Wonder<br \/>\nH\u00e1 pessoas morrendo<\/p>\n<p>Paul Simon<br \/>\nOh, e \u00e9 o tempo de dar uma m\u00e3o para a vida<\/p>\n<p>Paul Simon &amp; Kenny Rogers<br \/>\nO maior presente de todos<\/p>\n<p>Kenny Rogers<br \/>\nN\u00f3s n\u00e3o podemos continuar fingindo dia ap\u00f3s dia<\/p>\n<p>James Ingram<br \/>\nDe que algu\u00e9m, em algum lugar ir\u00e1 logo fazer a diferen\u00e7a<\/p>\n<p>Tina Turner<br \/>\nN\u00f3s somos parte da grande e maravilhosa fam\u00edlia de Deus<\/p>\n<p>Billy Joel<br \/>\nE a verdade,<\/p>\n<p>Tina Turner\/Billy Joel<br \/>\nvoc\u00ea sabe, amor \u00e9 tudo o que a gente precisa<\/p>\n<p>Michael Jackson<br \/>\nN\u00f3s somos o mundo, n\u00f3s somos as crian\u00e7as<br \/>\nN\u00f3s somos aqueles que fazem um dia mais iluminado<br \/>\nEnt\u00e3o vamos come\u00e7ar a dar<\/p>\n<p>Diana Ross<br \/>\nExiste a escolha que estamos fazendo<br \/>\nQue estamos salvando nossas pr\u00f3prias vidas<\/p>\n<p>Michael Jackson &amp; Diana Ross<br \/>\n\u00c9 verdade que estaremos fazendo um dia melhor<br \/>\nS\u00f3 eu e voc\u00ea<\/p>\n<p>Dionne Warwick<br \/>\nOh, Mande a eles seu cora\u00e7\u00e3o<br \/>\nEnt\u00e3o eles saber\u00e3o que voc\u00ea se importa<\/p>\n<p>Dionne Warwick &amp; Willie Nelson<br \/>\nE suas vidas ser\u00e3o fortes e livres<\/p>\n<p>Willie Nelson<br \/>\nComo Deus nos mostrou transformar pedras em p\u00e3o<\/p>\n<p>Al Jarreau<br \/>\nE ent\u00e3o n\u00f3s precisamos dar uma m\u00e3o de ajuda<\/p>\n<p>Bruce Springsteen<br \/>\nN\u00f3s somos o mundo, n\u00f3s somos as crian\u00e7as<\/p>\n<p>Kenny Logins<br \/>\nN\u00f3s somos aqueles que fazem um dia iluminado<br \/>\nEnt\u00e3o vamos come\u00e7ar a dar<\/p>\n<p>Steve Perry<br \/>\nOh, existe a escolha que estamos fazendo<br \/>\nQue estamos salvando nossas pr\u00f3prias vidas<\/p>\n<p>Daryl Hall<br \/>\n\u00c9 verdade que estaremos fazendo um dia melhor<br \/>\nS\u00f3 eu e voc\u00ea<\/p>\n<p>Michael Jackson<br \/>\nQuando estamos pra baixo e parece n\u00e3o ter esperan\u00e7a pra nada<\/p>\n<p>Huey Lewis<br \/>\nMas se voc\u00ea acredita que n\u00e3o h\u00e1 um jeito que n\u00f3s possamos encontrar<\/p>\n<p>Cindy Lauper<br \/>\nBem, bem, bem, bem deixe n\u00f3s percebermos que a a diferen\u00e7a pode apenas vir<\/p>\n<p>Kim Carnes<br \/>\nQuando n\u00f3s<\/p>\n<p>Kim Carnes\/Cyndi Lauper\/Huey Lewis<br \/>\nestivermos juntos como um<\/p>\n<p>Refr\u00e3o:<br \/>\nN\u00f3s somos o mundo, n\u00f3s somos as crian\u00e7as<br \/>\nN\u00f3s somos aqueles que fazem um dia iluminado<br \/>\nEnt\u00e3o vamos come\u00e7ar a dar<\/p>\n<p>Existe a escolha que estamos fazendo<br \/>\nQue estamos salvando nossas pr\u00f3prias vidas<br \/>\n\u00c9 verdade que estamos fazendo um dia melhor<br \/>\nS\u00f3 eu e voc\u00ea<br \/>\nN\u00f3s somos o mundo, n\u00f3s somos as crian\u00e7as<br \/>\nN\u00f3s somos aqueles que fazem um dia iluminado<br \/>\nEnt\u00e3o vamos come\u00e7ar a dar<\/p>\n<p>Bob Dylan<br \/>\nExiste a escolha que estamos fazendo<br \/>\nQue estamos salvando nossas pr\u00f3prias vidas<br \/>\n\u00c9 verdade que estamos fazendo um dia melhor<br \/>\nS\u00f3 eu e voc\u00ea<\/p>\n<p>Refr\u00e3o:<br \/>\nN\u00f3s somos o mundo, n\u00f3s somos as crian\u00e7as<br \/>\nN\u00f3s somos aqueles que fazem um dia iluminado<br \/>\nEnt\u00e3o vamos come\u00e7ar a dar<br \/>\nExiste a escolha que estamos fazendo<br \/>\nQue estamos salvando nossas pr\u00f3prias vidas<\/p>\n<p>Bob Dylan<br \/>\n\u00c9 verdade que estamos fazendo um dia melhor<br \/>\nS\u00f3 eu e voc\u00ea<\/p>\n<p>Refr\u00e3o:<br \/>\nN\u00f3s somos o mundo, n\u00f3s somos as crian\u00e7as<br \/>\nN\u00f3s somos aqueles que fazem um dia iluminado<br \/>\nEnt\u00e3o vamos come\u00e7ar a dar<\/p>\n<p>Ray Charles<br \/>\nExiste a escolha que estamos fazendo<br \/>\nQue estamos salvando nossas pr\u00f3prias vidas<br \/>\n\u00c9 verdade que estamos fazendo um dia melhor<br \/>\nS\u00f3 eu e voc\u00ea<\/p>\n<p>Stevie Wonder\/Bruce Springsteen<br \/>\nN\u00f3s somos o mundo, n\u00f3s somos as crian\u00e7as<br \/>\nN\u00f3s somos aqueles que fazem um dia iluminado<br \/>\nEnt\u00e3o vamos come\u00e7ar a dar<\/p>\n<p>Stevie Wonder<br \/>\nExiste a escolha que estamos fazendo<br \/>\nQue estamos salvando nossas pr\u00f3prias vidas<br \/>\n\u00c9 verdade que estamos fazendo um dia melhor<br \/>\nS\u00f3 eu e voc\u00ea<\/p>\n<p>Stevie Wonder\/Bruce Springsteen<br \/>\nN\u00f3s somos o mundo, n\u00f3s somos as crian\u00e7as<br \/>\nN\u00f3s somos aqueles que fazem um dia iluminado<br \/>\nEnt\u00e3o vamos come\u00e7ar a dar<\/p>\n<p>Bruce Springsteen<br \/>\nExiste a escolha que estamos fazendo<br \/>\nQue estamos salvando nossas pr\u00f3prias vidas<br \/>\n\u00c9 verdade que estamos fazendo um dia melhor<br \/>\nS\u00f3 eu e voc\u00ea<\/p>\n<p>Refr\u00e3o:<\/p>\n<p>N\u00f3s somos o mundo, n\u00f3s somos as crian\u00e7as<br \/>\nN\u00f3s somos aqueles que fazem um dia iluminado<br \/>\nEnt\u00e3o vamos come\u00e7ar a dar<br \/>\nExiste a escolha que estamos fazendo<br \/>\nQue estamos salvando nossas pr\u00f3prias vidas<br \/>\n\u00c9 verdade que estamos fazendo um dia melhor<br \/>\nS\u00f3 eu e voc\u00ea<\/p>\n<p>James Ingram<br \/>\nN\u00f3s somos o mundo, n\u00f3s somos as crian\u00e7as<br \/>\nN\u00f3s somos aqueles que fazem um dia iluminado<br \/>\nEnt\u00e3o vamos come\u00e7ar a dar<\/p>\n<p>Ray Charles<br \/>\nExiste a escolha que estamos fazendo<br \/>\nQue estamos salvando nossas pr\u00f3prias vidas<br \/>\n\u00c9 verdade que estamos fazendo um dia melhor<br \/>\nS\u00f3 eu e voc\u00ea<\/p>\n<p>Refr\u00e3o<\/p>\n<div id=\"themify_builder_content-4285\" data-postid=\"4285\" class=\"themify_builder_content themify_builder_content-4285 themify_builder themify_builder_front\">\n\t<\/div>\n<!-- \/themify_builder_content -->","protected":false},"excerpt":{"rendered":"<p>Estou trazendo duas m\u00fasicas que falam em salvar nosso mundo que tem tanta coisa errada e que precisa ser mudada rapidamente antes que seja tarde demais.Essas duas m\u00fasicas s\u00e3o do grande cantor,dan\u00e7arino e compositor Michael Jackson. M\u00fasica Heal the Word de Michael Jackson : Tem um lugar em seu cora\u00e7\u00e3o E eu sei que \u00e9 [&hellip;]<\/p>\n","protected":false},"author":12,"featured_media":0,"comment_status":"open","ping_status":"open","sticky":false,"template":"","format":"standard","meta":{"ngg_post_thumbnail":0,"footnotes":""},"categories":[395],"tags":[213],"yoast_head":"<!-- This site is optimized with the Yoast SEO plugin v23.5 - https:\/\/yoast.com\/wordpress\/plugins\/seo\/ -->\n<title>M\u00fasicas que falam em salvar nosso mundo - O Arcanjo no ar<\/title>\n<meta name=\"robots\" content=\"index, follow, max-snippet:-1, max-image-preview:large, max-video-preview:-1\" \/>\n<link rel=\"canonical\" href=\"https:\/\/www.oarcanjo.net\/site\/musicas-que-fala-em-salvar-nosso-mundo\/\" \/>\n<meta property=\"og:locale\" content=\"pt_BR\" \/>\n<meta property=\"og:type\" content=\"article\" \/>\n<meta property=\"og:title\" content=\"M\u00fasicas que falam em salvar nosso mundo - O Arcanjo no ar\" \/>\n<meta property=\"og:description\" content=\"Estou trazendo duas m\u00fasicas que falam em salvar nosso mundo que tem tanta coisa errada e que precisa ser mudada rapidamente antes que seja tarde demais.Essas duas m\u00fasicas s\u00e3o do grande cantor,dan\u00e7arino e compositor Michael Jackson. M\u00fasica Heal the Word de Michael Jackson : Tem um lugar em seu cora\u00e7\u00e3o E eu sei que \u00e9 [&hellip;]\" \/>\n<meta property=\"og:url\" content=\"https:\/\/www.oarcanjo.net\/site\/musicas-que-fala-em-salvar-nosso-mundo\/\" \/>\n<meta property=\"og:site_name\" content=\"O Arcanjo no ar\" \/>\n<meta property=\"article:publisher\" content=\"https:\/\/www.facebook.com\/OArcanjoNoAr\/\" \/>\n<meta property=\"article:published_time\" content=\"2009-07-21T21:00:12+00:00\" \/>\n<meta property=\"article:modified_time\" content=\"2010-01-21T22:00:24+00:00\" \/>\n<meta property=\"og:image\" content=\"https:\/\/www.oarcanjo.net\/site\/wp-content\/uploads\/logo-o-arcanjo-no-ar-facebook.png\" \/>\n\t<meta property=\"og:image:width\" content=\"300\" \/>\n\t<meta property=\"og:image:height\" content=\"300\" \/>\n\t<meta property=\"og:image:type\" content=\"image\/png\" \/>\n<meta name=\"author\" content=\"mariana\" \/>\n<meta name=\"twitter:card\" content=\"summary_large_image\" \/>\n<meta name=\"twitter:label1\" content=\"Escrito por\" \/>\n\t<meta name=\"twitter:data1\" content=\"mariana\" \/>\n\t<meta name=\"twitter:label2\" content=\"Est. tempo de leitura\" \/>\n\t<meta name=\"twitter:data2\" content=\"6 minutos\" \/>\n<script type=\"application\/ld+json\" class=\"yoast-schema-graph\">{\"@context\":\"https:\/\/schema.org\",\"@graph\":[{\"@type\":\"Article\",\"@id\":\"https:\/\/www.oarcanjo.net\/site\/musicas-que-fala-em-salvar-nosso-mundo\/#article\",\"isPartOf\":{\"@id\":\"https:\/\/www.oarcanjo.net\/site\/musicas-que-fala-em-salvar-nosso-mundo\/\"},\"author\":{\"name\":\"mariana\",\"@id\":\"https:\/\/www.oarcanjo.net\/site\/#\/schema\/person\/e54a5c62347067e278a5d0cf64f6a6e6\"},\"headline\":\"M\u00fasicas que falam em salvar nosso mundo\",\"datePublished\":\"2009-07-21T21:00:12+00:00\",\"dateModified\":\"2010-01-21T22:00:24+00:00\",\"mainEntityOfPage\":{\"@id\":\"https:\/\/www.oarcanjo.net\/site\/musicas-que-fala-em-salvar-nosso-mundo\/\"},\"wordCount\":1274,\"commentCount\":1,\"publisher\":{\"@id\":\"https:\/\/www.oarcanjo.net\/site\/#organization\"},\"keywords\":[\"m\u00fasica\"],\"articleSection\":[\"Jovens\"],\"inLanguage\":\"pt-BR\",\"potentialAction\":[{\"@type\":\"CommentAction\",\"name\":\"Comment\",\"target\":[\"https:\/\/www.oarcanjo.net\/site\/musicas-que-fala-em-salvar-nosso-mundo\/#respond\"]}]},{\"@type\":\"WebPage\",\"@id\":\"https:\/\/www.oarcanjo.net\/site\/musicas-que-fala-em-salvar-nosso-mundo\/\",\"url\":\"https:\/\/www.oarcanjo.net\/site\/musicas-que-fala-em-salvar-nosso-mundo\/\",\"name\":\"M\u00fasicas que falam em salvar nosso mundo - O Arcanjo no ar\",\"isPartOf\":{\"@id\":\"https:\/\/www.oarcanjo.net\/site\/#website\"},\"datePublished\":\"2009-07-21T21:00:12+00:00\",\"dateModified\":\"2010-01-21T22:00:24+00:00\",\"breadcrumb\":{\"@id\":\"https:\/\/www.oarcanjo.net\/site\/musicas-que-fala-em-salvar-nosso-mundo\/#breadcrumb\"},\"inLanguage\":\"pt-BR\",\"potentialAction\":[{\"@type\":\"ReadAction\",\"target\":[\"https:\/\/www.oarcanjo.net\/site\/musicas-que-fala-em-salvar-nosso-mundo\/\"]}]},{\"@type\":\"BreadcrumbList\",\"@id\":\"https:\/\/www.oarcanjo.net\/site\/musicas-que-fala-em-salvar-nosso-mundo\/#breadcrumb\",\"itemListElement\":[{\"@type\":\"ListItem\",\"position\":1,\"name\":\"In\u00edcio\",\"item\":\"https:\/\/www.oarcanjo.net\/site\/\"},{\"@type\":\"ListItem\",\"position\":2,\"name\":\"M\u00fasicas que falam em salvar nosso mundo\"}]},{\"@type\":\"WebSite\",\"@id\":\"https:\/\/www.oarcanjo.net\/site\/#website\",\"url\":\"https:\/\/www.oarcanjo.net\/site\/\",\"name\":\"O Arcanjo no ar\",\"description\":\"Site da Par\u00f3quia S\u00e3o Miguel Arcanjo (Arquidiocese de SP)\",\"publisher\":{\"@id\":\"https:\/\/www.oarcanjo.net\/site\/#organization\"},\"potentialAction\":[{\"@type\":\"SearchAction\",\"target\":{\"@type\":\"EntryPoint\",\"urlTemplate\":\"https:\/\/www.oarcanjo.net\/site\/?s={search_term_string}\"},\"query-input\":{\"@type\":\"PropertyValueSpecification\",\"valueRequired\":true,\"valueName\":\"search_term_string\"}}],\"inLanguage\":\"pt-BR\"},{\"@type\":\"Organization\",\"@id\":\"https:\/\/www.oarcanjo.net\/site\/#organization\",\"name\":\"Par\u00f3quia S\u00e3o Miguel Arcanjo\",\"url\":\"https:\/\/www.oarcanjo.net\/site\/\",\"logo\":{\"@type\":\"ImageObject\",\"inLanguage\":\"pt-BR\",\"@id\":\"https:\/\/www.oarcanjo.net\/site\/#\/schema\/logo\/image\/\",\"url\":\"https:\/\/www.oarcanjo.net\/site\/wp-content\/uploads\/LogoOArcanjo.png\",\"contentUrl\":\"https:\/\/www.oarcanjo.net\/site\/wp-content\/uploads\/LogoOArcanjo.png\",\"width\":319,\"height\":99,\"caption\":\"Par\u00f3quia S\u00e3o Miguel Arcanjo\"},\"image\":{\"@id\":\"https:\/\/www.oarcanjo.net\/site\/#\/schema\/logo\/image\/\"},\"sameAs\":[\"https:\/\/www.facebook.com\/OArcanjoNoAr\/\"]},{\"@type\":\"Person\",\"@id\":\"https:\/\/www.oarcanjo.net\/site\/#\/schema\/person\/e54a5c62347067e278a5d0cf64f6a6e6\",\"name\":\"mariana\"}]}<\/script>\n<!-- \/ Yoast SEO plugin. -->","yoast_head_json":{"title":"M\u00fasicas que falam em salvar nosso mundo - O Arcanjo no ar","robots":{"index":"index","follow":"follow","max-snippet":"max-snippet:-1","max-image-preview":"max-image-preview:large","max-video-preview":"max-video-preview:-1"},"canonical":"https:\/\/www.oarcanjo.net\/site\/musicas-que-fala-em-salvar-nosso-mundo\/","og_locale":"pt_BR","og_type":"article","og_title":"M\u00fasicas que falam em salvar nosso mundo - O Arcanjo no ar","og_description":"Estou trazendo duas m\u00fasicas que falam em salvar nosso mundo que tem tanta coisa errada e que precisa ser mudada rapidamente antes que seja tarde demais.Essas duas m\u00fasicas s\u00e3o do grande cantor,dan\u00e7arino e compositor Michael Jackson. M\u00fasica Heal the Word de Michael Jackson : Tem um lugar em seu cora\u00e7\u00e3o E eu sei que \u00e9 [&hellip;]","og_url":"https:\/\/www.oarcanjo.net\/site\/musicas-que-fala-em-salvar-nosso-mundo\/","og_site_name":"O Arcanjo no ar","article_publisher":"https:\/\/www.facebook.com\/OArcanjoNoAr\/","article_published_time":"2009-07-21T21:00:12+00:00","article_modified_time":"2010-01-21T22:00:24+00:00","og_image":[{"width":300,"height":300,"url":"https:\/\/www.oarcanjo.net\/site\/wp-content\/uploads\/logo-o-arcanjo-no-ar-facebook.png","type":"image\/png"}],"author":"mariana","twitter_card":"summary_large_image","twitter_misc":{"Escrito por":"mariana","Est. tempo de leitura":"6 minutos"},"schema":{"@context":"https:\/\/schema.org","@graph":[{"@type":"Article","@id":"https:\/\/www.oarcanjo.net\/site\/musicas-que-fala-em-salvar-nosso-mundo\/#article","isPartOf":{"@id":"https:\/\/www.oarcanjo.net\/site\/musicas-que-fala-em-salvar-nosso-mundo\/"},"author":{"name":"mariana","@id":"https:\/\/www.oarcanjo.net\/site\/#\/schema\/person\/e54a5c62347067e278a5d0cf64f6a6e6"},"headline":"M\u00fasicas que falam em salvar nosso mundo","datePublished":"2009-07-21T21:00:12+00:00","dateModified":"2010-01-21T22:00:24+00:00","mainEntityOfPage":{"@id":"https:\/\/www.oarcanjo.net\/site\/musicas-que-fala-em-salvar-nosso-mundo\/"},"wordCount":1274,"commentCount":1,"publisher":{"@id":"https:\/\/www.oarcanjo.net\/site\/#organization"},"keywords":["m\u00fasica"],"articleSection":["Jovens"],"inLanguage":"pt-BR","potentialAction":[{"@type":"CommentAction","name":"Comment","target":["https:\/\/www.oarcanjo.net\/site\/musicas-que-fala-em-salvar-nosso-mundo\/#respond"]}]},{"@type":"WebPage","@id":"https:\/\/www.oarcanjo.net\/site\/musicas-que-fala-em-salvar-nosso-mundo\/","url":"https:\/\/www.oarcanjo.net\/site\/musicas-que-fala-em-salvar-nosso-mundo\/","name":"M\u00fasicas que falam em salvar nosso mundo - O Arcanjo no ar","isPartOf":{"@id":"https:\/\/www.oarcanjo.net\/site\/#website"},"datePublished":"2009-07-21T21:00:12+00:00","dateModified":"2010-01-21T22:00:24+00:00","breadcrumb":{"@id":"https:\/\/www.oarcanjo.net\/site\/musicas-que-fala-em-salvar-nosso-mundo\/#breadcrumb"},"inLanguage":"pt-BR","potentialAction":[{"@type":"ReadAction","target":["https:\/\/www.oarcanjo.net\/site\/musicas-que-fala-em-salvar-nosso-mundo\/"]}]},{"@type":"BreadcrumbList","@id":"https:\/\/www.oarcanjo.net\/site\/musicas-que-fala-em-salvar-nosso-mundo\/#breadcrumb","itemListElement":[{"@type":"ListItem","position":1,"name":"In\u00edcio","item":"https:\/\/www.oarcanjo.net\/site\/"},{"@type":"ListItem","position":2,"name":"M\u00fasicas que falam em salvar nosso mundo"}]},{"@type":"WebSite","@id":"https:\/\/www.oarcanjo.net\/site\/#website","url":"https:\/\/www.oarcanjo.net\/site\/","name":"O Arcanjo no ar","description":"Site da Par\u00f3quia S\u00e3o Miguel Arcanjo (Arquidiocese de SP)","publisher":{"@id":"https:\/\/www.oarcanjo.net\/site\/#organization"},"potentialAction":[{"@type":"SearchAction","target":{"@type":"EntryPoint","urlTemplate":"https:\/\/www.oarcanjo.net\/site\/?s={search_term_string}"},"query-input":{"@type":"PropertyValueSpecification","valueRequired":true,"valueName":"search_term_string"}}],"inLanguage":"pt-BR"},{"@type":"Organization","@id":"https:\/\/www.oarcanjo.net\/site\/#organization","name":"Par\u00f3quia S\u00e3o Miguel Arcanjo","url":"https:\/\/www.oarcanjo.net\/site\/","logo":{"@type":"ImageObject","inLanguage":"pt-BR","@id":"https:\/\/www.oarcanjo.net\/site\/#\/schema\/logo\/image\/","url":"https:\/\/www.oarcanjo.net\/site\/wp-content\/uploads\/LogoOArcanjo.png","contentUrl":"https:\/\/www.oarcanjo.net\/site\/wp-content\/uploads\/LogoOArcanjo.png","width":319,"height":99,"caption":"Par\u00f3quia S\u00e3o Miguel Arcanjo"},"image":{"@id":"https:\/\/www.oarcanjo.net\/site\/#\/schema\/logo\/image\/"},"sameAs":["https:\/\/www.facebook.com\/OArcanjoNoAr\/"]},{"@type":"Person","@id":"https:\/\/www.oarcanjo.net\/site\/#\/schema\/person\/e54a5c62347067e278a5d0cf64f6a6e6","name":"mariana"}]}},"publishpress_future_action":{"enabled":false,"date":"2026-05-07 09:47:41","action":"category","newStatus":"draft","terms":[],"taxonomy":"category"},"publishpress_future_workflow_manual_trigger":{"enabledWorkflows":[]},"_links":{"self":[{"href":"https:\/\/www.oarcanjo.net\/site\/wp-json\/wp\/v2\/posts\/4285"}],"collection":[{"href":"https:\/\/www.oarcanjo.net\/site\/wp-json\/wp\/v2\/posts"}],"about":[{"href":"https:\/\/www.oarcanjo.net\/site\/wp-json\/wp\/v2\/types\/post"}],"author":[{"embeddable":true,"href":"https:\/\/www.oarcanjo.net\/site\/wp-json\/wp\/v2\/users\/12"}],"replies":[{"embeddable":true,"href":"https:\/\/www.oarcanjo.net\/site\/wp-json\/wp\/v2\/comments?post=4285"}],"version-history":[{"count":0,"href":"https:\/\/www.oarcanjo.net\/site\/wp-json\/wp\/v2\/posts\/4285\/revisions"}],"wp:attachment":[{"href":"https:\/\/www.oarcanjo.net\/site\/wp-json\/wp\/v2\/media?parent=4285"}],"wp:term":[{"taxonomy":"category","embeddable":true,"href":"https:\/\/www.oarcanjo.net\/site\/wp-json\/wp\/v2\/categories?post=4285"},{"taxonomy":"post_tag","embeddable":true,"href":"https:\/\/www.oarcanjo.net\/site\/wp-json\/wp\/v2\/tags?post=4285"}],"curies":[{"name":"wp","href":"https:\/\/api.w.org\/{rel}","templated":true}]}}