
{"id":4290,"date":"2009-07-21T18:00:08","date_gmt":"2009-07-21T21:00:08","guid":{"rendered":"http:\/\/www.oarcanjo.net\/site\/?p=4290"},"modified":"2009-07-21T18:41:37","modified_gmt":"2009-07-21T21:41:37","slug":"banda-jovem-do-bem","status":"publish","type":"post","link":"https:\/\/www.oarcanjo.net\/site\/banda-jovem-do-bem\/","title":{"rendered":"Banda jovem do bem"},"content":{"rendered":"<p><div id=\"attachment_4291\" style=\"width: 310px\" class=\"wp-caption alignnone\"><a href=\"http:\/\/www.oarcanjo.net\/site\/wp-content\/uploads\/g2629.jpg\"><img loading=\"lazy\" decoding=\"async\" aria-describedby=\"caption-attachment-4291\" src=\"http:\/\/www.oarcanjo.net\/site\/wp-content\/uploads\/g2629-300x225.jpg\" alt=\"Banda Nx Zero\" title=\"Banda Nx Zero\" width=\"300\" height=\"225\" class=\"size-medium wp-image-4291\" srcset=\"https:\/\/www.oarcanjo.net\/site\/wp-content\/uploads\/g2629-300x225.jpg 300w, https:\/\/www.oarcanjo.net\/site\/wp-content\/uploads\/g2629.jpg 400w\" sizes=\"(max-width: 300px) 100vw, 300px\" \/><\/a><p id=\"caption-attachment-4291\" class=\"wp-caption-text\">Banda Nx Zero<\/p><\/div>A banda Nx zero que est\u00e1 fazendo muito sucesso com os jovens tem letras que tem  ensinamentos bons como falar entre o bem e o mal \u00e9 t\u00e3o bom eles passarem isso aos jovens. A banda \u00e9 composta por Diego Ferrero (vocal), Leandro Rocha (guitarra e segunda voz), Daniel Weksler (bateria), Conrado Grandino (baixo) e Filipe Ricardo (guitarra).<br \/>\nA Banda lan\u00e7ou seu \u00e1lbum de estr\u00e9ia pela gravadora Urubuz Records intitulado Di\u00e1logo? em 2004. Ap\u00f3s este, a banda assinou contrato com a Arsenal Music\/Universal Music e lan\u00e7ou mais dois \u00e1lbuns: NX Zero, em 2006, e Agora, em 2008.Abaixo tem uma m\u00fasica deles que falam do bem.\u00c8 t\u00e3o importante ter bandas que tem ensinam coisas boas as pessoas e Nx Zero \u00e9 uma dessas bandas. <\/p>\n<p>O come\u00e7o e o fim podem ser iguais<br \/>\nDepende de quem vai achar uma resposta<br \/>\nA inveja que mata n\u00e3o me afeta mais<br \/>\nPois o que conquistei tem o direito de ser meu.<\/p>\n<p>(Entre o bem e o mal, e a escolha certa<br \/>\nPouco tempo pode ser demais pra quem sabe o que quer<br \/>\nPra quem respeita a vida e assim mesmo<br \/>\nO tempo muda sempre cada vez mais<br \/>\nE dentro de voc\u00ea existe o bem e o mal<br \/>\ne a escolha certa)<\/p>\n<p>A vida \u00e9 curta demais pra sempre reclamar<br \/>\ne n\u00e3o correr atr\u00e1s dos sonhos que almeja<br \/>\no que voc\u00ea me diz, n\u00e3o me afeta mais<br \/>\npois o que conquistei tem o direito de ser meu<\/p>\n<p>(Entre o bem e o mal, e a escolha certa<br \/>\nPouco tempo pode ser demais pra quem sabe o que quer<br \/>\nPra quem respeita a vida e assim mesmo<br \/>\nO tempo muda sempre cada vez mais<br \/>\nE dentro de voc\u00ea existe o bem e o mal<br \/>\ne a escolha certa)<\/p>\n<p>Ent\u00e3o chega ae T\u00falio Dek,<br \/>\nEnt\u00e3o vai!<\/p>\n<p>Ent\u00e3o fa\u00e7a a sua escolha logo e se decida<br \/>\nVai querer o mal ou o bem pra sua vida?<br \/>\nO tempo \u00e9 muito curto, n\u00e3o pode demorar<br \/>\nEscolha qual caminho voc\u00ea vai querer trilhar<br \/>\nTudo nessa vida \u00e9 merecimento<br \/>\nO que a brisa leva, volta com o vento<br \/>\nSe n\u00e3o se decidiu, ent\u00e3o corra atr\u00e1s<br \/>\nEntre o bem e o mal, eu fico com a paz!<\/p>\n<p>E pouco tempo pode ser demais pra quem sabe o que quer<br \/>\nPra quem respeita a vida e assim mesmo<br \/>\nO tempo muda sempre cada vez mais<br \/>\nE dentro de voc\u00ea existe o bem e o mal<br \/>\ne a escolha certa<\/p>\n<div id=\"themify_builder_content-4290\" data-postid=\"4290\" class=\"themify_builder_content themify_builder_content-4290 themify_builder themify_builder_front\">\n\t<\/div>\n<!-- \/themify_builder_content -->","protected":false},"excerpt":{"rendered":"<p>A banda Nx zero que est\u00e1 fazendo muito sucesso com os jovens tem letras que tem ensinamentos bons como falar entre o bem e o mal \u00e9 t\u00e3o bom eles passarem isso aos jovens. A banda \u00e9 composta por Diego Ferrero (vocal), Leandro Rocha (guitarra e segunda voz), Daniel Weksler (bateria), Conrado Grandino (baixo) e [&hellip;]<\/p>\n","protected":false},"author":12,"featured_media":0,"comment_status":"open","ping_status":"open","sticky":false,"template":"","format":"standard","meta":{"ngg_post_thumbnail":0,"footnotes":""},"categories":[395],"tags":[513],"yoast_head":"<!-- This site is optimized with the Yoast SEO plugin v23.5 - https:\/\/yoast.com\/wordpress\/plugins\/seo\/ -->\n<title>Banda jovem do bem - O Arcanjo no ar<\/title>\n<meta name=\"robots\" content=\"index, follow, max-snippet:-1, max-image-preview:large, max-video-preview:-1\" \/>\n<link rel=\"canonical\" href=\"https:\/\/www.oarcanjo.net\/site\/banda-jovem-do-bem\/\" \/>\n<meta property=\"og:locale\" content=\"pt_BR\" \/>\n<meta property=\"og:type\" content=\"article\" \/>\n<meta property=\"og:title\" content=\"Banda jovem do bem - O Arcanjo no ar\" \/>\n<meta property=\"og:description\" content=\"A banda Nx zero que est\u00e1 fazendo muito sucesso com os jovens tem letras que tem ensinamentos bons como falar entre o bem e o mal \u00e9 t\u00e3o bom eles passarem isso aos jovens. A banda \u00e9 composta por Diego Ferrero (vocal), Leandro Rocha (guitarra e segunda voz), Daniel Weksler (bateria), Conrado Grandino (baixo) e [&hellip;]\" \/>\n<meta property=\"og:url\" content=\"https:\/\/www.oarcanjo.net\/site\/banda-jovem-do-bem\/\" \/>\n<meta property=\"og:site_name\" content=\"O Arcanjo no ar\" \/>\n<meta property=\"article:publisher\" content=\"https:\/\/www.facebook.com\/OArcanjoNoAr\/\" \/>\n<meta property=\"article:published_time\" content=\"2009-07-21T21:00:08+00:00\" \/>\n<meta property=\"article:modified_time\" content=\"2009-07-21T21:41:37+00:00\" \/>\n<meta property=\"og:image\" content=\"http:\/\/www.oarcanjo.net\/site\/wp-content\/uploads\/g2629-300x225.jpg\" \/>\n<meta name=\"author\" content=\"mariana\" \/>\n<meta name=\"twitter:card\" content=\"summary_large_image\" \/>\n<meta name=\"twitter:label1\" content=\"Escrito por\" \/>\n\t<meta name=\"twitter:data1\" content=\"mariana\" \/>\n\t<meta name=\"twitter:label2\" content=\"Est. tempo de leitura\" \/>\n\t<meta name=\"twitter:data2\" content=\"2 minutos\" \/>\n<script type=\"application\/ld+json\" class=\"yoast-schema-graph\">{\"@context\":\"https:\/\/schema.org\",\"@graph\":[{\"@type\":\"Article\",\"@id\":\"https:\/\/www.oarcanjo.net\/site\/banda-jovem-do-bem\/#article\",\"isPartOf\":{\"@id\":\"https:\/\/www.oarcanjo.net\/site\/banda-jovem-do-bem\/\"},\"author\":{\"name\":\"mariana\",\"@id\":\"https:\/\/www.oarcanjo.net\/site\/#\/schema\/person\/e54a5c62347067e278a5d0cf64f6a6e6\"},\"headline\":\"Banda jovem do bem\",\"datePublished\":\"2009-07-21T21:00:08+00:00\",\"dateModified\":\"2009-07-21T21:41:37+00:00\",\"mainEntityOfPage\":{\"@id\":\"https:\/\/www.oarcanjo.net\/site\/banda-jovem-do-bem\/\"},\"wordCount\":435,\"commentCount\":0,\"publisher\":{\"@id\":\"https:\/\/www.oarcanjo.net\/site\/#organization\"},\"image\":{\"@id\":\"https:\/\/www.oarcanjo.net\/site\/banda-jovem-do-bem\/#primaryimage\"},\"thumbnailUrl\":\"http:\/\/www.oarcanjo.net\/site\/wp-content\/uploads\/g2629-300x225.jpg\",\"keywords\":[\"banda\"],\"articleSection\":[\"Jovens\"],\"inLanguage\":\"pt-BR\",\"potentialAction\":[{\"@type\":\"CommentAction\",\"name\":\"Comment\",\"target\":[\"https:\/\/www.oarcanjo.net\/site\/banda-jovem-do-bem\/#respond\"]}]},{\"@type\":\"WebPage\",\"@id\":\"https:\/\/www.oarcanjo.net\/site\/banda-jovem-do-bem\/\",\"url\":\"https:\/\/www.oarcanjo.net\/site\/banda-jovem-do-bem\/\",\"name\":\"Banda jovem do bem - O Arcanjo no ar\",\"isPartOf\":{\"@id\":\"https:\/\/www.oarcanjo.net\/site\/#website\"},\"primaryImageOfPage\":{\"@id\":\"https:\/\/www.oarcanjo.net\/site\/banda-jovem-do-bem\/#primaryimage\"},\"image\":{\"@id\":\"https:\/\/www.oarcanjo.net\/site\/banda-jovem-do-bem\/#primaryimage\"},\"thumbnailUrl\":\"http:\/\/www.oarcanjo.net\/site\/wp-content\/uploads\/g2629-300x225.jpg\",\"datePublished\":\"2009-07-21T21:00:08+00:00\",\"dateModified\":\"2009-07-21T21:41:37+00:00\",\"breadcrumb\":{\"@id\":\"https:\/\/www.oarcanjo.net\/site\/banda-jovem-do-bem\/#breadcrumb\"},\"inLanguage\":\"pt-BR\",\"potentialAction\":[{\"@type\":\"ReadAction\",\"target\":[\"https:\/\/www.oarcanjo.net\/site\/banda-jovem-do-bem\/\"]}]},{\"@type\":\"ImageObject\",\"inLanguage\":\"pt-BR\",\"@id\":\"https:\/\/www.oarcanjo.net\/site\/banda-jovem-do-bem\/#primaryimage\",\"url\":\"https:\/\/www.oarcanjo.net\/site\/wp-content\/uploads\/g2629.jpg\",\"contentUrl\":\"https:\/\/www.oarcanjo.net\/site\/wp-content\/uploads\/g2629.jpg\",\"width\":400,\"height\":300,\"caption\":\"Banda Nx Zero\"},{\"@type\":\"BreadcrumbList\",\"@id\":\"https:\/\/www.oarcanjo.net\/site\/banda-jovem-do-bem\/#breadcrumb\",\"itemListElement\":[{\"@type\":\"ListItem\",\"position\":1,\"name\":\"In\u00edcio\",\"item\":\"https:\/\/www.oarcanjo.net\/site\/\"},{\"@type\":\"ListItem\",\"position\":2,\"name\":\"Banda jovem do bem\"}]},{\"@type\":\"WebSite\",\"@id\":\"https:\/\/www.oarcanjo.net\/site\/#website\",\"url\":\"https:\/\/www.oarcanjo.net\/site\/\",\"name\":\"O Arcanjo no ar\",\"description\":\"Site da Par\u00f3quia S\u00e3o Miguel Arcanjo (Arquidiocese de SP)\",\"publisher\":{\"@id\":\"https:\/\/www.oarcanjo.net\/site\/#organization\"},\"potentialAction\":[{\"@type\":\"SearchAction\",\"target\":{\"@type\":\"EntryPoint\",\"urlTemplate\":\"https:\/\/www.oarcanjo.net\/site\/?s={search_term_string}\"},\"query-input\":{\"@type\":\"PropertyValueSpecification\",\"valueRequired\":true,\"valueName\":\"search_term_string\"}}],\"inLanguage\":\"pt-BR\"},{\"@type\":\"Organization\",\"@id\":\"https:\/\/www.oarcanjo.net\/site\/#organization\",\"name\":\"Par\u00f3quia S\u00e3o Miguel Arcanjo\",\"url\":\"https:\/\/www.oarcanjo.net\/site\/\",\"logo\":{\"@type\":\"ImageObject\",\"inLanguage\":\"pt-BR\",\"@id\":\"https:\/\/www.oarcanjo.net\/site\/#\/schema\/logo\/image\/\",\"url\":\"https:\/\/www.oarcanjo.net\/site\/wp-content\/uploads\/LogoOArcanjo.png\",\"contentUrl\":\"https:\/\/www.oarcanjo.net\/site\/wp-content\/uploads\/LogoOArcanjo.png\",\"width\":319,\"height\":99,\"caption\":\"Par\u00f3quia S\u00e3o Miguel Arcanjo\"},\"image\":{\"@id\":\"https:\/\/www.oarcanjo.net\/site\/#\/schema\/logo\/image\/\"},\"sameAs\":[\"https:\/\/www.facebook.com\/OArcanjoNoAr\/\"]},{\"@type\":\"Person\",\"@id\":\"https:\/\/www.oarcanjo.net\/site\/#\/schema\/person\/e54a5c62347067e278a5d0cf64f6a6e6\",\"name\":\"mariana\"}]}<\/script>\n<!-- \/ Yoast SEO plugin. -->","yoast_head_json":{"title":"Banda jovem do bem - O Arcanjo no ar","robots":{"index":"index","follow":"follow","max-snippet":"max-snippet:-1","max-image-preview":"max-image-preview:large","max-video-preview":"max-video-preview:-1"},"canonical":"https:\/\/www.oarcanjo.net\/site\/banda-jovem-do-bem\/","og_locale":"pt_BR","og_type":"article","og_title":"Banda jovem do bem - O Arcanjo no ar","og_description":"A banda Nx zero que est\u00e1 fazendo muito sucesso com os jovens tem letras que tem ensinamentos bons como falar entre o bem e o mal \u00e9 t\u00e3o bom eles passarem isso aos jovens. A banda \u00e9 composta por Diego Ferrero (vocal), Leandro Rocha (guitarra e segunda voz), Daniel Weksler (bateria), Conrado Grandino (baixo) e [&hellip;]","og_url":"https:\/\/www.oarcanjo.net\/site\/banda-jovem-do-bem\/","og_site_name":"O Arcanjo no ar","article_publisher":"https:\/\/www.facebook.com\/OArcanjoNoAr\/","article_published_time":"2009-07-21T21:00:08+00:00","article_modified_time":"2009-07-21T21:41:37+00:00","og_image":[{"url":"http:\/\/www.oarcanjo.net\/site\/wp-content\/uploads\/g2629-300x225.jpg"}],"author":"mariana","twitter_card":"summary_large_image","twitter_misc":{"Escrito por":"mariana","Est. tempo de leitura":"2 minutos"},"schema":{"@context":"https:\/\/schema.org","@graph":[{"@type":"Article","@id":"https:\/\/www.oarcanjo.net\/site\/banda-jovem-do-bem\/#article","isPartOf":{"@id":"https:\/\/www.oarcanjo.net\/site\/banda-jovem-do-bem\/"},"author":{"name":"mariana","@id":"https:\/\/www.oarcanjo.net\/site\/#\/schema\/person\/e54a5c62347067e278a5d0cf64f6a6e6"},"headline":"Banda jovem do bem","datePublished":"2009-07-21T21:00:08+00:00","dateModified":"2009-07-21T21:41:37+00:00","mainEntityOfPage":{"@id":"https:\/\/www.oarcanjo.net\/site\/banda-jovem-do-bem\/"},"wordCount":435,"commentCount":0,"publisher":{"@id":"https:\/\/www.oarcanjo.net\/site\/#organization"},"image":{"@id":"https:\/\/www.oarcanjo.net\/site\/banda-jovem-do-bem\/#primaryimage"},"thumbnailUrl":"http:\/\/www.oarcanjo.net\/site\/wp-content\/uploads\/g2629-300x225.jpg","keywords":["banda"],"articleSection":["Jovens"],"inLanguage":"pt-BR","potentialAction":[{"@type":"CommentAction","name":"Comment","target":["https:\/\/www.oarcanjo.net\/site\/banda-jovem-do-bem\/#respond"]}]},{"@type":"WebPage","@id":"https:\/\/www.oarcanjo.net\/site\/banda-jovem-do-bem\/","url":"https:\/\/www.oarcanjo.net\/site\/banda-jovem-do-bem\/","name":"Banda jovem do bem - O Arcanjo no ar","isPartOf":{"@id":"https:\/\/www.oarcanjo.net\/site\/#website"},"primaryImageOfPage":{"@id":"https:\/\/www.oarcanjo.net\/site\/banda-jovem-do-bem\/#primaryimage"},"image":{"@id":"https:\/\/www.oarcanjo.net\/site\/banda-jovem-do-bem\/#primaryimage"},"thumbnailUrl":"http:\/\/www.oarcanjo.net\/site\/wp-content\/uploads\/g2629-300x225.jpg","datePublished":"2009-07-21T21:00:08+00:00","dateModified":"2009-07-21T21:41:37+00:00","breadcrumb":{"@id":"https:\/\/www.oarcanjo.net\/site\/banda-jovem-do-bem\/#breadcrumb"},"inLanguage":"pt-BR","potentialAction":[{"@type":"ReadAction","target":["https:\/\/www.oarcanjo.net\/site\/banda-jovem-do-bem\/"]}]},{"@type":"ImageObject","inLanguage":"pt-BR","@id":"https:\/\/www.oarcanjo.net\/site\/banda-jovem-do-bem\/#primaryimage","url":"https:\/\/www.oarcanjo.net\/site\/wp-content\/uploads\/g2629.jpg","contentUrl":"https:\/\/www.oarcanjo.net\/site\/wp-content\/uploads\/g2629.jpg","width":400,"height":300,"caption":"Banda Nx Zero"},{"@type":"BreadcrumbList","@id":"https:\/\/www.oarcanjo.net\/site\/banda-jovem-do-bem\/#breadcrumb","itemListElement":[{"@type":"ListItem","position":1,"name":"In\u00edcio","item":"https:\/\/www.oarcanjo.net\/site\/"},{"@type":"ListItem","position":2,"name":"Banda jovem do bem"}]},{"@type":"WebSite","@id":"https:\/\/www.oarcanjo.net\/site\/#website","url":"https:\/\/www.oarcanjo.net\/site\/","name":"O Arcanjo no ar","description":"Site da Par\u00f3quia S\u00e3o Miguel Arcanjo (Arquidiocese de SP)","publisher":{"@id":"https:\/\/www.oarcanjo.net\/site\/#organization"},"potentialAction":[{"@type":"SearchAction","target":{"@type":"EntryPoint","urlTemplate":"https:\/\/www.oarcanjo.net\/site\/?s={search_term_string}"},"query-input":{"@type":"PropertyValueSpecification","valueRequired":true,"valueName":"search_term_string"}}],"inLanguage":"pt-BR"},{"@type":"Organization","@id":"https:\/\/www.oarcanjo.net\/site\/#organization","name":"Par\u00f3quia S\u00e3o Miguel Arcanjo","url":"https:\/\/www.oarcanjo.net\/site\/","logo":{"@type":"ImageObject","inLanguage":"pt-BR","@id":"https:\/\/www.oarcanjo.net\/site\/#\/schema\/logo\/image\/","url":"https:\/\/www.oarcanjo.net\/site\/wp-content\/uploads\/LogoOArcanjo.png","contentUrl":"https:\/\/www.oarcanjo.net\/site\/wp-content\/uploads\/LogoOArcanjo.png","width":319,"height":99,"caption":"Par\u00f3quia S\u00e3o Miguel Arcanjo"},"image":{"@id":"https:\/\/www.oarcanjo.net\/site\/#\/schema\/logo\/image\/"},"sameAs":["https:\/\/www.facebook.com\/OArcanjoNoAr\/"]},{"@type":"Person","@id":"https:\/\/www.oarcanjo.net\/site\/#\/schema\/person\/e54a5c62347067e278a5d0cf64f6a6e6","name":"mariana"}]}},"publishpress_future_action":{"enabled":false,"date":"2026-05-07 07:54:33","action":"category","newStatus":"draft","terms":[],"taxonomy":"category"},"publishpress_future_workflow_manual_trigger":{"enabledWorkflows":[]},"_links":{"self":[{"href":"https:\/\/www.oarcanjo.net\/site\/wp-json\/wp\/v2\/posts\/4290"}],"collection":[{"href":"https:\/\/www.oarcanjo.net\/site\/wp-json\/wp\/v2\/posts"}],"about":[{"href":"https:\/\/www.oarcanjo.net\/site\/wp-json\/wp\/v2\/types\/post"}],"author":[{"embeddable":true,"href":"https:\/\/www.oarcanjo.net\/site\/wp-json\/wp\/v2\/users\/12"}],"replies":[{"embeddable":true,"href":"https:\/\/www.oarcanjo.net\/site\/wp-json\/wp\/v2\/comments?post=4290"}],"version-history":[{"count":0,"href":"https:\/\/www.oarcanjo.net\/site\/wp-json\/wp\/v2\/posts\/4290\/revisions"}],"wp:attachment":[{"href":"https:\/\/www.oarcanjo.net\/site\/wp-json\/wp\/v2\/media?parent=4290"}],"wp:term":[{"taxonomy":"category","embeddable":true,"href":"https:\/\/www.oarcanjo.net\/site\/wp-json\/wp\/v2\/categories?post=4290"},{"taxonomy":"post_tag","embeddable":true,"href":"https:\/\/www.oarcanjo.net\/site\/wp-json\/wp\/v2\/tags?post=4290"}],"curies":[{"name":"wp","href":"https:\/\/api.w.org\/{rel}","templated":true}]}}