
{"id":4319,"date":"2009-07-22T23:56:20","date_gmt":"2009-07-23T02:56:20","guid":{"rendered":"http:\/\/www.oarcanjo.net\/site\/?p=4319"},"modified":"2009-07-22T23:56:20","modified_gmt":"2009-07-23T02:56:20","slug":"entrevista-teologo-benedito-ferraro-fala-sobre-a-forca-e-importancia-das-cebs","status":"publish","type":"post","link":"https:\/\/www.oarcanjo.net\/site\/entrevista-teologo-benedito-ferraro-fala-sobre-a-forca-e-importancia-das-cebs\/","title":{"rendered":"Entrevista: te\u00f3logo Benedito Ferraro fala sobre a for\u00e7a e import\u00e2ncia das CEBs"},"content":{"rendered":"<p><a title=\"Ag\u00eancia Adital\" href=\"http:\/\/www.adital.com.br\" target=\"_blank\">Ag\u00eancia Adital<\/a><\/p>\n<p><span> <\/span><em>O 12\u00ba Intereclesial come\u00e7ou  ontem (21), em Porto Velho (RO), colocando em evid\u00eancia a atua\u00e7\u00e3o das  Comunidades Eclesiais de Bases, as CEBs. Estima-se que em todo o Brasil existam  entre 80.000 e 100.000 Comunidades atuantes, n\u00famero bastante expressivo que  reflete a for\u00e7a que Igreja tem no incans\u00e1vel trabalho de trabalhar a f\u00e9 crist\u00e3,  seguindo o preceito da &#8220;boa not\u00edcia aos povos&#8221; em realidades sociais bem  distintas.Em entrevista a <\/em><strong><em>ADITAL<\/em><\/strong><em>, o te\u00f3logo e assessor da Ampliada  Nacional das CEBs, <\/em><strong><em>Benedito Ferraro<\/em><\/strong><em>, fala sobre a caminhada  feita pelas Comunidades, os desafios e as expectativas para o 12\u00ba encontro que  re\u00fane cebianos e cebianas de todo o pa\u00eds.<\/em><\/p>\n<p><em>Fala ainda sobre a necessidade de se criar um novo Estatuto Eclesial. Nele,  se reverteria a d\u00edvida pendente que a Igreja tem com as mulheres (que s\u00e3o 70%  das pessoas que formam as CEBs). Confira.<\/em><\/p>\n<p><strong>Adital &#8211; Como podemos definir as Comunidades Eclesiais de Base  hoje?<\/strong><\/p>\n<p><strong>Benedito Ferraro<\/strong> &#8211; As CEBs t\u00eam uma hist\u00f3ria e a grande  preocupa\u00e7\u00e3o das Comunidades \u00e9 responder aos problemas do contexto em que vivem.  Nesse sentido elas s\u00e3o origin\u00e1rias do pensamento e da m\u00edstica do Vaticano II que  mostra que as alegrias, as esperan\u00e7as, tristezas e ang\u00fastias das pessoas de hoje  s\u00e3o tamb\u00e9m as alegrias, as esperan\u00e7as, tristezas e ang\u00fastias dos disc\u00edpulos e  disc\u00edpulas de Jesus Cristo. Ent\u00e3o eu defino as CEBs hoje como a forma em que o  Cristianismo quer atuar no mundo anunciando o Evangelho, naquela compreens\u00e3o bem  clara do Evangelho que \u00e9 a boa not\u00edcia anunciada aos povos.<\/p>\n<p>Ent\u00e3o elas arrancam a partir do ch\u00e3o da vida dos pobres e tentam fazer a  liga\u00e7\u00e3o da f\u00e9 com a vida, no sentido de que a espiritualidade e a m\u00edstica devem  desembocar numa perspectiva de liberta\u00e7\u00e3o. Liberta\u00e7\u00e3o em todas as dimens\u00f5es da  vida. Liberta\u00e7\u00e3o econ\u00f4mica, pol\u00edtica, cultural, er\u00f3tico-sexual, pedag\u00f3gica,  lit\u00fargica. Hoje, como diz o Leonardo Boff, na medida do poss\u00edvel, elas devem se  tornar tamb\u00e9m Comunidades Eclesiais Ecol\u00f3gicas de Base, j\u00e1 que se abrem para a  grande quest\u00e3o da ecologia.<\/p>\n<p><strong>Adital &#8211; Dos anos 60 para os atuais, as lutas e os desafios mudaram?  Como avalia a caminhada das CEBs? H\u00e1 altos e baixos?<\/strong><\/p>\n<p><strong>Benedito Ferraro<\/strong> &#8211; Acho que cada momento tem os seus  desafios. Na \u00e9poca dos 60, 70 e mesmo 80, n\u00f3s t\u00ednhamos uma grande ascens\u00e3o do  movimento popular. E como as CEBs est\u00e3o enraizadas profundamente no movimento  popular elas tinham uma for\u00e7a muito significativa, tanto no interior da  sociedade como no interior da Igreja. A d\u00e9cada dos 90, com a entrada, sobretudo  no Brasil, do neoliberalismo, foi muito dura exatamente pelo descenso da luta  dos trabalhadores.<\/p>\n<p><strong>Adital &#8211; E a que se deveu esse descenso? <\/strong><\/p>\n<p><strong>Benedito Ferraro<\/strong> &#8211; \u00c0 desestrutura\u00e7\u00e3o dos sindicatos, dos  movimentos populares, do desemprego em massa. Toda a \u00e9poca Collor e praticamente  os dois mandatos do Fernando Henrique Cardoso foram momentos muito duros para a  classe trabalhadora. E as CEBs ressentiram esse problema. As lideran\u00e7as perderam  seus empregos, as pessoas tinham que lutar pela sobreviv\u00eancia, de forma tal que  n\u00e3o conseguiam efetivar todas as expectativas que t\u00ednhamos na d\u00e9cada de 80.  Agora, sabemos que, como as ondas do mar, o movimento popular tem altos e  baixos, e as Comunidades tamb\u00e9m tiveram momentos de muitas dificuldades. N\u00f3s  vemos tamb\u00e9m que o pontificado de Jo\u00e3o Paulo II foi dif\u00edcil para Teologia da  Liberta\u00e7\u00e3o, para as Comunidades Eclesiais de Base&#8230; houve muita press\u00e3o.<\/p>\n<p><strong>Adital &#8211; Atualmente muitos indicam o Documento de Aparecida como  incentivo para a retomada das CEBs, retomada de uma outra Igreja poss\u00edvel. Pode  falar um pouco sobre isso?<\/strong><\/p>\n<p><strong>Benedito Ferraro<\/strong> &#8211; A Confer\u00eancia de Aparecida retomou,  agora, aquilo que era o fil\u00e3o fundamental, que estava presente em Medell\u00edn e  Puebla, de modo especial, e eu penso que hoje a gente est\u00e1 tendo de novo um  respiro, inclusive do ponto de vista eclesial, embora ainda n\u00e3o totalmente  aberto, mas pelo menos reconhecido. Eu, pessoalmente, penso nisso porque mesmo  com as modifica\u00e7\u00f5es alteradas que demonstram uma n\u00e3o transpar\u00eancia no interior  da Igreja, vendo ainda as Igrejas do mundo pobre como necessitadas de tutela, a  gente percebe que mesmo assim os textos mant\u00eam a perspectiva de Medell\u00edn,  retomando aquela express\u00e3o que \u00e9 fundamental: as CEBs s\u00e3o a c\u00e9lula inicial de  estrutura\u00e7\u00e3o eclesial. Como diz o padre Jos\u00e9 Marins, s\u00e3o Igreja no pequeno, mas  s\u00e3o Igrejas em toda sua integralidade.<\/p>\n<p><strong>Adital &#8211; O 12\u00ba Intereclesial traz a discuss\u00e3o ambiental. Como as  Comunidades est\u00e3o lidando com o tema?<\/strong><\/p>\n<p><strong>Benedito Ferraro<\/strong> &#8211; Penso que s\u00e3o dois os grandes desafios  que temos nesse encontro. Essa tomada de conhecimento, da necessidade de uma  consci\u00eancia planet\u00e1ria, percebendo que as op\u00e7\u00f5es no micro t\u00eam repercuss\u00e3o no  macro e vice-versa. Come\u00e7ar a perceber a import\u00e2ncia de trabalharmos na linha da  descoberta do valor da relacionalidade entre tudo, da interdepend\u00eancia entre  tudo e entre todos. Usando a express\u00e3o do Boff, buscar a comunidade de vida, que  respeita a pessoa e que respeita a natureza.<\/p>\n<p>Como n\u00f3s sabemos, a regi\u00e3o Amaz\u00f4nica \u00e9 de import\u00e2ncia fundamental para o  mundo. Mas n\u00e3o podemos simplesmente ficar numa vis\u00e3o de Amaz\u00f4nia. A partir da  Amaz\u00f4nia essa tomada de consci\u00eancia dever\u00e1 nos ajudar nos diferentes pa\u00edses da  Am\u00e9rica Latina, pois teremos tamb\u00e9m representantes de outros pa\u00edses, e nas  diferentes regi\u00f5es do Brasil. Precisamos ter essa perspectiva da defesa e do  cuidado da natureza, na linha de &#8220;amazonizar o Brasil&#8221;.<\/p>\n<p>No Sul, tem apenas 7% de extens\u00e3o de Mata Atl\u00e2ntica. Ent\u00e3o ter\u00edamos que  repensar a perspectiva da mata, dos valores, da natureza, a partir do lugar onde  n\u00f3s vivemos. Acho que essa \u00e9 uma repercuss\u00e3o fundamental do 12\u00ba Intereclesial.<\/p>\n<p>E na din\u00e2mica da miss\u00e3o, eu acredito que n\u00f3s temos que superar e, portanto,  criar a perspectiva de um outro modelo eclesial que n\u00e3o seja simplesmente  pautado naquela vis\u00e3o &#8211; eu diria &#8211; imperialista. Os povos da Amaz\u00f4nia n\u00e3o t\u00eam  possibilidade ent\u00e3o a gente importa mission\u00e1rios. Ao passo de que eu penso de  que a miss\u00e3o hoje \u00e9 valorizar as comunidades, valorizar a din\u00e2mica ministerial  de toda a Igreja.<\/p>\n<p>Consequentemente ser\u00e1 preciso mudar a forma de organiza\u00e7\u00e3o eclesial. Por  isso, estamos pensando, e n\u00e3o \u00e9 de hoje, num novo Estatuto Eclesial.<\/p>\n<p><strong>Adital &#8211; Como seria esse Novo Estatuto Eclesial?<\/strong><\/p>\n<p><strong>Benedito Ferraro<\/strong> &#8211; A\u00ed entram muitas quest\u00f5es. Uma delas \u00e9 a  quest\u00e3o da participa\u00e7\u00e3o da mulher. Em Aparecida houve avan\u00e7os. Do ponto de vista  da s\u00edntese, por exemplo, dos bispos da Igreja do Brasil, l\u00e1 est\u00e1 dizendo que n\u00f3s  temos uma d\u00edvida hist\u00f3rica, pendente, em rela\u00e7\u00e3o \u00e0 ordena\u00e7\u00e3o das mulheres. Ent\u00e3o  temos refletido sobre isso. No Brasil, 70% dos que participam das Comunidades  s\u00e3o mulheres. Das celebra\u00e7\u00f5es, que s\u00e3o efetivadas por leigos e leigas, 70% s\u00e3o  feitas por mulheres. Ent\u00e3o as mulheres s\u00e3o protagonistas. Consequentemente, acho  que devemos buscar uma outra forma de conviv\u00eancia eclesial. E, portanto, superar  determinadas barreiras que a nossa Igreja ainda n\u00e3o conseguiu ultrapassar.<\/p>\n<p><strong>Nota:<\/strong> A V Confer\u00eancia Geral do Conselho do Episcopado  Latino-americano e Caribenho aconteceu em 2007, na cidade de Aparecida, em S\u00e3o  Paulo. A Confer\u00eancia de Medell\u00edn aconteceu em 1968 e a de Puebla, em 1979.<\/p>\n<div id=\"themify_builder_content-4319\" data-postid=\"4319\" class=\"themify_builder_content themify_builder_content-4319 themify_builder themify_builder_front\">\n\t<\/div>\n<!-- \/themify_builder_content -->","protected":false},"excerpt":{"rendered":"<p>Ag\u00eancia Adital O 12\u00ba Intereclesial come\u00e7ou ontem (21), em Porto Velho (RO), colocando em evid\u00eancia a atua\u00e7\u00e3o das Comunidades Eclesiais de Bases, as CEBs. Estima-se que em todo o Brasil existam entre 80.000 e 100.000 Comunidades atuantes, n\u00famero bastante expressivo que reflete a for\u00e7a que Igreja tem no incans\u00e1vel trabalho de trabalhar a f\u00e9 crist\u00e3, [&hellip;]<\/p>\n","protected":false},"author":5,"featured_media":0,"comment_status":"open","ping_status":"open","sticky":false,"template":"","format":"standard","meta":{"ngg_post_thumbnail":0,"footnotes":""},"categories":[8],"tags":[314,894,77],"yoast_head":"<!-- This site is optimized with the Yoast SEO plugin v23.5 - https:\/\/yoast.com\/wordpress\/plugins\/seo\/ -->\n<title>Entrevista: te\u00f3logo Benedito Ferraro fala sobre a for\u00e7a e import\u00e2ncia das CEBs - O Arcanjo no ar<\/title>\n<meta name=\"robots\" content=\"index, follow, max-snippet:-1, max-image-preview:large, max-video-preview:-1\" \/>\n<link rel=\"canonical\" href=\"https:\/\/www.oarcanjo.net\/site\/entrevista-teologo-benedito-ferraro-fala-sobre-a-forca-e-importancia-das-cebs\/\" \/>\n<meta property=\"og:locale\" content=\"pt_BR\" \/>\n<meta property=\"og:type\" content=\"article\" \/>\n<meta property=\"og:title\" content=\"Entrevista: te\u00f3logo Benedito Ferraro fala sobre a for\u00e7a e import\u00e2ncia das CEBs - O Arcanjo no ar\" \/>\n<meta property=\"og:description\" content=\"Ag\u00eancia Adital O 12\u00ba Intereclesial come\u00e7ou ontem (21), em Porto Velho (RO), colocando em evid\u00eancia a atua\u00e7\u00e3o das Comunidades Eclesiais de Bases, as CEBs. Estima-se que em todo o Brasil existam entre 80.000 e 100.000 Comunidades atuantes, n\u00famero bastante expressivo que reflete a for\u00e7a que Igreja tem no incans\u00e1vel trabalho de trabalhar a f\u00e9 crist\u00e3, [&hellip;]\" \/>\n<meta property=\"og:url\" content=\"https:\/\/www.oarcanjo.net\/site\/entrevista-teologo-benedito-ferraro-fala-sobre-a-forca-e-importancia-das-cebs\/\" \/>\n<meta property=\"og:site_name\" content=\"O Arcanjo no ar\" \/>\n<meta property=\"article:publisher\" content=\"https:\/\/www.facebook.com\/OArcanjoNoAr\/\" \/>\n<meta property=\"article:published_time\" content=\"2009-07-23T02:56:20+00:00\" \/>\n<meta property=\"og:image\" content=\"https:\/\/www.oarcanjo.net\/site\/wp-content\/uploads\/logo-o-arcanjo-no-ar-facebook.png\" \/>\n\t<meta property=\"og:image:width\" content=\"300\" \/>\n\t<meta property=\"og:image:height\" content=\"300\" \/>\n\t<meta property=\"og:image:type\" content=\"image\/png\" \/>\n<meta name=\"author\" content=\"editor\" \/>\n<meta name=\"twitter:card\" content=\"summary_large_image\" \/>\n<meta name=\"twitter:label1\" content=\"Escrito por\" \/>\n\t<meta name=\"twitter:data1\" content=\"editor\" \/>\n\t<meta name=\"twitter:label2\" content=\"Est. tempo de leitura\" \/>\n\t<meta name=\"twitter:data2\" content=\"6 minutos\" \/>\n<script type=\"application\/ld+json\" class=\"yoast-schema-graph\">{\"@context\":\"https:\/\/schema.org\",\"@graph\":[{\"@type\":\"Article\",\"@id\":\"https:\/\/www.oarcanjo.net\/site\/entrevista-teologo-benedito-ferraro-fala-sobre-a-forca-e-importancia-das-cebs\/#article\",\"isPartOf\":{\"@id\":\"https:\/\/www.oarcanjo.net\/site\/entrevista-teologo-benedito-ferraro-fala-sobre-a-forca-e-importancia-das-cebs\/\"},\"author\":{\"name\":\"editor\",\"@id\":\"https:\/\/www.oarcanjo.net\/site\/#\/schema\/person\/f7024d007863202483a31326673a0838\"},\"headline\":\"Entrevista: te\u00f3logo Benedito Ferraro fala sobre a for\u00e7a e import\u00e2ncia das CEBs\",\"datePublished\":\"2009-07-23T02:56:20+00:00\",\"dateModified\":\"2009-07-23T02:56:20+00:00\",\"mainEntityOfPage\":{\"@id\":\"https:\/\/www.oarcanjo.net\/site\/entrevista-teologo-benedito-ferraro-fala-sobre-a-forca-e-importancia-das-cebs\/\"},\"wordCount\":1298,\"commentCount\":1,\"publisher\":{\"@id\":\"https:\/\/www.oarcanjo.net\/site\/#organization\"},\"keywords\":[\"CEBs\",\"Intereclesial de CEBs\",\"teologia\"],\"articleSection\":[\"Not\u00edcias\"],\"inLanguage\":\"pt-BR\",\"potentialAction\":[{\"@type\":\"CommentAction\",\"name\":\"Comment\",\"target\":[\"https:\/\/www.oarcanjo.net\/site\/entrevista-teologo-benedito-ferraro-fala-sobre-a-forca-e-importancia-das-cebs\/#respond\"]}]},{\"@type\":\"WebPage\",\"@id\":\"https:\/\/www.oarcanjo.net\/site\/entrevista-teologo-benedito-ferraro-fala-sobre-a-forca-e-importancia-das-cebs\/\",\"url\":\"https:\/\/www.oarcanjo.net\/site\/entrevista-teologo-benedito-ferraro-fala-sobre-a-forca-e-importancia-das-cebs\/\",\"name\":\"Entrevista: te\u00f3logo Benedito Ferraro fala sobre a for\u00e7a e import\u00e2ncia das CEBs - O Arcanjo no ar\",\"isPartOf\":{\"@id\":\"https:\/\/www.oarcanjo.net\/site\/#website\"},\"datePublished\":\"2009-07-23T02:56:20+00:00\",\"dateModified\":\"2009-07-23T02:56:20+00:00\",\"breadcrumb\":{\"@id\":\"https:\/\/www.oarcanjo.net\/site\/entrevista-teologo-benedito-ferraro-fala-sobre-a-forca-e-importancia-das-cebs\/#breadcrumb\"},\"inLanguage\":\"pt-BR\",\"potentialAction\":[{\"@type\":\"ReadAction\",\"target\":[\"https:\/\/www.oarcanjo.net\/site\/entrevista-teologo-benedito-ferraro-fala-sobre-a-forca-e-importancia-das-cebs\/\"]}]},{\"@type\":\"BreadcrumbList\",\"@id\":\"https:\/\/www.oarcanjo.net\/site\/entrevista-teologo-benedito-ferraro-fala-sobre-a-forca-e-importancia-das-cebs\/#breadcrumb\",\"itemListElement\":[{\"@type\":\"ListItem\",\"position\":1,\"name\":\"In\u00edcio\",\"item\":\"https:\/\/www.oarcanjo.net\/site\/\"},{\"@type\":\"ListItem\",\"position\":2,\"name\":\"Entrevista: te\u00f3logo Benedito Ferraro fala sobre a for\u00e7a e import\u00e2ncia das CEBs\"}]},{\"@type\":\"WebSite\",\"@id\":\"https:\/\/www.oarcanjo.net\/site\/#website\",\"url\":\"https:\/\/www.oarcanjo.net\/site\/\",\"name\":\"O Arcanjo no ar\",\"description\":\"Site da Par\u00f3quia S\u00e3o Miguel Arcanjo (Arquidiocese de SP)\",\"publisher\":{\"@id\":\"https:\/\/www.oarcanjo.net\/site\/#organization\"},\"potentialAction\":[{\"@type\":\"SearchAction\",\"target\":{\"@type\":\"EntryPoint\",\"urlTemplate\":\"https:\/\/www.oarcanjo.net\/site\/?s={search_term_string}\"},\"query-input\":{\"@type\":\"PropertyValueSpecification\",\"valueRequired\":true,\"valueName\":\"search_term_string\"}}],\"inLanguage\":\"pt-BR\"},{\"@type\":\"Organization\",\"@id\":\"https:\/\/www.oarcanjo.net\/site\/#organization\",\"name\":\"Par\u00f3quia S\u00e3o Miguel Arcanjo\",\"url\":\"https:\/\/www.oarcanjo.net\/site\/\",\"logo\":{\"@type\":\"ImageObject\",\"inLanguage\":\"pt-BR\",\"@id\":\"https:\/\/www.oarcanjo.net\/site\/#\/schema\/logo\/image\/\",\"url\":\"https:\/\/www.oarcanjo.net\/site\/wp-content\/uploads\/LogoOArcanjo.png\",\"contentUrl\":\"https:\/\/www.oarcanjo.net\/site\/wp-content\/uploads\/LogoOArcanjo.png\",\"width\":319,\"height\":99,\"caption\":\"Par\u00f3quia S\u00e3o Miguel Arcanjo\"},\"image\":{\"@id\":\"https:\/\/www.oarcanjo.net\/site\/#\/schema\/logo\/image\/\"},\"sameAs\":[\"https:\/\/www.facebook.com\/OArcanjoNoAr\/\"]},{\"@type\":\"Person\",\"@id\":\"https:\/\/www.oarcanjo.net\/site\/#\/schema\/person\/f7024d007863202483a31326673a0838\",\"name\":\"editor\",\"sameAs\":[\"http:\/\/www.oarcanjo.net\"]}]}<\/script>\n<!-- \/ Yoast SEO plugin. -->","yoast_head_json":{"title":"Entrevista: te\u00f3logo Benedito Ferraro fala sobre a for\u00e7a e import\u00e2ncia das CEBs - O Arcanjo no ar","robots":{"index":"index","follow":"follow","max-snippet":"max-snippet:-1","max-image-preview":"max-image-preview:large","max-video-preview":"max-video-preview:-1"},"canonical":"https:\/\/www.oarcanjo.net\/site\/entrevista-teologo-benedito-ferraro-fala-sobre-a-forca-e-importancia-das-cebs\/","og_locale":"pt_BR","og_type":"article","og_title":"Entrevista: te\u00f3logo Benedito Ferraro fala sobre a for\u00e7a e import\u00e2ncia das CEBs - O Arcanjo no ar","og_description":"Ag\u00eancia Adital O 12\u00ba Intereclesial come\u00e7ou ontem (21), em Porto Velho (RO), colocando em evid\u00eancia a atua\u00e7\u00e3o das Comunidades Eclesiais de Bases, as CEBs. Estima-se que em todo o Brasil existam entre 80.000 e 100.000 Comunidades atuantes, n\u00famero bastante expressivo que reflete a for\u00e7a que Igreja tem no incans\u00e1vel trabalho de trabalhar a f\u00e9 crist\u00e3, [&hellip;]","og_url":"https:\/\/www.oarcanjo.net\/site\/entrevista-teologo-benedito-ferraro-fala-sobre-a-forca-e-importancia-das-cebs\/","og_site_name":"O Arcanjo no ar","article_publisher":"https:\/\/www.facebook.com\/OArcanjoNoAr\/","article_published_time":"2009-07-23T02:56:20+00:00","og_image":[{"width":300,"height":300,"url":"https:\/\/www.oarcanjo.net\/site\/wp-content\/uploads\/logo-o-arcanjo-no-ar-facebook.png","type":"image\/png"}],"author":"editor","twitter_card":"summary_large_image","twitter_misc":{"Escrito por":"editor","Est. tempo de leitura":"6 minutos"},"schema":{"@context":"https:\/\/schema.org","@graph":[{"@type":"Article","@id":"https:\/\/www.oarcanjo.net\/site\/entrevista-teologo-benedito-ferraro-fala-sobre-a-forca-e-importancia-das-cebs\/#article","isPartOf":{"@id":"https:\/\/www.oarcanjo.net\/site\/entrevista-teologo-benedito-ferraro-fala-sobre-a-forca-e-importancia-das-cebs\/"},"author":{"name":"editor","@id":"https:\/\/www.oarcanjo.net\/site\/#\/schema\/person\/f7024d007863202483a31326673a0838"},"headline":"Entrevista: te\u00f3logo Benedito Ferraro fala sobre a for\u00e7a e import\u00e2ncia das CEBs","datePublished":"2009-07-23T02:56:20+00:00","dateModified":"2009-07-23T02:56:20+00:00","mainEntityOfPage":{"@id":"https:\/\/www.oarcanjo.net\/site\/entrevista-teologo-benedito-ferraro-fala-sobre-a-forca-e-importancia-das-cebs\/"},"wordCount":1298,"commentCount":1,"publisher":{"@id":"https:\/\/www.oarcanjo.net\/site\/#organization"},"keywords":["CEBs","Intereclesial de CEBs","teologia"],"articleSection":["Not\u00edcias"],"inLanguage":"pt-BR","potentialAction":[{"@type":"CommentAction","name":"Comment","target":["https:\/\/www.oarcanjo.net\/site\/entrevista-teologo-benedito-ferraro-fala-sobre-a-forca-e-importancia-das-cebs\/#respond"]}]},{"@type":"WebPage","@id":"https:\/\/www.oarcanjo.net\/site\/entrevista-teologo-benedito-ferraro-fala-sobre-a-forca-e-importancia-das-cebs\/","url":"https:\/\/www.oarcanjo.net\/site\/entrevista-teologo-benedito-ferraro-fala-sobre-a-forca-e-importancia-das-cebs\/","name":"Entrevista: te\u00f3logo Benedito Ferraro fala sobre a for\u00e7a e import\u00e2ncia das CEBs - O Arcanjo no ar","isPartOf":{"@id":"https:\/\/www.oarcanjo.net\/site\/#website"},"datePublished":"2009-07-23T02:56:20+00:00","dateModified":"2009-07-23T02:56:20+00:00","breadcrumb":{"@id":"https:\/\/www.oarcanjo.net\/site\/entrevista-teologo-benedito-ferraro-fala-sobre-a-forca-e-importancia-das-cebs\/#breadcrumb"},"inLanguage":"pt-BR","potentialAction":[{"@type":"ReadAction","target":["https:\/\/www.oarcanjo.net\/site\/entrevista-teologo-benedito-ferraro-fala-sobre-a-forca-e-importancia-das-cebs\/"]}]},{"@type":"BreadcrumbList","@id":"https:\/\/www.oarcanjo.net\/site\/entrevista-teologo-benedito-ferraro-fala-sobre-a-forca-e-importancia-das-cebs\/#breadcrumb","itemListElement":[{"@type":"ListItem","position":1,"name":"In\u00edcio","item":"https:\/\/www.oarcanjo.net\/site\/"},{"@type":"ListItem","position":2,"name":"Entrevista: te\u00f3logo Benedito Ferraro fala sobre a for\u00e7a e import\u00e2ncia das CEBs"}]},{"@type":"WebSite","@id":"https:\/\/www.oarcanjo.net\/site\/#website","url":"https:\/\/www.oarcanjo.net\/site\/","name":"O Arcanjo no ar","description":"Site da Par\u00f3quia S\u00e3o Miguel Arcanjo (Arquidiocese de SP)","publisher":{"@id":"https:\/\/www.oarcanjo.net\/site\/#organization"},"potentialAction":[{"@type":"SearchAction","target":{"@type":"EntryPoint","urlTemplate":"https:\/\/www.oarcanjo.net\/site\/?s={search_term_string}"},"query-input":{"@type":"PropertyValueSpecification","valueRequired":true,"valueName":"search_term_string"}}],"inLanguage":"pt-BR"},{"@type":"Organization","@id":"https:\/\/www.oarcanjo.net\/site\/#organization","name":"Par\u00f3quia S\u00e3o Miguel Arcanjo","url":"https:\/\/www.oarcanjo.net\/site\/","logo":{"@type":"ImageObject","inLanguage":"pt-BR","@id":"https:\/\/www.oarcanjo.net\/site\/#\/schema\/logo\/image\/","url":"https:\/\/www.oarcanjo.net\/site\/wp-content\/uploads\/LogoOArcanjo.png","contentUrl":"https:\/\/www.oarcanjo.net\/site\/wp-content\/uploads\/LogoOArcanjo.png","width":319,"height":99,"caption":"Par\u00f3quia S\u00e3o Miguel Arcanjo"},"image":{"@id":"https:\/\/www.oarcanjo.net\/site\/#\/schema\/logo\/image\/"},"sameAs":["https:\/\/www.facebook.com\/OArcanjoNoAr\/"]},{"@type":"Person","@id":"https:\/\/www.oarcanjo.net\/site\/#\/schema\/person\/f7024d007863202483a31326673a0838","name":"editor","sameAs":["http:\/\/www.oarcanjo.net"]}]}},"publishpress_future_action":{"enabled":false,"date":"2026-05-09 03:58:13","action":"category","newStatus":"draft","terms":[],"taxonomy":"category"},"publishpress_future_workflow_manual_trigger":{"enabledWorkflows":[]},"_links":{"self":[{"href":"https:\/\/www.oarcanjo.net\/site\/wp-json\/wp\/v2\/posts\/4319"}],"collection":[{"href":"https:\/\/www.oarcanjo.net\/site\/wp-json\/wp\/v2\/posts"}],"about":[{"href":"https:\/\/www.oarcanjo.net\/site\/wp-json\/wp\/v2\/types\/post"}],"author":[{"embeddable":true,"href":"https:\/\/www.oarcanjo.net\/site\/wp-json\/wp\/v2\/users\/5"}],"replies":[{"embeddable":true,"href":"https:\/\/www.oarcanjo.net\/site\/wp-json\/wp\/v2\/comments?post=4319"}],"version-history":[{"count":0,"href":"https:\/\/www.oarcanjo.net\/site\/wp-json\/wp\/v2\/posts\/4319\/revisions"}],"wp:attachment":[{"href":"https:\/\/www.oarcanjo.net\/site\/wp-json\/wp\/v2\/media?parent=4319"}],"wp:term":[{"taxonomy":"category","embeddable":true,"href":"https:\/\/www.oarcanjo.net\/site\/wp-json\/wp\/v2\/categories?post=4319"},{"taxonomy":"post_tag","embeddable":true,"href":"https:\/\/www.oarcanjo.net\/site\/wp-json\/wp\/v2\/tags?post=4319"}],"curies":[{"name":"wp","href":"https:\/\/api.w.org\/{rel}","templated":true}]}}