
{"id":4322,"date":"2009-07-21T23:00:27","date_gmt":"2009-07-22T02:00:27","guid":{"rendered":"http:\/\/www.oarcanjo.net\/site\/?p=4322"},"modified":"2009-07-23T00:00:43","modified_gmt":"2009-07-23T03:00:43","slug":"estudo-avalia-risco-de-homicidio-de-adolescentes-em-267-cidades-brasileiras","status":"publish","type":"post","link":"https:\/\/www.oarcanjo.net\/site\/estudo-avalia-risco-de-homicidio-de-adolescentes-em-267-cidades-brasileiras\/","title":{"rendered":"Estudo avalia risco de homic\u00eddio de adolescentes em 267 cidades brasileiras"},"content":{"rendered":"<p><a title=\"Ag\u00eancia Adital\" href=\"http:\/\/www.adital.com.br\" target=\"_blank\">Ag\u00eancia Adital<\/a><\/p>\n<p><span>Foz do Igua\u00e7u, Governador Valadares, Cariacica,  Olinda e Linhares ocupam os cinco primeiros lugares entre os 20 munic\u00edpios  brasileiros com maior \u00edndice de assassinatos de adolescentes no Pa\u00eds. Essa \u00e9  apenas uma das constata\u00e7\u00f5es do \u00cdndice de Homic\u00eddios na Adolesc\u00eancia (IHA),  documento divulgado na manh\u00e3 de ontem (21\/7), em Bras\u00edlia. <\/span><\/p>\n<p><span>O \u00cdndice faz uma an\u00e1lise de 267 cidades brasileiras com mais de 100 mil  habitantes e apresenta o risco sofrido por adolescentes, entre 12 e 18 anos, de  serem v\u00edtimas de assassinato. A m\u00e9dia do IHA \u00e9 de 2,03 jovens v\u00edtimas de  assassinato antes de completarem 19 anos, para cada grupo de 1.000 adolescentes  de 12 anos.\u00a0 Em algumas localidades, o \u00edndice \u00e9 bem mais elevado se comparado  com essa m\u00e9dia. Hoje, os homic\u00eddios representam 46% das causas de morte dos  jovens brasileiros dessa faixa et\u00e1ria.<\/p>\n<p>&#8220;O IHA n\u00e3o explica o motivo dos homic\u00eddios, no entanto, v\u00e1rias pesquisas  mostram que a falta de inser\u00e7\u00e3o social, o uso indiscriminado de armas de fogo, a  impunidade e a falta de pol\u00edticas de seguran\u00e7a s\u00e3o fatores que propiciam os  assassinatos&#8221;, explica Ign\u00e1cio Cano, professor da Uerj e pesquisador do  Laborat\u00f3rio de An\u00e1lise da Viol\u00eancia da Universidade do Estado do Rio de Janeiro  (LAV-Uerj).<\/p>\n<p>O estudo traz ainda uma previs\u00e3o alarmante: caso n\u00e3o sejam promovidos e  garantidos os direitos mais essenciais estima-se que o n\u00famero de adolescentes  assassinados entre 2006 e 2012 ultrapasse os 33 mil, ou seja, 13 assassinatos  di\u00e1rios de jovens.<\/p>\n<p>O IHA foi desenvolvido por meio do Programa Redu\u00e7\u00e3o da Viol\u00eancia Letal contra  Adolescentes e Jovens, uma iniciativa coordenada pelo Observat\u00f3rio de Favelas e  realizada em conjunto com o Fundo das Na\u00e7\u00f5es Unidas para a Inf\u00e2ncia (UNICEF), a  Secretaria Especial dos Direitos Humanos da Presid\u00eancia da Rep\u00fablica (SEDH\/PR) e  o Laborat\u00f3rio de An\u00e1lise da Viol\u00eancia da Universidade do Estado do Rio de  Janeiro (LAV-Uerj).<\/p>\n<p><strong>Sexo e ra\u00e7a<\/strong><\/p>\n<p>O estuda tamb\u00e9m mostra a rela\u00e7\u00e3o entre homic\u00eddios e sexo: os garotos t\u00eam  quase 12 vezes mais chances de serem v\u00edtimas de homic\u00eddio, se comparados com  adolescentes do sexo feminino. Com rela\u00e7\u00e3o \u00e0 ra\u00e7a, ficou provado que  adolescentes negros correm 2,6 vezes mais risco de serem assassinados em  compara\u00e7\u00e3o com os brancos. A maior parte dos homic\u00eddios \u00e9 cometida por arma de  fogo.<\/p>\n<p>Os dados do \u00cdndice de Homic\u00eddios na Adolesc\u00eancia mostram que, enquanto o  Poder P\u00fablico n\u00e3o propiciar a aten\u00e7\u00e3o necess\u00e1ria e n\u00e3o garantir os direitos de  crian\u00e7as e adolescentes, os n\u00fameros de viol\u00eancia contra essa parcela da  popula\u00e7\u00e3o continuar\u00e3o a crescer.<\/p>\n<p>De acordo com Ign\u00e1cio Cano, o Programa Redu\u00e7\u00e3o da Viol\u00eancia Letal contra  Adolescentes e Jovens est\u00e1 em uma nova fase. &#8220;Nesse momento estamos fazendo uma  an\u00e1lise das experi\u00eancias de pol\u00edtica de redu\u00e7\u00e3o da viol\u00eancia em outros pa\u00edses  para estudarmos como deve ser aplicado no Brasil. Altera\u00e7\u00f5es na seguran\u00e7a  p\u00fablica, restri\u00e7\u00e3o ao uso de armas, melhorias na pol\u00edcia civil e quebra da  disputa territorial de fac\u00e7\u00f5es criminosas s\u00e3o algumas medidas que devem ser  tomadas. Al\u00e9m disso, devemos fazer um diagn\u00f3stico local dirigido ao contexto de  cada munic\u00edpio&#8221;.<\/p>\n<p><\/span><\/p>\n<div id=\"themify_builder_content-4322\" data-postid=\"4322\" class=\"themify_builder_content themify_builder_content-4322 themify_builder themify_builder_front\">\n\t<\/div>\n<!-- \/themify_builder_content -->","protected":false},"excerpt":{"rendered":"<p>Ag\u00eancia Adital Foz do Igua\u00e7u, Governador Valadares, Cariacica, Olinda e Linhares ocupam os cinco primeiros lugares entre os 20 munic\u00edpios brasileiros com maior \u00edndice de assassinatos de adolescentes no Pa\u00eds. Essa \u00e9 apenas uma das constata\u00e7\u00f5es do \u00cdndice de Homic\u00eddios na Adolesc\u00eancia (IHA), documento divulgado na manh\u00e3 de ontem (21\/7), em Bras\u00edlia. O \u00cdndice faz [&hellip;]<\/p>\n","protected":false},"author":5,"featured_media":0,"comment_status":"open","ping_status":"open","sticky":false,"template":"","format":"standard","meta":{"ngg_post_thumbnail":0,"footnotes":""},"categories":[8],"tags":[934,225,20],"yoast_head":"<!-- This site is optimized with the Yoast SEO plugin v23.5 - https:\/\/yoast.com\/wordpress\/plugins\/seo\/ -->\n<title>Estudo avalia risco de homic\u00eddio de adolescentes em 267 cidades brasileiras - O Arcanjo no ar<\/title>\n<meta name=\"robots\" content=\"index, follow, max-snippet:-1, max-image-preview:large, max-video-preview:-1\" \/>\n<link rel=\"canonical\" href=\"https:\/\/www.oarcanjo.net\/site\/estudo-avalia-risco-de-homicidio-de-adolescentes-em-267-cidades-brasileiras\/\" \/>\n<meta property=\"og:locale\" content=\"pt_BR\" \/>\n<meta property=\"og:type\" content=\"article\" \/>\n<meta property=\"og:title\" content=\"Estudo avalia risco de homic\u00eddio de adolescentes em 267 cidades brasileiras - O Arcanjo no ar\" \/>\n<meta property=\"og:description\" content=\"Ag\u00eancia Adital Foz do Igua\u00e7u, Governador Valadares, Cariacica, Olinda e Linhares ocupam os cinco primeiros lugares entre os 20 munic\u00edpios brasileiros com maior \u00edndice de assassinatos de adolescentes no Pa\u00eds. Essa \u00e9 apenas uma das constata\u00e7\u00f5es do \u00cdndice de Homic\u00eddios na Adolesc\u00eancia (IHA), documento divulgado na manh\u00e3 de ontem (21\/7), em Bras\u00edlia. O \u00cdndice faz [&hellip;]\" \/>\n<meta property=\"og:url\" content=\"https:\/\/www.oarcanjo.net\/site\/estudo-avalia-risco-de-homicidio-de-adolescentes-em-267-cidades-brasileiras\/\" \/>\n<meta property=\"og:site_name\" content=\"O Arcanjo no ar\" \/>\n<meta property=\"article:publisher\" content=\"https:\/\/www.facebook.com\/OArcanjoNoAr\/\" \/>\n<meta property=\"article:published_time\" content=\"2009-07-22T02:00:27+00:00\" \/>\n<meta property=\"article:modified_time\" content=\"2009-07-23T03:00:43+00:00\" \/>\n<meta property=\"og:image\" content=\"https:\/\/www.oarcanjo.net\/site\/wp-content\/uploads\/logo-o-arcanjo-no-ar-facebook.png\" \/>\n\t<meta property=\"og:image:width\" content=\"300\" \/>\n\t<meta property=\"og:image:height\" content=\"300\" \/>\n\t<meta property=\"og:image:type\" content=\"image\/png\" \/>\n<meta name=\"author\" content=\"editor\" \/>\n<meta name=\"twitter:card\" content=\"summary_large_image\" \/>\n<meta name=\"twitter:label1\" content=\"Escrito por\" \/>\n\t<meta name=\"twitter:data1\" content=\"editor\" \/>\n\t<meta name=\"twitter:label2\" content=\"Est. tempo de leitura\" \/>\n\t<meta name=\"twitter:data2\" content=\"3 minutos\" \/>\n<script type=\"application\/ld+json\" class=\"yoast-schema-graph\">{\"@context\":\"https:\/\/schema.org\",\"@graph\":[{\"@type\":\"Article\",\"@id\":\"https:\/\/www.oarcanjo.net\/site\/estudo-avalia-risco-de-homicidio-de-adolescentes-em-267-cidades-brasileiras\/#article\",\"isPartOf\":{\"@id\":\"https:\/\/www.oarcanjo.net\/site\/estudo-avalia-risco-de-homicidio-de-adolescentes-em-267-cidades-brasileiras\/\"},\"author\":{\"name\":\"editor\",\"@id\":\"https:\/\/www.oarcanjo.net\/site\/#\/schema\/person\/f7024d007863202483a31326673a0838\"},\"headline\":\"Estudo avalia risco de homic\u00eddio de adolescentes em 267 cidades brasileiras\",\"datePublished\":\"2009-07-22T02:00:27+00:00\",\"dateModified\":\"2009-07-23T03:00:43+00:00\",\"mainEntityOfPage\":{\"@id\":\"https:\/\/www.oarcanjo.net\/site\/estudo-avalia-risco-de-homicidio-de-adolescentes-em-267-cidades-brasileiras\/\"},\"wordCount\":569,\"commentCount\":2,\"publisher\":{\"@id\":\"https:\/\/www.oarcanjo.net\/site\/#organization\"},\"keywords\":[\"IHA\",\"juventude\",\"viol\u00eancia\"],\"articleSection\":[\"Not\u00edcias\"],\"inLanguage\":\"pt-BR\",\"potentialAction\":[{\"@type\":\"CommentAction\",\"name\":\"Comment\",\"target\":[\"https:\/\/www.oarcanjo.net\/site\/estudo-avalia-risco-de-homicidio-de-adolescentes-em-267-cidades-brasileiras\/#respond\"]}]},{\"@type\":\"WebPage\",\"@id\":\"https:\/\/www.oarcanjo.net\/site\/estudo-avalia-risco-de-homicidio-de-adolescentes-em-267-cidades-brasileiras\/\",\"url\":\"https:\/\/www.oarcanjo.net\/site\/estudo-avalia-risco-de-homicidio-de-adolescentes-em-267-cidades-brasileiras\/\",\"name\":\"Estudo avalia risco de homic\u00eddio de adolescentes em 267 cidades brasileiras - O Arcanjo no ar\",\"isPartOf\":{\"@id\":\"https:\/\/www.oarcanjo.net\/site\/#website\"},\"datePublished\":\"2009-07-22T02:00:27+00:00\",\"dateModified\":\"2009-07-23T03:00:43+00:00\",\"breadcrumb\":{\"@id\":\"https:\/\/www.oarcanjo.net\/site\/estudo-avalia-risco-de-homicidio-de-adolescentes-em-267-cidades-brasileiras\/#breadcrumb\"},\"inLanguage\":\"pt-BR\",\"potentialAction\":[{\"@type\":\"ReadAction\",\"target\":[\"https:\/\/www.oarcanjo.net\/site\/estudo-avalia-risco-de-homicidio-de-adolescentes-em-267-cidades-brasileiras\/\"]}]},{\"@type\":\"BreadcrumbList\",\"@id\":\"https:\/\/www.oarcanjo.net\/site\/estudo-avalia-risco-de-homicidio-de-adolescentes-em-267-cidades-brasileiras\/#breadcrumb\",\"itemListElement\":[{\"@type\":\"ListItem\",\"position\":1,\"name\":\"In\u00edcio\",\"item\":\"https:\/\/www.oarcanjo.net\/site\/\"},{\"@type\":\"ListItem\",\"position\":2,\"name\":\"Estudo avalia risco de homic\u00eddio de adolescentes em 267 cidades brasileiras\"}]},{\"@type\":\"WebSite\",\"@id\":\"https:\/\/www.oarcanjo.net\/site\/#website\",\"url\":\"https:\/\/www.oarcanjo.net\/site\/\",\"name\":\"O Arcanjo no ar\",\"description\":\"Site da Par\u00f3quia S\u00e3o Miguel Arcanjo (Arquidiocese de SP)\",\"publisher\":{\"@id\":\"https:\/\/www.oarcanjo.net\/site\/#organization\"},\"potentialAction\":[{\"@type\":\"SearchAction\",\"target\":{\"@type\":\"EntryPoint\",\"urlTemplate\":\"https:\/\/www.oarcanjo.net\/site\/?s={search_term_string}\"},\"query-input\":{\"@type\":\"PropertyValueSpecification\",\"valueRequired\":true,\"valueName\":\"search_term_string\"}}],\"inLanguage\":\"pt-BR\"},{\"@type\":\"Organization\",\"@id\":\"https:\/\/www.oarcanjo.net\/site\/#organization\",\"name\":\"Par\u00f3quia S\u00e3o Miguel Arcanjo\",\"url\":\"https:\/\/www.oarcanjo.net\/site\/\",\"logo\":{\"@type\":\"ImageObject\",\"inLanguage\":\"pt-BR\",\"@id\":\"https:\/\/www.oarcanjo.net\/site\/#\/schema\/logo\/image\/\",\"url\":\"https:\/\/www.oarcanjo.net\/site\/wp-content\/uploads\/LogoOArcanjo.png\",\"contentUrl\":\"https:\/\/www.oarcanjo.net\/site\/wp-content\/uploads\/LogoOArcanjo.png\",\"width\":319,\"height\":99,\"caption\":\"Par\u00f3quia S\u00e3o Miguel Arcanjo\"},\"image\":{\"@id\":\"https:\/\/www.oarcanjo.net\/site\/#\/schema\/logo\/image\/\"},\"sameAs\":[\"https:\/\/www.facebook.com\/OArcanjoNoAr\/\"]},{\"@type\":\"Person\",\"@id\":\"https:\/\/www.oarcanjo.net\/site\/#\/schema\/person\/f7024d007863202483a31326673a0838\",\"name\":\"editor\",\"sameAs\":[\"http:\/\/www.oarcanjo.net\"]}]}<\/script>\n<!-- \/ Yoast SEO plugin. -->","yoast_head_json":{"title":"Estudo avalia risco de homic\u00eddio de adolescentes em 267 cidades brasileiras - O Arcanjo no ar","robots":{"index":"index","follow":"follow","max-snippet":"max-snippet:-1","max-image-preview":"max-image-preview:large","max-video-preview":"max-video-preview:-1"},"canonical":"https:\/\/www.oarcanjo.net\/site\/estudo-avalia-risco-de-homicidio-de-adolescentes-em-267-cidades-brasileiras\/","og_locale":"pt_BR","og_type":"article","og_title":"Estudo avalia risco de homic\u00eddio de adolescentes em 267 cidades brasileiras - O Arcanjo no ar","og_description":"Ag\u00eancia Adital Foz do Igua\u00e7u, Governador Valadares, Cariacica, Olinda e Linhares ocupam os cinco primeiros lugares entre os 20 munic\u00edpios brasileiros com maior \u00edndice de assassinatos de adolescentes no Pa\u00eds. Essa \u00e9 apenas uma das constata\u00e7\u00f5es do \u00cdndice de Homic\u00eddios na Adolesc\u00eancia (IHA), documento divulgado na manh\u00e3 de ontem (21\/7), em Bras\u00edlia. O \u00cdndice faz [&hellip;]","og_url":"https:\/\/www.oarcanjo.net\/site\/estudo-avalia-risco-de-homicidio-de-adolescentes-em-267-cidades-brasileiras\/","og_site_name":"O Arcanjo no ar","article_publisher":"https:\/\/www.facebook.com\/OArcanjoNoAr\/","article_published_time":"2009-07-22T02:00:27+00:00","article_modified_time":"2009-07-23T03:00:43+00:00","og_image":[{"width":300,"height":300,"url":"https:\/\/www.oarcanjo.net\/site\/wp-content\/uploads\/logo-o-arcanjo-no-ar-facebook.png","type":"image\/png"}],"author":"editor","twitter_card":"summary_large_image","twitter_misc":{"Escrito por":"editor","Est. tempo de leitura":"3 minutos"},"schema":{"@context":"https:\/\/schema.org","@graph":[{"@type":"Article","@id":"https:\/\/www.oarcanjo.net\/site\/estudo-avalia-risco-de-homicidio-de-adolescentes-em-267-cidades-brasileiras\/#article","isPartOf":{"@id":"https:\/\/www.oarcanjo.net\/site\/estudo-avalia-risco-de-homicidio-de-adolescentes-em-267-cidades-brasileiras\/"},"author":{"name":"editor","@id":"https:\/\/www.oarcanjo.net\/site\/#\/schema\/person\/f7024d007863202483a31326673a0838"},"headline":"Estudo avalia risco de homic\u00eddio de adolescentes em 267 cidades brasileiras","datePublished":"2009-07-22T02:00:27+00:00","dateModified":"2009-07-23T03:00:43+00:00","mainEntityOfPage":{"@id":"https:\/\/www.oarcanjo.net\/site\/estudo-avalia-risco-de-homicidio-de-adolescentes-em-267-cidades-brasileiras\/"},"wordCount":569,"commentCount":2,"publisher":{"@id":"https:\/\/www.oarcanjo.net\/site\/#organization"},"keywords":["IHA","juventude","viol\u00eancia"],"articleSection":["Not\u00edcias"],"inLanguage":"pt-BR","potentialAction":[{"@type":"CommentAction","name":"Comment","target":["https:\/\/www.oarcanjo.net\/site\/estudo-avalia-risco-de-homicidio-de-adolescentes-em-267-cidades-brasileiras\/#respond"]}]},{"@type":"WebPage","@id":"https:\/\/www.oarcanjo.net\/site\/estudo-avalia-risco-de-homicidio-de-adolescentes-em-267-cidades-brasileiras\/","url":"https:\/\/www.oarcanjo.net\/site\/estudo-avalia-risco-de-homicidio-de-adolescentes-em-267-cidades-brasileiras\/","name":"Estudo avalia risco de homic\u00eddio de adolescentes em 267 cidades brasileiras - O Arcanjo no ar","isPartOf":{"@id":"https:\/\/www.oarcanjo.net\/site\/#website"},"datePublished":"2009-07-22T02:00:27+00:00","dateModified":"2009-07-23T03:00:43+00:00","breadcrumb":{"@id":"https:\/\/www.oarcanjo.net\/site\/estudo-avalia-risco-de-homicidio-de-adolescentes-em-267-cidades-brasileiras\/#breadcrumb"},"inLanguage":"pt-BR","potentialAction":[{"@type":"ReadAction","target":["https:\/\/www.oarcanjo.net\/site\/estudo-avalia-risco-de-homicidio-de-adolescentes-em-267-cidades-brasileiras\/"]}]},{"@type":"BreadcrumbList","@id":"https:\/\/www.oarcanjo.net\/site\/estudo-avalia-risco-de-homicidio-de-adolescentes-em-267-cidades-brasileiras\/#breadcrumb","itemListElement":[{"@type":"ListItem","position":1,"name":"In\u00edcio","item":"https:\/\/www.oarcanjo.net\/site\/"},{"@type":"ListItem","position":2,"name":"Estudo avalia risco de homic\u00eddio de adolescentes em 267 cidades brasileiras"}]},{"@type":"WebSite","@id":"https:\/\/www.oarcanjo.net\/site\/#website","url":"https:\/\/www.oarcanjo.net\/site\/","name":"O Arcanjo no ar","description":"Site da Par\u00f3quia S\u00e3o Miguel Arcanjo (Arquidiocese de SP)","publisher":{"@id":"https:\/\/www.oarcanjo.net\/site\/#organization"},"potentialAction":[{"@type":"SearchAction","target":{"@type":"EntryPoint","urlTemplate":"https:\/\/www.oarcanjo.net\/site\/?s={search_term_string}"},"query-input":{"@type":"PropertyValueSpecification","valueRequired":true,"valueName":"search_term_string"}}],"inLanguage":"pt-BR"},{"@type":"Organization","@id":"https:\/\/www.oarcanjo.net\/site\/#organization","name":"Par\u00f3quia S\u00e3o Miguel Arcanjo","url":"https:\/\/www.oarcanjo.net\/site\/","logo":{"@type":"ImageObject","inLanguage":"pt-BR","@id":"https:\/\/www.oarcanjo.net\/site\/#\/schema\/logo\/image\/","url":"https:\/\/www.oarcanjo.net\/site\/wp-content\/uploads\/LogoOArcanjo.png","contentUrl":"https:\/\/www.oarcanjo.net\/site\/wp-content\/uploads\/LogoOArcanjo.png","width":319,"height":99,"caption":"Par\u00f3quia S\u00e3o Miguel Arcanjo"},"image":{"@id":"https:\/\/www.oarcanjo.net\/site\/#\/schema\/logo\/image\/"},"sameAs":["https:\/\/www.facebook.com\/OArcanjoNoAr\/"]},{"@type":"Person","@id":"https:\/\/www.oarcanjo.net\/site\/#\/schema\/person\/f7024d007863202483a31326673a0838","name":"editor","sameAs":["http:\/\/www.oarcanjo.net"]}]}},"publishpress_future_action":{"enabled":false,"date":"2026-05-09 03:59:21","action":"category","newStatus":"draft","terms":[],"taxonomy":"category"},"publishpress_future_workflow_manual_trigger":{"enabledWorkflows":[]},"_links":{"self":[{"href":"https:\/\/www.oarcanjo.net\/site\/wp-json\/wp\/v2\/posts\/4322"}],"collection":[{"href":"https:\/\/www.oarcanjo.net\/site\/wp-json\/wp\/v2\/posts"}],"about":[{"href":"https:\/\/www.oarcanjo.net\/site\/wp-json\/wp\/v2\/types\/post"}],"author":[{"embeddable":true,"href":"https:\/\/www.oarcanjo.net\/site\/wp-json\/wp\/v2\/users\/5"}],"replies":[{"embeddable":true,"href":"https:\/\/www.oarcanjo.net\/site\/wp-json\/wp\/v2\/comments?post=4322"}],"version-history":[{"count":0,"href":"https:\/\/www.oarcanjo.net\/site\/wp-json\/wp\/v2\/posts\/4322\/revisions"}],"wp:attachment":[{"href":"https:\/\/www.oarcanjo.net\/site\/wp-json\/wp\/v2\/media?parent=4322"}],"wp:term":[{"taxonomy":"category","embeddable":true,"href":"https:\/\/www.oarcanjo.net\/site\/wp-json\/wp\/v2\/categories?post=4322"},{"taxonomy":"post_tag","embeddable":true,"href":"https:\/\/www.oarcanjo.net\/site\/wp-json\/wp\/v2\/tags?post=4322"}],"curies":[{"name":"wp","href":"https:\/\/api.w.org\/{rel}","templated":true}]}}