
{"id":4324,"date":"2009-07-22T22:05:07","date_gmt":"2009-07-23T01:05:07","guid":{"rendered":"http:\/\/www.oarcanjo.net\/site\/?p=4324"},"modified":"2009-07-23T00:07:14","modified_gmt":"2009-07-23T03:07:14","slug":"celebracao-indigena-marca-segundo-dia-do-12-intereclesial","status":"publish","type":"post","link":"https:\/\/www.oarcanjo.net\/site\/celebracao-indigena-marca-segundo-dia-do-12-intereclesial\/","title":{"rendered":"Celebra\u00e7\u00e3o ind\u00edgena marca segundo dia do 12\u00ba Intereclesial"},"content":{"rendered":"<p><a title=\"Ag\u00eancia Adital\" href=\"http:\/\/www.adital.com.br\" target=\"_blank\">Ag\u00eancia Adital<\/a><\/p>\n<p><span> <\/span><span>O Gin\u00e1sio M\u00e1rio Amato, do Servi\u00e7o Social da  Ind\u00fastria (Sesi), batizado neste 12\u00ba Intereclesial de &#8220;Porto&#8221;, parecia pequeno  para abrigar a todas as delega\u00e7\u00f5es que, animadas e acolhedoras, participaram da  celebra\u00e7\u00e3o ind\u00edgena que abriu hoje, 22, as atividades deste segundo dia de  encontro em Porto Velho (RO). <\/span><\/p>\n<p>Em meio a v\u00e1rias can\u00e7\u00f5es, as delega\u00e7\u00f5es iam respondendo \u00e0s chamadas da equipe  animadora. Foi num clima de muita aten\u00e7\u00e3o e respeito que os cerca de 3.000  participantes deram passagem para a entrada dos povos ind\u00edgenas, respons\u00e1veis  pela celebra\u00e7\u00e3o de hoje.<\/p>\n<p>O momento espiritual foi iniciado pelo povo Guarani. Vindos do Mato Grosso do  Sul, os ind\u00edgenas, com diversos instrumentos, evocaram a for\u00e7a comunit\u00e1ria, a  solidariedade e o respeito por todas as coisas vivas que habitam a terra.<\/p>\n<p>Em seguida, o cacique da aldeia Tupinamb\u00e1, do Par\u00e1, Fl\u00e1vio Silva Rodrigues,  subiu ao palco e reafirmou o valor m\u00edstico da celebra\u00e7\u00e3o. &#8220;N\u00e3o se trata de um  momento cultural, mas sim um de um momento de respeito, de espiritualidade com  Deus, com o Esp\u00edrito Santo&#8221;, disse.<\/p>\n<p>Flavio mencionou ainda as persegui\u00e7\u00f5es das quais s\u00e3o v\u00edtimas os povos  amaz\u00f4nicos. &#8220;Estamos aqui para dar nosso testemunho. Para mostrar para as  pessoas que tamb\u00e9m somo gente. Que os seringueiros, os quilombolas, os  ribeirinhos tamb\u00e9m merecem respeito. At\u00e9 agora sempre fomos perseguidos pelas  nossas terras&#8221;, denunciou o cacique.<\/p>\n<p><strong>Exposi\u00e7\u00e3o Dom Helder<\/strong><\/p>\n<p>Em homenagem ao centen\u00e1rio de Dom Helder Camara, a organiza\u00e7\u00e3o do 12\u00ba  Intereclesial preparou uma exposi\u00e7\u00e3o no Porto (gin\u00e1sio do Sesi). Por todo o  local, os participantes puderam conhecer e relembrar v\u00e1rios momentos da vida do  &#8220;profeta da paz&#8221;.<\/p>\n<p>O ano de 2009 \u00e9 marcado pelo centen\u00e1rio de nascimento de Dom Helder. Nascido  no dia 7 de fevereiro de 1909, em Fortaleza, capital do Cear\u00e1, Dom Helder foi  bispo do Rio de Janeiro e arcebispo de Olinda e Recife.<\/p>\n<p>Seu legado ultrapassou limites e \u00e9 refer\u00eancia essencial para todas as  iniciativas da Igreja voltadas para as quest\u00f5es sociais e para os direitos  humanos.<\/p>\n<div id=\"themify_builder_content-4324\" data-postid=\"4324\" class=\"themify_builder_content themify_builder_content-4324 themify_builder themify_builder_front\">\n\t<\/div>\n<!-- \/themify_builder_content -->","protected":false},"excerpt":{"rendered":"<p>Ag\u00eancia Adital O Gin\u00e1sio M\u00e1rio Amato, do Servi\u00e7o Social da Ind\u00fastria (Sesi), batizado neste 12\u00ba Intereclesial de &#8220;Porto&#8221;, parecia pequeno para abrigar a todas as delega\u00e7\u00f5es que, animadas e acolhedoras, participaram da celebra\u00e7\u00e3o ind\u00edgena que abriu hoje, 22, as atividades deste segundo dia de encontro em Porto Velho (RO). Em meio a v\u00e1rias can\u00e7\u00f5es, as [&hellip;]<\/p>\n","protected":false},"author":5,"featured_media":0,"comment_status":"open","ping_status":"open","sticky":false,"template":"","format":"standard","meta":{"ngg_post_thumbnail":0,"footnotes":""},"categories":[8],"tags":[210,894,935],"yoast_head":"<!-- This site is optimized with the Yoast SEO plugin v23.5 - https:\/\/yoast.com\/wordpress\/plugins\/seo\/ -->\n<title>Celebra\u00e7\u00e3o ind\u00edgena marca segundo dia do 12\u00ba Intereclesial - O Arcanjo no ar<\/title>\n<meta name=\"robots\" content=\"index, follow, max-snippet:-1, max-image-preview:large, max-video-preview:-1\" \/>\n<link rel=\"canonical\" href=\"https:\/\/www.oarcanjo.net\/site\/celebracao-indigena-marca-segundo-dia-do-12-intereclesial\/\" \/>\n<meta property=\"og:locale\" content=\"pt_BR\" \/>\n<meta property=\"og:type\" content=\"article\" \/>\n<meta property=\"og:title\" content=\"Celebra\u00e7\u00e3o ind\u00edgena marca segundo dia do 12\u00ba Intereclesial - O Arcanjo no ar\" \/>\n<meta property=\"og:description\" content=\"Ag\u00eancia Adital O Gin\u00e1sio M\u00e1rio Amato, do Servi\u00e7o Social da Ind\u00fastria (Sesi), batizado neste 12\u00ba Intereclesial de &#8220;Porto&#8221;, parecia pequeno para abrigar a todas as delega\u00e7\u00f5es que, animadas e acolhedoras, participaram da celebra\u00e7\u00e3o ind\u00edgena que abriu hoje, 22, as atividades deste segundo dia de encontro em Porto Velho (RO). Em meio a v\u00e1rias can\u00e7\u00f5es, as [&hellip;]\" \/>\n<meta property=\"og:url\" content=\"https:\/\/www.oarcanjo.net\/site\/celebracao-indigena-marca-segundo-dia-do-12-intereclesial\/\" \/>\n<meta property=\"og:site_name\" content=\"O Arcanjo no ar\" \/>\n<meta property=\"article:publisher\" content=\"https:\/\/www.facebook.com\/OArcanjoNoAr\/\" \/>\n<meta property=\"article:published_time\" content=\"2009-07-23T01:05:07+00:00\" \/>\n<meta property=\"article:modified_time\" content=\"2009-07-23T03:07:14+00:00\" \/>\n<meta property=\"og:image\" content=\"https:\/\/www.oarcanjo.net\/site\/wp-content\/uploads\/logo-o-arcanjo-no-ar-facebook.png\" \/>\n\t<meta property=\"og:image:width\" content=\"300\" \/>\n\t<meta property=\"og:image:height\" content=\"300\" \/>\n\t<meta property=\"og:image:type\" content=\"image\/png\" \/>\n<meta name=\"author\" content=\"editor\" \/>\n<meta name=\"twitter:card\" content=\"summary_large_image\" \/>\n<meta name=\"twitter:label1\" content=\"Escrito por\" \/>\n\t<meta name=\"twitter:data1\" content=\"editor\" \/>\n\t<meta name=\"twitter:label2\" content=\"Est. tempo de leitura\" \/>\n\t<meta name=\"twitter:data2\" content=\"2 minutos\" \/>\n<script type=\"application\/ld+json\" class=\"yoast-schema-graph\">{\"@context\":\"https:\/\/schema.org\",\"@graph\":[{\"@type\":\"Article\",\"@id\":\"https:\/\/www.oarcanjo.net\/site\/celebracao-indigena-marca-segundo-dia-do-12-intereclesial\/#article\",\"isPartOf\":{\"@id\":\"https:\/\/www.oarcanjo.net\/site\/celebracao-indigena-marca-segundo-dia-do-12-intereclesial\/\"},\"author\":{\"name\":\"editor\",\"@id\":\"https:\/\/www.oarcanjo.net\/site\/#\/schema\/person\/f7024d007863202483a31326673a0838\"},\"headline\":\"Celebra\u00e7\u00e3o ind\u00edgena marca segundo dia do 12\u00ba Intereclesial\",\"datePublished\":\"2009-07-23T01:05:07+00:00\",\"dateModified\":\"2009-07-23T03:07:14+00:00\",\"mainEntityOfPage\":{\"@id\":\"https:\/\/www.oarcanjo.net\/site\/celebracao-indigena-marca-segundo-dia-do-12-intereclesial\/\"},\"wordCount\":365,\"commentCount\":0,\"publisher\":{\"@id\":\"https:\/\/www.oarcanjo.net\/site\/#organization\"},\"keywords\":[\"Dom Helder Camara\",\"Intereclesial de CEBs\",\"povos ind\u00edgenas\"],\"articleSection\":[\"Not\u00edcias\"],\"inLanguage\":\"pt-BR\",\"potentialAction\":[{\"@type\":\"CommentAction\",\"name\":\"Comment\",\"target\":[\"https:\/\/www.oarcanjo.net\/site\/celebracao-indigena-marca-segundo-dia-do-12-intereclesial\/#respond\"]}]},{\"@type\":\"WebPage\",\"@id\":\"https:\/\/www.oarcanjo.net\/site\/celebracao-indigena-marca-segundo-dia-do-12-intereclesial\/\",\"url\":\"https:\/\/www.oarcanjo.net\/site\/celebracao-indigena-marca-segundo-dia-do-12-intereclesial\/\",\"name\":\"Celebra\u00e7\u00e3o ind\u00edgena marca segundo dia do 12\u00ba Intereclesial - O Arcanjo no ar\",\"isPartOf\":{\"@id\":\"https:\/\/www.oarcanjo.net\/site\/#website\"},\"datePublished\":\"2009-07-23T01:05:07+00:00\",\"dateModified\":\"2009-07-23T03:07:14+00:00\",\"breadcrumb\":{\"@id\":\"https:\/\/www.oarcanjo.net\/site\/celebracao-indigena-marca-segundo-dia-do-12-intereclesial\/#breadcrumb\"},\"inLanguage\":\"pt-BR\",\"potentialAction\":[{\"@type\":\"ReadAction\",\"target\":[\"https:\/\/www.oarcanjo.net\/site\/celebracao-indigena-marca-segundo-dia-do-12-intereclesial\/\"]}]},{\"@type\":\"BreadcrumbList\",\"@id\":\"https:\/\/www.oarcanjo.net\/site\/celebracao-indigena-marca-segundo-dia-do-12-intereclesial\/#breadcrumb\",\"itemListElement\":[{\"@type\":\"ListItem\",\"position\":1,\"name\":\"In\u00edcio\",\"item\":\"https:\/\/www.oarcanjo.net\/site\/\"},{\"@type\":\"ListItem\",\"position\":2,\"name\":\"Celebra\u00e7\u00e3o ind\u00edgena marca segundo dia do 12\u00ba Intereclesial\"}]},{\"@type\":\"WebSite\",\"@id\":\"https:\/\/www.oarcanjo.net\/site\/#website\",\"url\":\"https:\/\/www.oarcanjo.net\/site\/\",\"name\":\"O Arcanjo no ar\",\"description\":\"Site da Par\u00f3quia S\u00e3o Miguel Arcanjo (Arquidiocese de SP)\",\"publisher\":{\"@id\":\"https:\/\/www.oarcanjo.net\/site\/#organization\"},\"potentialAction\":[{\"@type\":\"SearchAction\",\"target\":{\"@type\":\"EntryPoint\",\"urlTemplate\":\"https:\/\/www.oarcanjo.net\/site\/?s={search_term_string}\"},\"query-input\":{\"@type\":\"PropertyValueSpecification\",\"valueRequired\":true,\"valueName\":\"search_term_string\"}}],\"inLanguage\":\"pt-BR\"},{\"@type\":\"Organization\",\"@id\":\"https:\/\/www.oarcanjo.net\/site\/#organization\",\"name\":\"Par\u00f3quia S\u00e3o Miguel Arcanjo\",\"url\":\"https:\/\/www.oarcanjo.net\/site\/\",\"logo\":{\"@type\":\"ImageObject\",\"inLanguage\":\"pt-BR\",\"@id\":\"https:\/\/www.oarcanjo.net\/site\/#\/schema\/logo\/image\/\",\"url\":\"https:\/\/www.oarcanjo.net\/site\/wp-content\/uploads\/LogoOArcanjo.png\",\"contentUrl\":\"https:\/\/www.oarcanjo.net\/site\/wp-content\/uploads\/LogoOArcanjo.png\",\"width\":319,\"height\":99,\"caption\":\"Par\u00f3quia S\u00e3o Miguel Arcanjo\"},\"image\":{\"@id\":\"https:\/\/www.oarcanjo.net\/site\/#\/schema\/logo\/image\/\"},\"sameAs\":[\"https:\/\/www.facebook.com\/OArcanjoNoAr\/\"]},{\"@type\":\"Person\",\"@id\":\"https:\/\/www.oarcanjo.net\/site\/#\/schema\/person\/f7024d007863202483a31326673a0838\",\"name\":\"editor\",\"sameAs\":[\"http:\/\/www.oarcanjo.net\"]}]}<\/script>\n<!-- \/ Yoast SEO plugin. -->","yoast_head_json":{"title":"Celebra\u00e7\u00e3o ind\u00edgena marca segundo dia do 12\u00ba Intereclesial - O Arcanjo no ar","robots":{"index":"index","follow":"follow","max-snippet":"max-snippet:-1","max-image-preview":"max-image-preview:large","max-video-preview":"max-video-preview:-1"},"canonical":"https:\/\/www.oarcanjo.net\/site\/celebracao-indigena-marca-segundo-dia-do-12-intereclesial\/","og_locale":"pt_BR","og_type":"article","og_title":"Celebra\u00e7\u00e3o ind\u00edgena marca segundo dia do 12\u00ba Intereclesial - O Arcanjo no ar","og_description":"Ag\u00eancia Adital O Gin\u00e1sio M\u00e1rio Amato, do Servi\u00e7o Social da Ind\u00fastria (Sesi), batizado neste 12\u00ba Intereclesial de &#8220;Porto&#8221;, parecia pequeno para abrigar a todas as delega\u00e7\u00f5es que, animadas e acolhedoras, participaram da celebra\u00e7\u00e3o ind\u00edgena que abriu hoje, 22, as atividades deste segundo dia de encontro em Porto Velho (RO). Em meio a v\u00e1rias can\u00e7\u00f5es, as [&hellip;]","og_url":"https:\/\/www.oarcanjo.net\/site\/celebracao-indigena-marca-segundo-dia-do-12-intereclesial\/","og_site_name":"O Arcanjo no ar","article_publisher":"https:\/\/www.facebook.com\/OArcanjoNoAr\/","article_published_time":"2009-07-23T01:05:07+00:00","article_modified_time":"2009-07-23T03:07:14+00:00","og_image":[{"width":300,"height":300,"url":"https:\/\/www.oarcanjo.net\/site\/wp-content\/uploads\/logo-o-arcanjo-no-ar-facebook.png","type":"image\/png"}],"author":"editor","twitter_card":"summary_large_image","twitter_misc":{"Escrito por":"editor","Est. tempo de leitura":"2 minutos"},"schema":{"@context":"https:\/\/schema.org","@graph":[{"@type":"Article","@id":"https:\/\/www.oarcanjo.net\/site\/celebracao-indigena-marca-segundo-dia-do-12-intereclesial\/#article","isPartOf":{"@id":"https:\/\/www.oarcanjo.net\/site\/celebracao-indigena-marca-segundo-dia-do-12-intereclesial\/"},"author":{"name":"editor","@id":"https:\/\/www.oarcanjo.net\/site\/#\/schema\/person\/f7024d007863202483a31326673a0838"},"headline":"Celebra\u00e7\u00e3o ind\u00edgena marca segundo dia do 12\u00ba Intereclesial","datePublished":"2009-07-23T01:05:07+00:00","dateModified":"2009-07-23T03:07:14+00:00","mainEntityOfPage":{"@id":"https:\/\/www.oarcanjo.net\/site\/celebracao-indigena-marca-segundo-dia-do-12-intereclesial\/"},"wordCount":365,"commentCount":0,"publisher":{"@id":"https:\/\/www.oarcanjo.net\/site\/#organization"},"keywords":["Dom Helder Camara","Intereclesial de CEBs","povos ind\u00edgenas"],"articleSection":["Not\u00edcias"],"inLanguage":"pt-BR","potentialAction":[{"@type":"CommentAction","name":"Comment","target":["https:\/\/www.oarcanjo.net\/site\/celebracao-indigena-marca-segundo-dia-do-12-intereclesial\/#respond"]}]},{"@type":"WebPage","@id":"https:\/\/www.oarcanjo.net\/site\/celebracao-indigena-marca-segundo-dia-do-12-intereclesial\/","url":"https:\/\/www.oarcanjo.net\/site\/celebracao-indigena-marca-segundo-dia-do-12-intereclesial\/","name":"Celebra\u00e7\u00e3o ind\u00edgena marca segundo dia do 12\u00ba Intereclesial - O Arcanjo no ar","isPartOf":{"@id":"https:\/\/www.oarcanjo.net\/site\/#website"},"datePublished":"2009-07-23T01:05:07+00:00","dateModified":"2009-07-23T03:07:14+00:00","breadcrumb":{"@id":"https:\/\/www.oarcanjo.net\/site\/celebracao-indigena-marca-segundo-dia-do-12-intereclesial\/#breadcrumb"},"inLanguage":"pt-BR","potentialAction":[{"@type":"ReadAction","target":["https:\/\/www.oarcanjo.net\/site\/celebracao-indigena-marca-segundo-dia-do-12-intereclesial\/"]}]},{"@type":"BreadcrumbList","@id":"https:\/\/www.oarcanjo.net\/site\/celebracao-indigena-marca-segundo-dia-do-12-intereclesial\/#breadcrumb","itemListElement":[{"@type":"ListItem","position":1,"name":"In\u00edcio","item":"https:\/\/www.oarcanjo.net\/site\/"},{"@type":"ListItem","position":2,"name":"Celebra\u00e7\u00e3o ind\u00edgena marca segundo dia do 12\u00ba Intereclesial"}]},{"@type":"WebSite","@id":"https:\/\/www.oarcanjo.net\/site\/#website","url":"https:\/\/www.oarcanjo.net\/site\/","name":"O Arcanjo no ar","description":"Site da Par\u00f3quia S\u00e3o Miguel Arcanjo (Arquidiocese de SP)","publisher":{"@id":"https:\/\/www.oarcanjo.net\/site\/#organization"},"potentialAction":[{"@type":"SearchAction","target":{"@type":"EntryPoint","urlTemplate":"https:\/\/www.oarcanjo.net\/site\/?s={search_term_string}"},"query-input":{"@type":"PropertyValueSpecification","valueRequired":true,"valueName":"search_term_string"}}],"inLanguage":"pt-BR"},{"@type":"Organization","@id":"https:\/\/www.oarcanjo.net\/site\/#organization","name":"Par\u00f3quia S\u00e3o Miguel Arcanjo","url":"https:\/\/www.oarcanjo.net\/site\/","logo":{"@type":"ImageObject","inLanguage":"pt-BR","@id":"https:\/\/www.oarcanjo.net\/site\/#\/schema\/logo\/image\/","url":"https:\/\/www.oarcanjo.net\/site\/wp-content\/uploads\/LogoOArcanjo.png","contentUrl":"https:\/\/www.oarcanjo.net\/site\/wp-content\/uploads\/LogoOArcanjo.png","width":319,"height":99,"caption":"Par\u00f3quia S\u00e3o Miguel Arcanjo"},"image":{"@id":"https:\/\/www.oarcanjo.net\/site\/#\/schema\/logo\/image\/"},"sameAs":["https:\/\/www.facebook.com\/OArcanjoNoAr\/"]},{"@type":"Person","@id":"https:\/\/www.oarcanjo.net\/site\/#\/schema\/person\/f7024d007863202483a31326673a0838","name":"editor","sameAs":["http:\/\/www.oarcanjo.net"]}]}},"publishpress_future_action":{"enabled":false,"date":"2026-05-09 03:59:16","action":"category","newStatus":"draft","terms":[],"taxonomy":"category"},"publishpress_future_workflow_manual_trigger":{"enabledWorkflows":[]},"_links":{"self":[{"href":"https:\/\/www.oarcanjo.net\/site\/wp-json\/wp\/v2\/posts\/4324"}],"collection":[{"href":"https:\/\/www.oarcanjo.net\/site\/wp-json\/wp\/v2\/posts"}],"about":[{"href":"https:\/\/www.oarcanjo.net\/site\/wp-json\/wp\/v2\/types\/post"}],"author":[{"embeddable":true,"href":"https:\/\/www.oarcanjo.net\/site\/wp-json\/wp\/v2\/users\/5"}],"replies":[{"embeddable":true,"href":"https:\/\/www.oarcanjo.net\/site\/wp-json\/wp\/v2\/comments?post=4324"}],"version-history":[{"count":0,"href":"https:\/\/www.oarcanjo.net\/site\/wp-json\/wp\/v2\/posts\/4324\/revisions"}],"wp:attachment":[{"href":"https:\/\/www.oarcanjo.net\/site\/wp-json\/wp\/v2\/media?parent=4324"}],"wp:term":[{"taxonomy":"category","embeddable":true,"href":"https:\/\/www.oarcanjo.net\/site\/wp-json\/wp\/v2\/categories?post=4324"},{"taxonomy":"post_tag","embeddable":true,"href":"https:\/\/www.oarcanjo.net\/site\/wp-json\/wp\/v2\/tags?post=4324"}],"curies":[{"name":"wp","href":"https:\/\/api.w.org\/{rel}","templated":true}]}}