
{"id":43242,"date":"2014-05-21T06:14:44","date_gmt":"2014-05-21T09:14:44","guid":{"rendered":"http:\/\/www.oarcanjo.net\/site\/?p=43242"},"modified":"2014-05-21T06:14:44","modified_gmt":"2014-05-21T09:14:44","slug":"sinodo-extraordinario-familia-e-evangelizacao","status":"publish","type":"post","link":"https:\/\/www.oarcanjo.net\/site\/sinodo-extraordinario-familia-e-evangelizacao\/","title":{"rendered":"S\u00ednodo extraordin\u00e1rio: fam\u00edlia e evangeliza\u00e7\u00e3o"},"content":{"rendered":"<p><em>Cardeal Odilo Pedro Scherer<\/em><\/p>\n<p>Nos dias 13 e 14 de maio, o Conselho Ordin\u00e1rio da Secretaria Geral do S\u00ednodo dos Bispos, formado por 15 cardeais e bispos, reuniu-se em Roma. A pauta principal dos trabalhos foi a prepara\u00e7\u00e3o da pr\u00f3xima assembleia extraordin\u00e1ria do S\u00ednodo, programada para os dias 5 a 19 de outubro deste ano.<\/p>\n<p>Tratou-se, sobretudo, da elabora\u00e7\u00e3o do Instrumentum laboris (Instrumento de Trabalho) da assembleia sinodal, um texto que ser\u00e1 publicado em breve e enviado \u00e0s confer\u00eancias episcopais e, sobretudo, \u00e0queles que dever\u00e3o participar da assembleia de outubro.<\/p>\n<p>O Instrumento de trabalho vai recolher as respostas ao question\u00e1rio, para conhecer a situa\u00e7\u00e3o atual da fam\u00edlia e de v\u00e1rias quest\u00f5es relativas ao casamento e \u00e0 fam\u00edlia, enviado em 2013 \u00e0s confer\u00eancias episcopais de todo mundo. As contribui\u00e7\u00f5es foram abundantes e ser\u00e3o apresentadas de maneira tem\u00e1tica no Instrumentum laboris, para orientar os trabalhos sinodais.<\/p>\n<p>O tema do s\u00ednodo extraordin\u00e1rio despertou grande interesse e expectativa por toda parte: v\u00e1rias situa\u00e7\u00f5es de crise e quest\u00f5es atuais da fam\u00edlia e do casamento interpelam a Igreja e sua a\u00e7\u00e3o evangelizadora.<\/p>\n<p>Fazem parte do tem\u00e1rio a difus\u00e3o e a aceita\u00e7\u00e3o do ensinamento da Igreja Cat\u00f3lica sobre o casamento e fam\u00edlia; as dificuldades para colocar em pr\u00e1tica esse ensinamento no contexto cultural contempor\u00e2neo; as situa\u00e7\u00f5es dif\u00edceis que muitos casais e fam\u00edlias enfrentam, com casamentos desfeitos e refeitos com nova uni\u00e3o; sua participa\u00e7\u00e3o na vida da Igreja e a transmiss\u00e3o da f\u00e9 aos filhos em tais situa\u00e7\u00f5es&#8230; Mas entram tamb\u00e9m as quest\u00f5es novas, tais como o fato sempre mais presente em v\u00e1rios contextos culturais de pessoas que n\u00e3o se casam mais, nem constituem uni\u00f5es est\u00e1veis ou fam\u00edlias; ou os fatos recorrentes, em v\u00e1rios pa\u00edses, de pol\u00edticas contr\u00e1rias \u00e0 fam\u00edlia; sem esquecer as uni\u00f5es civis de pessoas do mesmo sexo.<\/p>\n<p>Ciente das v\u00e1rias situa\u00e7\u00f5es problem\u00e1ticas que a fam\u00edlia atravessa, a Igreja n\u00e3o a abandona, pois tamb\u00e9m conhece o plano salvador de Deus em rela\u00e7\u00e3o ao casamento e \u00e0 fam\u00edlia; e tem convic\u00e7\u00e3o sobre a import\u00e2ncia da fam\u00edlia para a pessoa, para a sociedade e para a pr\u00f3pria vida e miss\u00e3o da Igreja. Por isso, ela quer anunciar de maneira renovada a Boa Nova do casamento e da fam\u00edlia, especialmente nas situa\u00e7\u00f5es mais dif\u00edceis e problem\u00e1ticas que a atingem.<\/p>\n<p>A assembleia extraordin\u00e1ria de outubro pr\u00f3ximo n\u00e3o vai esgotar o tema e seus trabalhos estar\u00e3o orientados para novas reflex\u00f5es na assembleia ordin\u00e1ria do S\u00ednodo dos Bispos, em outubro de 2015, quando se tratar\u00e1 da pessoa humana e da fam\u00edlia \u00e0 luz de sua voca\u00e7\u00e3o em Cristo. Ser\u00e3o dois momentos complementares de um caminho de evangeliza\u00e7\u00e3o, que tem como centro a antropologia crist\u00e3 e suas implica\u00e7\u00f5es para a pessoa, o casamento, a fam\u00edlia, a sociedade e a Igreja.<\/p>\n<p>O papa Francisco participou um dia inteiro da reuni\u00e3o, sinalizando para a import\u00e2ncia dada por ele ao S\u00ednodo extraordin\u00e1rio de outubro. Ele tem falado tamb\u00e9m da import\u00e2ncia do pr\u00f3prio organismo do S\u00ednodo dos Bispos, criado por Paulo VI no final do Conc\u00edlio Vaticano II, em 1965, como express\u00e3o de colegialidade e da responsabilidade de todos os bispos, junto com o Papa, em rela\u00e7\u00e3o \u00e0 Igreja inteira.<\/p>\n<div id=\"themify_builder_content-43242\" data-postid=\"43242\" class=\"themify_builder_content themify_builder_content-43242 themify_builder themify_builder_front\">\n\t<\/div>\n<!-- \/themify_builder_content -->","protected":false},"excerpt":{"rendered":"<p>Cardeal Odilo Pedro Scherer Nos dias 13 e 14 de maio, o Conselho Ordin\u00e1rio da Secretaria Geral do S\u00ednodo dos Bispos, formado por 15 cardeais e bispos, reuniu-se em Roma. A pauta principal dos trabalhos foi a prepara\u00e7\u00e3o da pr\u00f3xima assembleia extraordin\u00e1ria do S\u00ednodo, programada para os dias 5 a 19 de outubro deste ano. [&hellip;]<\/p>\n","protected":false},"author":5,"featured_media":0,"comment_status":"open","ping_status":"open","sticky":false,"template":"","format":"standard","meta":{"ngg_post_thumbnail":0,"footnotes":""},"categories":[9],"tags":[254,18,119,2433,32],"yoast_head":"<!-- This site is optimized with the Yoast SEO plugin v23.5 - https:\/\/yoast.com\/wordpress\/plugins\/seo\/ -->\n<title>S\u00ednodo extraordin\u00e1rio: fam\u00edlia e evangeliza\u00e7\u00e3o - O Arcanjo no ar<\/title>\n<meta name=\"robots\" content=\"index, follow, max-snippet:-1, max-image-preview:large, max-video-preview:-1\" \/>\n<link rel=\"canonical\" href=\"https:\/\/www.oarcanjo.net\/site\/sinodo-extraordinario-familia-e-evangelizacao\/\" \/>\n<meta property=\"og:locale\" content=\"pt_BR\" \/>\n<meta property=\"og:type\" content=\"article\" \/>\n<meta property=\"og:title\" content=\"S\u00ednodo extraordin\u00e1rio: fam\u00edlia e evangeliza\u00e7\u00e3o - O Arcanjo no ar\" \/>\n<meta property=\"og:description\" content=\"Cardeal Odilo Pedro Scherer Nos dias 13 e 14 de maio, o Conselho Ordin\u00e1rio da Secretaria Geral do S\u00ednodo dos Bispos, formado por 15 cardeais e bispos, reuniu-se em Roma. A pauta principal dos trabalhos foi a prepara\u00e7\u00e3o da pr\u00f3xima assembleia extraordin\u00e1ria do S\u00ednodo, programada para os dias 5 a 19 de outubro deste ano. [&hellip;]\" \/>\n<meta property=\"og:url\" content=\"https:\/\/www.oarcanjo.net\/site\/sinodo-extraordinario-familia-e-evangelizacao\/\" \/>\n<meta property=\"og:site_name\" content=\"O Arcanjo no ar\" \/>\n<meta property=\"article:publisher\" content=\"https:\/\/www.facebook.com\/OArcanjoNoAr\/\" \/>\n<meta property=\"article:published_time\" content=\"2014-05-21T09:14:44+00:00\" \/>\n<meta property=\"og:image\" content=\"https:\/\/www.oarcanjo.net\/site\/wp-content\/uploads\/logo-o-arcanjo-no-ar-facebook.png\" \/>\n\t<meta property=\"og:image:width\" content=\"300\" \/>\n\t<meta property=\"og:image:height\" content=\"300\" \/>\n\t<meta property=\"og:image:type\" content=\"image\/png\" \/>\n<meta name=\"author\" content=\"editor\" \/>\n<meta name=\"twitter:card\" content=\"summary_large_image\" \/>\n<meta name=\"twitter:label1\" content=\"Escrito por\" \/>\n\t<meta name=\"twitter:data1\" content=\"editor\" \/>\n\t<meta name=\"twitter:label2\" content=\"Est. tempo de leitura\" \/>\n\t<meta name=\"twitter:data2\" content=\"3 minutos\" \/>\n<script type=\"application\/ld+json\" class=\"yoast-schema-graph\">{\"@context\":\"https:\/\/schema.org\",\"@graph\":[{\"@type\":\"Article\",\"@id\":\"https:\/\/www.oarcanjo.net\/site\/sinodo-extraordinario-familia-e-evangelizacao\/#article\",\"isPartOf\":{\"@id\":\"https:\/\/www.oarcanjo.net\/site\/sinodo-extraordinario-familia-e-evangelizacao\/\"},\"author\":{\"name\":\"editor\",\"@id\":\"https:\/\/www.oarcanjo.net\/site\/#\/schema\/person\/f7024d007863202483a31326673a0838\"},\"headline\":\"S\u00ednodo extraordin\u00e1rio: fam\u00edlia e evangeliza\u00e7\u00e3o\",\"datePublished\":\"2014-05-21T09:14:44+00:00\",\"dateModified\":\"2014-05-21T09:14:44+00:00\",\"mainEntityOfPage\":{\"@id\":\"https:\/\/www.oarcanjo.net\/site\/sinodo-extraordinario-familia-e-evangelizacao\/\"},\"wordCount\":603,\"commentCount\":0,\"publisher\":{\"@id\":\"https:\/\/www.oarcanjo.net\/site\/#organization\"},\"keywords\":[\"casamento\",\"evangeliza\u00e7\u00e3o\",\"fam\u00edlia\",\"Papa Francisco\",\"s\u00ednodo\"],\"articleSection\":[\"Reflex\u00f5es\"],\"inLanguage\":\"pt-BR\",\"potentialAction\":[{\"@type\":\"CommentAction\",\"name\":\"Comment\",\"target\":[\"https:\/\/www.oarcanjo.net\/site\/sinodo-extraordinario-familia-e-evangelizacao\/#respond\"]}]},{\"@type\":\"WebPage\",\"@id\":\"https:\/\/www.oarcanjo.net\/site\/sinodo-extraordinario-familia-e-evangelizacao\/\",\"url\":\"https:\/\/www.oarcanjo.net\/site\/sinodo-extraordinario-familia-e-evangelizacao\/\",\"name\":\"S\u00ednodo extraordin\u00e1rio: fam\u00edlia e evangeliza\u00e7\u00e3o - O Arcanjo no ar\",\"isPartOf\":{\"@id\":\"https:\/\/www.oarcanjo.net\/site\/#website\"},\"datePublished\":\"2014-05-21T09:14:44+00:00\",\"dateModified\":\"2014-05-21T09:14:44+00:00\",\"breadcrumb\":{\"@id\":\"https:\/\/www.oarcanjo.net\/site\/sinodo-extraordinario-familia-e-evangelizacao\/#breadcrumb\"},\"inLanguage\":\"pt-BR\",\"potentialAction\":[{\"@type\":\"ReadAction\",\"target\":[\"https:\/\/www.oarcanjo.net\/site\/sinodo-extraordinario-familia-e-evangelizacao\/\"]}]},{\"@type\":\"BreadcrumbList\",\"@id\":\"https:\/\/www.oarcanjo.net\/site\/sinodo-extraordinario-familia-e-evangelizacao\/#breadcrumb\",\"itemListElement\":[{\"@type\":\"ListItem\",\"position\":1,\"name\":\"In\u00edcio\",\"item\":\"https:\/\/www.oarcanjo.net\/site\/\"},{\"@type\":\"ListItem\",\"position\":2,\"name\":\"S\u00ednodo extraordin\u00e1rio: fam\u00edlia e evangeliza\u00e7\u00e3o\"}]},{\"@type\":\"WebSite\",\"@id\":\"https:\/\/www.oarcanjo.net\/site\/#website\",\"url\":\"https:\/\/www.oarcanjo.net\/site\/\",\"name\":\"O Arcanjo no ar\",\"description\":\"Site da Par\u00f3quia S\u00e3o Miguel Arcanjo (Arquidiocese de SP)\",\"publisher\":{\"@id\":\"https:\/\/www.oarcanjo.net\/site\/#organization\"},\"potentialAction\":[{\"@type\":\"SearchAction\",\"target\":{\"@type\":\"EntryPoint\",\"urlTemplate\":\"https:\/\/www.oarcanjo.net\/site\/?s={search_term_string}\"},\"query-input\":{\"@type\":\"PropertyValueSpecification\",\"valueRequired\":true,\"valueName\":\"search_term_string\"}}],\"inLanguage\":\"pt-BR\"},{\"@type\":\"Organization\",\"@id\":\"https:\/\/www.oarcanjo.net\/site\/#organization\",\"name\":\"Par\u00f3quia S\u00e3o Miguel Arcanjo\",\"url\":\"https:\/\/www.oarcanjo.net\/site\/\",\"logo\":{\"@type\":\"ImageObject\",\"inLanguage\":\"pt-BR\",\"@id\":\"https:\/\/www.oarcanjo.net\/site\/#\/schema\/logo\/image\/\",\"url\":\"https:\/\/www.oarcanjo.net\/site\/wp-content\/uploads\/LogoOArcanjo.png\",\"contentUrl\":\"https:\/\/www.oarcanjo.net\/site\/wp-content\/uploads\/LogoOArcanjo.png\",\"width\":319,\"height\":99,\"caption\":\"Par\u00f3quia S\u00e3o Miguel Arcanjo\"},\"image\":{\"@id\":\"https:\/\/www.oarcanjo.net\/site\/#\/schema\/logo\/image\/\"},\"sameAs\":[\"https:\/\/www.facebook.com\/OArcanjoNoAr\/\"]},{\"@type\":\"Person\",\"@id\":\"https:\/\/www.oarcanjo.net\/site\/#\/schema\/person\/f7024d007863202483a31326673a0838\",\"name\":\"editor\",\"sameAs\":[\"http:\/\/www.oarcanjo.net\"]}]}<\/script>\n<!-- \/ Yoast SEO plugin. -->","yoast_head_json":{"title":"S\u00ednodo extraordin\u00e1rio: fam\u00edlia e evangeliza\u00e7\u00e3o - O Arcanjo no ar","robots":{"index":"index","follow":"follow","max-snippet":"max-snippet:-1","max-image-preview":"max-image-preview:large","max-video-preview":"max-video-preview:-1"},"canonical":"https:\/\/www.oarcanjo.net\/site\/sinodo-extraordinario-familia-e-evangelizacao\/","og_locale":"pt_BR","og_type":"article","og_title":"S\u00ednodo extraordin\u00e1rio: fam\u00edlia e evangeliza\u00e7\u00e3o - O Arcanjo no ar","og_description":"Cardeal Odilo Pedro Scherer Nos dias 13 e 14 de maio, o Conselho Ordin\u00e1rio da Secretaria Geral do S\u00ednodo dos Bispos, formado por 15 cardeais e bispos, reuniu-se em Roma. A pauta principal dos trabalhos foi a prepara\u00e7\u00e3o da pr\u00f3xima assembleia extraordin\u00e1ria do S\u00ednodo, programada para os dias 5 a 19 de outubro deste ano. [&hellip;]","og_url":"https:\/\/www.oarcanjo.net\/site\/sinodo-extraordinario-familia-e-evangelizacao\/","og_site_name":"O Arcanjo no ar","article_publisher":"https:\/\/www.facebook.com\/OArcanjoNoAr\/","article_published_time":"2014-05-21T09:14:44+00:00","og_image":[{"width":300,"height":300,"url":"https:\/\/www.oarcanjo.net\/site\/wp-content\/uploads\/logo-o-arcanjo-no-ar-facebook.png","type":"image\/png"}],"author":"editor","twitter_card":"summary_large_image","twitter_misc":{"Escrito por":"editor","Est. tempo de leitura":"3 minutos"},"schema":{"@context":"https:\/\/schema.org","@graph":[{"@type":"Article","@id":"https:\/\/www.oarcanjo.net\/site\/sinodo-extraordinario-familia-e-evangelizacao\/#article","isPartOf":{"@id":"https:\/\/www.oarcanjo.net\/site\/sinodo-extraordinario-familia-e-evangelizacao\/"},"author":{"name":"editor","@id":"https:\/\/www.oarcanjo.net\/site\/#\/schema\/person\/f7024d007863202483a31326673a0838"},"headline":"S\u00ednodo extraordin\u00e1rio: fam\u00edlia e evangeliza\u00e7\u00e3o","datePublished":"2014-05-21T09:14:44+00:00","dateModified":"2014-05-21T09:14:44+00:00","mainEntityOfPage":{"@id":"https:\/\/www.oarcanjo.net\/site\/sinodo-extraordinario-familia-e-evangelizacao\/"},"wordCount":603,"commentCount":0,"publisher":{"@id":"https:\/\/www.oarcanjo.net\/site\/#organization"},"keywords":["casamento","evangeliza\u00e7\u00e3o","fam\u00edlia","Papa Francisco","s\u00ednodo"],"articleSection":["Reflex\u00f5es"],"inLanguage":"pt-BR","potentialAction":[{"@type":"CommentAction","name":"Comment","target":["https:\/\/www.oarcanjo.net\/site\/sinodo-extraordinario-familia-e-evangelizacao\/#respond"]}]},{"@type":"WebPage","@id":"https:\/\/www.oarcanjo.net\/site\/sinodo-extraordinario-familia-e-evangelizacao\/","url":"https:\/\/www.oarcanjo.net\/site\/sinodo-extraordinario-familia-e-evangelizacao\/","name":"S\u00ednodo extraordin\u00e1rio: fam\u00edlia e evangeliza\u00e7\u00e3o - O Arcanjo no ar","isPartOf":{"@id":"https:\/\/www.oarcanjo.net\/site\/#website"},"datePublished":"2014-05-21T09:14:44+00:00","dateModified":"2014-05-21T09:14:44+00:00","breadcrumb":{"@id":"https:\/\/www.oarcanjo.net\/site\/sinodo-extraordinario-familia-e-evangelizacao\/#breadcrumb"},"inLanguage":"pt-BR","potentialAction":[{"@type":"ReadAction","target":["https:\/\/www.oarcanjo.net\/site\/sinodo-extraordinario-familia-e-evangelizacao\/"]}]},{"@type":"BreadcrumbList","@id":"https:\/\/www.oarcanjo.net\/site\/sinodo-extraordinario-familia-e-evangelizacao\/#breadcrumb","itemListElement":[{"@type":"ListItem","position":1,"name":"In\u00edcio","item":"https:\/\/www.oarcanjo.net\/site\/"},{"@type":"ListItem","position":2,"name":"S\u00ednodo extraordin\u00e1rio: fam\u00edlia e evangeliza\u00e7\u00e3o"}]},{"@type":"WebSite","@id":"https:\/\/www.oarcanjo.net\/site\/#website","url":"https:\/\/www.oarcanjo.net\/site\/","name":"O Arcanjo no ar","description":"Site da Par\u00f3quia S\u00e3o Miguel Arcanjo (Arquidiocese de SP)","publisher":{"@id":"https:\/\/www.oarcanjo.net\/site\/#organization"},"potentialAction":[{"@type":"SearchAction","target":{"@type":"EntryPoint","urlTemplate":"https:\/\/www.oarcanjo.net\/site\/?s={search_term_string}"},"query-input":{"@type":"PropertyValueSpecification","valueRequired":true,"valueName":"search_term_string"}}],"inLanguage":"pt-BR"},{"@type":"Organization","@id":"https:\/\/www.oarcanjo.net\/site\/#organization","name":"Par\u00f3quia S\u00e3o Miguel Arcanjo","url":"https:\/\/www.oarcanjo.net\/site\/","logo":{"@type":"ImageObject","inLanguage":"pt-BR","@id":"https:\/\/www.oarcanjo.net\/site\/#\/schema\/logo\/image\/","url":"https:\/\/www.oarcanjo.net\/site\/wp-content\/uploads\/LogoOArcanjo.png","contentUrl":"https:\/\/www.oarcanjo.net\/site\/wp-content\/uploads\/LogoOArcanjo.png","width":319,"height":99,"caption":"Par\u00f3quia S\u00e3o Miguel Arcanjo"},"image":{"@id":"https:\/\/www.oarcanjo.net\/site\/#\/schema\/logo\/image\/"},"sameAs":["https:\/\/www.facebook.com\/OArcanjoNoAr\/"]},{"@type":"Person","@id":"https:\/\/www.oarcanjo.net\/site\/#\/schema\/person\/f7024d007863202483a31326673a0838","name":"editor","sameAs":["http:\/\/www.oarcanjo.net"]}]}},"publishpress_future_action":{"enabled":false,"date":"2026-05-08 20:15:43","action":"category","newStatus":"draft","terms":[],"taxonomy":"category"},"publishpress_future_workflow_manual_trigger":{"enabledWorkflows":[]},"_links":{"self":[{"href":"https:\/\/www.oarcanjo.net\/site\/wp-json\/wp\/v2\/posts\/43242"}],"collection":[{"href":"https:\/\/www.oarcanjo.net\/site\/wp-json\/wp\/v2\/posts"}],"about":[{"href":"https:\/\/www.oarcanjo.net\/site\/wp-json\/wp\/v2\/types\/post"}],"author":[{"embeddable":true,"href":"https:\/\/www.oarcanjo.net\/site\/wp-json\/wp\/v2\/users\/5"}],"replies":[{"embeddable":true,"href":"https:\/\/www.oarcanjo.net\/site\/wp-json\/wp\/v2\/comments?post=43242"}],"version-history":[{"count":0,"href":"https:\/\/www.oarcanjo.net\/site\/wp-json\/wp\/v2\/posts\/43242\/revisions"}],"wp:attachment":[{"href":"https:\/\/www.oarcanjo.net\/site\/wp-json\/wp\/v2\/media?parent=43242"}],"wp:term":[{"taxonomy":"category","embeddable":true,"href":"https:\/\/www.oarcanjo.net\/site\/wp-json\/wp\/v2\/categories?post=43242"},{"taxonomy":"post_tag","embeddable":true,"href":"https:\/\/www.oarcanjo.net\/site\/wp-json\/wp\/v2\/tags?post=43242"}],"curies":[{"name":"wp","href":"https:\/\/api.w.org\/{rel}","templated":true}]}}