
{"id":43300,"date":"2014-05-21T08:52:10","date_gmt":"2014-05-21T11:52:10","guid":{"rendered":"http:\/\/www.oarcanjo.net\/site\/?p=43300"},"modified":"2014-05-21T08:52:10","modified_gmt":"2014-05-21T11:52:10","slug":"gol-de-placa","status":"publish","type":"post","link":"https:\/\/www.oarcanjo.net\/site\/gol-de-placa\/","title":{"rendered":"Gol de placa"},"content":{"rendered":"<p style=\"text-align: justify;\"><em>Pe. Alfredo J. Gon\u00e7alves, CS<\/em><\/p>\n<p style=\"text-align: justify;\">No clima da Copa do Mundo, vale lembrar que bola na rede \u00e9 o objetivo m\u00e1ximo de qualquer partida de futebol.\u00a0 Jogadores e torcedores, gramado e arquibancada, concentram-se todos nesse objetivo. E quando o alcan\u00e7am, vem a euforia, os aplausos, a provoca\u00e7\u00e3o do advers\u00e1rio, as bandeiras desfraldadas, a festa do gol! Para isso, por\u00e9m, a cada passe, a cada drible e a cada jogada, \u00e9 preciso evitar que o outro time chegue tamb\u00e9m \u00e0 meta cobi\u00e7ada. S\u00f3 assim o placar pode continuar positivo. Da\u00ed a tens\u00e3o e a aten\u00e7\u00e3o, na defesa ou no ataque, durante os 90 minutos de disputa.<\/p>\n<p style=\"text-align: justify;\">Transportando a imagem para o \u00e2mbito da sociedade brasileira atual, como conciliar os interesses de atores e plateia \u00a0(= governo e conjunto dos cidad\u00e3os) para chegar a um verdadeiro \u201cgol de placa\u201d no que diz respeito ao bem-estar da popula\u00e7\u00e3o. Por \u201cgol de placa\u201d, neste caso, entendemos uma pol\u00edtica econ\u00f4mica que responda positivamente \u00e0s necessidades b\u00e1sicas e prementes dos extratos mais pobres, exclu\u00eddos e de baixa renda? Em outras palabras, como diminuir a dist\u00e2ncia entre os habitantes do andar de cima e aqueles do andar de baixo da pir\u00e2mide social?<\/p>\n<p style=\"text-align: justify;\">Semelhantes perguntas e inquietudes est\u00e3o nas ruas e pra\u00e7as de v\u00e1rias cidades do pa\u00eds, em diversas manifesta\u00e7\u00f5es e movimentos sociais. Mais do que gritar contra a Copa do Mundo em si, o protesto de tais mobiliza\u00e7\u00f5es, ao que tudo indica, visa combater o abismo entre os mais ricos e os mais pobres, entre o pico e a base da pir\u00e2mide, entre o padrao Fifa para a infraestrutura do evento internacional, por um lado, e a precariedade dos servicos p\u00fablicos, por outro. Se o esporte tem e merece sua import\u00e2ncia, mais ainda a vida e a dignidade do cidad\u00e3o.<\/p>\n<p style=\"text-align: justify;\">Mas, como bem o sabemos, \u201cgol de placa\u201d \u00e9 coisa rara, contando muitas vezes com a sorte eventual. Vez por outra, e em circunst\u00e2ncias favor\u00e1veis, algum atleta colhe a oportunidade e carimba as redes advers\u00e1rias com uma manobra espetacular. No caso da administra\u00e7\u00e3o p\u00fablica, a oportunidade para um \u201cgol de placa\u201d, inesquec\u00edvel pelo seu brilho, tem a ver com tr\u00eas aspectos complementares: primeiro, \u00e9 necess\u00e1rio que o fruto esteja maduro para a colheita; segundo, a avalia\u00e7\u00e3o de que o momento \u00e9 oportuno requer um olhar perspicaz e agudo, uma vis\u00e3o de g\u00eanio; terceiro, a colheita \u00e9 sempre um trabalho coletivo, feito em mutir\u00e3o.<\/p>\n<p style=\"text-align: justify;\">No primeiro caso, a sociedade brasileira est\u00e1 mais do que madura para uma s\u00e9rie de mudan\u00e7as necess\u00e1rias e urgentes. M\u00faltiplos progetos de reforma (agr\u00e1ria e agr\u00edcola, tribut\u00e1ria, pol\u00edtica, eleitoral&#8230; s\u00f3 para citar algumas) permanecem engavetadas por falta de empenho e de interesse dos atores privilegiados do Congresso Nacional. Esses parecem desfilar pelo cen\u00e1rio iluminado da C\u00e2mara e do Senado como se fossem seres extraterrestres, alheios aos anseios e apelos que se erguem do solo inculto do planeta terra, num cotidiano de pen\u00faria e precariedade. Se \u00e9 verdade que a pr\u00e1tica pol\u00edtica nacional encontra-se sobrecarregada por uma por\u00e7\u00e3o de entraves hist\u00f3ricos e estruturais \u00e0s mudan\u00e7as reais e profundas, tamb\u00e9m \u00e9 certo que estas encontram-se atrasadas de d\u00e9cadas, para n\u00e3o dizer de s\u00e9culos.<\/p>\n<p style=\"text-align: justify;\">Em segundo lugar, no palco da administra\u00e7\u00e3o p\u00fablica n\u00e3o faltaram g\u00eanios que intuiram que o fruto estava maduro e o momento se revelava oportuno para a mudan\u00e7a. Em vez de falar de nomes, cabe a pergunta: por que n\u00e3o o colheram? A resposta, entre outras, tem duas faces marcantes. Por um lado, os n\u00f3s j\u00e1 citados de nossa hist\u00f3rica pol\u00edtica s\u00e3o dif\u00edceis de desatar, dado o car\u00e1ter acentuadamente retr\u00f3grado e conservador das classes dominantes do pa\u00eds; por outro, n\u00e3o poucos l\u00edderes nacionais, mesmo conhecendo de perto os dramas da Senzala ou at\u00e9 tendo a\u00ed suas ra\u00edzes, quando chegam ao Planalto Central parecem trocar de time. Passam a jogar segundo os interesses da Casa Grande, em particular os grandes monop\u00f3lios da propriedade da terra, das comunica\u00e7\u00f5es e do setor financeiro. Isso para sequer falar do v\u00edrus da corrup\u00e7\u00e3o, do tr\u00e1fico de influ\u00eancia, do corporativismo, entre tantas outras mazelas conhecidas e not\u00f3rias.<\/p>\n<p style=\"text-align: justify;\">Por fim, a colheita n\u00e3o \u00e9 tarefa dos pol\u00edticos de plant\u00e3o, mas da sociedade como um todo. Isso exige duas coisas indispens\u00e1veis. Antes de mais nada, a cria\u00e7\u00e3o de canais, instrumentos e mecanismos eficazes de participa\u00e7\u00e3o popular, no sentido de construir pol\u00edticas p\u00fablicas voltadas para as car\u00eancias mais not\u00e1veis da popula\u00e7\u00e3o, tais como os servi\u00e7os de infra-estrutura, de apoio ao pequeno e m\u00e9dio produtor e empreendedor, associados a uma distribui\u00e7\u00e3o de renda que n\u00e3o seja mera compensa\u00e7\u00e3o provis\u00f3ria, mas tenha alicerces s\u00f3lidos na pol\u00edtica econ\u00f4mica. Desnecess\u00e1rio acrescentar a necessidade de investir nos servi\u00e7os p\u00fablicos de primeira necessidade, como sa\u00fade e educa\u00e7\u00e3o, trabalho e rela\u00e7\u00f5es trabalhistas, seguran\u00e7a e transporte, e assim por diante. As Semanas Sociais Brasileiras, os Plebiscitos e Assembleias Populares e outras iniciativas do g\u00eanero apontam nessa dire\u00e7\u00e3o.<\/p>\n<p style=\"text-align: justify;\">A segunda exig\u00eancia nos leva ao campo da \u00e9tica na pol\u00edtica, tema t\u00e3o alardeado e, em termos concretos, t\u00e3o pouco considerado. Aqui faltam as a\u00e7\u00f5es e sobram os discursos e promessas. Uma verdadeira postura moral na administra\u00e7\u00e3o p\u00fablica pressup\u00f5e um deslocamento do eixo sobre o qual ela se move. No Brasil das \u00faltimas d\u00e9cadas (para n\u00e3o retroceder at\u00e9 1500) prevalecem as medidas de curto e m\u00e9dio prazo. Carecemos de um projeto de na\u00e7\u00e3o com horizontes mais largos. A raz\u00e3o disso \u00e9 que, n\u00e3o raro, os candidatos aos cargos p\u00fablicos, e mesmo os j\u00e1 eleitos, parecem ter olhos n\u00e3o para as <em>pr\u00f3ximas gera\u00e7\u00f5es<\/em>, e sim para as <em>pr\u00f3ximas elei\u00e7\u00f5es<\/em>. Como corrigir essa miopia cr\u00f4nica e contagiosa?<\/p>\n<p style=\"text-align: justify;\">A festa internacional do futebol \u2013 centrada na Copa do Mundo\/2014 \u2013 constitui uma ocasi\u00e3o sem igual para um \u201cgol de placa\u201d nos gramados da pol\u00edtica nacional. Jogadores, treinadores, \u00e1bitros, bandeirinhas, torcedores, enfim, todos que atuam nesse campo t\u00eam a oportunidade de colher o momento para balan\u00e7ar as redes advers\u00e1rias da injusti\u00e7a, da concentra\u00e7\u00e3o de riqueza e renda, da exclus\u00e3o social e da desigualdade crescente. Padr\u00e3o Fifa n\u00e3o somente para os est\u00e1dios e infra-estrutura da Copa, para para a popula\u00e7\u00e3o como um todo! S\u00f3 assim a festa do futebol pode se converter tamb\u00e9m numa festa da cidadania!<\/p>\n<p style=\"text-align: justify;\"><em>Roma, It\u00e1lia, 21 de maio de 2014<\/em><\/p>\n<div id=\"themify_builder_content-43300\" data-postid=\"43300\" class=\"themify_builder_content themify_builder_content-43300 themify_builder themify_builder_front\">\n\t<\/div>\n<!-- \/themify_builder_content -->","protected":false},"excerpt":{"rendered":"<p>Pe. Alfredo J. Gon\u00e7alves, CS No clima da Copa do Mundo, vale lembrar que bola na rede \u00e9 o objetivo m\u00e1ximo de qualquer partida de futebol.\u00a0 Jogadores e torcedores, gramado e arquibancada, concentram-se todos nesse objetivo. E quando o alcan\u00e7am, vem a euforia, os aplausos, a provoca\u00e7\u00e3o do advers\u00e1rio, as bandeiras desfraldadas, a festa do [&hellip;]<\/p>\n","protected":false},"author":15,"featured_media":0,"comment_status":"open","ping_status":"open","sticky":false,"template":"","format":"standard","meta":{"ngg_post_thumbnail":0,"footnotes":""},"categories":[9],"tags":[],"yoast_head":"<!-- This site is optimized with the Yoast SEO plugin v23.5 - https:\/\/yoast.com\/wordpress\/plugins\/seo\/ -->\n<title>Gol de placa - O Arcanjo no ar<\/title>\n<meta name=\"robots\" content=\"index, follow, max-snippet:-1, max-image-preview:large, max-video-preview:-1\" \/>\n<link rel=\"canonical\" href=\"https:\/\/www.oarcanjo.net\/site\/gol-de-placa\/\" \/>\n<meta property=\"og:locale\" content=\"pt_BR\" \/>\n<meta property=\"og:type\" content=\"article\" \/>\n<meta property=\"og:title\" content=\"Gol de placa - O Arcanjo no ar\" \/>\n<meta property=\"og:description\" content=\"Pe. Alfredo J. Gon\u00e7alves, CS No clima da Copa do Mundo, vale lembrar que bola na rede \u00e9 o objetivo m\u00e1ximo de qualquer partida de futebol.\u00a0 Jogadores e torcedores, gramado e arquibancada, concentram-se todos nesse objetivo. E quando o alcan\u00e7am, vem a euforia, os aplausos, a provoca\u00e7\u00e3o do advers\u00e1rio, as bandeiras desfraldadas, a festa do [&hellip;]\" \/>\n<meta property=\"og:url\" content=\"https:\/\/www.oarcanjo.net\/site\/gol-de-placa\/\" \/>\n<meta property=\"og:site_name\" content=\"O Arcanjo no ar\" \/>\n<meta property=\"article:publisher\" content=\"https:\/\/www.facebook.com\/OArcanjoNoAr\/\" \/>\n<meta property=\"article:published_time\" content=\"2014-05-21T11:52:10+00:00\" \/>\n<meta property=\"og:image\" content=\"https:\/\/www.oarcanjo.net\/site\/wp-content\/uploads\/logo-o-arcanjo-no-ar-facebook.png\" \/>\n\t<meta property=\"og:image:width\" content=\"300\" \/>\n\t<meta property=\"og:image:height\" content=\"300\" \/>\n\t<meta property=\"og:image:type\" content=\"image\/png\" \/>\n<meta name=\"author\" content=\"Alexandre Nunes\" \/>\n<meta name=\"twitter:card\" content=\"summary_large_image\" \/>\n<meta name=\"twitter:label1\" content=\"Escrito por\" \/>\n\t<meta name=\"twitter:data1\" content=\"Alexandre Nunes\" \/>\n\t<meta name=\"twitter:label2\" content=\"Est. tempo de leitura\" \/>\n\t<meta name=\"twitter:data2\" content=\"6 minutos\" \/>\n<script type=\"application\/ld+json\" class=\"yoast-schema-graph\">{\"@context\":\"https:\/\/schema.org\",\"@graph\":[{\"@type\":\"Article\",\"@id\":\"https:\/\/www.oarcanjo.net\/site\/gol-de-placa\/#article\",\"isPartOf\":{\"@id\":\"https:\/\/www.oarcanjo.net\/site\/gol-de-placa\/\"},\"author\":{\"name\":\"Alexandre Nunes\",\"@id\":\"https:\/\/www.oarcanjo.net\/site\/#\/schema\/person\/0a2ae077c1a09b69d29928e3b9f1c0d1\"},\"headline\":\"Gol de placa\",\"datePublished\":\"2014-05-21T11:52:10+00:00\",\"dateModified\":\"2014-05-21T11:52:10+00:00\",\"mainEntityOfPage\":{\"@id\":\"https:\/\/www.oarcanjo.net\/site\/gol-de-placa\/\"},\"wordCount\":1148,\"commentCount\":0,\"publisher\":{\"@id\":\"https:\/\/www.oarcanjo.net\/site\/#organization\"},\"articleSection\":[\"Reflex\u00f5es\"],\"inLanguage\":\"pt-BR\",\"potentialAction\":[{\"@type\":\"CommentAction\",\"name\":\"Comment\",\"target\":[\"https:\/\/www.oarcanjo.net\/site\/gol-de-placa\/#respond\"]}]},{\"@type\":\"WebPage\",\"@id\":\"https:\/\/www.oarcanjo.net\/site\/gol-de-placa\/\",\"url\":\"https:\/\/www.oarcanjo.net\/site\/gol-de-placa\/\",\"name\":\"Gol de placa - O Arcanjo no ar\",\"isPartOf\":{\"@id\":\"https:\/\/www.oarcanjo.net\/site\/#website\"},\"datePublished\":\"2014-05-21T11:52:10+00:00\",\"dateModified\":\"2014-05-21T11:52:10+00:00\",\"breadcrumb\":{\"@id\":\"https:\/\/www.oarcanjo.net\/site\/gol-de-placa\/#breadcrumb\"},\"inLanguage\":\"pt-BR\",\"potentialAction\":[{\"@type\":\"ReadAction\",\"target\":[\"https:\/\/www.oarcanjo.net\/site\/gol-de-placa\/\"]}]},{\"@type\":\"BreadcrumbList\",\"@id\":\"https:\/\/www.oarcanjo.net\/site\/gol-de-placa\/#breadcrumb\",\"itemListElement\":[{\"@type\":\"ListItem\",\"position\":1,\"name\":\"In\u00edcio\",\"item\":\"https:\/\/www.oarcanjo.net\/site\/\"},{\"@type\":\"ListItem\",\"position\":2,\"name\":\"Gol de placa\"}]},{\"@type\":\"WebSite\",\"@id\":\"https:\/\/www.oarcanjo.net\/site\/#website\",\"url\":\"https:\/\/www.oarcanjo.net\/site\/\",\"name\":\"O Arcanjo no ar\",\"description\":\"Site da Par\u00f3quia S\u00e3o Miguel Arcanjo (Arquidiocese de SP)\",\"publisher\":{\"@id\":\"https:\/\/www.oarcanjo.net\/site\/#organization\"},\"potentialAction\":[{\"@type\":\"SearchAction\",\"target\":{\"@type\":\"EntryPoint\",\"urlTemplate\":\"https:\/\/www.oarcanjo.net\/site\/?s={search_term_string}\"},\"query-input\":{\"@type\":\"PropertyValueSpecification\",\"valueRequired\":true,\"valueName\":\"search_term_string\"}}],\"inLanguage\":\"pt-BR\"},{\"@type\":\"Organization\",\"@id\":\"https:\/\/www.oarcanjo.net\/site\/#organization\",\"name\":\"Par\u00f3quia S\u00e3o Miguel Arcanjo\",\"url\":\"https:\/\/www.oarcanjo.net\/site\/\",\"logo\":{\"@type\":\"ImageObject\",\"inLanguage\":\"pt-BR\",\"@id\":\"https:\/\/www.oarcanjo.net\/site\/#\/schema\/logo\/image\/\",\"url\":\"https:\/\/www.oarcanjo.net\/site\/wp-content\/uploads\/LogoOArcanjo.png\",\"contentUrl\":\"https:\/\/www.oarcanjo.net\/site\/wp-content\/uploads\/LogoOArcanjo.png\",\"width\":319,\"height\":99,\"caption\":\"Par\u00f3quia S\u00e3o Miguel Arcanjo\"},\"image\":{\"@id\":\"https:\/\/www.oarcanjo.net\/site\/#\/schema\/logo\/image\/\"},\"sameAs\":[\"https:\/\/www.facebook.com\/OArcanjoNoAr\/\"]},{\"@type\":\"Person\",\"@id\":\"https:\/\/www.oarcanjo.net\/site\/#\/schema\/person\/0a2ae077c1a09b69d29928e3b9f1c0d1\",\"name\":\"Alexandre Nunes\",\"sameAs\":[\"http:\/\/alexandrenu.com\"]}]}<\/script>\n<!-- \/ Yoast SEO plugin. -->","yoast_head_json":{"title":"Gol de placa - O Arcanjo no ar","robots":{"index":"index","follow":"follow","max-snippet":"max-snippet:-1","max-image-preview":"max-image-preview:large","max-video-preview":"max-video-preview:-1"},"canonical":"https:\/\/www.oarcanjo.net\/site\/gol-de-placa\/","og_locale":"pt_BR","og_type":"article","og_title":"Gol de placa - O Arcanjo no ar","og_description":"Pe. Alfredo J. Gon\u00e7alves, CS No clima da Copa do Mundo, vale lembrar que bola na rede \u00e9 o objetivo m\u00e1ximo de qualquer partida de futebol.\u00a0 Jogadores e torcedores, gramado e arquibancada, concentram-se todos nesse objetivo. E quando o alcan\u00e7am, vem a euforia, os aplausos, a provoca\u00e7\u00e3o do advers\u00e1rio, as bandeiras desfraldadas, a festa do [&hellip;]","og_url":"https:\/\/www.oarcanjo.net\/site\/gol-de-placa\/","og_site_name":"O Arcanjo no ar","article_publisher":"https:\/\/www.facebook.com\/OArcanjoNoAr\/","article_published_time":"2014-05-21T11:52:10+00:00","og_image":[{"width":300,"height":300,"url":"https:\/\/www.oarcanjo.net\/site\/wp-content\/uploads\/logo-o-arcanjo-no-ar-facebook.png","type":"image\/png"}],"author":"Alexandre Nunes","twitter_card":"summary_large_image","twitter_misc":{"Escrito por":"Alexandre Nunes","Est. tempo de leitura":"6 minutos"},"schema":{"@context":"https:\/\/schema.org","@graph":[{"@type":"Article","@id":"https:\/\/www.oarcanjo.net\/site\/gol-de-placa\/#article","isPartOf":{"@id":"https:\/\/www.oarcanjo.net\/site\/gol-de-placa\/"},"author":{"name":"Alexandre Nunes","@id":"https:\/\/www.oarcanjo.net\/site\/#\/schema\/person\/0a2ae077c1a09b69d29928e3b9f1c0d1"},"headline":"Gol de placa","datePublished":"2014-05-21T11:52:10+00:00","dateModified":"2014-05-21T11:52:10+00:00","mainEntityOfPage":{"@id":"https:\/\/www.oarcanjo.net\/site\/gol-de-placa\/"},"wordCount":1148,"commentCount":0,"publisher":{"@id":"https:\/\/www.oarcanjo.net\/site\/#organization"},"articleSection":["Reflex\u00f5es"],"inLanguage":"pt-BR","potentialAction":[{"@type":"CommentAction","name":"Comment","target":["https:\/\/www.oarcanjo.net\/site\/gol-de-placa\/#respond"]}]},{"@type":"WebPage","@id":"https:\/\/www.oarcanjo.net\/site\/gol-de-placa\/","url":"https:\/\/www.oarcanjo.net\/site\/gol-de-placa\/","name":"Gol de placa - O Arcanjo no ar","isPartOf":{"@id":"https:\/\/www.oarcanjo.net\/site\/#website"},"datePublished":"2014-05-21T11:52:10+00:00","dateModified":"2014-05-21T11:52:10+00:00","breadcrumb":{"@id":"https:\/\/www.oarcanjo.net\/site\/gol-de-placa\/#breadcrumb"},"inLanguage":"pt-BR","potentialAction":[{"@type":"ReadAction","target":["https:\/\/www.oarcanjo.net\/site\/gol-de-placa\/"]}]},{"@type":"BreadcrumbList","@id":"https:\/\/www.oarcanjo.net\/site\/gol-de-placa\/#breadcrumb","itemListElement":[{"@type":"ListItem","position":1,"name":"In\u00edcio","item":"https:\/\/www.oarcanjo.net\/site\/"},{"@type":"ListItem","position":2,"name":"Gol de placa"}]},{"@type":"WebSite","@id":"https:\/\/www.oarcanjo.net\/site\/#website","url":"https:\/\/www.oarcanjo.net\/site\/","name":"O Arcanjo no ar","description":"Site da Par\u00f3quia S\u00e3o Miguel Arcanjo (Arquidiocese de SP)","publisher":{"@id":"https:\/\/www.oarcanjo.net\/site\/#organization"},"potentialAction":[{"@type":"SearchAction","target":{"@type":"EntryPoint","urlTemplate":"https:\/\/www.oarcanjo.net\/site\/?s={search_term_string}"},"query-input":{"@type":"PropertyValueSpecification","valueRequired":true,"valueName":"search_term_string"}}],"inLanguage":"pt-BR"},{"@type":"Organization","@id":"https:\/\/www.oarcanjo.net\/site\/#organization","name":"Par\u00f3quia S\u00e3o Miguel Arcanjo","url":"https:\/\/www.oarcanjo.net\/site\/","logo":{"@type":"ImageObject","inLanguage":"pt-BR","@id":"https:\/\/www.oarcanjo.net\/site\/#\/schema\/logo\/image\/","url":"https:\/\/www.oarcanjo.net\/site\/wp-content\/uploads\/LogoOArcanjo.png","contentUrl":"https:\/\/www.oarcanjo.net\/site\/wp-content\/uploads\/LogoOArcanjo.png","width":319,"height":99,"caption":"Par\u00f3quia S\u00e3o Miguel Arcanjo"},"image":{"@id":"https:\/\/www.oarcanjo.net\/site\/#\/schema\/logo\/image\/"},"sameAs":["https:\/\/www.facebook.com\/OArcanjoNoAr\/"]},{"@type":"Person","@id":"https:\/\/www.oarcanjo.net\/site\/#\/schema\/person\/0a2ae077c1a09b69d29928e3b9f1c0d1","name":"Alexandre Nunes","sameAs":["http:\/\/alexandrenu.com"]}]}},"publishpress_future_action":{"enabled":false,"date":"2026-05-08 20:06:37","action":"category","newStatus":"draft","terms":[],"taxonomy":"category"},"publishpress_future_workflow_manual_trigger":{"enabledWorkflows":[]},"_links":{"self":[{"href":"https:\/\/www.oarcanjo.net\/site\/wp-json\/wp\/v2\/posts\/43300"}],"collection":[{"href":"https:\/\/www.oarcanjo.net\/site\/wp-json\/wp\/v2\/posts"}],"about":[{"href":"https:\/\/www.oarcanjo.net\/site\/wp-json\/wp\/v2\/types\/post"}],"author":[{"embeddable":true,"href":"https:\/\/www.oarcanjo.net\/site\/wp-json\/wp\/v2\/users\/15"}],"replies":[{"embeddable":true,"href":"https:\/\/www.oarcanjo.net\/site\/wp-json\/wp\/v2\/comments?post=43300"}],"version-history":[{"count":0,"href":"https:\/\/www.oarcanjo.net\/site\/wp-json\/wp\/v2\/posts\/43300\/revisions"}],"wp:attachment":[{"href":"https:\/\/www.oarcanjo.net\/site\/wp-json\/wp\/v2\/media?parent=43300"}],"wp:term":[{"taxonomy":"category","embeddable":true,"href":"https:\/\/www.oarcanjo.net\/site\/wp-json\/wp\/v2\/categories?post=43300"},{"taxonomy":"post_tag","embeddable":true,"href":"https:\/\/www.oarcanjo.net\/site\/wp-json\/wp\/v2\/tags?post=43300"}],"curies":[{"name":"wp","href":"https:\/\/api.w.org\/{rel}","templated":true}]}}