
{"id":43361,"date":"2014-05-21T22:06:44","date_gmt":"2014-05-22T01:06:44","guid":{"rendered":"http:\/\/www.oarcanjo.net\/site\/?p=43361"},"modified":"2014-05-22T22:24:57","modified_gmt":"2014-05-23T01:24:57","slug":"aos-crismados-da-comunidade-sao-miguel-arcanjo","status":"publish","type":"post","link":"https:\/\/www.oarcanjo.net\/site\/aos-crismados-da-comunidade-sao-miguel-arcanjo\/","title":{"rendered":"Aos Crismados da Comunidade S\u00e3o Miguel Arcanjo"},"content":{"rendered":"<p>Aos crismados, por Silvia Carnevalli<\/p>\n<p style=\"text-align: justify;\">Queridos Amigos na F\u00e9, Andr\u00e9, Andr\u00e9ia, Beatriz, Bruna Aparecida, Bruna Cardoso, Camila, Carolina, Gabriel Leo, Gabriel Vituriano, Gustavo, Henrique, Jo\u00e3o Fellipe, Josilay, J\u00falia, Lannah, Larissa, Lorena, Lucas Gargel, Lucas Tanaka, Mariana, Marielza, Mariel, Mateus, Renata, Rosa Maria, Stephany e Thayane.<\/p>\n<p style=\"text-align: justify;\">\u00c9 com o cora\u00e7\u00e3o cheio de alegria e muito orgulho de voc\u00eas que os parabenizo pelo dia t\u00e3o importante em suas vidas, com o Sacramento da Crisma. Foi mais uma etapa que voc\u00eas alcan\u00e7aram, que foi longa mas com muita f\u00e9, compreens\u00e3o e perseveran\u00e7a. Agrade\u00e7o aos seus familiares por terem confiado em mim, pois foram dois anos de caminhada juntos. Agrade\u00e7o-os tamb\u00e9m por terem confiado seus queridos filhos a mim, na nossa viagem, ao Rio de Janeiro, \u00e0 Jornada Mundial da Juventude. Foi uma grande alegria para todos n\u00f3s poder estar ao lado do nosso Sant\u00edssimo Papa\u00a0Francisco. Agrade\u00e7o tamb\u00e9m \u00e0 comunidade e \u00e0 nossa querida Rosa, que tanto se empenhou para isso. Obrigada pelo carinho de todos e pelo mimo com que fui presenteada. O maior presente foi Deus ter colocado voc\u00eas em minha vida. Parab\u00e9ns e Felicidades! Contem sempre com a amiga de F\u00e9.\u00a0 Silvia<\/p>\n<p style=\"text-align: justify;\"><a href=\"http:\/\/www.oarcanjo.net\/site\/wp-content\/uploads\/banner-missa-crima-mai-2014.jpg\"><img loading=\"lazy\" decoding=\"async\" class=\"alignleft size-medium wp-image-43182\" src=\"http:\/\/www.oarcanjo.net\/site\/wp-content\/uploads\/banner-missa-crima-mai-2014-300x125.jpg\" alt=\"Crisma 2014\" width=\"300\" height=\"125\" srcset=\"https:\/\/www.oarcanjo.net\/site\/wp-content\/uploads\/banner-missa-crima-mai-2014-300x125.jpg 300w, https:\/\/www.oarcanjo.net\/site\/wp-content\/uploads\/banner-missa-crima-mai-2014.jpg 600w\" sizes=\"(max-width: 300px) 100vw, 300px\" \/><\/a><a href=\"http:\/\/www.oarcanjo.net\/site\/wp-content\/uploads\/IMG_0215.jpg\"><img loading=\"lazy\" decoding=\"async\" class=\"alignright size-medium wp-image-43362\" src=\"http:\/\/www.oarcanjo.net\/site\/wp-content\/uploads\/IMG_0215-300x200.jpg\" alt=\"IMG_0215\" width=\"300\" height=\"200\" srcset=\"https:\/\/www.oarcanjo.net\/site\/wp-content\/uploads\/IMG_0215-300x200.jpg 300w, https:\/\/www.oarcanjo.net\/site\/wp-content\/uploads\/IMG_0215.jpg 640w\" sizes=\"(max-width: 300px) 100vw, 300px\" \/><\/a><\/p>\n<div id=\"themify_builder_content-43361\" data-postid=\"43361\" class=\"themify_builder_content themify_builder_content-43361 themify_builder themify_builder_front\">\n\t<\/div>\n<!-- \/themify_builder_content -->","protected":false},"excerpt":{"rendered":"<p>Aos crismados, por Silvia Carnevalli Queridos Amigos na F\u00e9, Andr\u00e9, Andr\u00e9ia, Beatriz, Bruna Aparecida, Bruna Cardoso, Camila, Carolina, Gabriel Leo, Gabriel Vituriano, Gustavo, Henrique, Jo\u00e3o Fellipe, Josilay, J\u00falia, Lannah, Larissa, Lorena, Lucas Gargel, Lucas Tanaka, Mariana, Marielza, Mariel, Mateus, Renata, Rosa Maria, Stephany e Thayane. \u00c9 com o cora\u00e7\u00e3o cheio de alegria e muito orgulho [&hellip;]<\/p>\n","protected":false},"author":10,"featured_media":0,"comment_status":"open","ping_status":"open","sticky":false,"template":"","format":"standard","meta":{"ngg_post_thumbnail":0,"footnotes":""},"categories":[395,8,7],"tags":[],"yoast_head":"<!-- This site is optimized with the Yoast SEO plugin v23.5 - https:\/\/yoast.com\/wordpress\/plugins\/seo\/ -->\n<title>Aos Crismados da Comunidade S\u00e3o Miguel Arcanjo - O Arcanjo no ar<\/title>\n<meta name=\"robots\" content=\"index, follow, max-snippet:-1, max-image-preview:large, max-video-preview:-1\" \/>\n<link rel=\"canonical\" href=\"https:\/\/www.oarcanjo.net\/site\/aos-crismados-da-comunidade-sao-miguel-arcanjo\/\" \/>\n<meta property=\"og:locale\" content=\"pt_BR\" \/>\n<meta property=\"og:type\" content=\"article\" \/>\n<meta property=\"og:title\" content=\"Aos Crismados da Comunidade S\u00e3o Miguel Arcanjo - O Arcanjo no ar\" \/>\n<meta property=\"og:description\" content=\"Aos crismados, por Silvia Carnevalli Queridos Amigos na F\u00e9, Andr\u00e9, Andr\u00e9ia, Beatriz, Bruna Aparecida, Bruna Cardoso, Camila, Carolina, Gabriel Leo, Gabriel Vituriano, Gustavo, Henrique, Jo\u00e3o Fellipe, Josilay, J\u00falia, Lannah, Larissa, Lorena, Lucas Gargel, Lucas Tanaka, Mariana, Marielza, Mariel, Mateus, Renata, Rosa Maria, Stephany e Thayane. \u00c9 com o cora\u00e7\u00e3o cheio de alegria e muito orgulho [&hellip;]\" \/>\n<meta property=\"og:url\" content=\"https:\/\/www.oarcanjo.net\/site\/aos-crismados-da-comunidade-sao-miguel-arcanjo\/\" \/>\n<meta property=\"og:site_name\" content=\"O Arcanjo no ar\" \/>\n<meta property=\"article:publisher\" content=\"https:\/\/www.facebook.com\/OArcanjoNoAr\/\" \/>\n<meta property=\"article:published_time\" content=\"2014-05-22T01:06:44+00:00\" \/>\n<meta property=\"article:modified_time\" content=\"2014-05-23T01:24:57+00:00\" \/>\n<meta property=\"og:image\" content=\"http:\/\/www.oarcanjo.net\/site\/wp-content\/uploads\/banner-missa-crima-mai-2014-300x125.jpg\" \/>\n<meta name=\"author\" content=\"carlos\" \/>\n<meta name=\"twitter:card\" content=\"summary_large_image\" \/>\n<meta name=\"twitter:label1\" content=\"Escrito por\" \/>\n\t<meta name=\"twitter:data1\" content=\"carlos\" \/>\n\t<meta name=\"twitter:label2\" content=\"Est. tempo de leitura\" \/>\n\t<meta name=\"twitter:data2\" content=\"1 minuto\" \/>\n<script type=\"application\/ld+json\" class=\"yoast-schema-graph\">{\"@context\":\"https:\/\/schema.org\",\"@graph\":[{\"@type\":\"Article\",\"@id\":\"https:\/\/www.oarcanjo.net\/site\/aos-crismados-da-comunidade-sao-miguel-arcanjo\/#article\",\"isPartOf\":{\"@id\":\"https:\/\/www.oarcanjo.net\/site\/aos-crismados-da-comunidade-sao-miguel-arcanjo\/\"},\"author\":{\"name\":\"carlos\",\"@id\":\"https:\/\/www.oarcanjo.net\/site\/#\/schema\/person\/f7870e710d8c8c30673de3a0ac2e451d\"},\"headline\":\"Aos Crismados da Comunidade S\u00e3o Miguel Arcanjo\",\"datePublished\":\"2014-05-22T01:06:44+00:00\",\"dateModified\":\"2014-05-23T01:24:57+00:00\",\"mainEntityOfPage\":{\"@id\":\"https:\/\/www.oarcanjo.net\/site\/aos-crismados-da-comunidade-sao-miguel-arcanjo\/\"},\"wordCount\":215,\"commentCount\":2,\"publisher\":{\"@id\":\"https:\/\/www.oarcanjo.net\/site\/#organization\"},\"image\":{\"@id\":\"https:\/\/www.oarcanjo.net\/site\/aos-crismados-da-comunidade-sao-miguel-arcanjo\/#primaryimage\"},\"thumbnailUrl\":\"http:\/\/www.oarcanjo.net\/site\/wp-content\/uploads\/banner-missa-crima-mai-2014-300x125.jpg\",\"articleSection\":[\"Jovens\",\"Not\u00edcias\",\"Rosto da comunidade\"],\"inLanguage\":\"pt-BR\",\"potentialAction\":[{\"@type\":\"CommentAction\",\"name\":\"Comment\",\"target\":[\"https:\/\/www.oarcanjo.net\/site\/aos-crismados-da-comunidade-sao-miguel-arcanjo\/#respond\"]}]},{\"@type\":\"WebPage\",\"@id\":\"https:\/\/www.oarcanjo.net\/site\/aos-crismados-da-comunidade-sao-miguel-arcanjo\/\",\"url\":\"https:\/\/www.oarcanjo.net\/site\/aos-crismados-da-comunidade-sao-miguel-arcanjo\/\",\"name\":\"Aos Crismados da Comunidade S\u00e3o Miguel Arcanjo - O Arcanjo no ar\",\"isPartOf\":{\"@id\":\"https:\/\/www.oarcanjo.net\/site\/#website\"},\"primaryImageOfPage\":{\"@id\":\"https:\/\/www.oarcanjo.net\/site\/aos-crismados-da-comunidade-sao-miguel-arcanjo\/#primaryimage\"},\"image\":{\"@id\":\"https:\/\/www.oarcanjo.net\/site\/aos-crismados-da-comunidade-sao-miguel-arcanjo\/#primaryimage\"},\"thumbnailUrl\":\"http:\/\/www.oarcanjo.net\/site\/wp-content\/uploads\/banner-missa-crima-mai-2014-300x125.jpg\",\"datePublished\":\"2014-05-22T01:06:44+00:00\",\"dateModified\":\"2014-05-23T01:24:57+00:00\",\"breadcrumb\":{\"@id\":\"https:\/\/www.oarcanjo.net\/site\/aos-crismados-da-comunidade-sao-miguel-arcanjo\/#breadcrumb\"},\"inLanguage\":\"pt-BR\",\"potentialAction\":[{\"@type\":\"ReadAction\",\"target\":[\"https:\/\/www.oarcanjo.net\/site\/aos-crismados-da-comunidade-sao-miguel-arcanjo\/\"]}]},{\"@type\":\"ImageObject\",\"inLanguage\":\"pt-BR\",\"@id\":\"https:\/\/www.oarcanjo.net\/site\/aos-crismados-da-comunidade-sao-miguel-arcanjo\/#primaryimage\",\"url\":\"https:\/\/www.oarcanjo.net\/site\/wp-content\/uploads\/banner-missa-crima-mai-2014.jpg\",\"contentUrl\":\"https:\/\/www.oarcanjo.net\/site\/wp-content\/uploads\/banner-missa-crima-mai-2014.jpg\",\"width\":600,\"height\":250,\"caption\":\"Crisma 2014\"},{\"@type\":\"BreadcrumbList\",\"@id\":\"https:\/\/www.oarcanjo.net\/site\/aos-crismados-da-comunidade-sao-miguel-arcanjo\/#breadcrumb\",\"itemListElement\":[{\"@type\":\"ListItem\",\"position\":1,\"name\":\"In\u00edcio\",\"item\":\"https:\/\/www.oarcanjo.net\/site\/\"},{\"@type\":\"ListItem\",\"position\":2,\"name\":\"Aos Crismados da Comunidade S\u00e3o Miguel Arcanjo\"}]},{\"@type\":\"WebSite\",\"@id\":\"https:\/\/www.oarcanjo.net\/site\/#website\",\"url\":\"https:\/\/www.oarcanjo.net\/site\/\",\"name\":\"O Arcanjo no ar\",\"description\":\"Site da Par\u00f3quia S\u00e3o Miguel Arcanjo (Arquidiocese de SP)\",\"publisher\":{\"@id\":\"https:\/\/www.oarcanjo.net\/site\/#organization\"},\"potentialAction\":[{\"@type\":\"SearchAction\",\"target\":{\"@type\":\"EntryPoint\",\"urlTemplate\":\"https:\/\/www.oarcanjo.net\/site\/?s={search_term_string}\"},\"query-input\":{\"@type\":\"PropertyValueSpecification\",\"valueRequired\":true,\"valueName\":\"search_term_string\"}}],\"inLanguage\":\"pt-BR\"},{\"@type\":\"Organization\",\"@id\":\"https:\/\/www.oarcanjo.net\/site\/#organization\",\"name\":\"Par\u00f3quia S\u00e3o Miguel Arcanjo\",\"url\":\"https:\/\/www.oarcanjo.net\/site\/\",\"logo\":{\"@type\":\"ImageObject\",\"inLanguage\":\"pt-BR\",\"@id\":\"https:\/\/www.oarcanjo.net\/site\/#\/schema\/logo\/image\/\",\"url\":\"https:\/\/www.oarcanjo.net\/site\/wp-content\/uploads\/LogoOArcanjo.png\",\"contentUrl\":\"https:\/\/www.oarcanjo.net\/site\/wp-content\/uploads\/LogoOArcanjo.png\",\"width\":319,\"height\":99,\"caption\":\"Par\u00f3quia S\u00e3o Miguel Arcanjo\"},\"image\":{\"@id\":\"https:\/\/www.oarcanjo.net\/site\/#\/schema\/logo\/image\/\"},\"sameAs\":[\"https:\/\/www.facebook.com\/OArcanjoNoAr\/\"]},{\"@type\":\"Person\",\"@id\":\"https:\/\/www.oarcanjo.net\/site\/#\/schema\/person\/f7870e710d8c8c30673de3a0ac2e451d\",\"name\":\"carlos\"}]}<\/script>\n<!-- \/ Yoast SEO plugin. -->","yoast_head_json":{"title":"Aos Crismados da Comunidade S\u00e3o Miguel Arcanjo - O Arcanjo no ar","robots":{"index":"index","follow":"follow","max-snippet":"max-snippet:-1","max-image-preview":"max-image-preview:large","max-video-preview":"max-video-preview:-1"},"canonical":"https:\/\/www.oarcanjo.net\/site\/aos-crismados-da-comunidade-sao-miguel-arcanjo\/","og_locale":"pt_BR","og_type":"article","og_title":"Aos Crismados da Comunidade S\u00e3o Miguel Arcanjo - O Arcanjo no ar","og_description":"Aos crismados, por Silvia Carnevalli Queridos Amigos na F\u00e9, Andr\u00e9, Andr\u00e9ia, Beatriz, Bruna Aparecida, Bruna Cardoso, Camila, Carolina, Gabriel Leo, Gabriel Vituriano, Gustavo, Henrique, Jo\u00e3o Fellipe, Josilay, J\u00falia, Lannah, Larissa, Lorena, Lucas Gargel, Lucas Tanaka, Mariana, Marielza, Mariel, Mateus, Renata, Rosa Maria, Stephany e Thayane. \u00c9 com o cora\u00e7\u00e3o cheio de alegria e muito orgulho [&hellip;]","og_url":"https:\/\/www.oarcanjo.net\/site\/aos-crismados-da-comunidade-sao-miguel-arcanjo\/","og_site_name":"O Arcanjo no ar","article_publisher":"https:\/\/www.facebook.com\/OArcanjoNoAr\/","article_published_time":"2014-05-22T01:06:44+00:00","article_modified_time":"2014-05-23T01:24:57+00:00","og_image":[{"url":"http:\/\/www.oarcanjo.net\/site\/wp-content\/uploads\/banner-missa-crima-mai-2014-300x125.jpg"}],"author":"carlos","twitter_card":"summary_large_image","twitter_misc":{"Escrito por":"carlos","Est. tempo de leitura":"1 minuto"},"schema":{"@context":"https:\/\/schema.org","@graph":[{"@type":"Article","@id":"https:\/\/www.oarcanjo.net\/site\/aos-crismados-da-comunidade-sao-miguel-arcanjo\/#article","isPartOf":{"@id":"https:\/\/www.oarcanjo.net\/site\/aos-crismados-da-comunidade-sao-miguel-arcanjo\/"},"author":{"name":"carlos","@id":"https:\/\/www.oarcanjo.net\/site\/#\/schema\/person\/f7870e710d8c8c30673de3a0ac2e451d"},"headline":"Aos Crismados da Comunidade S\u00e3o Miguel Arcanjo","datePublished":"2014-05-22T01:06:44+00:00","dateModified":"2014-05-23T01:24:57+00:00","mainEntityOfPage":{"@id":"https:\/\/www.oarcanjo.net\/site\/aos-crismados-da-comunidade-sao-miguel-arcanjo\/"},"wordCount":215,"commentCount":2,"publisher":{"@id":"https:\/\/www.oarcanjo.net\/site\/#organization"},"image":{"@id":"https:\/\/www.oarcanjo.net\/site\/aos-crismados-da-comunidade-sao-miguel-arcanjo\/#primaryimage"},"thumbnailUrl":"http:\/\/www.oarcanjo.net\/site\/wp-content\/uploads\/banner-missa-crima-mai-2014-300x125.jpg","articleSection":["Jovens","Not\u00edcias","Rosto da comunidade"],"inLanguage":"pt-BR","potentialAction":[{"@type":"CommentAction","name":"Comment","target":["https:\/\/www.oarcanjo.net\/site\/aos-crismados-da-comunidade-sao-miguel-arcanjo\/#respond"]}]},{"@type":"WebPage","@id":"https:\/\/www.oarcanjo.net\/site\/aos-crismados-da-comunidade-sao-miguel-arcanjo\/","url":"https:\/\/www.oarcanjo.net\/site\/aos-crismados-da-comunidade-sao-miguel-arcanjo\/","name":"Aos Crismados da Comunidade S\u00e3o Miguel Arcanjo - O Arcanjo no ar","isPartOf":{"@id":"https:\/\/www.oarcanjo.net\/site\/#website"},"primaryImageOfPage":{"@id":"https:\/\/www.oarcanjo.net\/site\/aos-crismados-da-comunidade-sao-miguel-arcanjo\/#primaryimage"},"image":{"@id":"https:\/\/www.oarcanjo.net\/site\/aos-crismados-da-comunidade-sao-miguel-arcanjo\/#primaryimage"},"thumbnailUrl":"http:\/\/www.oarcanjo.net\/site\/wp-content\/uploads\/banner-missa-crima-mai-2014-300x125.jpg","datePublished":"2014-05-22T01:06:44+00:00","dateModified":"2014-05-23T01:24:57+00:00","breadcrumb":{"@id":"https:\/\/www.oarcanjo.net\/site\/aos-crismados-da-comunidade-sao-miguel-arcanjo\/#breadcrumb"},"inLanguage":"pt-BR","potentialAction":[{"@type":"ReadAction","target":["https:\/\/www.oarcanjo.net\/site\/aos-crismados-da-comunidade-sao-miguel-arcanjo\/"]}]},{"@type":"ImageObject","inLanguage":"pt-BR","@id":"https:\/\/www.oarcanjo.net\/site\/aos-crismados-da-comunidade-sao-miguel-arcanjo\/#primaryimage","url":"https:\/\/www.oarcanjo.net\/site\/wp-content\/uploads\/banner-missa-crima-mai-2014.jpg","contentUrl":"https:\/\/www.oarcanjo.net\/site\/wp-content\/uploads\/banner-missa-crima-mai-2014.jpg","width":600,"height":250,"caption":"Crisma 2014"},{"@type":"BreadcrumbList","@id":"https:\/\/www.oarcanjo.net\/site\/aos-crismados-da-comunidade-sao-miguel-arcanjo\/#breadcrumb","itemListElement":[{"@type":"ListItem","position":1,"name":"In\u00edcio","item":"https:\/\/www.oarcanjo.net\/site\/"},{"@type":"ListItem","position":2,"name":"Aos Crismados da Comunidade S\u00e3o Miguel Arcanjo"}]},{"@type":"WebSite","@id":"https:\/\/www.oarcanjo.net\/site\/#website","url":"https:\/\/www.oarcanjo.net\/site\/","name":"O Arcanjo no ar","description":"Site da Par\u00f3quia S\u00e3o Miguel Arcanjo (Arquidiocese de SP)","publisher":{"@id":"https:\/\/www.oarcanjo.net\/site\/#organization"},"potentialAction":[{"@type":"SearchAction","target":{"@type":"EntryPoint","urlTemplate":"https:\/\/www.oarcanjo.net\/site\/?s={search_term_string}"},"query-input":{"@type":"PropertyValueSpecification","valueRequired":true,"valueName":"search_term_string"}}],"inLanguage":"pt-BR"},{"@type":"Organization","@id":"https:\/\/www.oarcanjo.net\/site\/#organization","name":"Par\u00f3quia S\u00e3o Miguel Arcanjo","url":"https:\/\/www.oarcanjo.net\/site\/","logo":{"@type":"ImageObject","inLanguage":"pt-BR","@id":"https:\/\/www.oarcanjo.net\/site\/#\/schema\/logo\/image\/","url":"https:\/\/www.oarcanjo.net\/site\/wp-content\/uploads\/LogoOArcanjo.png","contentUrl":"https:\/\/www.oarcanjo.net\/site\/wp-content\/uploads\/LogoOArcanjo.png","width":319,"height":99,"caption":"Par\u00f3quia S\u00e3o Miguel Arcanjo"},"image":{"@id":"https:\/\/www.oarcanjo.net\/site\/#\/schema\/logo\/image\/"},"sameAs":["https:\/\/www.facebook.com\/OArcanjoNoAr\/"]},{"@type":"Person","@id":"https:\/\/www.oarcanjo.net\/site\/#\/schema\/person\/f7870e710d8c8c30673de3a0ac2e451d","name":"carlos"}]}},"publishpress_future_action":{"enabled":false,"date":"2026-05-06 16:49:58","action":"category","newStatus":"draft","terms":[],"taxonomy":"category"},"publishpress_future_workflow_manual_trigger":{"enabledWorkflows":[]},"_links":{"self":[{"href":"https:\/\/www.oarcanjo.net\/site\/wp-json\/wp\/v2\/posts\/43361"}],"collection":[{"href":"https:\/\/www.oarcanjo.net\/site\/wp-json\/wp\/v2\/posts"}],"about":[{"href":"https:\/\/www.oarcanjo.net\/site\/wp-json\/wp\/v2\/types\/post"}],"author":[{"embeddable":true,"href":"https:\/\/www.oarcanjo.net\/site\/wp-json\/wp\/v2\/users\/10"}],"replies":[{"embeddable":true,"href":"https:\/\/www.oarcanjo.net\/site\/wp-json\/wp\/v2\/comments?post=43361"}],"version-history":[{"count":0,"href":"https:\/\/www.oarcanjo.net\/site\/wp-json\/wp\/v2\/posts\/43361\/revisions"}],"wp:attachment":[{"href":"https:\/\/www.oarcanjo.net\/site\/wp-json\/wp\/v2\/media?parent=43361"}],"wp:term":[{"taxonomy":"category","embeddable":true,"href":"https:\/\/www.oarcanjo.net\/site\/wp-json\/wp\/v2\/categories?post=43361"},{"taxonomy":"post_tag","embeddable":true,"href":"https:\/\/www.oarcanjo.net\/site\/wp-json\/wp\/v2\/tags?post=43361"}],"curies":[{"name":"wp","href":"https:\/\/api.w.org\/{rel}","templated":true}]}}