
{"id":43582,"date":"2014-05-25T21:42:55","date_gmt":"2014-05-26T00:42:55","guid":{"rendered":"http:\/\/www.oarcanjo.net\/site\/?p=43582"},"modified":"2014-05-25T21:48:30","modified_gmt":"2014-05-26T00:48:30","slug":"ponto-da-paz-na-paroquia-sao-miguel","status":"publish","type":"post","link":"https:\/\/www.oarcanjo.net\/site\/ponto-da-paz-na-paroquia-sao-miguel\/","title":{"rendered":"Ponto da Paz na Par\u00f3quia S\u00e3o Miguel"},"content":{"rendered":"<p>COMEMORA\u00c7\u00c3O DOS \u201c50 PONTOS DA PAZ\u201d NA PAR\u00d3QUIA DE S\u00c3O MIGUEL ARCANJO, por Rinalda<\/p>\n<p>Uma das bandeiras dos \u201c50 PONTOS DA PAZ\u201d foi fincada no P\u00e1tio da Par\u00f3quia de S\u00e3o Miguel Arcanjo logo pela manh\u00e3, no s\u00e1bado de 24 de maio, como sinal vis\u00edvel do comprometimento dos membros de sua Comunidade na constru\u00e7\u00e3o de um mundo mais justo e solid\u00e1rio.<\/p>\n<p>Ao longo de todo o dia, muitas pessoas compareceram ao Centro Comunit\u00e1rio, para participar e apoiar de alguma forma os\u201c50 PONTOS DA PAZ\u201d. Doando roupas e alimentos, para os haitianos; agasalhos e cobertores, para aquecer os que moram nas ruas.<\/p>\n<p>O grupo do Encontro de Casais com Cristo &#8211; ECC cadastrou volunt\u00e1rios para doa\u00e7\u00e3o de sangue.<\/p>\n<p>O Pe. Julio Lancellotti, no momento da \u201cCelebra\u00e7\u00e3o da Vida\u201d,\u00a0 da Pastoral da Crian\u00e7a, explicou aos presentes, em especial \u00e0s crian\u00e7as e jovens da Catequese sobre as orienta\u00e7\u00f5es deixadas pela inesquec\u00edvel Dra. \u00a0Zilda Arns, fundadora da Pastoral da Crian\u00e7a, que tem por objetivo\u00a0 atingir a sa\u00fade e inclus\u00e3o social. Na palavra de Deus, ela encorajava e agradecia os seus l\u00edderes pela dedica\u00e7\u00e3o no trabalho: \u201cPara que todas as crian\u00e7as possam crescer em sabedoria e gra\u00e7a diante de Deus e dos homens\u201d (Lc 2,40).<\/p>\n<p>Os jovens participaram com uma apresenta\u00e7\u00e3o teatral que tamb\u00e9m enfatizava o papel da Pastoral da crian\u00e7a na constru\u00e7\u00e3o de uma cultura da paz.<\/p>\n<p>Por fim, foi servido um delicioso lanche ao som da m\u00fasica \u201cQuero a Paz\u201d.<\/p>\n<p>&nbsp;<\/p>\n<p>Vejam as fotos, incluindo algumas feitas\u00a0na Capela da Universidade S\u00e3o Judas Tadeu, que igualmente contaram com a participa\u00e7\u00e3o do Bispo regional Dom Edmar Peron \u00a0ngg_shortcode_0_placeholder<\/p>\n<div id=\"themify_builder_content-43582\" data-postid=\"43582\" class=\"themify_builder_content themify_builder_content-43582 themify_builder themify_builder_front\">\n\t<\/div>\n<!-- \/themify_builder_content -->","protected":false},"excerpt":{"rendered":"<p>COMEMORA\u00c7\u00c3O DOS \u201c50 PONTOS DA PAZ\u201d NA PAR\u00d3QUIA DE S\u00c3O MIGUEL ARCANJO, por Rinalda Uma das bandeiras dos \u201c50 PONTOS DA PAZ\u201d foi fincada no P\u00e1tio da Par\u00f3quia de S\u00e3o Miguel Arcanjo logo pela manh\u00e3, no s\u00e1bado de 24 de maio, como sinal vis\u00edvel do comprometimento dos membros de sua Comunidade na constru\u00e7\u00e3o de um [&hellip;]<\/p>\n","protected":false},"author":10,"featured_media":0,"comment_status":"open","ping_status":"open","sticky":false,"template":"","format":"standard","meta":{"ngg_post_thumbnail":0,"footnotes":""},"categories":[8,7],"tags":[3075],"yoast_head":"<!-- This site is optimized with the Yoast SEO plugin v23.5 - https:\/\/yoast.com\/wordpress\/plugins\/seo\/ -->\n<title>Ponto da Paz na Par\u00f3quia S\u00e3o Miguel - O Arcanjo no ar<\/title>\n<meta name=\"robots\" content=\"index, follow, max-snippet:-1, max-image-preview:large, max-video-preview:-1\" \/>\n<link rel=\"canonical\" href=\"https:\/\/www.oarcanjo.net\/site\/ponto-da-paz-na-paroquia-sao-miguel\/\" \/>\n<meta property=\"og:locale\" content=\"pt_BR\" \/>\n<meta property=\"og:type\" content=\"article\" \/>\n<meta property=\"og:title\" content=\"Ponto da Paz na Par\u00f3quia S\u00e3o Miguel - O Arcanjo no ar\" \/>\n<meta property=\"og:description\" content=\"COMEMORA\u00c7\u00c3O DOS \u201c50 PONTOS DA PAZ\u201d NA PAR\u00d3QUIA DE S\u00c3O MIGUEL ARCANJO, por Rinalda Uma das bandeiras dos \u201c50 PONTOS DA PAZ\u201d foi fincada no P\u00e1tio da Par\u00f3quia de S\u00e3o Miguel Arcanjo logo pela manh\u00e3, no s\u00e1bado de 24 de maio, como sinal vis\u00edvel do comprometimento dos membros de sua Comunidade na constru\u00e7\u00e3o de um [&hellip;]\" \/>\n<meta property=\"og:url\" content=\"https:\/\/www.oarcanjo.net\/site\/ponto-da-paz-na-paroquia-sao-miguel\/\" \/>\n<meta property=\"og:site_name\" content=\"O Arcanjo no ar\" \/>\n<meta property=\"article:publisher\" content=\"https:\/\/www.facebook.com\/OArcanjoNoAr\/\" \/>\n<meta property=\"article:published_time\" content=\"2014-05-26T00:42:55+00:00\" \/>\n<meta property=\"article:modified_time\" content=\"2014-05-26T00:48:30+00:00\" \/>\n<meta property=\"og:image\" content=\"https:\/\/www.oarcanjo.net\/site\/wp-content\/uploads\/logo-o-arcanjo-no-ar-facebook.png\" \/>\n\t<meta property=\"og:image:width\" content=\"300\" \/>\n\t<meta property=\"og:image:height\" content=\"300\" \/>\n\t<meta property=\"og:image:type\" content=\"image\/png\" \/>\n<meta name=\"author\" content=\"carlos\" \/>\n<meta name=\"twitter:card\" content=\"summary_large_image\" \/>\n<meta name=\"twitter:label1\" content=\"Escrito por\" \/>\n\t<meta name=\"twitter:data1\" content=\"carlos\" \/>\n\t<meta name=\"twitter:label2\" content=\"Est. tempo de leitura\" \/>\n\t<meta name=\"twitter:data2\" content=\"1 minuto\" \/>\n<script type=\"application\/ld+json\" class=\"yoast-schema-graph\">{\"@context\":\"https:\/\/schema.org\",\"@graph\":[{\"@type\":\"Article\",\"@id\":\"https:\/\/www.oarcanjo.net\/site\/ponto-da-paz-na-paroquia-sao-miguel\/#article\",\"isPartOf\":{\"@id\":\"https:\/\/www.oarcanjo.net\/site\/ponto-da-paz-na-paroquia-sao-miguel\/\"},\"author\":{\"name\":\"carlos\",\"@id\":\"https:\/\/www.oarcanjo.net\/site\/#\/schema\/person\/f7870e710d8c8c30673de3a0ac2e451d\"},\"headline\":\"Ponto da Paz na Par\u00f3quia S\u00e3o Miguel\",\"datePublished\":\"2014-05-26T00:42:55+00:00\",\"dateModified\":\"2014-05-26T00:48:30+00:00\",\"mainEntityOfPage\":{\"@id\":\"https:\/\/www.oarcanjo.net\/site\/ponto-da-paz-na-paroquia-sao-miguel\/\"},\"wordCount\":301,\"commentCount\":1,\"publisher\":{\"@id\":\"https:\/\/www.oarcanjo.net\/site\/#organization\"},\"keywords\":[\"Ponto da Paz\"],\"articleSection\":[\"Not\u00edcias\",\"Rosto da comunidade\"],\"inLanguage\":\"pt-BR\",\"potentialAction\":[{\"@type\":\"CommentAction\",\"name\":\"Comment\",\"target\":[\"https:\/\/www.oarcanjo.net\/site\/ponto-da-paz-na-paroquia-sao-miguel\/#respond\"]}]},{\"@type\":\"WebPage\",\"@id\":\"https:\/\/www.oarcanjo.net\/site\/ponto-da-paz-na-paroquia-sao-miguel\/\",\"url\":\"https:\/\/www.oarcanjo.net\/site\/ponto-da-paz-na-paroquia-sao-miguel\/\",\"name\":\"Ponto da Paz na Par\u00f3quia S\u00e3o Miguel - O Arcanjo no ar\",\"isPartOf\":{\"@id\":\"https:\/\/www.oarcanjo.net\/site\/#website\"},\"datePublished\":\"2014-05-26T00:42:55+00:00\",\"dateModified\":\"2014-05-26T00:48:30+00:00\",\"breadcrumb\":{\"@id\":\"https:\/\/www.oarcanjo.net\/site\/ponto-da-paz-na-paroquia-sao-miguel\/#breadcrumb\"},\"inLanguage\":\"pt-BR\",\"potentialAction\":[{\"@type\":\"ReadAction\",\"target\":[\"https:\/\/www.oarcanjo.net\/site\/ponto-da-paz-na-paroquia-sao-miguel\/\"]}]},{\"@type\":\"BreadcrumbList\",\"@id\":\"https:\/\/www.oarcanjo.net\/site\/ponto-da-paz-na-paroquia-sao-miguel\/#breadcrumb\",\"itemListElement\":[{\"@type\":\"ListItem\",\"position\":1,\"name\":\"In\u00edcio\",\"item\":\"https:\/\/www.oarcanjo.net\/site\/\"},{\"@type\":\"ListItem\",\"position\":2,\"name\":\"Ponto da Paz na Par\u00f3quia S\u00e3o Miguel\"}]},{\"@type\":\"WebSite\",\"@id\":\"https:\/\/www.oarcanjo.net\/site\/#website\",\"url\":\"https:\/\/www.oarcanjo.net\/site\/\",\"name\":\"O Arcanjo no ar\",\"description\":\"Site da Par\u00f3quia S\u00e3o Miguel Arcanjo (Arquidiocese de SP)\",\"publisher\":{\"@id\":\"https:\/\/www.oarcanjo.net\/site\/#organization\"},\"potentialAction\":[{\"@type\":\"SearchAction\",\"target\":{\"@type\":\"EntryPoint\",\"urlTemplate\":\"https:\/\/www.oarcanjo.net\/site\/?s={search_term_string}\"},\"query-input\":{\"@type\":\"PropertyValueSpecification\",\"valueRequired\":true,\"valueName\":\"search_term_string\"}}],\"inLanguage\":\"pt-BR\"},{\"@type\":\"Organization\",\"@id\":\"https:\/\/www.oarcanjo.net\/site\/#organization\",\"name\":\"Par\u00f3quia S\u00e3o Miguel Arcanjo\",\"url\":\"https:\/\/www.oarcanjo.net\/site\/\",\"logo\":{\"@type\":\"ImageObject\",\"inLanguage\":\"pt-BR\",\"@id\":\"https:\/\/www.oarcanjo.net\/site\/#\/schema\/logo\/image\/\",\"url\":\"https:\/\/www.oarcanjo.net\/site\/wp-content\/uploads\/LogoOArcanjo.png\",\"contentUrl\":\"https:\/\/www.oarcanjo.net\/site\/wp-content\/uploads\/LogoOArcanjo.png\",\"width\":319,\"height\":99,\"caption\":\"Par\u00f3quia S\u00e3o Miguel Arcanjo\"},\"image\":{\"@id\":\"https:\/\/www.oarcanjo.net\/site\/#\/schema\/logo\/image\/\"},\"sameAs\":[\"https:\/\/www.facebook.com\/OArcanjoNoAr\/\"]},{\"@type\":\"Person\",\"@id\":\"https:\/\/www.oarcanjo.net\/site\/#\/schema\/person\/f7870e710d8c8c30673de3a0ac2e451d\",\"name\":\"carlos\"}]}<\/script>\n<!-- \/ Yoast SEO plugin. -->","yoast_head_json":{"title":"Ponto da Paz na Par\u00f3quia S\u00e3o Miguel - O Arcanjo no ar","robots":{"index":"index","follow":"follow","max-snippet":"max-snippet:-1","max-image-preview":"max-image-preview:large","max-video-preview":"max-video-preview:-1"},"canonical":"https:\/\/www.oarcanjo.net\/site\/ponto-da-paz-na-paroquia-sao-miguel\/","og_locale":"pt_BR","og_type":"article","og_title":"Ponto da Paz na Par\u00f3quia S\u00e3o Miguel - O Arcanjo no ar","og_description":"COMEMORA\u00c7\u00c3O DOS \u201c50 PONTOS DA PAZ\u201d NA PAR\u00d3QUIA DE S\u00c3O MIGUEL ARCANJO, por Rinalda Uma das bandeiras dos \u201c50 PONTOS DA PAZ\u201d foi fincada no P\u00e1tio da Par\u00f3quia de S\u00e3o Miguel Arcanjo logo pela manh\u00e3, no s\u00e1bado de 24 de maio, como sinal vis\u00edvel do comprometimento dos membros de sua Comunidade na constru\u00e7\u00e3o de um [&hellip;]","og_url":"https:\/\/www.oarcanjo.net\/site\/ponto-da-paz-na-paroquia-sao-miguel\/","og_site_name":"O Arcanjo no ar","article_publisher":"https:\/\/www.facebook.com\/OArcanjoNoAr\/","article_published_time":"2014-05-26T00:42:55+00:00","article_modified_time":"2014-05-26T00:48:30+00:00","og_image":[{"width":300,"height":300,"url":"https:\/\/www.oarcanjo.net\/site\/wp-content\/uploads\/logo-o-arcanjo-no-ar-facebook.png","type":"image\/png"}],"author":"carlos","twitter_card":"summary_large_image","twitter_misc":{"Escrito por":"carlos","Est. tempo de leitura":"1 minuto"},"schema":{"@context":"https:\/\/schema.org","@graph":[{"@type":"Article","@id":"https:\/\/www.oarcanjo.net\/site\/ponto-da-paz-na-paroquia-sao-miguel\/#article","isPartOf":{"@id":"https:\/\/www.oarcanjo.net\/site\/ponto-da-paz-na-paroquia-sao-miguel\/"},"author":{"name":"carlos","@id":"https:\/\/www.oarcanjo.net\/site\/#\/schema\/person\/f7870e710d8c8c30673de3a0ac2e451d"},"headline":"Ponto da Paz na Par\u00f3quia S\u00e3o Miguel","datePublished":"2014-05-26T00:42:55+00:00","dateModified":"2014-05-26T00:48:30+00:00","mainEntityOfPage":{"@id":"https:\/\/www.oarcanjo.net\/site\/ponto-da-paz-na-paroquia-sao-miguel\/"},"wordCount":301,"commentCount":1,"publisher":{"@id":"https:\/\/www.oarcanjo.net\/site\/#organization"},"keywords":["Ponto da Paz"],"articleSection":["Not\u00edcias","Rosto da comunidade"],"inLanguage":"pt-BR","potentialAction":[{"@type":"CommentAction","name":"Comment","target":["https:\/\/www.oarcanjo.net\/site\/ponto-da-paz-na-paroquia-sao-miguel\/#respond"]}]},{"@type":"WebPage","@id":"https:\/\/www.oarcanjo.net\/site\/ponto-da-paz-na-paroquia-sao-miguel\/","url":"https:\/\/www.oarcanjo.net\/site\/ponto-da-paz-na-paroquia-sao-miguel\/","name":"Ponto da Paz na Par\u00f3quia S\u00e3o Miguel - O Arcanjo no ar","isPartOf":{"@id":"https:\/\/www.oarcanjo.net\/site\/#website"},"datePublished":"2014-05-26T00:42:55+00:00","dateModified":"2014-05-26T00:48:30+00:00","breadcrumb":{"@id":"https:\/\/www.oarcanjo.net\/site\/ponto-da-paz-na-paroquia-sao-miguel\/#breadcrumb"},"inLanguage":"pt-BR","potentialAction":[{"@type":"ReadAction","target":["https:\/\/www.oarcanjo.net\/site\/ponto-da-paz-na-paroquia-sao-miguel\/"]}]},{"@type":"BreadcrumbList","@id":"https:\/\/www.oarcanjo.net\/site\/ponto-da-paz-na-paroquia-sao-miguel\/#breadcrumb","itemListElement":[{"@type":"ListItem","position":1,"name":"In\u00edcio","item":"https:\/\/www.oarcanjo.net\/site\/"},{"@type":"ListItem","position":2,"name":"Ponto da Paz na Par\u00f3quia S\u00e3o Miguel"}]},{"@type":"WebSite","@id":"https:\/\/www.oarcanjo.net\/site\/#website","url":"https:\/\/www.oarcanjo.net\/site\/","name":"O Arcanjo no ar","description":"Site da Par\u00f3quia S\u00e3o Miguel Arcanjo (Arquidiocese de SP)","publisher":{"@id":"https:\/\/www.oarcanjo.net\/site\/#organization"},"potentialAction":[{"@type":"SearchAction","target":{"@type":"EntryPoint","urlTemplate":"https:\/\/www.oarcanjo.net\/site\/?s={search_term_string}"},"query-input":{"@type":"PropertyValueSpecification","valueRequired":true,"valueName":"search_term_string"}}],"inLanguage":"pt-BR"},{"@type":"Organization","@id":"https:\/\/www.oarcanjo.net\/site\/#organization","name":"Par\u00f3quia S\u00e3o Miguel Arcanjo","url":"https:\/\/www.oarcanjo.net\/site\/","logo":{"@type":"ImageObject","inLanguage":"pt-BR","@id":"https:\/\/www.oarcanjo.net\/site\/#\/schema\/logo\/image\/","url":"https:\/\/www.oarcanjo.net\/site\/wp-content\/uploads\/LogoOArcanjo.png","contentUrl":"https:\/\/www.oarcanjo.net\/site\/wp-content\/uploads\/LogoOArcanjo.png","width":319,"height":99,"caption":"Par\u00f3quia S\u00e3o Miguel Arcanjo"},"image":{"@id":"https:\/\/www.oarcanjo.net\/site\/#\/schema\/logo\/image\/"},"sameAs":["https:\/\/www.facebook.com\/OArcanjoNoAr\/"]},{"@type":"Person","@id":"https:\/\/www.oarcanjo.net\/site\/#\/schema\/person\/f7870e710d8c8c30673de3a0ac2e451d","name":"carlos"}]}},"publishpress_future_action":{"enabled":false,"date":"2026-05-06 21:19:35","action":"category","newStatus":"draft","terms":[],"taxonomy":"category"},"publishpress_future_workflow_manual_trigger":{"enabledWorkflows":[]},"_links":{"self":[{"href":"https:\/\/www.oarcanjo.net\/site\/wp-json\/wp\/v2\/posts\/43582"}],"collection":[{"href":"https:\/\/www.oarcanjo.net\/site\/wp-json\/wp\/v2\/posts"}],"about":[{"href":"https:\/\/www.oarcanjo.net\/site\/wp-json\/wp\/v2\/types\/post"}],"author":[{"embeddable":true,"href":"https:\/\/www.oarcanjo.net\/site\/wp-json\/wp\/v2\/users\/10"}],"replies":[{"embeddable":true,"href":"https:\/\/www.oarcanjo.net\/site\/wp-json\/wp\/v2\/comments?post=43582"}],"version-history":[{"count":0,"href":"https:\/\/www.oarcanjo.net\/site\/wp-json\/wp\/v2\/posts\/43582\/revisions"}],"wp:attachment":[{"href":"https:\/\/www.oarcanjo.net\/site\/wp-json\/wp\/v2\/media?parent=43582"}],"wp:term":[{"taxonomy":"category","embeddable":true,"href":"https:\/\/www.oarcanjo.net\/site\/wp-json\/wp\/v2\/categories?post=43582"},{"taxonomy":"post_tag","embeddable":true,"href":"https:\/\/www.oarcanjo.net\/site\/wp-json\/wp\/v2\/tags?post=43582"}],"curies":[{"name":"wp","href":"https:\/\/api.w.org\/{rel}","templated":true}]}}