
{"id":43586,"date":"2014-05-25T22:02:08","date_gmt":"2014-05-26T01:02:08","guid":{"rendered":"http:\/\/www.oarcanjo.net\/site\/?p=43586"},"modified":"2014-06-20T20:45:18","modified_gmt":"2014-06-20T23:45:18","slug":"batizados-de-maio-de-2014","status":"publish","type":"post","link":"https:\/\/www.oarcanjo.net\/site\/batizados-de-maio-de-2014\/","title":{"rendered":"Batizados de maio de 2014"},"content":{"rendered":"<p style=\"text-align: justify;\">Domingo onde mais 17 crian\u00e7as foram batizadas na Capela da Universidade S\u00e3o Judas Tadeu, come\u00e7ando como j\u00e1 \u00e9 tradi\u00e7\u00e3o, \u00e0, s 9h30 e seguindo com a celebra\u00e7\u00e3o eucar\u00edstica das 10hs.<\/p>\n<p style=\"text-align: justify;\">Foram batizados o Bernardo Ramos Massera, Bruno Henrique Freitas Vieira, Felipe Finta Barizza, Giovanni Louis Abramo, Guilherme Shintate Martinez, Heloisa M\u00f3s Macedo, Isabella Luiz Figueiredo, Julia Castilho Bovi, Laura Gomes das Neves, Lucas Martins Clempch, Manuela Marquezini Leite Barbosa, Miguel Mos Tiliaque, Pietra Moura Aires, Rafael Gomes Marinho, Rodrigo Borges Santos, Sofia Moura Aires e Yasmin de Oliveira Borba.<\/p>\n<p style=\"text-align: justify;\">Tamb\u00e9m foi celebrada a p\u00e1scoa do nosso irm\u00e3o Edson, que foi para a casa do Pai, v\u00edtima da condi\u00e7\u00e3o fragilizada da rua e a chuva fria com granizo do domingo anterior.<\/p>\n<p>Vejam as fotos ngg_shortcode_0_placeholder<\/p>\n<div id=\"themify_builder_content-43586\" data-postid=\"43586\" class=\"themify_builder_content themify_builder_content-43586 themify_builder themify_builder_front\">\n\t<\/div>\n<!-- \/themify_builder_content -->","protected":false},"excerpt":{"rendered":"<p>Domingo onde mais 17 crian\u00e7as foram batizadas na Capela da Universidade S\u00e3o Judas Tadeu, come\u00e7ando como j\u00e1 \u00e9 tradi\u00e7\u00e3o, \u00e0, s 9h30 e seguindo com a celebra\u00e7\u00e3o eucar\u00edstica das 10hs. Foram batizados o Bernardo Ramos Massera, Bruno Henrique Freitas Vieira, Felipe Finta Barizza, Giovanni Louis Abramo, Guilherme Shintate Martinez, Heloisa M\u00f3s Macedo, Isabella Luiz Figueiredo, [&hellip;]<\/p>\n","protected":false},"author":10,"featured_media":0,"comment_status":"open","ping_status":"open","sticky":false,"template":"","format":"standard","meta":{"ngg_post_thumbnail":0,"footnotes":""},"categories":[3,8,7],"tags":[],"yoast_head":"<!-- This site is optimized with the Yoast SEO plugin v23.5 - https:\/\/yoast.com\/wordpress\/plugins\/seo\/ -->\n<title>Batizados de maio de 2014 - O Arcanjo no ar<\/title>\n<meta name=\"robots\" content=\"index, follow, max-snippet:-1, max-image-preview:large, max-video-preview:-1\" \/>\n<link rel=\"canonical\" href=\"https:\/\/www.oarcanjo.net\/site\/batizados-de-maio-de-2014\/\" \/>\n<meta property=\"og:locale\" content=\"pt_BR\" \/>\n<meta property=\"og:type\" content=\"article\" \/>\n<meta property=\"og:title\" content=\"Batizados de maio de 2014 - O Arcanjo no ar\" \/>\n<meta property=\"og:description\" content=\"Domingo onde mais 17 crian\u00e7as foram batizadas na Capela da Universidade S\u00e3o Judas Tadeu, come\u00e7ando como j\u00e1 \u00e9 tradi\u00e7\u00e3o, \u00e0, s 9h30 e seguindo com a celebra\u00e7\u00e3o eucar\u00edstica das 10hs. Foram batizados o Bernardo Ramos Massera, Bruno Henrique Freitas Vieira, Felipe Finta Barizza, Giovanni Louis Abramo, Guilherme Shintate Martinez, Heloisa M\u00f3s Macedo, Isabella Luiz Figueiredo, [&hellip;]\" \/>\n<meta property=\"og:url\" content=\"https:\/\/www.oarcanjo.net\/site\/batizados-de-maio-de-2014\/\" \/>\n<meta property=\"og:site_name\" content=\"O Arcanjo no ar\" \/>\n<meta property=\"article:publisher\" content=\"https:\/\/www.facebook.com\/OArcanjoNoAr\/\" \/>\n<meta property=\"article:published_time\" content=\"2014-05-26T01:02:08+00:00\" \/>\n<meta property=\"article:modified_time\" content=\"2014-06-20T23:45:18+00:00\" \/>\n<meta property=\"og:image\" content=\"https:\/\/www.oarcanjo.net\/site\/wp-content\/uploads\/logo-o-arcanjo-no-ar-facebook.png\" \/>\n\t<meta property=\"og:image:width\" content=\"300\" \/>\n\t<meta property=\"og:image:height\" content=\"300\" \/>\n\t<meta property=\"og:image:type\" content=\"image\/png\" \/>\n<meta name=\"author\" content=\"carlos\" \/>\n<meta name=\"twitter:card\" content=\"summary_large_image\" \/>\n<meta name=\"twitter:label1\" content=\"Escrito por\" \/>\n\t<meta name=\"twitter:data1\" content=\"carlos\" \/>\n\t<meta name=\"twitter:label2\" content=\"Est. tempo de leitura\" \/>\n\t<meta name=\"twitter:data2\" content=\"1 minuto\" \/>\n<script type=\"application\/ld+json\" class=\"yoast-schema-graph\">{\"@context\":\"https:\/\/schema.org\",\"@graph\":[{\"@type\":\"Article\",\"@id\":\"https:\/\/www.oarcanjo.net\/site\/batizados-de-maio-de-2014\/#article\",\"isPartOf\":{\"@id\":\"https:\/\/www.oarcanjo.net\/site\/batizados-de-maio-de-2014\/\"},\"author\":{\"name\":\"carlos\",\"@id\":\"https:\/\/www.oarcanjo.net\/site\/#\/schema\/person\/f7870e710d8c8c30673de3a0ac2e451d\"},\"headline\":\"Batizados de maio de 2014\",\"datePublished\":\"2014-05-26T01:02:08+00:00\",\"dateModified\":\"2014-06-20T23:45:18+00:00\",\"mainEntityOfPage\":{\"@id\":\"https:\/\/www.oarcanjo.net\/site\/batizados-de-maio-de-2014\/\"},\"wordCount\":138,\"commentCount\":0,\"publisher\":{\"@id\":\"https:\/\/www.oarcanjo.net\/site\/#organization\"},\"articleSection\":[\"Destaques\",\"Not\u00edcias\",\"Rosto da comunidade\"],\"inLanguage\":\"pt-BR\",\"potentialAction\":[{\"@type\":\"CommentAction\",\"name\":\"Comment\",\"target\":[\"https:\/\/www.oarcanjo.net\/site\/batizados-de-maio-de-2014\/#respond\"]}]},{\"@type\":\"WebPage\",\"@id\":\"https:\/\/www.oarcanjo.net\/site\/batizados-de-maio-de-2014\/\",\"url\":\"https:\/\/www.oarcanjo.net\/site\/batizados-de-maio-de-2014\/\",\"name\":\"Batizados de maio de 2014 - O Arcanjo no ar\",\"isPartOf\":{\"@id\":\"https:\/\/www.oarcanjo.net\/site\/#website\"},\"datePublished\":\"2014-05-26T01:02:08+00:00\",\"dateModified\":\"2014-06-20T23:45:18+00:00\",\"breadcrumb\":{\"@id\":\"https:\/\/www.oarcanjo.net\/site\/batizados-de-maio-de-2014\/#breadcrumb\"},\"inLanguage\":\"pt-BR\",\"potentialAction\":[{\"@type\":\"ReadAction\",\"target\":[\"https:\/\/www.oarcanjo.net\/site\/batizados-de-maio-de-2014\/\"]}]},{\"@type\":\"BreadcrumbList\",\"@id\":\"https:\/\/www.oarcanjo.net\/site\/batizados-de-maio-de-2014\/#breadcrumb\",\"itemListElement\":[{\"@type\":\"ListItem\",\"position\":1,\"name\":\"In\u00edcio\",\"item\":\"https:\/\/www.oarcanjo.net\/site\/\"},{\"@type\":\"ListItem\",\"position\":2,\"name\":\"Batizados de maio de 2014\"}]},{\"@type\":\"WebSite\",\"@id\":\"https:\/\/www.oarcanjo.net\/site\/#website\",\"url\":\"https:\/\/www.oarcanjo.net\/site\/\",\"name\":\"O Arcanjo no ar\",\"description\":\"Site da Par\u00f3quia S\u00e3o Miguel Arcanjo (Arquidiocese de SP)\",\"publisher\":{\"@id\":\"https:\/\/www.oarcanjo.net\/site\/#organization\"},\"potentialAction\":[{\"@type\":\"SearchAction\",\"target\":{\"@type\":\"EntryPoint\",\"urlTemplate\":\"https:\/\/www.oarcanjo.net\/site\/?s={search_term_string}\"},\"query-input\":{\"@type\":\"PropertyValueSpecification\",\"valueRequired\":true,\"valueName\":\"search_term_string\"}}],\"inLanguage\":\"pt-BR\"},{\"@type\":\"Organization\",\"@id\":\"https:\/\/www.oarcanjo.net\/site\/#organization\",\"name\":\"Par\u00f3quia S\u00e3o Miguel Arcanjo\",\"url\":\"https:\/\/www.oarcanjo.net\/site\/\",\"logo\":{\"@type\":\"ImageObject\",\"inLanguage\":\"pt-BR\",\"@id\":\"https:\/\/www.oarcanjo.net\/site\/#\/schema\/logo\/image\/\",\"url\":\"https:\/\/www.oarcanjo.net\/site\/wp-content\/uploads\/LogoOArcanjo.png\",\"contentUrl\":\"https:\/\/www.oarcanjo.net\/site\/wp-content\/uploads\/LogoOArcanjo.png\",\"width\":319,\"height\":99,\"caption\":\"Par\u00f3quia S\u00e3o Miguel Arcanjo\"},\"image\":{\"@id\":\"https:\/\/www.oarcanjo.net\/site\/#\/schema\/logo\/image\/\"},\"sameAs\":[\"https:\/\/www.facebook.com\/OArcanjoNoAr\/\"]},{\"@type\":\"Person\",\"@id\":\"https:\/\/www.oarcanjo.net\/site\/#\/schema\/person\/f7870e710d8c8c30673de3a0ac2e451d\",\"name\":\"carlos\"}]}<\/script>\n<!-- \/ Yoast SEO plugin. -->","yoast_head_json":{"title":"Batizados de maio de 2014 - O Arcanjo no ar","robots":{"index":"index","follow":"follow","max-snippet":"max-snippet:-1","max-image-preview":"max-image-preview:large","max-video-preview":"max-video-preview:-1"},"canonical":"https:\/\/www.oarcanjo.net\/site\/batizados-de-maio-de-2014\/","og_locale":"pt_BR","og_type":"article","og_title":"Batizados de maio de 2014 - O Arcanjo no ar","og_description":"Domingo onde mais 17 crian\u00e7as foram batizadas na Capela da Universidade S\u00e3o Judas Tadeu, come\u00e7ando como j\u00e1 \u00e9 tradi\u00e7\u00e3o, \u00e0, s 9h30 e seguindo com a celebra\u00e7\u00e3o eucar\u00edstica das 10hs. Foram batizados o Bernardo Ramos Massera, Bruno Henrique Freitas Vieira, Felipe Finta Barizza, Giovanni Louis Abramo, Guilherme Shintate Martinez, Heloisa M\u00f3s Macedo, Isabella Luiz Figueiredo, [&hellip;]","og_url":"https:\/\/www.oarcanjo.net\/site\/batizados-de-maio-de-2014\/","og_site_name":"O Arcanjo no ar","article_publisher":"https:\/\/www.facebook.com\/OArcanjoNoAr\/","article_published_time":"2014-05-26T01:02:08+00:00","article_modified_time":"2014-06-20T23:45:18+00:00","og_image":[{"width":300,"height":300,"url":"https:\/\/www.oarcanjo.net\/site\/wp-content\/uploads\/logo-o-arcanjo-no-ar-facebook.png","type":"image\/png"}],"author":"carlos","twitter_card":"summary_large_image","twitter_misc":{"Escrito por":"carlos","Est. tempo de leitura":"1 minuto"},"schema":{"@context":"https:\/\/schema.org","@graph":[{"@type":"Article","@id":"https:\/\/www.oarcanjo.net\/site\/batizados-de-maio-de-2014\/#article","isPartOf":{"@id":"https:\/\/www.oarcanjo.net\/site\/batizados-de-maio-de-2014\/"},"author":{"name":"carlos","@id":"https:\/\/www.oarcanjo.net\/site\/#\/schema\/person\/f7870e710d8c8c30673de3a0ac2e451d"},"headline":"Batizados de maio de 2014","datePublished":"2014-05-26T01:02:08+00:00","dateModified":"2014-06-20T23:45:18+00:00","mainEntityOfPage":{"@id":"https:\/\/www.oarcanjo.net\/site\/batizados-de-maio-de-2014\/"},"wordCount":138,"commentCount":0,"publisher":{"@id":"https:\/\/www.oarcanjo.net\/site\/#organization"},"articleSection":["Destaques","Not\u00edcias","Rosto da comunidade"],"inLanguage":"pt-BR","potentialAction":[{"@type":"CommentAction","name":"Comment","target":["https:\/\/www.oarcanjo.net\/site\/batizados-de-maio-de-2014\/#respond"]}]},{"@type":"WebPage","@id":"https:\/\/www.oarcanjo.net\/site\/batizados-de-maio-de-2014\/","url":"https:\/\/www.oarcanjo.net\/site\/batizados-de-maio-de-2014\/","name":"Batizados de maio de 2014 - O Arcanjo no ar","isPartOf":{"@id":"https:\/\/www.oarcanjo.net\/site\/#website"},"datePublished":"2014-05-26T01:02:08+00:00","dateModified":"2014-06-20T23:45:18+00:00","breadcrumb":{"@id":"https:\/\/www.oarcanjo.net\/site\/batizados-de-maio-de-2014\/#breadcrumb"},"inLanguage":"pt-BR","potentialAction":[{"@type":"ReadAction","target":["https:\/\/www.oarcanjo.net\/site\/batizados-de-maio-de-2014\/"]}]},{"@type":"BreadcrumbList","@id":"https:\/\/www.oarcanjo.net\/site\/batizados-de-maio-de-2014\/#breadcrumb","itemListElement":[{"@type":"ListItem","position":1,"name":"In\u00edcio","item":"https:\/\/www.oarcanjo.net\/site\/"},{"@type":"ListItem","position":2,"name":"Batizados de maio de 2014"}]},{"@type":"WebSite","@id":"https:\/\/www.oarcanjo.net\/site\/#website","url":"https:\/\/www.oarcanjo.net\/site\/","name":"O Arcanjo no ar","description":"Site da Par\u00f3quia S\u00e3o Miguel Arcanjo (Arquidiocese de SP)","publisher":{"@id":"https:\/\/www.oarcanjo.net\/site\/#organization"},"potentialAction":[{"@type":"SearchAction","target":{"@type":"EntryPoint","urlTemplate":"https:\/\/www.oarcanjo.net\/site\/?s={search_term_string}"},"query-input":{"@type":"PropertyValueSpecification","valueRequired":true,"valueName":"search_term_string"}}],"inLanguage":"pt-BR"},{"@type":"Organization","@id":"https:\/\/www.oarcanjo.net\/site\/#organization","name":"Par\u00f3quia S\u00e3o Miguel Arcanjo","url":"https:\/\/www.oarcanjo.net\/site\/","logo":{"@type":"ImageObject","inLanguage":"pt-BR","@id":"https:\/\/www.oarcanjo.net\/site\/#\/schema\/logo\/image\/","url":"https:\/\/www.oarcanjo.net\/site\/wp-content\/uploads\/LogoOArcanjo.png","contentUrl":"https:\/\/www.oarcanjo.net\/site\/wp-content\/uploads\/LogoOArcanjo.png","width":319,"height":99,"caption":"Par\u00f3quia S\u00e3o Miguel Arcanjo"},"image":{"@id":"https:\/\/www.oarcanjo.net\/site\/#\/schema\/logo\/image\/"},"sameAs":["https:\/\/www.facebook.com\/OArcanjoNoAr\/"]},{"@type":"Person","@id":"https:\/\/www.oarcanjo.net\/site\/#\/schema\/person\/f7870e710d8c8c30673de3a0ac2e451d","name":"carlos"}]}},"publishpress_future_action":{"enabled":false,"date":"2026-05-06 22:52:14","action":"category","newStatus":"draft","terms":[],"taxonomy":"category"},"publishpress_future_workflow_manual_trigger":{"enabledWorkflows":[]},"_links":{"self":[{"href":"https:\/\/www.oarcanjo.net\/site\/wp-json\/wp\/v2\/posts\/43586"}],"collection":[{"href":"https:\/\/www.oarcanjo.net\/site\/wp-json\/wp\/v2\/posts"}],"about":[{"href":"https:\/\/www.oarcanjo.net\/site\/wp-json\/wp\/v2\/types\/post"}],"author":[{"embeddable":true,"href":"https:\/\/www.oarcanjo.net\/site\/wp-json\/wp\/v2\/users\/10"}],"replies":[{"embeddable":true,"href":"https:\/\/www.oarcanjo.net\/site\/wp-json\/wp\/v2\/comments?post=43586"}],"version-history":[{"count":0,"href":"https:\/\/www.oarcanjo.net\/site\/wp-json\/wp\/v2\/posts\/43586\/revisions"}],"wp:attachment":[{"href":"https:\/\/www.oarcanjo.net\/site\/wp-json\/wp\/v2\/media?parent=43586"}],"wp:term":[{"taxonomy":"category","embeddable":true,"href":"https:\/\/www.oarcanjo.net\/site\/wp-json\/wp\/v2\/categories?post=43586"},{"taxonomy":"post_tag","embeddable":true,"href":"https:\/\/www.oarcanjo.net\/site\/wp-json\/wp\/v2\/tags?post=43586"}],"curies":[{"name":"wp","href":"https:\/\/api.w.org\/{rel}","templated":true}]}}