
{"id":4382,"date":"2009-07-24T08:39:25","date_gmt":"2009-07-24T11:39:25","guid":{"rendered":"http:\/\/www.oarcanjo.net\/site\/?p=4382"},"modified":"2009-07-25T13:05:24","modified_gmt":"2009-07-25T16:05:24","slug":"padre-ezequiel-ramim-martir-da-terra","status":"publish","type":"post","link":"https:\/\/www.oarcanjo.net\/site\/padre-ezequiel-ramim-martir-da-terra\/","title":{"rendered":"Padre Ezequiel Ramin, m\u00e1rtir da terra!"},"content":{"rendered":"<p>Hoje fazemos mem\u00f3ria dos 24 anos da morte violenta do Pe. Ezequiel Ramin, mission\u00e1rio comboniano assassinado em Cacoal,\u00a0 Rond\u00f4nia .<\/p>\n<p>Defensor dos \u00edndios e posseiros, v\u00edtima de emboscada, foi crivado de balas assassinas pelo seu compromisso com os pobres da terra.<\/p>\n<p>D. Luciano Mendes de Almeida um ano depois inaugurou o Centro de Defesa dos Direitos Humanos Pe. Ezequiel Ramin que atua por 23 anos na defesa da vida e dos direitos humanos em nossa cidade.<\/p>\n<p>Atualmente o Centro de Defesa atua com destaque na \u00e1rea da inf\u00e2ncia e adolesc\u00eancia no Forum das Varas Especiais, de jovens em conflito com a Lei , atendendo em parceria com a Defensoria Publica, Funda\u00e7\u00e3o Casa, Universidade S\u00e3o Judas, Secretaria Especial de Direitos Humanos, cerca de 800 jovens e fam\u00edlias por m\u00eas.<\/p>\n<p>O trabalho \u00e9 \u00e1rduo e fecundo na humaniza\u00e7\u00e3o do atendimento no Forum e no devido Processo Legal, tendo por abjetivo maior a diminui\u00e7\u00e3o da viol\u00eancia.<\/p>\n<p>O nosso Centro de Defesa passa por grandes desafios e logo iniciaremos, pelo nosso site, uma campanha para ajud\u00e1-lo e para manter firme a mem\u00f3ria do Pe. Ezequiel Ramin e sua caminhada em Defesa da VIDA!<\/p>\n<div id=\"themify_builder_content-4382\" data-postid=\"4382\" class=\"themify_builder_content themify_builder_content-4382 themify_builder themify_builder_front\">\n\t<\/div>\n<!-- \/themify_builder_content -->","protected":false},"excerpt":{"rendered":"<p>Hoje fazemos mem\u00f3ria dos 24 anos da morte violenta do Pe. Ezequiel Ramin, mission\u00e1rio comboniano assassinado em Cacoal,\u00a0 Rond\u00f4nia . Defensor dos \u00edndios e posseiros, v\u00edtima de emboscada, foi crivado de balas assassinas pelo seu compromisso com os pobres da terra. D. Luciano Mendes de Almeida um ano depois inaugurou o Centro de Defesa dos [&hellip;]<\/p>\n","protected":false},"author":4,"featured_media":0,"comment_status":"open","ping_status":"open","sticky":false,"template":"","format":"standard","meta":{"ngg_post_thumbnail":0,"footnotes":""},"categories":[8],"tags":[273,252,868,940,935,293],"yoast_head":"<!-- This site is optimized with the Yoast SEO plugin v23.5 - https:\/\/yoast.com\/wordpress\/plugins\/seo\/ -->\n<title>Padre Ezequiel Ramin, m\u00e1rtir da terra! - O Arcanjo no ar<\/title>\n<meta name=\"robots\" content=\"index, follow, max-snippet:-1, max-image-preview:large, max-video-preview:-1\" \/>\n<link rel=\"canonical\" href=\"https:\/\/www.oarcanjo.net\/site\/padre-ezequiel-ramim-martir-da-terra\/\" \/>\n<meta property=\"og:locale\" content=\"pt_BR\" \/>\n<meta property=\"og:type\" content=\"article\" \/>\n<meta property=\"og:title\" content=\"Padre Ezequiel Ramin, m\u00e1rtir da terra! - O Arcanjo no ar\" \/>\n<meta property=\"og:description\" content=\"Hoje fazemos mem\u00f3ria dos 24 anos da morte violenta do Pe. Ezequiel Ramin, mission\u00e1rio comboniano assassinado em Cacoal,\u00a0 Rond\u00f4nia . Defensor dos \u00edndios e posseiros, v\u00edtima de emboscada, foi crivado de balas assassinas pelo seu compromisso com os pobres da terra. D. Luciano Mendes de Almeida um ano depois inaugurou o Centro de Defesa dos [&hellip;]\" \/>\n<meta property=\"og:url\" content=\"https:\/\/www.oarcanjo.net\/site\/padre-ezequiel-ramim-martir-da-terra\/\" \/>\n<meta property=\"og:site_name\" content=\"O Arcanjo no ar\" \/>\n<meta property=\"article:publisher\" content=\"https:\/\/www.facebook.com\/OArcanjoNoAr\/\" \/>\n<meta property=\"article:published_time\" content=\"2009-07-24T11:39:25+00:00\" \/>\n<meta property=\"article:modified_time\" content=\"2009-07-25T16:05:24+00:00\" \/>\n<meta property=\"og:image\" content=\"https:\/\/www.oarcanjo.net\/site\/wp-content\/uploads\/logo-o-arcanjo-no-ar-facebook.png\" \/>\n\t<meta property=\"og:image:width\" content=\"300\" \/>\n\t<meta property=\"og:image:height\" content=\"300\" \/>\n\t<meta property=\"og:image:type\" content=\"image\/png\" \/>\n<meta name=\"author\" content=\"julio\" \/>\n<meta name=\"twitter:card\" content=\"summary_large_image\" \/>\n<meta name=\"twitter:label1\" content=\"Escrito por\" \/>\n\t<meta name=\"twitter:data1\" content=\"julio\" \/>\n\t<meta name=\"twitter:label2\" content=\"Est. tempo de leitura\" \/>\n\t<meta name=\"twitter:data2\" content=\"1 minuto\" \/>\n<script type=\"application\/ld+json\" class=\"yoast-schema-graph\">{\"@context\":\"https:\/\/schema.org\",\"@graph\":[{\"@type\":\"Article\",\"@id\":\"https:\/\/www.oarcanjo.net\/site\/padre-ezequiel-ramim-martir-da-terra\/#article\",\"isPartOf\":{\"@id\":\"https:\/\/www.oarcanjo.net\/site\/padre-ezequiel-ramim-martir-da-terra\/\"},\"author\":{\"name\":\"julio\",\"@id\":\"https:\/\/www.oarcanjo.net\/site\/#\/schema\/person\/d78ea01c648c91e29c364b516767079e\"},\"headline\":\"Padre Ezequiel Ramin, m\u00e1rtir da terra!\",\"datePublished\":\"2009-07-24T11:39:25+00:00\",\"dateModified\":\"2009-07-25T16:05:24+00:00\",\"mainEntityOfPage\":{\"@id\":\"https:\/\/www.oarcanjo.net\/site\/padre-ezequiel-ramim-martir-da-terra\/\"},\"wordCount\":205,\"commentCount\":0,\"publisher\":{\"@id\":\"https:\/\/www.oarcanjo.net\/site\/#organization\"},\"keywords\":[\"evangelho\",\"m\u00e1rtir\",\"mart\u00edrio\",\"Padre Ezequiel Ramin\",\"povos ind\u00edgenas\",\"Reforma agr\u00e1ria\"],\"articleSection\":[\"Not\u00edcias\"],\"inLanguage\":\"pt-BR\",\"potentialAction\":[{\"@type\":\"CommentAction\",\"name\":\"Comment\",\"target\":[\"https:\/\/www.oarcanjo.net\/site\/padre-ezequiel-ramim-martir-da-terra\/#respond\"]}]},{\"@type\":\"WebPage\",\"@id\":\"https:\/\/www.oarcanjo.net\/site\/padre-ezequiel-ramim-martir-da-terra\/\",\"url\":\"https:\/\/www.oarcanjo.net\/site\/padre-ezequiel-ramim-martir-da-terra\/\",\"name\":\"Padre Ezequiel Ramin, m\u00e1rtir da terra! - O Arcanjo no ar\",\"isPartOf\":{\"@id\":\"https:\/\/www.oarcanjo.net\/site\/#website\"},\"datePublished\":\"2009-07-24T11:39:25+00:00\",\"dateModified\":\"2009-07-25T16:05:24+00:00\",\"breadcrumb\":{\"@id\":\"https:\/\/www.oarcanjo.net\/site\/padre-ezequiel-ramim-martir-da-terra\/#breadcrumb\"},\"inLanguage\":\"pt-BR\",\"potentialAction\":[{\"@type\":\"ReadAction\",\"target\":[\"https:\/\/www.oarcanjo.net\/site\/padre-ezequiel-ramim-martir-da-terra\/\"]}]},{\"@type\":\"BreadcrumbList\",\"@id\":\"https:\/\/www.oarcanjo.net\/site\/padre-ezequiel-ramim-martir-da-terra\/#breadcrumb\",\"itemListElement\":[{\"@type\":\"ListItem\",\"position\":1,\"name\":\"In\u00edcio\",\"item\":\"https:\/\/www.oarcanjo.net\/site\/\"},{\"@type\":\"ListItem\",\"position\":2,\"name\":\"Padre Ezequiel Ramin, m\u00e1rtir da terra!\"}]},{\"@type\":\"WebSite\",\"@id\":\"https:\/\/www.oarcanjo.net\/site\/#website\",\"url\":\"https:\/\/www.oarcanjo.net\/site\/\",\"name\":\"O Arcanjo no ar\",\"description\":\"Site da Par\u00f3quia S\u00e3o Miguel Arcanjo (Arquidiocese de SP)\",\"publisher\":{\"@id\":\"https:\/\/www.oarcanjo.net\/site\/#organization\"},\"potentialAction\":[{\"@type\":\"SearchAction\",\"target\":{\"@type\":\"EntryPoint\",\"urlTemplate\":\"https:\/\/www.oarcanjo.net\/site\/?s={search_term_string}\"},\"query-input\":{\"@type\":\"PropertyValueSpecification\",\"valueRequired\":true,\"valueName\":\"search_term_string\"}}],\"inLanguage\":\"pt-BR\"},{\"@type\":\"Organization\",\"@id\":\"https:\/\/www.oarcanjo.net\/site\/#organization\",\"name\":\"Par\u00f3quia S\u00e3o Miguel Arcanjo\",\"url\":\"https:\/\/www.oarcanjo.net\/site\/\",\"logo\":{\"@type\":\"ImageObject\",\"inLanguage\":\"pt-BR\",\"@id\":\"https:\/\/www.oarcanjo.net\/site\/#\/schema\/logo\/image\/\",\"url\":\"https:\/\/www.oarcanjo.net\/site\/wp-content\/uploads\/LogoOArcanjo.png\",\"contentUrl\":\"https:\/\/www.oarcanjo.net\/site\/wp-content\/uploads\/LogoOArcanjo.png\",\"width\":319,\"height\":99,\"caption\":\"Par\u00f3quia S\u00e3o Miguel Arcanjo\"},\"image\":{\"@id\":\"https:\/\/www.oarcanjo.net\/site\/#\/schema\/logo\/image\/\"},\"sameAs\":[\"https:\/\/www.facebook.com\/OArcanjoNoAr\/\"]},{\"@type\":\"Person\",\"@id\":\"https:\/\/www.oarcanjo.net\/site\/#\/schema\/person\/d78ea01c648c91e29c364b516767079e\",\"name\":\"julio\",\"sameAs\":[\"http:\/\/www.oarcanjo.net\"]}]}<\/script>\n<!-- \/ Yoast SEO plugin. -->","yoast_head_json":{"title":"Padre Ezequiel Ramin, m\u00e1rtir da terra! - O Arcanjo no ar","robots":{"index":"index","follow":"follow","max-snippet":"max-snippet:-1","max-image-preview":"max-image-preview:large","max-video-preview":"max-video-preview:-1"},"canonical":"https:\/\/www.oarcanjo.net\/site\/padre-ezequiel-ramim-martir-da-terra\/","og_locale":"pt_BR","og_type":"article","og_title":"Padre Ezequiel Ramin, m\u00e1rtir da terra! - O Arcanjo no ar","og_description":"Hoje fazemos mem\u00f3ria dos 24 anos da morte violenta do Pe. Ezequiel Ramin, mission\u00e1rio comboniano assassinado em Cacoal,\u00a0 Rond\u00f4nia . Defensor dos \u00edndios e posseiros, v\u00edtima de emboscada, foi crivado de balas assassinas pelo seu compromisso com os pobres da terra. D. Luciano Mendes de Almeida um ano depois inaugurou o Centro de Defesa dos [&hellip;]","og_url":"https:\/\/www.oarcanjo.net\/site\/padre-ezequiel-ramim-martir-da-terra\/","og_site_name":"O Arcanjo no ar","article_publisher":"https:\/\/www.facebook.com\/OArcanjoNoAr\/","article_published_time":"2009-07-24T11:39:25+00:00","article_modified_time":"2009-07-25T16:05:24+00:00","og_image":[{"width":300,"height":300,"url":"https:\/\/www.oarcanjo.net\/site\/wp-content\/uploads\/logo-o-arcanjo-no-ar-facebook.png","type":"image\/png"}],"author":"julio","twitter_card":"summary_large_image","twitter_misc":{"Escrito por":"julio","Est. tempo de leitura":"1 minuto"},"schema":{"@context":"https:\/\/schema.org","@graph":[{"@type":"Article","@id":"https:\/\/www.oarcanjo.net\/site\/padre-ezequiel-ramim-martir-da-terra\/#article","isPartOf":{"@id":"https:\/\/www.oarcanjo.net\/site\/padre-ezequiel-ramim-martir-da-terra\/"},"author":{"name":"julio","@id":"https:\/\/www.oarcanjo.net\/site\/#\/schema\/person\/d78ea01c648c91e29c364b516767079e"},"headline":"Padre Ezequiel Ramin, m\u00e1rtir da terra!","datePublished":"2009-07-24T11:39:25+00:00","dateModified":"2009-07-25T16:05:24+00:00","mainEntityOfPage":{"@id":"https:\/\/www.oarcanjo.net\/site\/padre-ezequiel-ramim-martir-da-terra\/"},"wordCount":205,"commentCount":0,"publisher":{"@id":"https:\/\/www.oarcanjo.net\/site\/#organization"},"keywords":["evangelho","m\u00e1rtir","mart\u00edrio","Padre Ezequiel Ramin","povos ind\u00edgenas","Reforma agr\u00e1ria"],"articleSection":["Not\u00edcias"],"inLanguage":"pt-BR","potentialAction":[{"@type":"CommentAction","name":"Comment","target":["https:\/\/www.oarcanjo.net\/site\/padre-ezequiel-ramim-martir-da-terra\/#respond"]}]},{"@type":"WebPage","@id":"https:\/\/www.oarcanjo.net\/site\/padre-ezequiel-ramim-martir-da-terra\/","url":"https:\/\/www.oarcanjo.net\/site\/padre-ezequiel-ramim-martir-da-terra\/","name":"Padre Ezequiel Ramin, m\u00e1rtir da terra! - O Arcanjo no ar","isPartOf":{"@id":"https:\/\/www.oarcanjo.net\/site\/#website"},"datePublished":"2009-07-24T11:39:25+00:00","dateModified":"2009-07-25T16:05:24+00:00","breadcrumb":{"@id":"https:\/\/www.oarcanjo.net\/site\/padre-ezequiel-ramim-martir-da-terra\/#breadcrumb"},"inLanguage":"pt-BR","potentialAction":[{"@type":"ReadAction","target":["https:\/\/www.oarcanjo.net\/site\/padre-ezequiel-ramim-martir-da-terra\/"]}]},{"@type":"BreadcrumbList","@id":"https:\/\/www.oarcanjo.net\/site\/padre-ezequiel-ramim-martir-da-terra\/#breadcrumb","itemListElement":[{"@type":"ListItem","position":1,"name":"In\u00edcio","item":"https:\/\/www.oarcanjo.net\/site\/"},{"@type":"ListItem","position":2,"name":"Padre Ezequiel Ramin, m\u00e1rtir da terra!"}]},{"@type":"WebSite","@id":"https:\/\/www.oarcanjo.net\/site\/#website","url":"https:\/\/www.oarcanjo.net\/site\/","name":"O Arcanjo no ar","description":"Site da Par\u00f3quia S\u00e3o Miguel Arcanjo (Arquidiocese de SP)","publisher":{"@id":"https:\/\/www.oarcanjo.net\/site\/#organization"},"potentialAction":[{"@type":"SearchAction","target":{"@type":"EntryPoint","urlTemplate":"https:\/\/www.oarcanjo.net\/site\/?s={search_term_string}"},"query-input":{"@type":"PropertyValueSpecification","valueRequired":true,"valueName":"search_term_string"}}],"inLanguage":"pt-BR"},{"@type":"Organization","@id":"https:\/\/www.oarcanjo.net\/site\/#organization","name":"Par\u00f3quia S\u00e3o Miguel Arcanjo","url":"https:\/\/www.oarcanjo.net\/site\/","logo":{"@type":"ImageObject","inLanguage":"pt-BR","@id":"https:\/\/www.oarcanjo.net\/site\/#\/schema\/logo\/image\/","url":"https:\/\/www.oarcanjo.net\/site\/wp-content\/uploads\/LogoOArcanjo.png","contentUrl":"https:\/\/www.oarcanjo.net\/site\/wp-content\/uploads\/LogoOArcanjo.png","width":319,"height":99,"caption":"Par\u00f3quia S\u00e3o Miguel Arcanjo"},"image":{"@id":"https:\/\/www.oarcanjo.net\/site\/#\/schema\/logo\/image\/"},"sameAs":["https:\/\/www.facebook.com\/OArcanjoNoAr\/"]},{"@type":"Person","@id":"https:\/\/www.oarcanjo.net\/site\/#\/schema\/person\/d78ea01c648c91e29c364b516767079e","name":"julio","sameAs":["http:\/\/www.oarcanjo.net"]}]}},"publishpress_future_action":{"enabled":false,"date":"2026-05-09 03:59:47","action":"category","newStatus":"draft","terms":[],"taxonomy":"category"},"publishpress_future_workflow_manual_trigger":{"enabledWorkflows":[]},"_links":{"self":[{"href":"https:\/\/www.oarcanjo.net\/site\/wp-json\/wp\/v2\/posts\/4382"}],"collection":[{"href":"https:\/\/www.oarcanjo.net\/site\/wp-json\/wp\/v2\/posts"}],"about":[{"href":"https:\/\/www.oarcanjo.net\/site\/wp-json\/wp\/v2\/types\/post"}],"author":[{"embeddable":true,"href":"https:\/\/www.oarcanjo.net\/site\/wp-json\/wp\/v2\/users\/4"}],"replies":[{"embeddable":true,"href":"https:\/\/www.oarcanjo.net\/site\/wp-json\/wp\/v2\/comments?post=4382"}],"version-history":[{"count":0,"href":"https:\/\/www.oarcanjo.net\/site\/wp-json\/wp\/v2\/posts\/4382\/revisions"}],"wp:attachment":[{"href":"https:\/\/www.oarcanjo.net\/site\/wp-json\/wp\/v2\/media?parent=4382"}],"wp:term":[{"taxonomy":"category","embeddable":true,"href":"https:\/\/www.oarcanjo.net\/site\/wp-json\/wp\/v2\/categories?post=4382"},{"taxonomy":"post_tag","embeddable":true,"href":"https:\/\/www.oarcanjo.net\/site\/wp-json\/wp\/v2\/tags?post=4382"}],"curies":[{"name":"wp","href":"https:\/\/api.w.org\/{rel}","templated":true}]}}