
{"id":43998,"date":"2014-05-28T20:25:23","date_gmt":"2014-05-28T23:25:23","guid":{"rendered":"http:\/\/www.oarcanjo.net\/site\/?p=43998"},"modified":"2014-05-28T20:25:23","modified_gmt":"2014-05-28T23:25:23","slug":"varios-chapeus-uma-so-cabeca-a-unidade-da-igreja","status":"publish","type":"post","link":"https:\/\/www.oarcanjo.net\/site\/varios-chapeus-uma-so-cabeca-a-unidade-da-igreja\/","title":{"rendered":"V\u00e1rios chap\u00e9us, uma s\u00f3 cabe\u00e7a: a unidade da Igreja"},"content":{"rendered":"<p><em>Cardeal Odilo Pedro Scherer<\/em><\/p>\n<p>O fato eclesial de maior destaque desses \u00faltimos dias foi, sem d\u00favida, a peregrina\u00e7\u00e3o do papa Francisco \u00e0 Terra Santa, com v\u00e1rios momentos muito significativos. O principal deles foi o encontro com o patriarca ecum\u00eanico greco-ortodoxo Bartolomeu I, na Bas\u00edlica do Santo Sepulcro, no dia 25 de maio.<\/p>\n<p>Francisco quis repetir, 50 anos depois, o encontro hist\u00f3rico de Paulo VI com o patriarca Aten\u00e1goras, que aconteceu ainda em pleno andamento do Conc\u00edlio Ecum\u00eanico Vaticano II. Aquele memor\u00e1vel encontro rompeu o gelo entre Roma e Constantinopla, que perdurava h\u00e1 v\u00e1rios s\u00e9culos, sem que tivesse havido mais nenhum encontro entre um papa de Roma e um patriarca ortodoxo de Constantinopla.<\/p>\n<p>O abra\u00e7o entre os dois chefes de Igrejas abriu imensas esperan\u00e7as para o caminho ecum\u00eanico, t\u00e3o desejado pelo Conc\u00edlio, levando a crer que, em breve, poderia acontecer a reconcilia\u00e7\u00e3o plena entre as duas Igrejas e a reconstitui\u00e7\u00e3o da unidade entre cat\u00f3licos e ortodoxos, rompida pelo cisma do Oriente, em 1054. A quest\u00e3o mais complicada nas rela\u00e7\u00f5es ecum\u00eanicas entre as duas Igrejas \u00e9 eclesiol\u00f3gica, relativa ao primado do sucessor de Pedro e ao exerc\u00edcio do minist\u00e9rio petrino na Igreja.<\/p>\n<p>Em 25 de julho de 1967, iniciando o ano da f\u00e9 em mem\u00f3ria do 19\u00ba s\u00e9culo mart\u00edrio dos ap\u00f3stolos Pedro e Paulo, e j\u00e1 tendo sido encerado o Conc\u00edlio, Paulo VI escreveu ao mesmo patriarca Aten\u00e1goras, com o prop\u00f3sito de avan\u00e7ar no caminho ecum\u00eanico: \u201ceste desejo leva a uma vontade resoluta de fazer tudo o que estiver ao nosso alcance para que chegue o dia do restabelecimento pleno da comunh\u00e3o entre a Igreja do Ocidente e a Igreja do Oriente\u201d.<\/p>\n<p>Muito caminho de aproxima\u00e7\u00e3o tem sido feito ao longo desses 50 anos, mesmo que isso n\u00e3o apare\u00e7a sempre claramente a todos: foram levantadas as rec\u00edprocas excomunh\u00f5es, instaurou-se um di\u00e1logo teol\u00f3gico e mesmo doutrinal entre as duas Igrejas; acontecem gestos de rec\u00edproco apre\u00e7o, como a presen\u00e7a de um representante do Patriarca de Constantinopla na solenidade de S\u00e3o Pedro e S\u00e3o Paulo e de um representante do Papa na festa patronal de Santo Andr\u00e9, no patriarcado de Constantinopla. Mais que tudo, foi significativa a presen\u00e7a do pr\u00f3prio patriarca Bartolomeu I na missa de in\u00edcio do pontificado do papa Francisco, no dia 19 de mar\u00e7o de 2013.<\/p>\n<p>Agora, no encontro ecum\u00eanico de Jerusal\u00e9m, muito desejado por Francisco e patrocinado pelo Patriarca ortodoxo, esse caminho ecum\u00eanico retoma f\u00f4lego. A Declara\u00e7\u00e3o comum entre os dois chefes de Igrejas deixa claro o prop\u00f3sito de buscar a plena unidade e de n\u00e3o se deixar abater pelas dificuldades que o caminho da unidade plena apresenta. Os discursos diante do monumento ao santo sepulcro recordaram bem: n\u00e3o parecia tamb\u00e9m o t\u00famulo o fim de toda esperan\u00e7a? E eis que ele est\u00e1 vazio! Jesus venceu at\u00e9 mesmo a morte, \u00faltimo obst\u00e1culo para a realiza\u00e7\u00e3o do des\u00edgnio de Deus. Pode haver algo imposs\u00edvel para que o sonho da unidade plena da Igreja se realize?!<\/p>\n<p>Claramente, as dificuldades n\u00e3o s\u00e3o desconhecidas ou subestimadas, nem pelo Papa, nem pelo Patriarca. Mas as falas foram repletas de esperan\u00e7a e de convites \u00e0 perseveran\u00e7a, na firme certeza de que o desejo expresso de Jesus n\u00e3o \u00e9 a divis\u00e3o, mas a unidade da sua Igreja. Durante a cerim\u00f4nia ecum\u00eanica, algu\u00e9m comentou sobre a variedade das vestes dos representantes das Igrejas crist\u00e3s, sobretudo dos solid\u00e9us, v\u00e9us e capuzes de ortodoxos, arm\u00eanios, coptas, cat\u00f3licos latinos, arm\u00eanios, maronitas, coptas, melquitas&#8230; \u201cOs chap\u00e9us s\u00e3o diversos, mas&#8230; uma s\u00f3 \u00e9 a cabe\u00e7a da Igreja\u201d. Mesmo que as tradi\u00e7\u00f5es rituais, disciplinares e hist\u00f3rico-culturais sejam diversas, a unidade da Igreja se constr\u00f3i sob a \u00fanica cabe\u00e7a do corpo, que \u00e9 Cristo, Senhor da Igreja.<\/p>\n<div id=\"themify_builder_content-43998\" data-postid=\"43998\" class=\"themify_builder_content themify_builder_content-43998 themify_builder themify_builder_front\">\n\t<\/div>\n<!-- \/themify_builder_content -->","protected":false},"excerpt":{"rendered":"<p>Cardeal Odilo Pedro Scherer O fato eclesial de maior destaque desses \u00faltimos dias foi, sem d\u00favida, a peregrina\u00e7\u00e3o do papa Francisco \u00e0 Terra Santa, com v\u00e1rios momentos muito significativos. O principal deles foi o encontro com o patriarca ecum\u00eanico greco-ortodoxo Bartolomeu I, na Bas\u00edlica do Santo Sepulcro, no dia 25 de maio. Francisco quis repetir, [&hellip;]<\/p>\n","protected":false},"author":5,"featured_media":0,"comment_status":"open","ping_status":"open","sticky":false,"template":"","format":"standard","meta":{"ngg_post_thumbnail":0,"footnotes":""},"categories":[9],"tags":[1055,2433,3076,298,699],"yoast_head":"<!-- This site is optimized with the Yoast SEO plugin v23.5 - https:\/\/yoast.com\/wordpress\/plugins\/seo\/ -->\n<title>V\u00e1rios chap\u00e9us, uma s\u00f3 cabe\u00e7a: a unidade da Igreja - O Arcanjo no ar<\/title>\n<meta name=\"robots\" content=\"index, follow, max-snippet:-1, max-image-preview:large, max-video-preview:-1\" \/>\n<link rel=\"canonical\" href=\"https:\/\/www.oarcanjo.net\/site\/varios-chapeus-uma-so-cabeca-a-unidade-da-igreja\/\" \/>\n<meta property=\"og:locale\" content=\"pt_BR\" \/>\n<meta property=\"og:type\" content=\"article\" \/>\n<meta property=\"og:title\" content=\"V\u00e1rios chap\u00e9us, uma s\u00f3 cabe\u00e7a: a unidade da Igreja - O Arcanjo no ar\" \/>\n<meta property=\"og:description\" content=\"Cardeal Odilo Pedro Scherer O fato eclesial de maior destaque desses \u00faltimos dias foi, sem d\u00favida, a peregrina\u00e7\u00e3o do papa Francisco \u00e0 Terra Santa, com v\u00e1rios momentos muito significativos. O principal deles foi o encontro com o patriarca ecum\u00eanico greco-ortodoxo Bartolomeu I, na Bas\u00edlica do Santo Sepulcro, no dia 25 de maio. Francisco quis repetir, [&hellip;]\" \/>\n<meta property=\"og:url\" content=\"https:\/\/www.oarcanjo.net\/site\/varios-chapeus-uma-so-cabeca-a-unidade-da-igreja\/\" \/>\n<meta property=\"og:site_name\" content=\"O Arcanjo no ar\" \/>\n<meta property=\"article:publisher\" content=\"https:\/\/www.facebook.com\/OArcanjoNoAr\/\" \/>\n<meta property=\"article:published_time\" content=\"2014-05-28T23:25:23+00:00\" \/>\n<meta property=\"og:image\" content=\"https:\/\/www.oarcanjo.net\/site\/wp-content\/uploads\/logo-o-arcanjo-no-ar-facebook.png\" \/>\n\t<meta property=\"og:image:width\" content=\"300\" \/>\n\t<meta property=\"og:image:height\" content=\"300\" \/>\n\t<meta property=\"og:image:type\" content=\"image\/png\" \/>\n<meta name=\"author\" content=\"editor\" \/>\n<meta name=\"twitter:card\" content=\"summary_large_image\" \/>\n<meta name=\"twitter:label1\" content=\"Escrito por\" \/>\n\t<meta name=\"twitter:data1\" content=\"editor\" \/>\n\t<meta name=\"twitter:label2\" content=\"Est. tempo de leitura\" \/>\n\t<meta name=\"twitter:data2\" content=\"3 minutos\" \/>\n<script type=\"application\/ld+json\" class=\"yoast-schema-graph\">{\"@context\":\"https:\/\/schema.org\",\"@graph\":[{\"@type\":\"Article\",\"@id\":\"https:\/\/www.oarcanjo.net\/site\/varios-chapeus-uma-so-cabeca-a-unidade-da-igreja\/#article\",\"isPartOf\":{\"@id\":\"https:\/\/www.oarcanjo.net\/site\/varios-chapeus-uma-so-cabeca-a-unidade-da-igreja\/\"},\"author\":{\"name\":\"editor\",\"@id\":\"https:\/\/www.oarcanjo.net\/site\/#\/schema\/person\/f7024d007863202483a31326673a0838\"},\"headline\":\"V\u00e1rios chap\u00e9us, uma s\u00f3 cabe\u00e7a: a unidade da Igreja\",\"datePublished\":\"2014-05-28T23:25:23+00:00\",\"dateModified\":\"2014-05-28T23:25:23+00:00\",\"mainEntityOfPage\":{\"@id\":\"https:\/\/www.oarcanjo.net\/site\/varios-chapeus-uma-so-cabeca-a-unidade-da-igreja\/\"},\"wordCount\":687,\"commentCount\":0,\"publisher\":{\"@id\":\"https:\/\/www.oarcanjo.net\/site\/#organization\"},\"keywords\":[\"ecumenismo\",\"Papa Francisco\",\"Patriarca ortodoxo\",\"peregrina\u00e7\u00e3o\",\"Terra Santa\"],\"articleSection\":[\"Reflex\u00f5es\"],\"inLanguage\":\"pt-BR\",\"potentialAction\":[{\"@type\":\"CommentAction\",\"name\":\"Comment\",\"target\":[\"https:\/\/www.oarcanjo.net\/site\/varios-chapeus-uma-so-cabeca-a-unidade-da-igreja\/#respond\"]}]},{\"@type\":\"WebPage\",\"@id\":\"https:\/\/www.oarcanjo.net\/site\/varios-chapeus-uma-so-cabeca-a-unidade-da-igreja\/\",\"url\":\"https:\/\/www.oarcanjo.net\/site\/varios-chapeus-uma-so-cabeca-a-unidade-da-igreja\/\",\"name\":\"V\u00e1rios chap\u00e9us, uma s\u00f3 cabe\u00e7a: a unidade da Igreja - O Arcanjo no ar\",\"isPartOf\":{\"@id\":\"https:\/\/www.oarcanjo.net\/site\/#website\"},\"datePublished\":\"2014-05-28T23:25:23+00:00\",\"dateModified\":\"2014-05-28T23:25:23+00:00\",\"breadcrumb\":{\"@id\":\"https:\/\/www.oarcanjo.net\/site\/varios-chapeus-uma-so-cabeca-a-unidade-da-igreja\/#breadcrumb\"},\"inLanguage\":\"pt-BR\",\"potentialAction\":[{\"@type\":\"ReadAction\",\"target\":[\"https:\/\/www.oarcanjo.net\/site\/varios-chapeus-uma-so-cabeca-a-unidade-da-igreja\/\"]}]},{\"@type\":\"BreadcrumbList\",\"@id\":\"https:\/\/www.oarcanjo.net\/site\/varios-chapeus-uma-so-cabeca-a-unidade-da-igreja\/#breadcrumb\",\"itemListElement\":[{\"@type\":\"ListItem\",\"position\":1,\"name\":\"In\u00edcio\",\"item\":\"https:\/\/www.oarcanjo.net\/site\/\"},{\"@type\":\"ListItem\",\"position\":2,\"name\":\"V\u00e1rios chap\u00e9us, uma s\u00f3 cabe\u00e7a: a unidade da Igreja\"}]},{\"@type\":\"WebSite\",\"@id\":\"https:\/\/www.oarcanjo.net\/site\/#website\",\"url\":\"https:\/\/www.oarcanjo.net\/site\/\",\"name\":\"O Arcanjo no ar\",\"description\":\"Site da Par\u00f3quia S\u00e3o Miguel Arcanjo (Arquidiocese de SP)\",\"publisher\":{\"@id\":\"https:\/\/www.oarcanjo.net\/site\/#organization\"},\"potentialAction\":[{\"@type\":\"SearchAction\",\"target\":{\"@type\":\"EntryPoint\",\"urlTemplate\":\"https:\/\/www.oarcanjo.net\/site\/?s={search_term_string}\"},\"query-input\":{\"@type\":\"PropertyValueSpecification\",\"valueRequired\":true,\"valueName\":\"search_term_string\"}}],\"inLanguage\":\"pt-BR\"},{\"@type\":\"Organization\",\"@id\":\"https:\/\/www.oarcanjo.net\/site\/#organization\",\"name\":\"Par\u00f3quia S\u00e3o Miguel Arcanjo\",\"url\":\"https:\/\/www.oarcanjo.net\/site\/\",\"logo\":{\"@type\":\"ImageObject\",\"inLanguage\":\"pt-BR\",\"@id\":\"https:\/\/www.oarcanjo.net\/site\/#\/schema\/logo\/image\/\",\"url\":\"https:\/\/www.oarcanjo.net\/site\/wp-content\/uploads\/LogoOArcanjo.png\",\"contentUrl\":\"https:\/\/www.oarcanjo.net\/site\/wp-content\/uploads\/LogoOArcanjo.png\",\"width\":319,\"height\":99,\"caption\":\"Par\u00f3quia S\u00e3o Miguel Arcanjo\"},\"image\":{\"@id\":\"https:\/\/www.oarcanjo.net\/site\/#\/schema\/logo\/image\/\"},\"sameAs\":[\"https:\/\/www.facebook.com\/OArcanjoNoAr\/\"]},{\"@type\":\"Person\",\"@id\":\"https:\/\/www.oarcanjo.net\/site\/#\/schema\/person\/f7024d007863202483a31326673a0838\",\"name\":\"editor\",\"sameAs\":[\"http:\/\/www.oarcanjo.net\"]}]}<\/script>\n<!-- \/ Yoast SEO plugin. -->","yoast_head_json":{"title":"V\u00e1rios chap\u00e9us, uma s\u00f3 cabe\u00e7a: a unidade da Igreja - O Arcanjo no ar","robots":{"index":"index","follow":"follow","max-snippet":"max-snippet:-1","max-image-preview":"max-image-preview:large","max-video-preview":"max-video-preview:-1"},"canonical":"https:\/\/www.oarcanjo.net\/site\/varios-chapeus-uma-so-cabeca-a-unidade-da-igreja\/","og_locale":"pt_BR","og_type":"article","og_title":"V\u00e1rios chap\u00e9us, uma s\u00f3 cabe\u00e7a: a unidade da Igreja - O Arcanjo no ar","og_description":"Cardeal Odilo Pedro Scherer O fato eclesial de maior destaque desses \u00faltimos dias foi, sem d\u00favida, a peregrina\u00e7\u00e3o do papa Francisco \u00e0 Terra Santa, com v\u00e1rios momentos muito significativos. O principal deles foi o encontro com o patriarca ecum\u00eanico greco-ortodoxo Bartolomeu I, na Bas\u00edlica do Santo Sepulcro, no dia 25 de maio. Francisco quis repetir, [&hellip;]","og_url":"https:\/\/www.oarcanjo.net\/site\/varios-chapeus-uma-so-cabeca-a-unidade-da-igreja\/","og_site_name":"O Arcanjo no ar","article_publisher":"https:\/\/www.facebook.com\/OArcanjoNoAr\/","article_published_time":"2014-05-28T23:25:23+00:00","og_image":[{"width":300,"height":300,"url":"https:\/\/www.oarcanjo.net\/site\/wp-content\/uploads\/logo-o-arcanjo-no-ar-facebook.png","type":"image\/png"}],"author":"editor","twitter_card":"summary_large_image","twitter_misc":{"Escrito por":"editor","Est. tempo de leitura":"3 minutos"},"schema":{"@context":"https:\/\/schema.org","@graph":[{"@type":"Article","@id":"https:\/\/www.oarcanjo.net\/site\/varios-chapeus-uma-so-cabeca-a-unidade-da-igreja\/#article","isPartOf":{"@id":"https:\/\/www.oarcanjo.net\/site\/varios-chapeus-uma-so-cabeca-a-unidade-da-igreja\/"},"author":{"name":"editor","@id":"https:\/\/www.oarcanjo.net\/site\/#\/schema\/person\/f7024d007863202483a31326673a0838"},"headline":"V\u00e1rios chap\u00e9us, uma s\u00f3 cabe\u00e7a: a unidade da Igreja","datePublished":"2014-05-28T23:25:23+00:00","dateModified":"2014-05-28T23:25:23+00:00","mainEntityOfPage":{"@id":"https:\/\/www.oarcanjo.net\/site\/varios-chapeus-uma-so-cabeca-a-unidade-da-igreja\/"},"wordCount":687,"commentCount":0,"publisher":{"@id":"https:\/\/www.oarcanjo.net\/site\/#organization"},"keywords":["ecumenismo","Papa Francisco","Patriarca ortodoxo","peregrina\u00e7\u00e3o","Terra Santa"],"articleSection":["Reflex\u00f5es"],"inLanguage":"pt-BR","potentialAction":[{"@type":"CommentAction","name":"Comment","target":["https:\/\/www.oarcanjo.net\/site\/varios-chapeus-uma-so-cabeca-a-unidade-da-igreja\/#respond"]}]},{"@type":"WebPage","@id":"https:\/\/www.oarcanjo.net\/site\/varios-chapeus-uma-so-cabeca-a-unidade-da-igreja\/","url":"https:\/\/www.oarcanjo.net\/site\/varios-chapeus-uma-so-cabeca-a-unidade-da-igreja\/","name":"V\u00e1rios chap\u00e9us, uma s\u00f3 cabe\u00e7a: a unidade da Igreja - O Arcanjo no ar","isPartOf":{"@id":"https:\/\/www.oarcanjo.net\/site\/#website"},"datePublished":"2014-05-28T23:25:23+00:00","dateModified":"2014-05-28T23:25:23+00:00","breadcrumb":{"@id":"https:\/\/www.oarcanjo.net\/site\/varios-chapeus-uma-so-cabeca-a-unidade-da-igreja\/#breadcrumb"},"inLanguage":"pt-BR","potentialAction":[{"@type":"ReadAction","target":["https:\/\/www.oarcanjo.net\/site\/varios-chapeus-uma-so-cabeca-a-unidade-da-igreja\/"]}]},{"@type":"BreadcrumbList","@id":"https:\/\/www.oarcanjo.net\/site\/varios-chapeus-uma-so-cabeca-a-unidade-da-igreja\/#breadcrumb","itemListElement":[{"@type":"ListItem","position":1,"name":"In\u00edcio","item":"https:\/\/www.oarcanjo.net\/site\/"},{"@type":"ListItem","position":2,"name":"V\u00e1rios chap\u00e9us, uma s\u00f3 cabe\u00e7a: a unidade da Igreja"}]},{"@type":"WebSite","@id":"https:\/\/www.oarcanjo.net\/site\/#website","url":"https:\/\/www.oarcanjo.net\/site\/","name":"O Arcanjo no ar","description":"Site da Par\u00f3quia S\u00e3o Miguel Arcanjo (Arquidiocese de SP)","publisher":{"@id":"https:\/\/www.oarcanjo.net\/site\/#organization"},"potentialAction":[{"@type":"SearchAction","target":{"@type":"EntryPoint","urlTemplate":"https:\/\/www.oarcanjo.net\/site\/?s={search_term_string}"},"query-input":{"@type":"PropertyValueSpecification","valueRequired":true,"valueName":"search_term_string"}}],"inLanguage":"pt-BR"},{"@type":"Organization","@id":"https:\/\/www.oarcanjo.net\/site\/#organization","name":"Par\u00f3quia S\u00e3o Miguel Arcanjo","url":"https:\/\/www.oarcanjo.net\/site\/","logo":{"@type":"ImageObject","inLanguage":"pt-BR","@id":"https:\/\/www.oarcanjo.net\/site\/#\/schema\/logo\/image\/","url":"https:\/\/www.oarcanjo.net\/site\/wp-content\/uploads\/LogoOArcanjo.png","contentUrl":"https:\/\/www.oarcanjo.net\/site\/wp-content\/uploads\/LogoOArcanjo.png","width":319,"height":99,"caption":"Par\u00f3quia S\u00e3o Miguel Arcanjo"},"image":{"@id":"https:\/\/www.oarcanjo.net\/site\/#\/schema\/logo\/image\/"},"sameAs":["https:\/\/www.facebook.com\/OArcanjoNoAr\/"]},{"@type":"Person","@id":"https:\/\/www.oarcanjo.net\/site\/#\/schema\/person\/f7024d007863202483a31326673a0838","name":"editor","sameAs":["http:\/\/www.oarcanjo.net"]}]}},"publishpress_future_action":{"enabled":false,"date":"2026-05-08 20:07:18","action":"category","newStatus":"draft","terms":[],"taxonomy":"category"},"publishpress_future_workflow_manual_trigger":{"enabledWorkflows":[]},"_links":{"self":[{"href":"https:\/\/www.oarcanjo.net\/site\/wp-json\/wp\/v2\/posts\/43998"}],"collection":[{"href":"https:\/\/www.oarcanjo.net\/site\/wp-json\/wp\/v2\/posts"}],"about":[{"href":"https:\/\/www.oarcanjo.net\/site\/wp-json\/wp\/v2\/types\/post"}],"author":[{"embeddable":true,"href":"https:\/\/www.oarcanjo.net\/site\/wp-json\/wp\/v2\/users\/5"}],"replies":[{"embeddable":true,"href":"https:\/\/www.oarcanjo.net\/site\/wp-json\/wp\/v2\/comments?post=43998"}],"version-history":[{"count":0,"href":"https:\/\/www.oarcanjo.net\/site\/wp-json\/wp\/v2\/posts\/43998\/revisions"}],"wp:attachment":[{"href":"https:\/\/www.oarcanjo.net\/site\/wp-json\/wp\/v2\/media?parent=43998"}],"wp:term":[{"taxonomy":"category","embeddable":true,"href":"https:\/\/www.oarcanjo.net\/site\/wp-json\/wp\/v2\/categories?post=43998"},{"taxonomy":"post_tag","embeddable":true,"href":"https:\/\/www.oarcanjo.net\/site\/wp-json\/wp\/v2\/tags?post=43998"}],"curies":[{"name":"wp","href":"https:\/\/api.w.org\/{rel}","templated":true}]}}