
{"id":4405,"date":"2009-07-24T07:52:17","date_gmt":"2009-07-24T10:52:17","guid":{"rendered":"http:\/\/www.oarcanjo.net\/site\/?p=4405"},"modified":"2009-07-25T13:07:28","modified_gmt":"2009-07-25T16:07:28","slug":"padre-ezequiel-ramin-paixao-pela-missao","status":"publish","type":"post","link":"https:\/\/www.oarcanjo.net\/site\/padre-ezequiel-ramin-paixao-pela-missao\/","title":{"rendered":"Padre Ezequiel Ramin: paix\u00e3o pela miss\u00e3o"},"content":{"rendered":"<p style=\"text-align: left;\">\n<p style=\"text-align: left;\">Quem  foi Padre Ezequiel?<br \/>\nUm  servo de Deus, mission\u00e1rio, consagrado sacerdote, pertencente \u00e0 Congrega\u00e7\u00e3o dos  Mission\u00e1rios Combonianos. Nascido em P\u00e1dua, It\u00e1lia, aos 09 de fevereiro de 1953,  em uma fam\u00edlia simples e religiosa, e ordenado sacerdote em 29 de setembro de  1980. Em 01 de setembro de 1983, foi destinado a terras brasileiras, para morar  em Cacoal, Rond\u00f4nia, Diocese de Ji-Paran\u00e1.<\/p>\n<p style=\"text-align: left;\">Como diz o canto: \u201cmuito tempo n\u00e3o dura a verdade, nessas margens  estreitas demais&#8230;\u201d (Ir Cec\u00edlia), e semelhante ao que aconteceu com o pr\u00f3prio  Jesus, assim tamb\u00e9m aconteceu com o Padre Ezequiel. Em t\u00e3o pouco tempo de  miss\u00e3o, sua presen\u00e7a incomodou tanto, a ponto de os ricos tramarem sua morte. E  aos 24 de julho de 1985, quando em miss\u00e3o de paz em favor dos ind\u00edgenas e  posseiros, seu caminho foi interrompido pela maldade dos donos do poder. O Padre  Ezequiel fez sua entrega plena ao Pai, juntando-se \u00e0 multid\u00e3o dos que alvejaram  suas vestes com o sangue do Cordeiro (Ap 7, 14).<\/p>\n<p>Por quais motivos mataram o Padre  Ezequiel?<br \/>\nCertamente pelos mesmos motivos que mataram o Filho de Deus e,  bem como, da\u00ed para c\u00e1, tantos homens e mulheres que v\u00eam sendo tombados desde a  origem da Igreja. O motivo \u00e9 sempre o an\u00fancio do Reino que consiste na justi\u00e7a e  no bem comum. Podemos afirmar que nossa Igreja nasceu com a persegui\u00e7\u00e3o, e por  muito tempo foi fecundada com o sangue do mart\u00edrio. Pois s\u00f3 \u00e9 poss\u00edvel saber  qual a verdadeira Igreja e se somos verdadeiramente Igreja, quando somos  perseguidos e mortos pelo Evangelho e pela defesa dos pobres.<\/p>\n<p>E, neste dia 24 de julho, a Diocese de Ji-Paran\u00e1, em Rond\u00f4nia, por meio do  Projeto Pe Ezequiel, das lideran\u00e7as, pastorais e movimentos de luta pela  justi\u00e7a, faz mem\u00f3ria a este grande mission\u00e1rio, nosso primeiro m\u00e1rtir. E como  bem falou Jo\u00e3o Paulo II: \u201cEle \u00e9 testemunha da caridade\u201d. Pois n\u00e3o h\u00e1 caridade  maior do que dar a vida pelos irm\u00e3os (Jo 15, 13).<\/p>\n<p>A causa que levou o Padre Ezequiel \u00e0 morte e os que a  tramaram continuam bem presentes em nosso meio, disfar\u00e7ados de muitas maneiras.  Continuam mandando e desmandando bem \u00e0 vontade, porque os que deveriam incomodar  simplesmente, com o sil\u00eancio, est\u00e3o consentindo a situa\u00e7\u00e3o. N\u00e3o nos assustemos  se algum dia as pedras come\u00e7arem a gritar, pois elas s\u00e3o menos tolerantes com o  poder do mal e far\u00e3o de tudo para quebrar o sil\u00eancio do medo que nos  domina.<\/p>\n<p>A ess\u00eancia do cristianismo \u00e9 provada em realidades como a  nossa. Porque jamais ir\u00e3o perseguir a igreja que se fecha em sacristias, sem  levar em conta o mart\u00edrio do povo e da Cria\u00e7\u00e3o-Natureza. Mas com certeza, v\u00e3o  nos atacar e nos matar quando definirmos que estamos do lado do verdadeiro  Evangelho de Jesus de Nazar\u00e9, cobrando a efetiva\u00e7\u00e3o da Reforma Agr\u00e1ria e o  respeito \u00e0s \u00e1reas ind\u00edgenas, exigindo aten\u00e7\u00e3o do Estado para com a agricultura  familiar e sustent\u00e1vel e a valoriza\u00e7\u00e3o da educa\u00e7\u00e3o rural. Quando tivermos  coragem de dizer N\u00c3O ao agroneg\u00f3cio, ao avan\u00e7o do latif\u00fandio, \u00e0s constru\u00e7\u00f5es de  barragens para fins de interesses particulares de grupos fechados, que v\u00eam  causando a expuls\u00e3o e a migra\u00e7\u00e3o for\u00e7ada de muitas fam\u00edlias. Quando formos  capazes de abrir a boca e denunciarmos os que sustentam a prostitui\u00e7\u00e3o infantil  e a prolifera\u00e7\u00e3o das drogas que matam nossa inf\u00e2ncia e juventude todos os  dias.<\/p>\n<p>Hoje, 23 anos depois, nossa realidade ainda \u00e9 cercada de  \u201ccatuvas, trincheiras e barricadas\u201d que amea\u00e7am calar a voz da verdade. E por  incr\u00edvel que pare\u00e7a est\u00e3o conseguindo. \u00c9 por isso que a Igreja n\u00e3o deve esquecer  seus m\u00e1rtires, pois o \u201cesquecimento\u201d pode ser traduzido com o consentimento com  o pecado e a fuga do compromisso. E um povo que n\u00e3o faz mem\u00f3ria do seu passado \u00e9  um povo sem hist\u00f3ria e f\u00e1cil de ser manipulado.<\/p>\n<p>O Padre Ezequiel deixou muitos escritos relatando a amigos  os desafios encontrados na miss\u00e3o. Entre tantos, um deles nos chama muito \u00e0  aten\u00e7\u00e3o, diz o seguinte:<\/p>\n<p><em>\u201cEsta noite, diante de sua vida, este mission\u00e1rio chorou.  Contudo, continuo o mesmo com este povo (&#8230;) Estou caminhando com a f\u00e9 que,  como o inverno, cria a primavera. Em minha volta as pessoas morrem \u2013 a mal\u00e1ria  cresceu assustadoramente \u2013 os latifundi\u00e1rios aumentam, os pobres s\u00e3o humilhados,  os policiais matam lavradores, as reservas ind\u00edgenas s\u00e3o invadidas. (&#8230;) Com  dificuldade os meus olhos conseguem ler a hist\u00f3ria de Deus por aqui\u201d<br \/>\n<\/em>Pe.  Ezequiel Ramin<\/p>\n<p>Padre Ezequiel, voc\u00ea deu exemplo de verdadeiro pastor,  colocou sua vida como garantia em favor dos menos favorecidos. A terra de dois  continentes alimentou-se do seu SER. O Brasil recebeu todo o seu sangue, e a  It\u00e1lia, o seu ber\u00e7o original, e familiares receberam seu corpo. Por isso, voc\u00ea \u00e9  nosso tamb\u00e9m e cada dia mais, voc\u00ea est\u00e1 vivo na luta de mulheres e homens que se  doam e tentam manter erguida a mesma bandeira que voc\u00ea segurou at\u00e9 aquele dia 24  de julho de 1985. Ao ler seus escritos percebe-se a dimens\u00e3o de sua paix\u00e3o pelo  Evangelho e pela justi\u00e7a. Portanto, o seu sonho mant\u00e9m vivo em muitos Projetos,  CEBs e Pastorais.<\/p>\n<p><em>Fonte: CEBs Acontecendo, 25 de julho de 2008 \u2013 n.\u00ba 35\u2013 Ano  I<\/em><\/p>\n<div id=\"themify_builder_content-4405\" data-postid=\"4405\" class=\"themify_builder_content themify_builder_content-4405 themify_builder themify_builder_front\">\n\t<\/div>\n<!-- \/themify_builder_content -->","protected":false},"excerpt":{"rendered":"<p>Quem foi Padre Ezequiel? Um servo de Deus, mission\u00e1rio, consagrado sacerdote, pertencente \u00e0 Congrega\u00e7\u00e3o dos Mission\u00e1rios Combonianos. Nascido em P\u00e1dua, It\u00e1lia, aos 09 de fevereiro de 1953, em uma fam\u00edlia simples e religiosa, e ordenado sacerdote em 29 de setembro de 1980. Em 01 de setembro de 1983, foi destinado a terras brasileiras, para morar [&hellip;]<\/p>\n","protected":false},"author":5,"featured_media":0,"comment_status":"open","ping_status":"open","sticky":false,"template":"","format":"standard","meta":{"ngg_post_thumbnail":0,"footnotes":""},"categories":[8],"tags":[273,252,868,940,935,293],"yoast_head":"<!-- This site is optimized with the Yoast SEO plugin v23.5 - https:\/\/yoast.com\/wordpress\/plugins\/seo\/ -->\n<title>Padre Ezequiel Ramin: paix\u00e3o pela miss\u00e3o - O Arcanjo no ar<\/title>\n<meta name=\"robots\" content=\"index, follow, max-snippet:-1, max-image-preview:large, max-video-preview:-1\" \/>\n<link rel=\"canonical\" href=\"https:\/\/www.oarcanjo.net\/site\/padre-ezequiel-ramin-paixao-pela-missao\/\" \/>\n<meta property=\"og:locale\" content=\"pt_BR\" \/>\n<meta property=\"og:type\" content=\"article\" \/>\n<meta property=\"og:title\" content=\"Padre Ezequiel Ramin: paix\u00e3o pela miss\u00e3o - O Arcanjo no ar\" \/>\n<meta property=\"og:description\" content=\"Quem foi Padre Ezequiel? Um servo de Deus, mission\u00e1rio, consagrado sacerdote, pertencente \u00e0 Congrega\u00e7\u00e3o dos Mission\u00e1rios Combonianos. Nascido em P\u00e1dua, It\u00e1lia, aos 09 de fevereiro de 1953, em uma fam\u00edlia simples e religiosa, e ordenado sacerdote em 29 de setembro de 1980. Em 01 de setembro de 1983, foi destinado a terras brasileiras, para morar [&hellip;]\" \/>\n<meta property=\"og:url\" content=\"https:\/\/www.oarcanjo.net\/site\/padre-ezequiel-ramin-paixao-pela-missao\/\" \/>\n<meta property=\"og:site_name\" content=\"O Arcanjo no ar\" \/>\n<meta property=\"article:publisher\" content=\"https:\/\/www.facebook.com\/OArcanjoNoAr\/\" \/>\n<meta property=\"article:published_time\" content=\"2009-07-24T10:52:17+00:00\" \/>\n<meta property=\"article:modified_time\" content=\"2009-07-25T16:07:28+00:00\" \/>\n<meta property=\"og:image\" content=\"https:\/\/www.oarcanjo.net\/site\/wp-content\/uploads\/logo-o-arcanjo-no-ar-facebook.png\" \/>\n\t<meta property=\"og:image:width\" content=\"300\" \/>\n\t<meta property=\"og:image:height\" content=\"300\" \/>\n\t<meta property=\"og:image:type\" content=\"image\/png\" \/>\n<meta name=\"author\" content=\"editor\" \/>\n<meta name=\"twitter:card\" content=\"summary_large_image\" \/>\n<meta name=\"twitter:label1\" content=\"Escrito por\" \/>\n\t<meta name=\"twitter:data1\" content=\"editor\" \/>\n\t<meta name=\"twitter:label2\" content=\"Est. tempo de leitura\" \/>\n\t<meta name=\"twitter:data2\" content=\"5 minutos\" \/>\n<script type=\"application\/ld+json\" class=\"yoast-schema-graph\">{\"@context\":\"https:\/\/schema.org\",\"@graph\":[{\"@type\":\"Article\",\"@id\":\"https:\/\/www.oarcanjo.net\/site\/padre-ezequiel-ramin-paixao-pela-missao\/#article\",\"isPartOf\":{\"@id\":\"https:\/\/www.oarcanjo.net\/site\/padre-ezequiel-ramin-paixao-pela-missao\/\"},\"author\":{\"name\":\"editor\",\"@id\":\"https:\/\/www.oarcanjo.net\/site\/#\/schema\/person\/f7024d007863202483a31326673a0838\"},\"headline\":\"Padre Ezequiel Ramin: paix\u00e3o pela miss\u00e3o\",\"datePublished\":\"2009-07-24T10:52:17+00:00\",\"dateModified\":\"2009-07-25T16:07:28+00:00\",\"mainEntityOfPage\":{\"@id\":\"https:\/\/www.oarcanjo.net\/site\/padre-ezequiel-ramin-paixao-pela-missao\/\"},\"wordCount\":917,\"commentCount\":0,\"publisher\":{\"@id\":\"https:\/\/www.oarcanjo.net\/site\/#organization\"},\"keywords\":[\"evangelho\",\"m\u00e1rtir\",\"mart\u00edrio\",\"Padre Ezequiel Ramin\",\"povos ind\u00edgenas\",\"Reforma agr\u00e1ria\"],\"articleSection\":[\"Not\u00edcias\"],\"inLanguage\":\"pt-BR\",\"potentialAction\":[{\"@type\":\"CommentAction\",\"name\":\"Comment\",\"target\":[\"https:\/\/www.oarcanjo.net\/site\/padre-ezequiel-ramin-paixao-pela-missao\/#respond\"]}]},{\"@type\":\"WebPage\",\"@id\":\"https:\/\/www.oarcanjo.net\/site\/padre-ezequiel-ramin-paixao-pela-missao\/\",\"url\":\"https:\/\/www.oarcanjo.net\/site\/padre-ezequiel-ramin-paixao-pela-missao\/\",\"name\":\"Padre Ezequiel Ramin: paix\u00e3o pela miss\u00e3o - O Arcanjo no ar\",\"isPartOf\":{\"@id\":\"https:\/\/www.oarcanjo.net\/site\/#website\"},\"datePublished\":\"2009-07-24T10:52:17+00:00\",\"dateModified\":\"2009-07-25T16:07:28+00:00\",\"breadcrumb\":{\"@id\":\"https:\/\/www.oarcanjo.net\/site\/padre-ezequiel-ramin-paixao-pela-missao\/#breadcrumb\"},\"inLanguage\":\"pt-BR\",\"potentialAction\":[{\"@type\":\"ReadAction\",\"target\":[\"https:\/\/www.oarcanjo.net\/site\/padre-ezequiel-ramin-paixao-pela-missao\/\"]}]},{\"@type\":\"BreadcrumbList\",\"@id\":\"https:\/\/www.oarcanjo.net\/site\/padre-ezequiel-ramin-paixao-pela-missao\/#breadcrumb\",\"itemListElement\":[{\"@type\":\"ListItem\",\"position\":1,\"name\":\"In\u00edcio\",\"item\":\"https:\/\/www.oarcanjo.net\/site\/\"},{\"@type\":\"ListItem\",\"position\":2,\"name\":\"Padre Ezequiel Ramin: paix\u00e3o pela miss\u00e3o\"}]},{\"@type\":\"WebSite\",\"@id\":\"https:\/\/www.oarcanjo.net\/site\/#website\",\"url\":\"https:\/\/www.oarcanjo.net\/site\/\",\"name\":\"O Arcanjo no ar\",\"description\":\"Site da Par\u00f3quia S\u00e3o Miguel Arcanjo (Arquidiocese de SP)\",\"publisher\":{\"@id\":\"https:\/\/www.oarcanjo.net\/site\/#organization\"},\"potentialAction\":[{\"@type\":\"SearchAction\",\"target\":{\"@type\":\"EntryPoint\",\"urlTemplate\":\"https:\/\/www.oarcanjo.net\/site\/?s={search_term_string}\"},\"query-input\":{\"@type\":\"PropertyValueSpecification\",\"valueRequired\":true,\"valueName\":\"search_term_string\"}}],\"inLanguage\":\"pt-BR\"},{\"@type\":\"Organization\",\"@id\":\"https:\/\/www.oarcanjo.net\/site\/#organization\",\"name\":\"Par\u00f3quia S\u00e3o Miguel Arcanjo\",\"url\":\"https:\/\/www.oarcanjo.net\/site\/\",\"logo\":{\"@type\":\"ImageObject\",\"inLanguage\":\"pt-BR\",\"@id\":\"https:\/\/www.oarcanjo.net\/site\/#\/schema\/logo\/image\/\",\"url\":\"https:\/\/www.oarcanjo.net\/site\/wp-content\/uploads\/LogoOArcanjo.png\",\"contentUrl\":\"https:\/\/www.oarcanjo.net\/site\/wp-content\/uploads\/LogoOArcanjo.png\",\"width\":319,\"height\":99,\"caption\":\"Par\u00f3quia S\u00e3o Miguel Arcanjo\"},\"image\":{\"@id\":\"https:\/\/www.oarcanjo.net\/site\/#\/schema\/logo\/image\/\"},\"sameAs\":[\"https:\/\/www.facebook.com\/OArcanjoNoAr\/\"]},{\"@type\":\"Person\",\"@id\":\"https:\/\/www.oarcanjo.net\/site\/#\/schema\/person\/f7024d007863202483a31326673a0838\",\"name\":\"editor\",\"sameAs\":[\"http:\/\/www.oarcanjo.net\"]}]}<\/script>\n<!-- \/ Yoast SEO plugin. -->","yoast_head_json":{"title":"Padre Ezequiel Ramin: paix\u00e3o pela miss\u00e3o - O Arcanjo no ar","robots":{"index":"index","follow":"follow","max-snippet":"max-snippet:-1","max-image-preview":"max-image-preview:large","max-video-preview":"max-video-preview:-1"},"canonical":"https:\/\/www.oarcanjo.net\/site\/padre-ezequiel-ramin-paixao-pela-missao\/","og_locale":"pt_BR","og_type":"article","og_title":"Padre Ezequiel Ramin: paix\u00e3o pela miss\u00e3o - O Arcanjo no ar","og_description":"Quem foi Padre Ezequiel? Um servo de Deus, mission\u00e1rio, consagrado sacerdote, pertencente \u00e0 Congrega\u00e7\u00e3o dos Mission\u00e1rios Combonianos. Nascido em P\u00e1dua, It\u00e1lia, aos 09 de fevereiro de 1953, em uma fam\u00edlia simples e religiosa, e ordenado sacerdote em 29 de setembro de 1980. Em 01 de setembro de 1983, foi destinado a terras brasileiras, para morar [&hellip;]","og_url":"https:\/\/www.oarcanjo.net\/site\/padre-ezequiel-ramin-paixao-pela-missao\/","og_site_name":"O Arcanjo no ar","article_publisher":"https:\/\/www.facebook.com\/OArcanjoNoAr\/","article_published_time":"2009-07-24T10:52:17+00:00","article_modified_time":"2009-07-25T16:07:28+00:00","og_image":[{"width":300,"height":300,"url":"https:\/\/www.oarcanjo.net\/site\/wp-content\/uploads\/logo-o-arcanjo-no-ar-facebook.png","type":"image\/png"}],"author":"editor","twitter_card":"summary_large_image","twitter_misc":{"Escrito por":"editor","Est. tempo de leitura":"5 minutos"},"schema":{"@context":"https:\/\/schema.org","@graph":[{"@type":"Article","@id":"https:\/\/www.oarcanjo.net\/site\/padre-ezequiel-ramin-paixao-pela-missao\/#article","isPartOf":{"@id":"https:\/\/www.oarcanjo.net\/site\/padre-ezequiel-ramin-paixao-pela-missao\/"},"author":{"name":"editor","@id":"https:\/\/www.oarcanjo.net\/site\/#\/schema\/person\/f7024d007863202483a31326673a0838"},"headline":"Padre Ezequiel Ramin: paix\u00e3o pela miss\u00e3o","datePublished":"2009-07-24T10:52:17+00:00","dateModified":"2009-07-25T16:07:28+00:00","mainEntityOfPage":{"@id":"https:\/\/www.oarcanjo.net\/site\/padre-ezequiel-ramin-paixao-pela-missao\/"},"wordCount":917,"commentCount":0,"publisher":{"@id":"https:\/\/www.oarcanjo.net\/site\/#organization"},"keywords":["evangelho","m\u00e1rtir","mart\u00edrio","Padre Ezequiel Ramin","povos ind\u00edgenas","Reforma agr\u00e1ria"],"articleSection":["Not\u00edcias"],"inLanguage":"pt-BR","potentialAction":[{"@type":"CommentAction","name":"Comment","target":["https:\/\/www.oarcanjo.net\/site\/padre-ezequiel-ramin-paixao-pela-missao\/#respond"]}]},{"@type":"WebPage","@id":"https:\/\/www.oarcanjo.net\/site\/padre-ezequiel-ramin-paixao-pela-missao\/","url":"https:\/\/www.oarcanjo.net\/site\/padre-ezequiel-ramin-paixao-pela-missao\/","name":"Padre Ezequiel Ramin: paix\u00e3o pela miss\u00e3o - O Arcanjo no ar","isPartOf":{"@id":"https:\/\/www.oarcanjo.net\/site\/#website"},"datePublished":"2009-07-24T10:52:17+00:00","dateModified":"2009-07-25T16:07:28+00:00","breadcrumb":{"@id":"https:\/\/www.oarcanjo.net\/site\/padre-ezequiel-ramin-paixao-pela-missao\/#breadcrumb"},"inLanguage":"pt-BR","potentialAction":[{"@type":"ReadAction","target":["https:\/\/www.oarcanjo.net\/site\/padre-ezequiel-ramin-paixao-pela-missao\/"]}]},{"@type":"BreadcrumbList","@id":"https:\/\/www.oarcanjo.net\/site\/padre-ezequiel-ramin-paixao-pela-missao\/#breadcrumb","itemListElement":[{"@type":"ListItem","position":1,"name":"In\u00edcio","item":"https:\/\/www.oarcanjo.net\/site\/"},{"@type":"ListItem","position":2,"name":"Padre Ezequiel Ramin: paix\u00e3o pela miss\u00e3o"}]},{"@type":"WebSite","@id":"https:\/\/www.oarcanjo.net\/site\/#website","url":"https:\/\/www.oarcanjo.net\/site\/","name":"O Arcanjo no ar","description":"Site da Par\u00f3quia S\u00e3o Miguel Arcanjo (Arquidiocese de SP)","publisher":{"@id":"https:\/\/www.oarcanjo.net\/site\/#organization"},"potentialAction":[{"@type":"SearchAction","target":{"@type":"EntryPoint","urlTemplate":"https:\/\/www.oarcanjo.net\/site\/?s={search_term_string}"},"query-input":{"@type":"PropertyValueSpecification","valueRequired":true,"valueName":"search_term_string"}}],"inLanguage":"pt-BR"},{"@type":"Organization","@id":"https:\/\/www.oarcanjo.net\/site\/#organization","name":"Par\u00f3quia S\u00e3o Miguel Arcanjo","url":"https:\/\/www.oarcanjo.net\/site\/","logo":{"@type":"ImageObject","inLanguage":"pt-BR","@id":"https:\/\/www.oarcanjo.net\/site\/#\/schema\/logo\/image\/","url":"https:\/\/www.oarcanjo.net\/site\/wp-content\/uploads\/LogoOArcanjo.png","contentUrl":"https:\/\/www.oarcanjo.net\/site\/wp-content\/uploads\/LogoOArcanjo.png","width":319,"height":99,"caption":"Par\u00f3quia S\u00e3o Miguel Arcanjo"},"image":{"@id":"https:\/\/www.oarcanjo.net\/site\/#\/schema\/logo\/image\/"},"sameAs":["https:\/\/www.facebook.com\/OArcanjoNoAr\/"]},{"@type":"Person","@id":"https:\/\/www.oarcanjo.net\/site\/#\/schema\/person\/f7024d007863202483a31326673a0838","name":"editor","sameAs":["http:\/\/www.oarcanjo.net"]}]}},"publishpress_future_action":{"enabled":false,"date":"2026-05-09 03:59:46","action":"category","newStatus":"draft","terms":[],"taxonomy":"category"},"publishpress_future_workflow_manual_trigger":{"enabledWorkflows":[]},"_links":{"self":[{"href":"https:\/\/www.oarcanjo.net\/site\/wp-json\/wp\/v2\/posts\/4405"}],"collection":[{"href":"https:\/\/www.oarcanjo.net\/site\/wp-json\/wp\/v2\/posts"}],"about":[{"href":"https:\/\/www.oarcanjo.net\/site\/wp-json\/wp\/v2\/types\/post"}],"author":[{"embeddable":true,"href":"https:\/\/www.oarcanjo.net\/site\/wp-json\/wp\/v2\/users\/5"}],"replies":[{"embeddable":true,"href":"https:\/\/www.oarcanjo.net\/site\/wp-json\/wp\/v2\/comments?post=4405"}],"version-history":[{"count":0,"href":"https:\/\/www.oarcanjo.net\/site\/wp-json\/wp\/v2\/posts\/4405\/revisions"}],"wp:attachment":[{"href":"https:\/\/www.oarcanjo.net\/site\/wp-json\/wp\/v2\/media?parent=4405"}],"wp:term":[{"taxonomy":"category","embeddable":true,"href":"https:\/\/www.oarcanjo.net\/site\/wp-json\/wp\/v2\/categories?post=4405"},{"taxonomy":"post_tag","embeddable":true,"href":"https:\/\/www.oarcanjo.net\/site\/wp-json\/wp\/v2\/tags?post=4405"}],"curies":[{"name":"wp","href":"https:\/\/api.w.org\/{rel}","templated":true}]}}