
{"id":44069,"date":"2014-06-01T19:59:38","date_gmt":"2014-06-01T22:59:38","guid":{"rendered":"http:\/\/www.oarcanjo.net\/site\/?p=44069"},"modified":"2014-06-01T20:00:49","modified_gmt":"2014-06-01T23:00:49","slug":"imigracao-na-europa","status":"publish","type":"post","link":"https:\/\/www.oarcanjo.net\/site\/imigracao-na-europa\/","title":{"rendered":"Imigra\u00e7\u00e3o na Europa"},"content":{"rendered":"<p style=\"text-align: justify;\"><em>Pe. Alfredo J. Gon\u00e7alves, CS<\/em><\/p>\n<p style=\"text-align: justify;\">Em 24 horas, nada menos do que 3.300 imigrantes provindos no norte da \u00c1frica desembarcaram no sul da It\u00e1lia, recolhidos com a ajuda das autoridades desse pa\u00eds (\u201copera\u00e7\u00e3o <em>mare nostrum<\/em>\u201d). Parte consider\u00e1vel dessa popula\u00e7\u00e3o em \u00eaxodo \u00e9 formada de mulheres e crian\u00e7as, inclusive rec\u00e9m-nascidas.<\/p>\n<p style=\"text-align: justify;\">Desde janeiro at\u00e9 agora, a quantidade de pessoas desembarcadas na regi\u00e3o j\u00e1 ultrapassa a casa dos 40 mil. Prev\u00ea-se para breve um aumento desse n\u00famero, dada a situa\u00e7\u00e3o de desespero nos portos do outro lado do mar Mediterr\u00e2neo.<\/p>\n<p style=\"text-align: justify;\">Por tr\u00e1s dessa \u201cmultid\u00e3o expatriada\u201d de pr\u00f3fugos e refugiados, o horror do inferno. Inferno de pobreza, mis\u00e9ria e fome, de conflitos armados, de guerras fratricidas, de persegui\u00e7\u00e3o e fuga&#8230;<\/p>\n<p style=\"text-align: justify;\">\u201cNo meio do caminho tinha uma pedra\u201d, como diria o poeta brasileiro Carlos Drummond de Andrade: a m\u00e1fia dos coyotes, intermedi\u00e1rios, atravessadores \u2013 ou na linguagem mais realista de J. B. Scalabrini, \u201cos mercadoes de carne humana\u201d \u2013 que agem dos dois lados do Mediterr\u00e2neo.<\/p>\n<p style=\"text-align: justify;\">No fim da linha (um fim que n\u00e3o deixa de ser um novo come\u00e7o), uma acolhida prec\u00e1ria por parte da It\u00e1lia, em instala\u00e7\u00f5es saturadas e \u00e0 beira do colapso, e uma indiferen\u00e7a de avestruz por parte dos demais pa\u00edses da Uni\u00e3o Europeia.<\/p>\n<p style=\"text-align: justify;\">No horizonte, persiste a esperan\u00e7a e a incerteza dos que caminham em busca de uma nova p\u00e1tria: <em>esperan\u00e7a<\/em> de conquistar enfim \u201cum lugar ao sol\u201d para si e a fam\u00edlia; <em>incerteza<\/em> de como faz\u00ea-lo em meio a um labirinto de tantas adversidades.<\/p>\n<p style=\"text-align: justify;\"><em>Roma, It\u00e1lia, 1\u00ba de junho de 2014<\/em><\/p>\n<p style=\"text-align: justify;\"><em>Anivers\u00e1rio de morte de Dom J. B. Scalabrini<\/em><\/p>\n<div id=\"themify_builder_content-44069\" data-postid=\"44069\" class=\"themify_builder_content themify_builder_content-44069 themify_builder themify_builder_front\">\n\t<\/div>\n<!-- \/themify_builder_content -->","protected":false},"excerpt":{"rendered":"<p>Pe. Alfredo J. Gon\u00e7alves, CS Em 24 horas, nada menos do que 3.300 imigrantes provindos no norte da \u00c1frica desembarcaram no sul da It\u00e1lia, recolhidos com a ajuda das autoridades desse pa\u00eds (\u201copera\u00e7\u00e3o mare nostrum\u201d). Parte consider\u00e1vel dessa popula\u00e7\u00e3o em \u00eaxodo \u00e9 formada de mulheres e crian\u00e7as, inclusive rec\u00e9m-nascidas. Desde janeiro at\u00e9 agora, a quantidade [&hellip;]<\/p>\n","protected":false},"author":15,"featured_media":0,"comment_status":"open","ping_status":"open","sticky":false,"template":"","format":"standard","meta":{"ngg_post_thumbnail":0,"footnotes":""},"categories":[9],"tags":[],"yoast_head":"<!-- This site is optimized with the Yoast SEO plugin v23.5 - https:\/\/yoast.com\/wordpress\/plugins\/seo\/ -->\n<title>Imigra\u00e7\u00e3o na Europa - O Arcanjo no ar<\/title>\n<meta name=\"robots\" content=\"index, follow, max-snippet:-1, max-image-preview:large, max-video-preview:-1\" \/>\n<link rel=\"canonical\" href=\"https:\/\/www.oarcanjo.net\/site\/imigracao-na-europa\/\" \/>\n<meta property=\"og:locale\" content=\"pt_BR\" \/>\n<meta property=\"og:type\" content=\"article\" \/>\n<meta property=\"og:title\" content=\"Imigra\u00e7\u00e3o na Europa - O Arcanjo no ar\" \/>\n<meta property=\"og:description\" content=\"Pe. Alfredo J. Gon\u00e7alves, CS Em 24 horas, nada menos do que 3.300 imigrantes provindos no norte da \u00c1frica desembarcaram no sul da It\u00e1lia, recolhidos com a ajuda das autoridades desse pa\u00eds (\u201copera\u00e7\u00e3o mare nostrum\u201d). Parte consider\u00e1vel dessa popula\u00e7\u00e3o em \u00eaxodo \u00e9 formada de mulheres e crian\u00e7as, inclusive rec\u00e9m-nascidas. Desde janeiro at\u00e9 agora, a quantidade [&hellip;]\" \/>\n<meta property=\"og:url\" content=\"https:\/\/www.oarcanjo.net\/site\/imigracao-na-europa\/\" \/>\n<meta property=\"og:site_name\" content=\"O Arcanjo no ar\" \/>\n<meta property=\"article:publisher\" content=\"https:\/\/www.facebook.com\/OArcanjoNoAr\/\" \/>\n<meta property=\"article:published_time\" content=\"2014-06-01T22:59:38+00:00\" \/>\n<meta property=\"article:modified_time\" content=\"2014-06-01T23:00:49+00:00\" \/>\n<meta property=\"og:image\" content=\"https:\/\/www.oarcanjo.net\/site\/wp-content\/uploads\/logo-o-arcanjo-no-ar-facebook.png\" \/>\n\t<meta property=\"og:image:width\" content=\"300\" \/>\n\t<meta property=\"og:image:height\" content=\"300\" \/>\n\t<meta property=\"og:image:type\" content=\"image\/png\" \/>\n<meta name=\"author\" content=\"Alexandre Nunes\" \/>\n<meta name=\"twitter:card\" content=\"summary_large_image\" \/>\n<meta name=\"twitter:label1\" content=\"Escrito por\" \/>\n\t<meta name=\"twitter:data1\" content=\"Alexandre Nunes\" \/>\n\t<meta name=\"twitter:label2\" content=\"Est. tempo de leitura\" \/>\n\t<meta name=\"twitter:data2\" content=\"1 minuto\" \/>\n<script type=\"application\/ld+json\" class=\"yoast-schema-graph\">{\"@context\":\"https:\/\/schema.org\",\"@graph\":[{\"@type\":\"Article\",\"@id\":\"https:\/\/www.oarcanjo.net\/site\/imigracao-na-europa\/#article\",\"isPartOf\":{\"@id\":\"https:\/\/www.oarcanjo.net\/site\/imigracao-na-europa\/\"},\"author\":{\"name\":\"Alexandre Nunes\",\"@id\":\"https:\/\/www.oarcanjo.net\/site\/#\/schema\/person\/0a2ae077c1a09b69d29928e3b9f1c0d1\"},\"headline\":\"Imigra\u00e7\u00e3o na Europa\",\"datePublished\":\"2014-06-01T22:59:38+00:00\",\"dateModified\":\"2014-06-01T23:00:49+00:00\",\"mainEntityOfPage\":{\"@id\":\"https:\/\/www.oarcanjo.net\/site\/imigracao-na-europa\/\"},\"wordCount\":291,\"commentCount\":0,\"publisher\":{\"@id\":\"https:\/\/www.oarcanjo.net\/site\/#organization\"},\"articleSection\":[\"Reflex\u00f5es\"],\"inLanguage\":\"pt-BR\",\"potentialAction\":[{\"@type\":\"CommentAction\",\"name\":\"Comment\",\"target\":[\"https:\/\/www.oarcanjo.net\/site\/imigracao-na-europa\/#respond\"]}]},{\"@type\":\"WebPage\",\"@id\":\"https:\/\/www.oarcanjo.net\/site\/imigracao-na-europa\/\",\"url\":\"https:\/\/www.oarcanjo.net\/site\/imigracao-na-europa\/\",\"name\":\"Imigra\u00e7\u00e3o na Europa - O Arcanjo no ar\",\"isPartOf\":{\"@id\":\"https:\/\/www.oarcanjo.net\/site\/#website\"},\"datePublished\":\"2014-06-01T22:59:38+00:00\",\"dateModified\":\"2014-06-01T23:00:49+00:00\",\"breadcrumb\":{\"@id\":\"https:\/\/www.oarcanjo.net\/site\/imigracao-na-europa\/#breadcrumb\"},\"inLanguage\":\"pt-BR\",\"potentialAction\":[{\"@type\":\"ReadAction\",\"target\":[\"https:\/\/www.oarcanjo.net\/site\/imigracao-na-europa\/\"]}]},{\"@type\":\"BreadcrumbList\",\"@id\":\"https:\/\/www.oarcanjo.net\/site\/imigracao-na-europa\/#breadcrumb\",\"itemListElement\":[{\"@type\":\"ListItem\",\"position\":1,\"name\":\"In\u00edcio\",\"item\":\"https:\/\/www.oarcanjo.net\/site\/\"},{\"@type\":\"ListItem\",\"position\":2,\"name\":\"Imigra\u00e7\u00e3o na Europa\"}]},{\"@type\":\"WebSite\",\"@id\":\"https:\/\/www.oarcanjo.net\/site\/#website\",\"url\":\"https:\/\/www.oarcanjo.net\/site\/\",\"name\":\"O Arcanjo no ar\",\"description\":\"Site da Par\u00f3quia S\u00e3o Miguel Arcanjo (Arquidiocese de SP)\",\"publisher\":{\"@id\":\"https:\/\/www.oarcanjo.net\/site\/#organization\"},\"potentialAction\":[{\"@type\":\"SearchAction\",\"target\":{\"@type\":\"EntryPoint\",\"urlTemplate\":\"https:\/\/www.oarcanjo.net\/site\/?s={search_term_string}\"},\"query-input\":{\"@type\":\"PropertyValueSpecification\",\"valueRequired\":true,\"valueName\":\"search_term_string\"}}],\"inLanguage\":\"pt-BR\"},{\"@type\":\"Organization\",\"@id\":\"https:\/\/www.oarcanjo.net\/site\/#organization\",\"name\":\"Par\u00f3quia S\u00e3o Miguel Arcanjo\",\"url\":\"https:\/\/www.oarcanjo.net\/site\/\",\"logo\":{\"@type\":\"ImageObject\",\"inLanguage\":\"pt-BR\",\"@id\":\"https:\/\/www.oarcanjo.net\/site\/#\/schema\/logo\/image\/\",\"url\":\"https:\/\/www.oarcanjo.net\/site\/wp-content\/uploads\/LogoOArcanjo.png\",\"contentUrl\":\"https:\/\/www.oarcanjo.net\/site\/wp-content\/uploads\/LogoOArcanjo.png\",\"width\":319,\"height\":99,\"caption\":\"Par\u00f3quia S\u00e3o Miguel Arcanjo\"},\"image\":{\"@id\":\"https:\/\/www.oarcanjo.net\/site\/#\/schema\/logo\/image\/\"},\"sameAs\":[\"https:\/\/www.facebook.com\/OArcanjoNoAr\/\"]},{\"@type\":\"Person\",\"@id\":\"https:\/\/www.oarcanjo.net\/site\/#\/schema\/person\/0a2ae077c1a09b69d29928e3b9f1c0d1\",\"name\":\"Alexandre Nunes\",\"sameAs\":[\"http:\/\/alexandrenu.com\"]}]}<\/script>\n<!-- \/ Yoast SEO plugin. -->","yoast_head_json":{"title":"Imigra\u00e7\u00e3o na Europa - O Arcanjo no ar","robots":{"index":"index","follow":"follow","max-snippet":"max-snippet:-1","max-image-preview":"max-image-preview:large","max-video-preview":"max-video-preview:-1"},"canonical":"https:\/\/www.oarcanjo.net\/site\/imigracao-na-europa\/","og_locale":"pt_BR","og_type":"article","og_title":"Imigra\u00e7\u00e3o na Europa - O Arcanjo no ar","og_description":"Pe. Alfredo J. Gon\u00e7alves, CS Em 24 horas, nada menos do que 3.300 imigrantes provindos no norte da \u00c1frica desembarcaram no sul da It\u00e1lia, recolhidos com a ajuda das autoridades desse pa\u00eds (\u201copera\u00e7\u00e3o mare nostrum\u201d). Parte consider\u00e1vel dessa popula\u00e7\u00e3o em \u00eaxodo \u00e9 formada de mulheres e crian\u00e7as, inclusive rec\u00e9m-nascidas. Desde janeiro at\u00e9 agora, a quantidade [&hellip;]","og_url":"https:\/\/www.oarcanjo.net\/site\/imigracao-na-europa\/","og_site_name":"O Arcanjo no ar","article_publisher":"https:\/\/www.facebook.com\/OArcanjoNoAr\/","article_published_time":"2014-06-01T22:59:38+00:00","article_modified_time":"2014-06-01T23:00:49+00:00","og_image":[{"width":300,"height":300,"url":"https:\/\/www.oarcanjo.net\/site\/wp-content\/uploads\/logo-o-arcanjo-no-ar-facebook.png","type":"image\/png"}],"author":"Alexandre Nunes","twitter_card":"summary_large_image","twitter_misc":{"Escrito por":"Alexandre Nunes","Est. tempo de leitura":"1 minuto"},"schema":{"@context":"https:\/\/schema.org","@graph":[{"@type":"Article","@id":"https:\/\/www.oarcanjo.net\/site\/imigracao-na-europa\/#article","isPartOf":{"@id":"https:\/\/www.oarcanjo.net\/site\/imigracao-na-europa\/"},"author":{"name":"Alexandre Nunes","@id":"https:\/\/www.oarcanjo.net\/site\/#\/schema\/person\/0a2ae077c1a09b69d29928e3b9f1c0d1"},"headline":"Imigra\u00e7\u00e3o na Europa","datePublished":"2014-06-01T22:59:38+00:00","dateModified":"2014-06-01T23:00:49+00:00","mainEntityOfPage":{"@id":"https:\/\/www.oarcanjo.net\/site\/imigracao-na-europa\/"},"wordCount":291,"commentCount":0,"publisher":{"@id":"https:\/\/www.oarcanjo.net\/site\/#organization"},"articleSection":["Reflex\u00f5es"],"inLanguage":"pt-BR","potentialAction":[{"@type":"CommentAction","name":"Comment","target":["https:\/\/www.oarcanjo.net\/site\/imigracao-na-europa\/#respond"]}]},{"@type":"WebPage","@id":"https:\/\/www.oarcanjo.net\/site\/imigracao-na-europa\/","url":"https:\/\/www.oarcanjo.net\/site\/imigracao-na-europa\/","name":"Imigra\u00e7\u00e3o na Europa - O Arcanjo no ar","isPartOf":{"@id":"https:\/\/www.oarcanjo.net\/site\/#website"},"datePublished":"2014-06-01T22:59:38+00:00","dateModified":"2014-06-01T23:00:49+00:00","breadcrumb":{"@id":"https:\/\/www.oarcanjo.net\/site\/imigracao-na-europa\/#breadcrumb"},"inLanguage":"pt-BR","potentialAction":[{"@type":"ReadAction","target":["https:\/\/www.oarcanjo.net\/site\/imigracao-na-europa\/"]}]},{"@type":"BreadcrumbList","@id":"https:\/\/www.oarcanjo.net\/site\/imigracao-na-europa\/#breadcrumb","itemListElement":[{"@type":"ListItem","position":1,"name":"In\u00edcio","item":"https:\/\/www.oarcanjo.net\/site\/"},{"@type":"ListItem","position":2,"name":"Imigra\u00e7\u00e3o na Europa"}]},{"@type":"WebSite","@id":"https:\/\/www.oarcanjo.net\/site\/#website","url":"https:\/\/www.oarcanjo.net\/site\/","name":"O Arcanjo no ar","description":"Site da Par\u00f3quia S\u00e3o Miguel Arcanjo (Arquidiocese de SP)","publisher":{"@id":"https:\/\/www.oarcanjo.net\/site\/#organization"},"potentialAction":[{"@type":"SearchAction","target":{"@type":"EntryPoint","urlTemplate":"https:\/\/www.oarcanjo.net\/site\/?s={search_term_string}"},"query-input":{"@type":"PropertyValueSpecification","valueRequired":true,"valueName":"search_term_string"}}],"inLanguage":"pt-BR"},{"@type":"Organization","@id":"https:\/\/www.oarcanjo.net\/site\/#organization","name":"Par\u00f3quia S\u00e3o Miguel Arcanjo","url":"https:\/\/www.oarcanjo.net\/site\/","logo":{"@type":"ImageObject","inLanguage":"pt-BR","@id":"https:\/\/www.oarcanjo.net\/site\/#\/schema\/logo\/image\/","url":"https:\/\/www.oarcanjo.net\/site\/wp-content\/uploads\/LogoOArcanjo.png","contentUrl":"https:\/\/www.oarcanjo.net\/site\/wp-content\/uploads\/LogoOArcanjo.png","width":319,"height":99,"caption":"Par\u00f3quia S\u00e3o Miguel Arcanjo"},"image":{"@id":"https:\/\/www.oarcanjo.net\/site\/#\/schema\/logo\/image\/"},"sameAs":["https:\/\/www.facebook.com\/OArcanjoNoAr\/"]},{"@type":"Person","@id":"https:\/\/www.oarcanjo.net\/site\/#\/schema\/person\/0a2ae077c1a09b69d29928e3b9f1c0d1","name":"Alexandre Nunes","sameAs":["http:\/\/alexandrenu.com"]}]}},"publishpress_future_action":{"enabled":false,"date":"2026-05-08 21:44:38","action":"category","newStatus":"draft","terms":[],"taxonomy":"category"},"publishpress_future_workflow_manual_trigger":{"enabledWorkflows":[]},"_links":{"self":[{"href":"https:\/\/www.oarcanjo.net\/site\/wp-json\/wp\/v2\/posts\/44069"}],"collection":[{"href":"https:\/\/www.oarcanjo.net\/site\/wp-json\/wp\/v2\/posts"}],"about":[{"href":"https:\/\/www.oarcanjo.net\/site\/wp-json\/wp\/v2\/types\/post"}],"author":[{"embeddable":true,"href":"https:\/\/www.oarcanjo.net\/site\/wp-json\/wp\/v2\/users\/15"}],"replies":[{"embeddable":true,"href":"https:\/\/www.oarcanjo.net\/site\/wp-json\/wp\/v2\/comments?post=44069"}],"version-history":[{"count":0,"href":"https:\/\/www.oarcanjo.net\/site\/wp-json\/wp\/v2\/posts\/44069\/revisions"}],"wp:attachment":[{"href":"https:\/\/www.oarcanjo.net\/site\/wp-json\/wp\/v2\/media?parent=44069"}],"wp:term":[{"taxonomy":"category","embeddable":true,"href":"https:\/\/www.oarcanjo.net\/site\/wp-json\/wp\/v2\/categories?post=44069"},{"taxonomy":"post_tag","embeddable":true,"href":"https:\/\/www.oarcanjo.net\/site\/wp-json\/wp\/v2\/tags?post=44069"}],"curies":[{"name":"wp","href":"https:\/\/api.w.org\/{rel}","templated":true}]}}