
{"id":4441,"date":"2009-07-27T22:01:12","date_gmt":"2009-07-28T01:01:12","guid":{"rendered":"http:\/\/www.oarcanjo.net\/site\/?p=4441"},"modified":"2009-07-27T22:01:43","modified_gmt":"2009-07-28T01:01:43","slug":"carta-final-do-12-intereclesial-as-comunidades","status":"publish","type":"post","link":"https:\/\/www.oarcanjo.net\/site\/carta-final-do-12-intereclesial-as-comunidades\/","title":{"rendered":"Carta Final do 12\u00ba Intereclesial \u00e0s Comunidades"},"content":{"rendered":"<p><strong>CARTA \u00c0S IRM\u00c3S E AOS IRM\u00c3OS DAS CEBs<br \/>\nE A TODO O POVO DE DEUS<\/strong><\/p>\n<p align=\"right\"><em>&#8220;Bem-aventurados os pobres em esp\u00edrito,<br \/>\nporque deles \u00e9 o Reino do C\u00e9u;<br \/>\nBem-aventurados os que t\u00eam fome e sede de justi\u00e7a,<br \/>\nporque ser\u00e3o saciados&#8230;&#8221;<br \/>\n(Mt 5, 3.6)<\/em><\/p>\n<p>1. N\u00f3s, participantes do XII Intereclesial das CEBs, daqui das margens do Rio Madeira, no cora\u00e7\u00e3o da Amaz\u00f4nia, saudamos com afeto as irm\u00e3s e irm\u00e3os de todos os cantos do Brasil e dos demais pa\u00edses do continente, que sonham conosco com novos c\u00e9us e nova terra, num jeito novo de ser igreja, de atuar em sociedade e de cuidar respeitosa e amorosamente de toda a cria\u00e7\u00e3o!<\/p>\n<p>2. Fomos convocados de 21 a 25 de julho de 2009, pelo Esp\u00edrito e pela Igreja irm\u00e3 de Porto Velho\/RO, para nos debru\u00e7ar sobre o tema que nos guiou por toda a prepara\u00e7\u00e3o do Intereclesial em nossas comunidades e regionais: &#8220;CEBs: Ecologia e Miss\u00e3o &#8211; Do ventre da terra, o grito que vem da Amaz\u00f4nia&#8221;. Acolhendo as delega\u00e7\u00f5es e celebrando os povos da Amaz\u00f4nia.<\/p>\n<p>3. Encheu-nos de entusiasmo ver chegando, depois de dois, tr\u00eas e at\u00e9 cinco dias de viagem os delegados, em sua maioria de \u00f4nibus fretados, ou ainda em barcos e avi\u00f5es. Em muitos \u00f4nibus, vieram acompanhados de seus bispos e encontraram, ao longo do caminho, acolhida festiva e refrig\u00e9rio em paradas nas dioceses de Rondon\u00f3polis, Cuiab\u00e1 e C\u00e1ceres no Mato Grosso, Jata\u00ed em Goi\u00e1s, Uberl\u00e2ndia em Minas Gerais e, entrando em Rond\u00f4nia, nas comunidades de Vilhena, Pimenta Bueno, Cacoal, Presidente M\u00e9dici, Ji-Paran\u00e1, Ouro Preto e Jaru. Apresentamos carinhoso agradecimento pela fraterna e generosa acolhida de todas as delega\u00e7\u00f5es pelas fam\u00edlias, comunidades e par\u00f3quias de Porto Velho, o infatig\u00e1vel trabalho e dedica\u00e7\u00e3o do Secretariado e das equipes de servi\u00e7o, em que se destacaram tantos jovens.<\/p>\n<p>4. Somos 3.010 delegados, aos quais se somam convidados, equipes de servi\u00e7o, imprensa e fam\u00edlias que acolhem os participantes, ultrapassando cinco mil pessoas envolvidas neste Intereclesial. Dos delegados de quase todas as 272 dioceses do Brasil, 2.174 s\u00e3o leigos, sendo 1.234 mulheres e 940 homens; 197 religiosas, 41 religiosos irm\u00e3os, 331 presb\u00edteros e 56 bispos, dentre os quais um da Igreja Episcopal Anglicana do Brasil, al\u00e9m de pastores, pastoras e fi\u00e9is dessa Igreja, da Igreja Metodista, da Igreja Evang\u00e9lica de Confiss\u00e3o Luterana no Brasil e da Igreja Unida de Cristo do Jap\u00e3o. O car\u00e1ter pluri\u00e9tnico, pluricultural e plurilingu\u00edstico de nossa Assembl\u00e9ia encontra-se espelhado no rosto das 38 na\u00e7\u00f5es ind\u00edgenas aqui presentes e no de irm\u00e3os e irm\u00e3s de nove pa\u00edses da Am\u00e9rica Latina e do Caribe, de cinco da Europa, de um da \u00c1frica, de outro da \u00c1sia e da Am\u00e9rica do Norte. Queremos ressaltar a presen\u00e7a marcante da juventude de todo o Brasil por meio de suas v\u00e1rias organiza\u00e7\u00f5es.<\/p>\n<p>5. &#8220;Sejam benvindos\/as nesta terra de muitos rios, igarap\u00e9s e de muitas matas, onde est\u00e1 a Arquidiocese de Porto Velho, que se faz hoje a Casa das Comunidades Eclesiais de Base&#8221;. Assim, fomos recebidos, na celebra\u00e7\u00e3o de abertura pela equipe da celebra\u00e7\u00e3o e por Dom Moacyr Grechi, com muita m\u00fasica e canto, ao cair da noite, ao lado dos trilhos da Estrada de Ferro Madeira-Mamor\u00e9 que lembra para os trabalhadores, que a constru\u00edram e para os ind\u00edgenas e migrantes nordestinos, o sofrido ciclo da borracha na Amaz\u00f4nia. Foram evocadas ali e, seguidamente nos dias seguintes, as palavras s\u00e1bias do prov\u00e9rbio africano:<\/p>\n<p>&#8220;Gente simples, fazendo coisas pequenas, em lugares pouco importantes,<br \/>\nconsegue mudan\u00e7as extraordin\u00e1rias&#8221;.<\/p>\n<p>6. Pelas m\u00e3os de representantes dos povos ind\u00edgenas, dos quilombolas, seringueiros, ribeirinhos, posseiros e de migrantes do campo e da cidade foram plantadas ao lado do altar, tr\u00eas grandes tochas. Nelas, foram acesas milhares de velas dos participantes, cujas luzes se espalharam pelos degraus da esplanada, enquanto ouv\u00edamos o canto do Cristo dos Seringais: &#8220;Na densa floresta vai um caminheiro \/ Cristo seringueiro a seringa a cortar&#8230;&#8221;. Os versos eram entrecortados pelo refr\u00e3o: &#8220;E vem a esperan\u00e7a que surja a bonan\u00e7a, \/ N\u00e3o seja explorado o suor na balan\u00e7a&#8221;.\/ &#8220;E vem a esperan\u00e7a que surja a mudan\u00e7a \/ E o homem refa\u00e7a com Deus a alian\u00e7a&#8221;.<\/p>\n<p>7. Com o apito da sirene da Madeira-Mamor\u00e9, o trem das CEBs retomou sua caminhada, reunindo-se no dia seguinte, na grande plen\u00e1ria do PORTO, aclamado pela Assembl\u00e9ia, &#8220;PORTO DOM HELDER CAMARA&#8221;, pelo centen\u00e1rio do seu nascimento (1909-2009) e em resgate de sua prof\u00e9tica atua\u00e7\u00e3o. Iniciamos esse primeiro dia, dedicado ao VER, partindo do grito prof\u00e9tico da terra e dos povos da Amaz\u00f4nia, s\u00edmbolos da humanidade, na sua rica diversidade, deixando-nos guiar na celebra\u00e7\u00e3o pelo som dos marac\u00e1s, tambores e flautas e pela dan\u00e7a de louvor a Deus de nossos irm\u00e3os e irm\u00e3s ind\u00edgenas. Dali, partimos para os locais dos mini-plen\u00e1rios de 250 participantes, nas par\u00f3quias e escolas. Eles levavam os nomes de doze RIOS da bacia amaz\u00f4nica: Madeira, Juru\u00e1, Purus, Oiapoque, Guam\u00e1, Tocantins, Tapaj\u00f3s, Itacaiunas, Guapor\u00e9, Gurupi, Araguaia e Jari.<\/p>\n<p>8. Divididos nos Rios em 12 CANOAS, com duas dezenas de participantes cada uma, partilhamos as experi\u00eancias, gritos e lutas das comunidades em rela\u00e7\u00e3o \u00e0 nossa Casa comum, a partir do bioma amaz\u00f4nico e dos outros biomas do Brasil (cerrado, caatinga, pantanal, pampas,mata atl\u00e2ntica e manguezais da zona costeira), da Am\u00e9rica Latina e do Caribe. Vimos nossa Casa amea\u00e7ada pelo desmatamento, com o avan\u00e7o da pecu\u00e1ria, das planta\u00e7\u00f5es de soja, cana, eucalipto e outras monoculturas, sobre \u00e1reas de florestas; pela a\u00e7\u00e3o predat\u00f3ria de madeireiras, pelas queimadas, polui\u00e7\u00e3o e envenenamento das \u00e1guas, peixes e humanos pelo merc\u00fario dos garimpos, pelos rejeitos das mineradoras e pelo lixo nas cidades. Encontra-se amea\u00e7ada tamb\u00e9m pelo crescente tr\u00e1fico de drogas, de mulheres e crian\u00e7as e pelo exterm\u00ednio de jovens provocado pela viol\u00eancia urbana.<\/p>\n<p>9. Somamos nosso grito ao das popula\u00e7\u00f5es locais, para que a Amaz\u00f4nia n\u00e3o seja tratada como col\u00f4nia, de onde se retiram suas riquezas e amazonidades, em favor de interesses alheios, mas que seja vista em p\u00e9 de igualdade, no concerto das grandes regi\u00f5es irm\u00e3s, com sua contribui\u00e7\u00e3o espec\u00edfica em favor da vida dos povos, em especial de seus 23 milh\u00f5es de habitantes, para que tenham o suficiente para viver com dignidade.<\/p>\n<p>10. Fazemos um apelo para que os governantes sejam sens\u00edveis ao grito que brota do ventre da Terra e, pautados por uma \u00e9tica do cuidado, adotem uma pol\u00edtica de conten\u00e7\u00e3o de projetos que agridem a Amaz\u00f4nia e seus povos da floresta, quilombolas, ribeirinhos, migrantes do campo e da cidade, numa perspectiva que efetivamente inclua os amaz\u00f4nidas, como colaboradores verdadeiros na defini\u00e7\u00e3o dos rumos da Amaz\u00f4nia.<\/p>\n<p>11. Tomamos consci\u00eancia tamb\u00e9m de nossas responsabilidades em rela\u00e7\u00e3o ao reto uso da \u00e1gua, da terra, do solo urbano e \u00e0 supera\u00e7\u00e3o do consumismo, respondendo ao apelo, para que todos vivamos do necess\u00e1rio, para que ningu\u00e9m passe necessidade.<\/p>\n<p>12. Constatamos, com alegria, a multiplica\u00e7\u00e3o de iniciativas em favor do meio ambiente, como a de humildes catadores de material recicl\u00e1vel, no meio urbano, tornando-se profetas da ecologia e as de economia solid\u00e1ria, agricultura org\u00e2nica e ecol\u00f3gica. Saudamos os muitos sinais de uma &#8220;Terra sem males&#8221;, fazendo-nos crescer na esperan\u00e7a de que &#8220;outro mundo \u00e9 poss\u00edvel, necess\u00e1rio e urgente&#8221;.<\/p>\n<p>13. De tarde, realizamos a Caminhada dos M\u00e1rtires, em dire\u00e7\u00e3o ao local onde o rio Madeira foi desviado e em cujo leito seco, ao som dos estampidos das rochas dinamitadas, est\u00e1 sendo concretada a barragem da hidroel\u00e9trica. Celebrou-se ali Ato Penitencial por todas as agress\u00f5es contra a natureza e a vida humana. Defronte \u00e0s pedreiras que acolhiam as \u00e1guas das cachoeiras de Santo Ant\u00f4nio, agora totalmente secas, ao lado da primeira capela constru\u00edda na regi\u00e3o, foram proclamadas as Bem-aventuran\u00e7as evang\u00e9licas (Mt 5, 1-12), sinal da teimosa esperan\u00e7a dos pequenos, os preferidos de Deus.<\/p>\n<p>14. No segundo dia, prosseguimos com o VER, com uma pincelada sobre a conjuntura atual na esfera s\u00f3cio-pol\u00edtica e econ\u00f4mica, apresentada por Pedro Ribeiro de Oliveira, na perspectiva das mulheres, por Julieta Amaral da Costa e do ponto de vista ecol\u00f3gico, por Leonardo Boff. Atendendo ao convite de Jesus: &#8220;Vinde e vede&#8221; (Jo, 1, 39), ap\u00f3s a pergunta dos disc\u00edpulos, &#8220;Mestre, onde moras?&#8221; (Jo 1, 38), partimos em grupos, em visita \u00e0s muitas realidades locais: popula\u00e7\u00f5es ind\u00edgenas, comunidades afro-descendentes, ribeirinhas, extrativistas, grupos vivendo em assentamentos rurais ou em \u00e1reas de ocupa\u00e7\u00e3o urbana; bairros da periferia; hospitais, pris\u00f5es, casas de recupera\u00e7\u00e3o de pessoas com depend\u00eancia qu\u00edmica e ainda a trabalhos com menores ou pessoas com defici\u00eancia. O retorno foi rico na partilha de experi\u00eancias, nas quais descobrimos sinais de vida nova. Reiteramos que os projetos dos grandes, principalmente as barragens das usinas hidroel\u00e9tricas,as usinas nucleares geradoras de lixo at\u00f4mico que p\u00f5e em risco a popula\u00e7\u00e3o local, s\u00e3o projetos do capital transnacional que n\u00e3o favorecem os pequenos. Apoiados na sabedoria milenar dos povos ind\u00edgenas, nos animamos a repetir com eles: &#8220;Nunca deixaremos de ser o que somos&#8221;. N\u00f3s, como CEBs no meio dos simples e pequenos, reafirmamos nossa teimosa op\u00e7\u00e3o pelos pobres e pelos jovens, proclamada h\u00e1 trinta anos em Puebla, resistindo e lutando para superar nossas dificuldades, sustentados pela f\u00e9 no Deus que se revelou a n\u00f3s como Trindade, a melhor comunidade.<\/p>\n<p>15. No terceiro dia, as celebra\u00e7\u00f5es da manh\u00e3 aconteceram nos rios, resgatando mem\u00f3rias da espiritualidade dos povos da regi\u00e3o e das experi\u00eancias colhidas no caminho mission\u00e1rio percorrido no dia anterior, nas visitas \u00e0s muitas realidades eclesiais e sociais de Rond\u00f4nia. A ora\u00e7\u00e3o foi alentada pela promessa do \u00caxodo: &#8220;Decidi vos libertar&#8230; vos farei subir dessa terra para uma terra f\u00e9rtil e espa\u00e7osa, terra, onde corre leite e mel&#8221; (Ex. 3, 8). Em cada canoa, os relatos iam revelando uma igreja preocupada com a justi\u00e7a social e a defesa da vida nos testemunhos de gente simples em todos aqueles lugares visitados. Esses relatos aqueceram nosso cora\u00e7\u00e3o e nos desafiaram a perseverar na caminhada das CEBs.<\/p>\n<p>16. \u00c0 tarde, fomos tocados por v\u00e1rios testemunhos. Em primeiro lugar, pela sentida ora\u00e7\u00e3o dos Xerente do Tocantins que celebraram seu ritual pelos mortos, homenageando o amigo e mission\u00e1rio, Pe. Gunter Kroemer. Dom Jos\u00e9 Maria Pires, arcebispo em\u00e9rito da Para\u00edba, retomou em sua hist\u00f3ria a trajet\u00f3ria dos negros no Brasil, suas dores, resist\u00eancias e esperan\u00e7as de um mundo melhor, nos seus Quilombos da liberdade. Marina Silva, senadora pelo Acre e ex-ministra do Meio Ambiente, contou sua eu caminhada de menina analfabeta do seringal para a cidade de Rio Branco e de l\u00e1 para S\u00e3o Paulo, mas principalmente sua incessante busca, a partir da f\u00e9 herdada de sua av\u00f3, alimentada pela experi\u00eancia das CEBs, da leitura da Palavra de Deus e pelo exemplo de Chico Mendes, de bem viver e de colocar-se publicamente a servi\u00e7o, em favor do povo amaz\u00f4nida. Por fim, depois da apresenta\u00e7\u00e3o de Dom Tom\u00e1s Baldu\u00edno, em que ele ressaltou o papel de Dom Pedro Casald\u00e1liga da Prelazia de S\u00e3o F\u00e9lix do Araguaia na funda\u00e7\u00e3o, junto com outros, do CIMI, da CPT e de Pastorais Sociais, acompanhamos pelo v\u00eddeo seu testemunho e nos emocionamos com suas palavras de esperan\u00e7a e confian\u00e7a em Jesus e na utopia do seu Reinado.<\/p>\n<p>17. Neste dia, ocorreu tamb\u00e9m o encontro da Pastoral da Juventude de todo o Brasil e outro tamb\u00e9m muito significativo entre bispos, assessores e Ampliada Nacional das CEBs. Momento fecundo do estreitamento de la\u00e7os e abertura a novos passos em nossa caminhada, em que foi expressa a alegria e alento trazidos pela presen\u00e7a significativa de tantos bispos. Desse encontro, os bispos presentes resolveram enviar sua palavra \u00e0s comunidades:<\/p>\n<p><strong>Palavras dos Bispos \u00e0s CEBs<\/strong><\/p>\n<p>18. &#8220;Os 56 bispos participantes do Intereclesial, reunidos na sexta-feira \u00e0 noite com os assessores e os membros da Ampliada Nacional das CEBs, avaliaram muito positivamente o Intereclesial, destacando especialmente a seriedade e o empenho dos participantes no debate da tem\u00e1tica do encontro, a espiritualidade expressa nas bonitas celebra\u00e7\u00f5es di\u00e1rias nos &#8220;rios&#8221;, o clima sereno e fraterno e o grande envolvimento das comunidades das dioceses do regional Noroeste da CNBB na organiza\u00e7\u00e3o e realiza\u00e7\u00e3o do encontro.<\/p>\n<p>A presen\u00e7a de 331 padres que participam do Intereclesial, levo os bispos a exprimirem o desejo de que, neste ano sacerdotal, todos os padres do Brasil renovem o compromisso de acompanhar as CEBs, empenhadas em testemunhar os valores do Reino, como disc\u00edpulas e mission\u00e1rias.<\/p>\n<p>Constatando que, a partir da Confer\u00eancia de Aparecida, as CEBs ganharam reconhecimento e novo alento em todo o continente, os bispos tiveram tamb\u00e9m palavras de apoio e incentivo para a continua\u00e7\u00e3o da caminhada das comunidades no Brasil, refor\u00e7adas pelo presidente da CNBB, Dom Geraldo Lyrio Rocha.<\/p>\n<p>Diante da agress\u00e3o continuada da Amaz\u00f4nia, juntamente com todos os participantes do encontro, manifestam sua preocupa\u00e7\u00e3o com a constru\u00e7\u00e3o da barragem de Santo Ant\u00f4nio e Jirau no Rio Madeira, os projetos de outras barragens no Xingu, Tapaj\u00f3s, Araguaia e noutros rios e a continuada devasta\u00e7\u00e3o da floresta pelo avan\u00e7o da pecu\u00e1ria, das planta\u00e7\u00f5es de soja e cana, e da extra\u00e7\u00e3o ilegal de madeira&#8221;.<\/p>\n<p><strong> Nas diferen\u00e7as, o mesmo Deus que nos convoca para a Justi\u00e7a e a Paz<\/strong><\/p>\n<p>19. Na manh\u00e3 do \u00faltimo dia, fomos guiados pelo texto do Apocalipse: &#8220;O anjo mostrou para mim, um rio de \u00e1gua viva&#8230; O rio brotava do trono de Deus e do cordeiro&#8230;; de cada lado do rio est\u00e3o plantadas \u00e1rvores da vida&#8230; suas folhas servem para curar as na\u00e7\u00f5es&#8221; (Ap 22, 1-2). Bebemos no manancial da f\u00e9 que nos une a todos e todas, na \u00fanica fam\u00edlia humana, como filhos e filhas da mesma M\u00e3e-Terra, a Pacha-Mama dos povos andinos, a Terra sem Males dos Povos Guarani, na busca, sonho e constru\u00e7\u00e3o do Reino de Deus anunciado por Jesus.<\/p>\n<p>20. Juntos, representantes das Religi\u00f5es Ind\u00edgenas e dos Cultos Afrobrasileiros, de Judeus, Crist\u00e3os Ortodoxos, Cat\u00f3licos e Evang\u00e9licos, Mu\u00e7ulmanos, de mulheres e homens de boa vontade e de todas as cren\u00e7as, no di\u00e1logo e respeito \u00e0 diversidade da teia da vida, acolhemos os gritos da Amaz\u00f4nia e de todos os biomas e reafirmamos nossa solidariedade e compromisso com a justi\u00e7a geradora da paz. ]<\/p>\n<p>21. Caminhamos como povo de Deus que conquista a Terra Prometida e a torna espa\u00e7o de fartura e fraternura, acolhendo todas as express\u00f5es da vida.<\/p>\n<p>22. Comprometemo-nos a fortalecer as lutas dos movimentos sociais populares: as dos povos ind\u00edgenas, pela demarca\u00e7\u00e3o e homologa\u00e7\u00e3o de suas terras e respeito por suas culturas; as dos afro-descendentes, pelo reconhecimento e demarca\u00e7\u00e3o das terras quilombolas; as das mulheres, por sua dignidade e igualdade e avan\u00e7o em suas articula\u00e7\u00f5es locais, nacionais e internacionais; as dos ribeirinhos pela legaliza\u00e7\u00e3o de suas posses; as dos atingidos pelas barragens, pelo direito \u00e0 terra equivalente, restitui\u00e7\u00e3o de seus meios de sobreviv\u00eancia perdidos e indeniza\u00e7\u00e3o por suas benfeitorias; as dos sem terra, apoiando-os em suas ocupa\u00e7\u00f5es e em sua e nossa luta pela reforma agr\u00e1ria, contra o latif\u00fandio e os grileiros; as dos Movimentos Ecol\u00f3gicos, contra a devasta\u00e7\u00e3o da natureza, pela defesa das \u00e1guas e dos animais.<\/p>\n<p>23. Queremos defender e apoiar o movimento FLORESTANIA, no respeito \u00e0 agrobiodiversidade e aos valores culturais, sociais e ambientais da Amaz\u00f4nia.<\/p>\n<p>24. Assumimos tamb\u00e9m o compromisso de respaldar modelos econ\u00f4micos alternativos na agricultura, na produ\u00e7\u00e3o de energias limpas e ambientalmente amig\u00e1veis; de participar na luta sindical, refor\u00e7ando a a\u00e7\u00e3o dos sindicatos do campo e da cidade, com suas associa\u00e7\u00f5es e cooperativas e sua luta contra o desemprego, com especial aten\u00e7\u00e3o \u00e0 juventude.<\/p>\n<p>25. Convocamos a todos n\u00f3s para o trabalho pol\u00edtico de base, para a milit\u00e2ncia em movimentos sociais e partidos ligados \u00e0s lutas populares; para participar nas lutas por pol\u00edticas p\u00fablicas ligadas \u00e0 educa\u00e7\u00e3o, sa\u00fade, moradia, transporte, saneamento b\u00e1sico, emprego, reforma agr\u00e1ria e para tomar parte nos conselhos de cidadania, nas pastorais sociais, no movimento pela n\u00e3o redu\u00e7\u00e3o da maioridade penal, no Grito dos Exclu\u00eddos, nas iniciativas do 1\u00ba. de Maio e das Semanas Sociais. 25. Comprometemo-nos ainda a fortalecer e multiplicar nossas Comunidades Eclesiais de Base, criando comunidades eclesiais e ecol\u00f3gicas de base nos bairros das cidades e na zona rural, promovendo a educa\u00e7\u00e3o ambiental em todos os espa\u00e7os de sua atua\u00e7\u00e3o; fortalecendo a forma\u00e7\u00e3o b\u00edblica; incentivando uma Igreja toda ela ministerial, com minist\u00e9rios diversificados confiados a leigas e leigos; assumindo seu protagonismo, como sujeitos privilegiados da miss\u00e3o; fortalecendo o di\u00e1logo ecum\u00eanico e inter-religioso e superando a intoler\u00e2ncia religiosa e os preconceitos.<\/p>\n<p>26. Queremos, a partir das CEBs, repensar a pastoral urbana, como um dos grandes desafios eclesiais, assumir o testemunho e a mem\u00f3ria dos nossos m\u00e1rtires e empenhar-nos na Miss\u00e3o Continental proposta pela V Confer\u00eancia do Episcopado Latino-americano e Caribenho, em Aparecida. Rumo ao XIII Intereclesial no Cear\u00e1<\/p>\n<p>27. Acompanhados pelas comunidades e fam\u00edlias que nos receberam e caravanas de todo o Regional, celebramos a Eucaristia, presen\u00e7a sempre viva do Crucificado\/Ressuscitado, comprometendo-nos com todos os crucificados de nossa sociedade, com suas lutas por liberta\u00e7\u00e3o, para construirmos outro mundo poss\u00edvel, como testemunhas da P\u00e1scoa do Senhor, acompanhados pela prote\u00e7\u00e3o e ben\u00e7\u00e3o da M\u00e3e de Deus, celebrada no C\u00edrio de Nazar\u00e9 e invocada na regi\u00e3o amaz\u00f4nica, com outros tantos nomes; no Brasil, com o t\u00edtulo de Aparecida, e na nossa Am\u00e9rica, com o de Virgem de Guadalupe.<\/p>\n<p>28. Escolhida a Igreja do Crato, que ir\u00e1 acolher, nas terras do Pe. C\u00edcero, o XIII Intereclesial, recolocamos nos trilhos o trem das CEBs, rumo ao Cear\u00e1, enviando a voc\u00eas, irm\u00e3os e irm\u00e3s das comunidades, nosso abra\u00e7o fraterno, e cheio de revigorada esperan\u00e7a. AM\u00c9M! AX\u00c9! AUERE! ALELUIA!<\/p>\n<div id=\"themify_builder_content-4441\" data-postid=\"4441\" class=\"themify_builder_content themify_builder_content-4441 themify_builder themify_builder_front\">\n\t<\/div>\n<!-- \/themify_builder_content -->","protected":false},"excerpt":{"rendered":"<p>CARTA \u00c0S IRM\u00c3S E AOS IRM\u00c3OS DAS CEBs E A TODO O POVO DE DEUS &#8220;Bem-aventurados os pobres em esp\u00edrito, porque deles \u00e9 o Reino do C\u00e9u; Bem-aventurados os que t\u00eam fome e sede de justi\u00e7a, porque ser\u00e3o saciados&#8230;&#8221; (Mt 5, 3.6) 1. N\u00f3s, participantes do XII Intereclesial das CEBs, daqui das margens do Rio [&hellip;]<\/p>\n","protected":false},"author":5,"featured_media":0,"comment_status":"open","ping_status":"open","sticky":false,"template":"","format":"standard","meta":{"ngg_post_thumbnail":0,"footnotes":""},"categories":[8],"tags":[315,104,894,498],"yoast_head":"<!-- This site is optimized with the Yoast SEO plugin v23.5 - https:\/\/yoast.com\/wordpress\/plugins\/seo\/ -->\n<title>Carta Final do 12\u00ba Intereclesial \u00e0s Comunidades - O Arcanjo no ar<\/title>\n<meta name=\"robots\" content=\"index, follow, max-snippet:-1, max-image-preview:large, max-video-preview:-1\" \/>\n<link rel=\"canonical\" href=\"https:\/\/www.oarcanjo.net\/site\/carta-final-do-12-intereclesial-as-comunidades\/\" \/>\n<meta property=\"og:locale\" content=\"pt_BR\" \/>\n<meta property=\"og:type\" content=\"article\" \/>\n<meta property=\"og:title\" content=\"Carta Final do 12\u00ba Intereclesial \u00e0s Comunidades - O Arcanjo no ar\" \/>\n<meta property=\"og:description\" content=\"CARTA \u00c0S IRM\u00c3S E AOS IRM\u00c3OS DAS CEBs E A TODO O POVO DE DEUS &#8220;Bem-aventurados os pobres em esp\u00edrito, porque deles \u00e9 o Reino do C\u00e9u; Bem-aventurados os que t\u00eam fome e sede de justi\u00e7a, porque ser\u00e3o saciados&#8230;&#8221; (Mt 5, 3.6) 1. N\u00f3s, participantes do XII Intereclesial das CEBs, daqui das margens do Rio [&hellip;]\" \/>\n<meta property=\"og:url\" content=\"https:\/\/www.oarcanjo.net\/site\/carta-final-do-12-intereclesial-as-comunidades\/\" \/>\n<meta property=\"og:site_name\" content=\"O Arcanjo no ar\" \/>\n<meta property=\"article:publisher\" content=\"https:\/\/www.facebook.com\/OArcanjoNoAr\/\" \/>\n<meta property=\"article:published_time\" content=\"2009-07-28T01:01:12+00:00\" \/>\n<meta property=\"article:modified_time\" content=\"2009-07-28T01:01:43+00:00\" \/>\n<meta property=\"og:image\" content=\"https:\/\/www.oarcanjo.net\/site\/wp-content\/uploads\/logo-o-arcanjo-no-ar-facebook.png\" \/>\n\t<meta property=\"og:image:width\" content=\"300\" \/>\n\t<meta property=\"og:image:height\" content=\"300\" \/>\n\t<meta property=\"og:image:type\" content=\"image\/png\" \/>\n<meta name=\"author\" content=\"editor\" \/>\n<meta name=\"twitter:card\" content=\"summary_large_image\" \/>\n<meta name=\"twitter:label1\" content=\"Escrito por\" \/>\n\t<meta name=\"twitter:data1\" content=\"editor\" \/>\n\t<meta name=\"twitter:label2\" content=\"Est. tempo de leitura\" \/>\n\t<meta name=\"twitter:data2\" content=\"16 minutos\" \/>\n<script type=\"application\/ld+json\" class=\"yoast-schema-graph\">{\"@context\":\"https:\/\/schema.org\",\"@graph\":[{\"@type\":\"Article\",\"@id\":\"https:\/\/www.oarcanjo.net\/site\/carta-final-do-12-intereclesial-as-comunidades\/#article\",\"isPartOf\":{\"@id\":\"https:\/\/www.oarcanjo.net\/site\/carta-final-do-12-intereclesial-as-comunidades\/\"},\"author\":{\"name\":\"editor\",\"@id\":\"https:\/\/www.oarcanjo.net\/site\/#\/schema\/person\/f7024d007863202483a31326673a0838\"},\"headline\":\"Carta Final do 12\u00ba Intereclesial \u00e0s Comunidades\",\"datePublished\":\"2009-07-28T01:01:12+00:00\",\"dateModified\":\"2009-07-28T01:01:43+00:00\",\"mainEntityOfPage\":{\"@id\":\"https:\/\/www.oarcanjo.net\/site\/carta-final-do-12-intereclesial-as-comunidades\/\"},\"wordCount\":3110,\"commentCount\":0,\"publisher\":{\"@id\":\"https:\/\/www.oarcanjo.net\/site\/#organization\"},\"keywords\":[\"Amaz\u00f4nia\",\"ecologia\",\"Intereclesial de CEBs\",\"miss\u00e3o\"],\"articleSection\":[\"Not\u00edcias\"],\"inLanguage\":\"pt-BR\",\"potentialAction\":[{\"@type\":\"CommentAction\",\"name\":\"Comment\",\"target\":[\"https:\/\/www.oarcanjo.net\/site\/carta-final-do-12-intereclesial-as-comunidades\/#respond\"]}]},{\"@type\":\"WebPage\",\"@id\":\"https:\/\/www.oarcanjo.net\/site\/carta-final-do-12-intereclesial-as-comunidades\/\",\"url\":\"https:\/\/www.oarcanjo.net\/site\/carta-final-do-12-intereclesial-as-comunidades\/\",\"name\":\"Carta Final do 12\u00ba Intereclesial \u00e0s Comunidades - O Arcanjo no ar\",\"isPartOf\":{\"@id\":\"https:\/\/www.oarcanjo.net\/site\/#website\"},\"datePublished\":\"2009-07-28T01:01:12+00:00\",\"dateModified\":\"2009-07-28T01:01:43+00:00\",\"breadcrumb\":{\"@id\":\"https:\/\/www.oarcanjo.net\/site\/carta-final-do-12-intereclesial-as-comunidades\/#breadcrumb\"},\"inLanguage\":\"pt-BR\",\"potentialAction\":[{\"@type\":\"ReadAction\",\"target\":[\"https:\/\/www.oarcanjo.net\/site\/carta-final-do-12-intereclesial-as-comunidades\/\"]}]},{\"@type\":\"BreadcrumbList\",\"@id\":\"https:\/\/www.oarcanjo.net\/site\/carta-final-do-12-intereclesial-as-comunidades\/#breadcrumb\",\"itemListElement\":[{\"@type\":\"ListItem\",\"position\":1,\"name\":\"In\u00edcio\",\"item\":\"https:\/\/www.oarcanjo.net\/site\/\"},{\"@type\":\"ListItem\",\"position\":2,\"name\":\"Carta Final do 12\u00ba Intereclesial \u00e0s Comunidades\"}]},{\"@type\":\"WebSite\",\"@id\":\"https:\/\/www.oarcanjo.net\/site\/#website\",\"url\":\"https:\/\/www.oarcanjo.net\/site\/\",\"name\":\"O Arcanjo no ar\",\"description\":\"Site da Par\u00f3quia S\u00e3o Miguel Arcanjo (Arquidiocese de SP)\",\"publisher\":{\"@id\":\"https:\/\/www.oarcanjo.net\/site\/#organization\"},\"potentialAction\":[{\"@type\":\"SearchAction\",\"target\":{\"@type\":\"EntryPoint\",\"urlTemplate\":\"https:\/\/www.oarcanjo.net\/site\/?s={search_term_string}\"},\"query-input\":{\"@type\":\"PropertyValueSpecification\",\"valueRequired\":true,\"valueName\":\"search_term_string\"}}],\"inLanguage\":\"pt-BR\"},{\"@type\":\"Organization\",\"@id\":\"https:\/\/www.oarcanjo.net\/site\/#organization\",\"name\":\"Par\u00f3quia S\u00e3o Miguel Arcanjo\",\"url\":\"https:\/\/www.oarcanjo.net\/site\/\",\"logo\":{\"@type\":\"ImageObject\",\"inLanguage\":\"pt-BR\",\"@id\":\"https:\/\/www.oarcanjo.net\/site\/#\/schema\/logo\/image\/\",\"url\":\"https:\/\/www.oarcanjo.net\/site\/wp-content\/uploads\/LogoOArcanjo.png\",\"contentUrl\":\"https:\/\/www.oarcanjo.net\/site\/wp-content\/uploads\/LogoOArcanjo.png\",\"width\":319,\"height\":99,\"caption\":\"Par\u00f3quia S\u00e3o Miguel Arcanjo\"},\"image\":{\"@id\":\"https:\/\/www.oarcanjo.net\/site\/#\/schema\/logo\/image\/\"},\"sameAs\":[\"https:\/\/www.facebook.com\/OArcanjoNoAr\/\"]},{\"@type\":\"Person\",\"@id\":\"https:\/\/www.oarcanjo.net\/site\/#\/schema\/person\/f7024d007863202483a31326673a0838\",\"name\":\"editor\",\"sameAs\":[\"http:\/\/www.oarcanjo.net\"]}]}<\/script>\n<!-- \/ Yoast SEO plugin. -->","yoast_head_json":{"title":"Carta Final do 12\u00ba Intereclesial \u00e0s Comunidades - O Arcanjo no ar","robots":{"index":"index","follow":"follow","max-snippet":"max-snippet:-1","max-image-preview":"max-image-preview:large","max-video-preview":"max-video-preview:-1"},"canonical":"https:\/\/www.oarcanjo.net\/site\/carta-final-do-12-intereclesial-as-comunidades\/","og_locale":"pt_BR","og_type":"article","og_title":"Carta Final do 12\u00ba Intereclesial \u00e0s Comunidades - O Arcanjo no ar","og_description":"CARTA \u00c0S IRM\u00c3S E AOS IRM\u00c3OS DAS CEBs E A TODO O POVO DE DEUS &#8220;Bem-aventurados os pobres em esp\u00edrito, porque deles \u00e9 o Reino do C\u00e9u; Bem-aventurados os que t\u00eam fome e sede de justi\u00e7a, porque ser\u00e3o saciados&#8230;&#8221; (Mt 5, 3.6) 1. N\u00f3s, participantes do XII Intereclesial das CEBs, daqui das margens do Rio [&hellip;]","og_url":"https:\/\/www.oarcanjo.net\/site\/carta-final-do-12-intereclesial-as-comunidades\/","og_site_name":"O Arcanjo no ar","article_publisher":"https:\/\/www.facebook.com\/OArcanjoNoAr\/","article_published_time":"2009-07-28T01:01:12+00:00","article_modified_time":"2009-07-28T01:01:43+00:00","og_image":[{"width":300,"height":300,"url":"https:\/\/www.oarcanjo.net\/site\/wp-content\/uploads\/logo-o-arcanjo-no-ar-facebook.png","type":"image\/png"}],"author":"editor","twitter_card":"summary_large_image","twitter_misc":{"Escrito por":"editor","Est. tempo de leitura":"16 minutos"},"schema":{"@context":"https:\/\/schema.org","@graph":[{"@type":"Article","@id":"https:\/\/www.oarcanjo.net\/site\/carta-final-do-12-intereclesial-as-comunidades\/#article","isPartOf":{"@id":"https:\/\/www.oarcanjo.net\/site\/carta-final-do-12-intereclesial-as-comunidades\/"},"author":{"name":"editor","@id":"https:\/\/www.oarcanjo.net\/site\/#\/schema\/person\/f7024d007863202483a31326673a0838"},"headline":"Carta Final do 12\u00ba Intereclesial \u00e0s Comunidades","datePublished":"2009-07-28T01:01:12+00:00","dateModified":"2009-07-28T01:01:43+00:00","mainEntityOfPage":{"@id":"https:\/\/www.oarcanjo.net\/site\/carta-final-do-12-intereclesial-as-comunidades\/"},"wordCount":3110,"commentCount":0,"publisher":{"@id":"https:\/\/www.oarcanjo.net\/site\/#organization"},"keywords":["Amaz\u00f4nia","ecologia","Intereclesial de CEBs","miss\u00e3o"],"articleSection":["Not\u00edcias"],"inLanguage":"pt-BR","potentialAction":[{"@type":"CommentAction","name":"Comment","target":["https:\/\/www.oarcanjo.net\/site\/carta-final-do-12-intereclesial-as-comunidades\/#respond"]}]},{"@type":"WebPage","@id":"https:\/\/www.oarcanjo.net\/site\/carta-final-do-12-intereclesial-as-comunidades\/","url":"https:\/\/www.oarcanjo.net\/site\/carta-final-do-12-intereclesial-as-comunidades\/","name":"Carta Final do 12\u00ba Intereclesial \u00e0s Comunidades - O Arcanjo no ar","isPartOf":{"@id":"https:\/\/www.oarcanjo.net\/site\/#website"},"datePublished":"2009-07-28T01:01:12+00:00","dateModified":"2009-07-28T01:01:43+00:00","breadcrumb":{"@id":"https:\/\/www.oarcanjo.net\/site\/carta-final-do-12-intereclesial-as-comunidades\/#breadcrumb"},"inLanguage":"pt-BR","potentialAction":[{"@type":"ReadAction","target":["https:\/\/www.oarcanjo.net\/site\/carta-final-do-12-intereclesial-as-comunidades\/"]}]},{"@type":"BreadcrumbList","@id":"https:\/\/www.oarcanjo.net\/site\/carta-final-do-12-intereclesial-as-comunidades\/#breadcrumb","itemListElement":[{"@type":"ListItem","position":1,"name":"In\u00edcio","item":"https:\/\/www.oarcanjo.net\/site\/"},{"@type":"ListItem","position":2,"name":"Carta Final do 12\u00ba Intereclesial \u00e0s Comunidades"}]},{"@type":"WebSite","@id":"https:\/\/www.oarcanjo.net\/site\/#website","url":"https:\/\/www.oarcanjo.net\/site\/","name":"O Arcanjo no ar","description":"Site da Par\u00f3quia S\u00e3o Miguel Arcanjo (Arquidiocese de SP)","publisher":{"@id":"https:\/\/www.oarcanjo.net\/site\/#organization"},"potentialAction":[{"@type":"SearchAction","target":{"@type":"EntryPoint","urlTemplate":"https:\/\/www.oarcanjo.net\/site\/?s={search_term_string}"},"query-input":{"@type":"PropertyValueSpecification","valueRequired":true,"valueName":"search_term_string"}}],"inLanguage":"pt-BR"},{"@type":"Organization","@id":"https:\/\/www.oarcanjo.net\/site\/#organization","name":"Par\u00f3quia S\u00e3o Miguel Arcanjo","url":"https:\/\/www.oarcanjo.net\/site\/","logo":{"@type":"ImageObject","inLanguage":"pt-BR","@id":"https:\/\/www.oarcanjo.net\/site\/#\/schema\/logo\/image\/","url":"https:\/\/www.oarcanjo.net\/site\/wp-content\/uploads\/LogoOArcanjo.png","contentUrl":"https:\/\/www.oarcanjo.net\/site\/wp-content\/uploads\/LogoOArcanjo.png","width":319,"height":99,"caption":"Par\u00f3quia S\u00e3o Miguel Arcanjo"},"image":{"@id":"https:\/\/www.oarcanjo.net\/site\/#\/schema\/logo\/image\/"},"sameAs":["https:\/\/www.facebook.com\/OArcanjoNoAr\/"]},{"@type":"Person","@id":"https:\/\/www.oarcanjo.net\/site\/#\/schema\/person\/f7024d007863202483a31326673a0838","name":"editor","sameAs":["http:\/\/www.oarcanjo.net"]}]}},"publishpress_future_action":{"enabled":false,"date":"2026-05-06 10:38:04","action":"category","newStatus":"draft","terms":[],"taxonomy":"category"},"publishpress_future_workflow_manual_trigger":{"enabledWorkflows":[]},"_links":{"self":[{"href":"https:\/\/www.oarcanjo.net\/site\/wp-json\/wp\/v2\/posts\/4441"}],"collection":[{"href":"https:\/\/www.oarcanjo.net\/site\/wp-json\/wp\/v2\/posts"}],"about":[{"href":"https:\/\/www.oarcanjo.net\/site\/wp-json\/wp\/v2\/types\/post"}],"author":[{"embeddable":true,"href":"https:\/\/www.oarcanjo.net\/site\/wp-json\/wp\/v2\/users\/5"}],"replies":[{"embeddable":true,"href":"https:\/\/www.oarcanjo.net\/site\/wp-json\/wp\/v2\/comments?post=4441"}],"version-history":[{"count":0,"href":"https:\/\/www.oarcanjo.net\/site\/wp-json\/wp\/v2\/posts\/4441\/revisions"}],"wp:attachment":[{"href":"https:\/\/www.oarcanjo.net\/site\/wp-json\/wp\/v2\/media?parent=4441"}],"wp:term":[{"taxonomy":"category","embeddable":true,"href":"https:\/\/www.oarcanjo.net\/site\/wp-json\/wp\/v2\/categories?post=4441"},{"taxonomy":"post_tag","embeddable":true,"href":"https:\/\/www.oarcanjo.net\/site\/wp-json\/wp\/v2\/tags?post=4441"}],"curies":[{"name":"wp","href":"https:\/\/api.w.org\/{rel}","templated":true}]}}