
{"id":44685,"date":"2014-06-09T08:18:23","date_gmt":"2014-06-09T11:18:23","guid":{"rendered":"http:\/\/www.oarcanjo.net\/site\/?p=44685"},"modified":"2014-06-20T20:30:41","modified_gmt":"2014-06-20T23:30:41","slug":"comunidade-sao-miguel-arcanjo-agradece-a-presenca-na-festa-junina","status":"publish","type":"post","link":"https:\/\/www.oarcanjo.net\/site\/comunidade-sao-miguel-arcanjo-agradece-a-presenca-na-festa-junina\/","title":{"rendered":"Comunidade S\u00e3o Miguel Arcanjo agradece a presen\u00e7a na Festa Junina"},"content":{"rendered":"<p>A comunidade S\u00e3o Miguel Arcanjo agradece a todas as pessoas que estiveram presentes nos dois dias de quermesse e que colaboraram com o sucesso de nossa <strong>Festa Junina<\/strong>.<\/p>\n<p>Quem participou gostou. Todos comentavam sobre o clima acolhedor e a comunh\u00e3o entre os participantes.\u00a0Foi um momento muito forte de vida em comunidade.<\/p>\n<p>Agradecemos ao Padre Julio pela confian\u00e7a depositada na equipe de trabalho e, sobretudo, pela participa\u00e7\u00e3o dele, com alegria, nos dois dias de festa.<\/p>\n<p>Somos gratos tamb\u00e9m aos doadores da comunidade, das empresas e organiza\u00e7\u00f5es da regi\u00e3o que contribu\u00edram para que nossa festa fosse poss\u00edvel:<\/p>\n<table border=\"0\" width=\"500\" cellspacing=\"0\" cellpadding=\"4\">\n<tbody>\n<tr>\n<td align=\"center\" valign=\"middle\" width=\"25%\"><img loading=\"lazy\" decoding=\"async\" class=\"alignnone wp-image-40693 \" src=\"http:\/\/www.oarcanjo.net\/site\/wp-content\/uploads\/logo-prevent-senior.png\" alt=\"Prevent Senior\" width=\"207\" height=\"124\" \/><\/td>\n<td align=\"center\" valign=\"middle\" width=\"25%\"><img loading=\"lazy\" decoding=\"async\" class=\"alignnone size-full wp-image-18119\" src=\"http:\/\/www.oarcanjo.net\/site\/wp-content\/uploads\/universidade-sao-judas.png\" alt=\"Universidade S\u00e3o Judas\" width=\"149\" height=\"61\" \/><\/td>\n<td align=\"center\" valign=\"middle\" width=\"25%\"><img loading=\"lazy\" decoding=\"async\" class=\"alignnone size-full wp-image-18108\" src=\"http:\/\/www.oarcanjo.net\/site\/wp-content\/uploads\/cp1.png\" alt=\"CP!\" width=\"120\" height=\"56\" \/><\/td>\n<td align=\"center\" valign=\"middle\" width=\"25%\"><\/td>\n<\/tr>\n<tr>\n<td align=\"center\" valign=\"middle\" width=\"25%\"><img loading=\"lazy\" decoding=\"async\" src=\"http:\/\/www.oarcanjo.net\/site\/wp-content\/uploads\/torres-picolomini.png\" alt=\"Torres Picolomini\" width=\"75\" height=\"63\" \/><\/td>\n<td align=\"center\" valign=\"middle\" width=\"25%\"><img loading=\"lazy\" decoding=\"async\" src=\"http:\/\/www.oarcanjo.net\/site\/wp-content\/uploads\/jbl-equipamentos.png\" alt=\"JBL Equipamentos\" width=\"101\" height=\"67\" \/><\/td>\n<td align=\"center\" valign=\"middle\" width=\"25%\"><img loading=\"lazy\" decoding=\"async\" src=\"http:\/\/www.oarcanjo.net\/site\/wp-content\/uploads\/unidosll.png\" alt=\"Unidos LL\" width=\"153\" height=\"42\" \/><\/td>\n<td align=\"center\" valign=\"middle\" width=\"25%\"><\/td>\n<\/tr>\n<tr>\n<td align=\"center\" valign=\"middle\" width=\"25%\">\u00a0<img loading=\"lazy\" decoding=\"async\" class=\"alignnone size-full wp-image-18109\" src=\"http:\/\/www.oarcanjo.net\/site\/wp-content\/uploads\/dicunto.png\" alt=\"Di Cunto\" width=\"90\" height=\"38\" \/><\/td>\n<td align=\"center\" valign=\"middle\" width=\"25%\"><img loading=\"lazy\" decoding=\"async\" src=\"http:\/\/www.oarcanjo.net\/site\/wp-content\/uploads\/logo-carasi.jpg\" alt=\"Pastif\u00edcio Carasi\" width=\"100\" height=\"64\" \/><\/td>\n<td align=\"center\" valign=\"middle\" width=\"25%\">\u00a0<img loading=\"lazy\" decoding=\"async\" title=\"Tuf\u00e3o Express\" src=\"http:\/\/www.oarcanjo.net\/site\/wp-content\/uploads\/tufao.png\" alt=\"Tuf\u00e3o Express\" width=\"165\" height=\"53\" \/><\/td>\n<td align=\"center\" valign=\"middle\" width=\"25%\"><\/td>\n<\/tr>\n<tr>\n<td align=\"center\" valign=\"middle\" width=\"25%\" height=\"20\"><img loading=\"lazy\" decoding=\"async\" class=\"alignnone size-full wp-image-18106\" title=\"ARPEC Caldeiras\" src=\"http:\/\/www.oarcanjo.net\/site\/wp-content\/uploads\/arpec-caldeiras.png\" alt=\"ARPEC Caldeiras\" width=\"150\" height=\"31\" \/><\/td>\n<td align=\"center\" valign=\"middle\" width=\"25%\" height=\"20\"><img loading=\"lazy\" decoding=\"async\" title=\"Lanchonete Taquari\" src=\"http:\/\/www.oarcanjo.net\/site\/wp-content\/uploads\/lanchonete-taquari.png\" alt=\"Lanchonete Taquari\" width=\"84\" height=\"37\" \/><\/td>\n<td align=\"center\" valign=\"middle\" width=\"25%\" height=\"20\"><img loading=\"lazy\" decoding=\"async\" src=\"http:\/\/www.oarcanjo.net\/site\/wp-content\/uploads\/logo-azsacarias.jpg\" alt=\"A. Z. Rodrigues\" width=\"177\" height=\"30\" \/><\/td>\n<td align=\"center\" valign=\"middle\" width=\"25%\" height=\"20\"><\/td>\n<\/tr>\n<tr>\n<td align=\"center\" valign=\"middle\" width=\"25%\" height=\"20\">\n<h5><span style=\"color: #000000;\">\u00a0A\u00e7ougue Medalh\u00e3o<\/span><\/h5>\n<\/td>\n<td align=\"center\" valign=\"middle\" width=\"25%\" height=\"20\">\n<h5><span style=\"color: #000000;\"><img loading=\"lazy\" decoding=\"async\" src=\"http:\/\/www.oarcanjo.net\/site\/wp-content\/uploads\/logo-padaria-cassandoca.jpg\" alt=\"Padaria Cassandoca\" width=\"100\" height=\"88\" \/><\/span><\/h5>\n<\/td>\n<td align=\"center\" valign=\"middle\" width=\"25%\" height=\"20\">\n<h5><span style=\"color: #000000;\">Padaria Santa Branca\u00a0<\/span><\/h5>\n<\/td>\n<td align=\"center\" valign=\"middle\" width=\"25%\" height=\"20\"><\/td>\n<\/tr>\n<\/tbody>\n<\/table>\n<p>E o apoio da:<\/p>\n<table border=\"0\" width=\"500\" cellspacing=\"0\" cellpadding=\"4\">\n<tbody>\n<tr>\n<td align=\"center\" valign=\"middle\" width=\"25%\"><img loading=\"lazy\" decoding=\"async\" class=\"alignnone size-full wp-image-18105\" src=\"http:\/\/www.oarcanjo.net\/site\/wp-content\/uploads\/prefeitura-sao-paulo.png\" alt=\"\" width=\"106\" height=\"86\" \/><\/td>\n<td align=\"center\" valign=\"middle\" width=\"25%\"><\/td>\n<td align=\"center\" valign=\"middle\" width=\"25%\"><\/td>\n<td align=\"center\" valign=\"middle\" width=\"25%\"><\/td>\n<\/tr>\n<tr>\n<td align=\"center\" valign=\"middle\" width=\"25%\" height=\"20\"><\/td>\n<td align=\"center\" valign=\"middle\" width=\"25%\" height=\"20\"><\/td>\n<td align=\"center\" valign=\"middle\" width=\"25%\" height=\"20\"><\/td>\n<td align=\"center\" valign=\"middle\" width=\"25%\" height=\"20\"><\/td>\n<\/tr>\n<\/tbody>\n<\/table>\n<p><strong>Em breve aqui, a cobertura da festa com imagens marcantes deste final de semana inesquec\u00edvel para nossa comunidade!<\/strong><\/p>\n<div id=\"themify_builder_content-44685\" data-postid=\"44685\" class=\"themify_builder_content themify_builder_content-44685 themify_builder themify_builder_front\">\n\t<\/div>\n<!-- \/themify_builder_content -->","protected":false},"excerpt":{"rendered":"<p>A comunidade S\u00e3o Miguel Arcanjo agradece a todas as pessoas que estiveram presentes nos dois dias de quermesse e que colaboraram com o sucesso de nossa Festa Junina. Quem participou gostou. Todos comentavam sobre o clima acolhedor e a comunh\u00e3o entre os participantes.\u00a0Foi um momento muito forte de vida em comunidade. Agradecemos ao Padre Julio [&hellip;]<\/p>\n","protected":false},"author":5,"featured_media":0,"comment_status":"open","ping_status":"open","sticky":false,"template":"","format":"standard","meta":{"ngg_post_thumbnail":0,"footnotes":""},"categories":[8,7],"tags":[2219,2209,2211,24,2216,766,2210,2218,2214,765,828,10,867,2213],"yoast_head":"<!-- This site is optimized with the Yoast SEO plugin v23.5 - https:\/\/yoast.com\/wordpress\/plugins\/seo\/ -->\n<title>Comunidade S\u00e3o Miguel Arcanjo agradece a presen\u00e7a na Festa Junina - O Arcanjo no ar<\/title>\n<meta name=\"robots\" content=\"index, follow, max-snippet:-1, max-image-preview:large, max-video-preview:-1\" \/>\n<link rel=\"canonical\" href=\"https:\/\/www.oarcanjo.net\/site\/comunidade-sao-miguel-arcanjo-agradece-a-presenca-na-festa-junina\/\" \/>\n<meta property=\"og:locale\" content=\"pt_BR\" \/>\n<meta property=\"og:type\" content=\"article\" \/>\n<meta property=\"og:title\" content=\"Comunidade S\u00e3o Miguel Arcanjo agradece a presen\u00e7a na Festa Junina - O Arcanjo no ar\" \/>\n<meta property=\"og:description\" content=\"A comunidade S\u00e3o Miguel Arcanjo agradece a todas as pessoas que estiveram presentes nos dois dias de quermesse e que colaboraram com o sucesso de nossa Festa Junina. Quem participou gostou. Todos comentavam sobre o clima acolhedor e a comunh\u00e3o entre os participantes.\u00a0Foi um momento muito forte de vida em comunidade. Agradecemos ao Padre Julio [&hellip;]\" \/>\n<meta property=\"og:url\" content=\"https:\/\/www.oarcanjo.net\/site\/comunidade-sao-miguel-arcanjo-agradece-a-presenca-na-festa-junina\/\" \/>\n<meta property=\"og:site_name\" content=\"O Arcanjo no ar\" \/>\n<meta property=\"article:publisher\" content=\"https:\/\/www.facebook.com\/OArcanjoNoAr\/\" \/>\n<meta property=\"article:published_time\" content=\"2014-06-09T11:18:23+00:00\" \/>\n<meta property=\"article:modified_time\" content=\"2014-06-20T23:30:41+00:00\" \/>\n<meta property=\"og:image\" content=\"http:\/\/www.oarcanjo.net\/site\/wp-content\/uploads\/logo-prevent-senior.png\" \/>\n<meta name=\"author\" content=\"editor\" \/>\n<meta name=\"twitter:card\" content=\"summary_large_image\" \/>\n<meta name=\"twitter:label1\" content=\"Escrito por\" \/>\n\t<meta name=\"twitter:data1\" content=\"editor\" \/>\n\t<meta name=\"twitter:label2\" content=\"Est. tempo de leitura\" \/>\n\t<meta name=\"twitter:data2\" content=\"1 minuto\" \/>\n<script type=\"application\/ld+json\" class=\"yoast-schema-graph\">{\"@context\":\"https:\/\/schema.org\",\"@graph\":[{\"@type\":\"Article\",\"@id\":\"https:\/\/www.oarcanjo.net\/site\/comunidade-sao-miguel-arcanjo-agradece-a-presenca-na-festa-junina\/#article\",\"isPartOf\":{\"@id\":\"https:\/\/www.oarcanjo.net\/site\/comunidade-sao-miguel-arcanjo-agradece-a-presenca-na-festa-junina\/\"},\"author\":{\"name\":\"editor\",\"@id\":\"https:\/\/www.oarcanjo.net\/site\/#\/schema\/person\/f7024d007863202483a31326673a0838\"},\"headline\":\"Comunidade S\u00e3o Miguel Arcanjo agradece a presen\u00e7a na Festa Junina\",\"datePublished\":\"2014-06-09T11:18:23+00:00\",\"dateModified\":\"2014-06-20T23:30:41+00:00\",\"mainEntityOfPage\":{\"@id\":\"https:\/\/www.oarcanjo.net\/site\/comunidade-sao-miguel-arcanjo-agradece-a-presenca-na-festa-junina\/\"},\"wordCount\":147,\"commentCount\":0,\"publisher\":{\"@id\":\"https:\/\/www.oarcanjo.net\/site\/#organization\"},\"image\":{\"@id\":\"https:\/\/www.oarcanjo.net\/site\/comunidade-sao-miguel-arcanjo-agradece-a-presenca-na-festa-junina\/#primaryimage\"},\"thumbnailUrl\":\"http:\/\/www.oarcanjo.net\/site\/wp-content\/uploads\/logo-prevent-senior.png\",\"keywords\":[\"Boca do Palha\u00e7o\",\"Caldo verde\",\"Churrasco\",\"comunidade\",\"Crepe\",\"festa junina\",\"Macarr\u00e3o\",\"Pescaria\",\"Quent\u00e3o\",\"Santo Ant\u00f4nio\",\"S\u00e3o Jo\u00e3o\",\"S\u00e3o Miguel Arcanjo\",\"S\u00e3o Pedro\",\"Vinho quente\"],\"articleSection\":[\"Not\u00edcias\",\"Rosto da comunidade\"],\"inLanguage\":\"pt-BR\",\"potentialAction\":[{\"@type\":\"CommentAction\",\"name\":\"Comment\",\"target\":[\"https:\/\/www.oarcanjo.net\/site\/comunidade-sao-miguel-arcanjo-agradece-a-presenca-na-festa-junina\/#respond\"]}]},{\"@type\":\"WebPage\",\"@id\":\"https:\/\/www.oarcanjo.net\/site\/comunidade-sao-miguel-arcanjo-agradece-a-presenca-na-festa-junina\/\",\"url\":\"https:\/\/www.oarcanjo.net\/site\/comunidade-sao-miguel-arcanjo-agradece-a-presenca-na-festa-junina\/\",\"name\":\"Comunidade S\u00e3o Miguel Arcanjo agradece a presen\u00e7a na Festa Junina - O Arcanjo no ar\",\"isPartOf\":{\"@id\":\"https:\/\/www.oarcanjo.net\/site\/#website\"},\"primaryImageOfPage\":{\"@id\":\"https:\/\/www.oarcanjo.net\/site\/comunidade-sao-miguel-arcanjo-agradece-a-presenca-na-festa-junina\/#primaryimage\"},\"image\":{\"@id\":\"https:\/\/www.oarcanjo.net\/site\/comunidade-sao-miguel-arcanjo-agradece-a-presenca-na-festa-junina\/#primaryimage\"},\"thumbnailUrl\":\"http:\/\/www.oarcanjo.net\/site\/wp-content\/uploads\/logo-prevent-senior.png\",\"datePublished\":\"2014-06-09T11:18:23+00:00\",\"dateModified\":\"2014-06-20T23:30:41+00:00\",\"breadcrumb\":{\"@id\":\"https:\/\/www.oarcanjo.net\/site\/comunidade-sao-miguel-arcanjo-agradece-a-presenca-na-festa-junina\/#breadcrumb\"},\"inLanguage\":\"pt-BR\",\"potentialAction\":[{\"@type\":\"ReadAction\",\"target\":[\"https:\/\/www.oarcanjo.net\/site\/comunidade-sao-miguel-arcanjo-agradece-a-presenca-na-festa-junina\/\"]}]},{\"@type\":\"ImageObject\",\"inLanguage\":\"pt-BR\",\"@id\":\"https:\/\/www.oarcanjo.net\/site\/comunidade-sao-miguel-arcanjo-agradece-a-presenca-na-festa-junina\/#primaryimage\",\"url\":\"https:\/\/www.oarcanjo.net\/site\/wp-content\/uploads\/logo-prevent-senior.png\",\"contentUrl\":\"https:\/\/www.oarcanjo.net\/site\/wp-content\/uploads\/logo-prevent-senior.png\",\"width\":230,\"height\":138,\"caption\":\"Prevent Senior\"},{\"@type\":\"BreadcrumbList\",\"@id\":\"https:\/\/www.oarcanjo.net\/site\/comunidade-sao-miguel-arcanjo-agradece-a-presenca-na-festa-junina\/#breadcrumb\",\"itemListElement\":[{\"@type\":\"ListItem\",\"position\":1,\"name\":\"In\u00edcio\",\"item\":\"https:\/\/www.oarcanjo.net\/site\/\"},{\"@type\":\"ListItem\",\"position\":2,\"name\":\"Comunidade S\u00e3o Miguel Arcanjo agradece a presen\u00e7a na Festa Junina\"}]},{\"@type\":\"WebSite\",\"@id\":\"https:\/\/www.oarcanjo.net\/site\/#website\",\"url\":\"https:\/\/www.oarcanjo.net\/site\/\",\"name\":\"O Arcanjo no ar\",\"description\":\"Site da Par\u00f3quia S\u00e3o Miguel Arcanjo (Arquidiocese de SP)\",\"publisher\":{\"@id\":\"https:\/\/www.oarcanjo.net\/site\/#organization\"},\"potentialAction\":[{\"@type\":\"SearchAction\",\"target\":{\"@type\":\"EntryPoint\",\"urlTemplate\":\"https:\/\/www.oarcanjo.net\/site\/?s={search_term_string}\"},\"query-input\":{\"@type\":\"PropertyValueSpecification\",\"valueRequired\":true,\"valueName\":\"search_term_string\"}}],\"inLanguage\":\"pt-BR\"},{\"@type\":\"Organization\",\"@id\":\"https:\/\/www.oarcanjo.net\/site\/#organization\",\"name\":\"Par\u00f3quia S\u00e3o Miguel Arcanjo\",\"url\":\"https:\/\/www.oarcanjo.net\/site\/\",\"logo\":{\"@type\":\"ImageObject\",\"inLanguage\":\"pt-BR\",\"@id\":\"https:\/\/www.oarcanjo.net\/site\/#\/schema\/logo\/image\/\",\"url\":\"https:\/\/www.oarcanjo.net\/site\/wp-content\/uploads\/LogoOArcanjo.png\",\"contentUrl\":\"https:\/\/www.oarcanjo.net\/site\/wp-content\/uploads\/LogoOArcanjo.png\",\"width\":319,\"height\":99,\"caption\":\"Par\u00f3quia S\u00e3o Miguel Arcanjo\"},\"image\":{\"@id\":\"https:\/\/www.oarcanjo.net\/site\/#\/schema\/logo\/image\/\"},\"sameAs\":[\"https:\/\/www.facebook.com\/OArcanjoNoAr\/\"]},{\"@type\":\"Person\",\"@id\":\"https:\/\/www.oarcanjo.net\/site\/#\/schema\/person\/f7024d007863202483a31326673a0838\",\"name\":\"editor\",\"sameAs\":[\"http:\/\/www.oarcanjo.net\"]}]}<\/script>\n<!-- \/ Yoast SEO plugin. -->","yoast_head_json":{"title":"Comunidade S\u00e3o Miguel Arcanjo agradece a presen\u00e7a na Festa Junina - O Arcanjo no ar","robots":{"index":"index","follow":"follow","max-snippet":"max-snippet:-1","max-image-preview":"max-image-preview:large","max-video-preview":"max-video-preview:-1"},"canonical":"https:\/\/www.oarcanjo.net\/site\/comunidade-sao-miguel-arcanjo-agradece-a-presenca-na-festa-junina\/","og_locale":"pt_BR","og_type":"article","og_title":"Comunidade S\u00e3o Miguel Arcanjo agradece a presen\u00e7a na Festa Junina - O Arcanjo no ar","og_description":"A comunidade S\u00e3o Miguel Arcanjo agradece a todas as pessoas que estiveram presentes nos dois dias de quermesse e que colaboraram com o sucesso de nossa Festa Junina. Quem participou gostou. Todos comentavam sobre o clima acolhedor e a comunh\u00e3o entre os participantes.\u00a0Foi um momento muito forte de vida em comunidade. Agradecemos ao Padre Julio [&hellip;]","og_url":"https:\/\/www.oarcanjo.net\/site\/comunidade-sao-miguel-arcanjo-agradece-a-presenca-na-festa-junina\/","og_site_name":"O Arcanjo no ar","article_publisher":"https:\/\/www.facebook.com\/OArcanjoNoAr\/","article_published_time":"2014-06-09T11:18:23+00:00","article_modified_time":"2014-06-20T23:30:41+00:00","og_image":[{"url":"http:\/\/www.oarcanjo.net\/site\/wp-content\/uploads\/logo-prevent-senior.png"}],"author":"editor","twitter_card":"summary_large_image","twitter_misc":{"Escrito por":"editor","Est. tempo de leitura":"1 minuto"},"schema":{"@context":"https:\/\/schema.org","@graph":[{"@type":"Article","@id":"https:\/\/www.oarcanjo.net\/site\/comunidade-sao-miguel-arcanjo-agradece-a-presenca-na-festa-junina\/#article","isPartOf":{"@id":"https:\/\/www.oarcanjo.net\/site\/comunidade-sao-miguel-arcanjo-agradece-a-presenca-na-festa-junina\/"},"author":{"name":"editor","@id":"https:\/\/www.oarcanjo.net\/site\/#\/schema\/person\/f7024d007863202483a31326673a0838"},"headline":"Comunidade S\u00e3o Miguel Arcanjo agradece a presen\u00e7a na Festa Junina","datePublished":"2014-06-09T11:18:23+00:00","dateModified":"2014-06-20T23:30:41+00:00","mainEntityOfPage":{"@id":"https:\/\/www.oarcanjo.net\/site\/comunidade-sao-miguel-arcanjo-agradece-a-presenca-na-festa-junina\/"},"wordCount":147,"commentCount":0,"publisher":{"@id":"https:\/\/www.oarcanjo.net\/site\/#organization"},"image":{"@id":"https:\/\/www.oarcanjo.net\/site\/comunidade-sao-miguel-arcanjo-agradece-a-presenca-na-festa-junina\/#primaryimage"},"thumbnailUrl":"http:\/\/www.oarcanjo.net\/site\/wp-content\/uploads\/logo-prevent-senior.png","keywords":["Boca do Palha\u00e7o","Caldo verde","Churrasco","comunidade","Crepe","festa junina","Macarr\u00e3o","Pescaria","Quent\u00e3o","Santo Ant\u00f4nio","S\u00e3o Jo\u00e3o","S\u00e3o Miguel Arcanjo","S\u00e3o Pedro","Vinho quente"],"articleSection":["Not\u00edcias","Rosto da comunidade"],"inLanguage":"pt-BR","potentialAction":[{"@type":"CommentAction","name":"Comment","target":["https:\/\/www.oarcanjo.net\/site\/comunidade-sao-miguel-arcanjo-agradece-a-presenca-na-festa-junina\/#respond"]}]},{"@type":"WebPage","@id":"https:\/\/www.oarcanjo.net\/site\/comunidade-sao-miguel-arcanjo-agradece-a-presenca-na-festa-junina\/","url":"https:\/\/www.oarcanjo.net\/site\/comunidade-sao-miguel-arcanjo-agradece-a-presenca-na-festa-junina\/","name":"Comunidade S\u00e3o Miguel Arcanjo agradece a presen\u00e7a na Festa Junina - O Arcanjo no ar","isPartOf":{"@id":"https:\/\/www.oarcanjo.net\/site\/#website"},"primaryImageOfPage":{"@id":"https:\/\/www.oarcanjo.net\/site\/comunidade-sao-miguel-arcanjo-agradece-a-presenca-na-festa-junina\/#primaryimage"},"image":{"@id":"https:\/\/www.oarcanjo.net\/site\/comunidade-sao-miguel-arcanjo-agradece-a-presenca-na-festa-junina\/#primaryimage"},"thumbnailUrl":"http:\/\/www.oarcanjo.net\/site\/wp-content\/uploads\/logo-prevent-senior.png","datePublished":"2014-06-09T11:18:23+00:00","dateModified":"2014-06-20T23:30:41+00:00","breadcrumb":{"@id":"https:\/\/www.oarcanjo.net\/site\/comunidade-sao-miguel-arcanjo-agradece-a-presenca-na-festa-junina\/#breadcrumb"},"inLanguage":"pt-BR","potentialAction":[{"@type":"ReadAction","target":["https:\/\/www.oarcanjo.net\/site\/comunidade-sao-miguel-arcanjo-agradece-a-presenca-na-festa-junina\/"]}]},{"@type":"ImageObject","inLanguage":"pt-BR","@id":"https:\/\/www.oarcanjo.net\/site\/comunidade-sao-miguel-arcanjo-agradece-a-presenca-na-festa-junina\/#primaryimage","url":"https:\/\/www.oarcanjo.net\/site\/wp-content\/uploads\/logo-prevent-senior.png","contentUrl":"https:\/\/www.oarcanjo.net\/site\/wp-content\/uploads\/logo-prevent-senior.png","width":230,"height":138,"caption":"Prevent Senior"},{"@type":"BreadcrumbList","@id":"https:\/\/www.oarcanjo.net\/site\/comunidade-sao-miguel-arcanjo-agradece-a-presenca-na-festa-junina\/#breadcrumb","itemListElement":[{"@type":"ListItem","position":1,"name":"In\u00edcio","item":"https:\/\/www.oarcanjo.net\/site\/"},{"@type":"ListItem","position":2,"name":"Comunidade S\u00e3o Miguel Arcanjo agradece a presen\u00e7a na Festa Junina"}]},{"@type":"WebSite","@id":"https:\/\/www.oarcanjo.net\/site\/#website","url":"https:\/\/www.oarcanjo.net\/site\/","name":"O Arcanjo no ar","description":"Site da Par\u00f3quia S\u00e3o Miguel Arcanjo (Arquidiocese de SP)","publisher":{"@id":"https:\/\/www.oarcanjo.net\/site\/#organization"},"potentialAction":[{"@type":"SearchAction","target":{"@type":"EntryPoint","urlTemplate":"https:\/\/www.oarcanjo.net\/site\/?s={search_term_string}"},"query-input":{"@type":"PropertyValueSpecification","valueRequired":true,"valueName":"search_term_string"}}],"inLanguage":"pt-BR"},{"@type":"Organization","@id":"https:\/\/www.oarcanjo.net\/site\/#organization","name":"Par\u00f3quia S\u00e3o Miguel Arcanjo","url":"https:\/\/www.oarcanjo.net\/site\/","logo":{"@type":"ImageObject","inLanguage":"pt-BR","@id":"https:\/\/www.oarcanjo.net\/site\/#\/schema\/logo\/image\/","url":"https:\/\/www.oarcanjo.net\/site\/wp-content\/uploads\/LogoOArcanjo.png","contentUrl":"https:\/\/www.oarcanjo.net\/site\/wp-content\/uploads\/LogoOArcanjo.png","width":319,"height":99,"caption":"Par\u00f3quia S\u00e3o Miguel Arcanjo"},"image":{"@id":"https:\/\/www.oarcanjo.net\/site\/#\/schema\/logo\/image\/"},"sameAs":["https:\/\/www.facebook.com\/OArcanjoNoAr\/"]},{"@type":"Person","@id":"https:\/\/www.oarcanjo.net\/site\/#\/schema\/person\/f7024d007863202483a31326673a0838","name":"editor","sameAs":["http:\/\/www.oarcanjo.net"]}]}},"publishpress_future_action":{"enabled":false,"date":"2026-05-09 09:31:10","action":"category","newStatus":"draft","terms":[],"taxonomy":"category"},"publishpress_future_workflow_manual_trigger":{"enabledWorkflows":[]},"_links":{"self":[{"href":"https:\/\/www.oarcanjo.net\/site\/wp-json\/wp\/v2\/posts\/44685"}],"collection":[{"href":"https:\/\/www.oarcanjo.net\/site\/wp-json\/wp\/v2\/posts"}],"about":[{"href":"https:\/\/www.oarcanjo.net\/site\/wp-json\/wp\/v2\/types\/post"}],"author":[{"embeddable":true,"href":"https:\/\/www.oarcanjo.net\/site\/wp-json\/wp\/v2\/users\/5"}],"replies":[{"embeddable":true,"href":"https:\/\/www.oarcanjo.net\/site\/wp-json\/wp\/v2\/comments?post=44685"}],"version-history":[{"count":0,"href":"https:\/\/www.oarcanjo.net\/site\/wp-json\/wp\/v2\/posts\/44685\/revisions"}],"wp:attachment":[{"href":"https:\/\/www.oarcanjo.net\/site\/wp-json\/wp\/v2\/media?parent=44685"}],"wp:term":[{"taxonomy":"category","embeddable":true,"href":"https:\/\/www.oarcanjo.net\/site\/wp-json\/wp\/v2\/categories?post=44685"},{"taxonomy":"post_tag","embeddable":true,"href":"https:\/\/www.oarcanjo.net\/site\/wp-json\/wp\/v2\/tags?post=44685"}],"curies":[{"name":"wp","href":"https:\/\/api.w.org\/{rel}","templated":true}]}}