
{"id":44713,"date":"2014-06-09T19:59:53","date_gmt":"2014-06-09T22:59:53","guid":{"rendered":"http:\/\/www.oarcanjo.net\/site\/?p=44713"},"modified":"2014-06-10T22:59:39","modified_gmt":"2014-06-11T01:59:39","slug":"pentecostes-na-capela-da-universidade-sao-judas-tadeu-com-a-bandeira-da-paz","status":"publish","type":"post","link":"https:\/\/www.oarcanjo.net\/site\/pentecostes-na-capela-da-universidade-sao-judas-tadeu-com-a-bandeira-da-paz\/","title":{"rendered":"Pentecostes na Capela da Universidade S\u00e3o Judas Tadeu com a Bandeira da Paz"},"content":{"rendered":"<p>O vermelho vivo nos paramentos e a reflex\u00e3o de Pentecostes, neste domingo 08\/06\/14, na missa das dez na Capela da Universidade S\u00e3o Judas Tadeu.<\/p>\n<p>&#8220;Na manh\u00e3 luminosa de Pentecostes, Jerusal\u00e9m tornou-se um sinal vis\u00edvel da comunh\u00e3o que a miss\u00e3o do Filho e do Esp\u00edrito realizou no mundo. Os povos se entendiam, as m\u00e3os se encontravam em atitude de louvor e fraternidade. \u00c9 a mesma experi\u00eancia que revivemos ao celebrar, dois mil anos depois, o Dia de Pentecostes.&#8221; (O Povo de Deus).<\/p>\n<p>A sequ\u00eancia cantada:<\/p>\n<p>A n\u00f3s descei, divina luz! * A n\u00f3s descei, divina luz! * Em nossas almas acendei * O amor, o amor de Jesus! (bis)<\/p>\n<p>1. Vinde, Santo Esp\u00edrito * e do c\u00e9u mandai * luminoso raio! (bis) \u2022 Vinde, Pai dos pobres, * doador dos dons, * Luz dos cora\u00e7\u00f5es! (bis) \u2022 Grande defensor, * em n\u00f3s habitai * e nos confortai! (bis) \u2022 Na fadiga pouso, * no ardor brandura * e na dor ternura. (bis)<\/p>\n<p>2. \u00d3 luz venturosa, * divinais clar\u00f5es * encham os cora\u00e7\u00f5es! (bis) \u2022 Sem um tal poder, * em qualquer vivente, * nada h\u00e1 de inocente! (bis) \u2022 Lavai o impuro * e regai o seco, * sarai o enfermo! (bis) \u2022 Dobrai a dureza, * aquecei o frio, * livrai do desvio! (bis)<\/p>\n<p>3. Aos fi\u00e9is, que oram * com vibrantes sons, * dai os sete dons! (bis) \u2022 Dai virtude e pr\u00eamio * e no fim dos dias * eterna alegria! (bis) \u2022 Aleluia! Aleluia!\u00a0 * Aleluia! (bis) \u2022 Aleluia! Aleluia!\u00a0 * Aleluia! (bis)<\/p>\n<p>No Evangelho segundo Jo\u00e3o (jo 20, 19-23:\u00a0&#8220;Ao anoitecer daquele dia, o primeiro da semana, estando fechadas, por medo dos judeus, as portas do lugar onde os disc\u00edpulos se encontravam, Jesus entrou e pondo-se no meio deles, disse: \u201cA paz esteja convosco\u201d. Depois dessas palavras, mostrou-lhes as m\u00e3os e o lado. Ent\u00e3o os disc\u00edpulos se alegraram por verem o Senhor. Novamente, Jesus disse: \u201cA paz esteja convosco. Como o Pai me enviou, tamb\u00e9m eu vos envio\u201d. E depois de ter dito isto, soprou sobre eles e disse: \u201cRecebei o Esp\u00edrito Santo. A quem perdoardes os pecados, eles lhes ser\u00e3o perdoados; a quem n\u00e3o os perdoardes, eles lhes ser\u00e3o retidos\u201d.<\/p>\n<p>Aqui as fotos, incluindo a bandeira da Paz carregada pela Ana<\/p>\nngg_shortcode_0_placeholder\n<div id=\"themify_builder_content-44713\" data-postid=\"44713\" class=\"themify_builder_content themify_builder_content-44713 themify_builder themify_builder_front\">\n\t<\/div>\n<!-- \/themify_builder_content -->","protected":false},"excerpt":{"rendered":"<p>O vermelho vivo nos paramentos e a reflex\u00e3o de Pentecostes, neste domingo 08\/06\/14, na missa das dez na Capela da Universidade S\u00e3o Judas Tadeu. &#8220;Na manh\u00e3 luminosa de Pentecostes, Jerusal\u00e9m tornou-se um sinal vis\u00edvel da comunh\u00e3o que a miss\u00e3o do Filho e do Esp\u00edrito realizou no mundo. Os povos se entendiam, as m\u00e3os se encontravam [&hellip;]<\/p>\n","protected":false},"author":10,"featured_media":0,"comment_status":"open","ping_status":"open","sticky":false,"template":"","format":"standard","meta":{"ngg_post_thumbnail":0,"footnotes":""},"categories":[8,7],"tags":[],"yoast_head":"<!-- This site is optimized with the Yoast SEO plugin v23.5 - https:\/\/yoast.com\/wordpress\/plugins\/seo\/ -->\n<title>Pentecostes na Capela da Universidade S\u00e3o Judas Tadeu com a Bandeira da Paz - O Arcanjo no ar<\/title>\n<meta name=\"robots\" content=\"index, follow, max-snippet:-1, max-image-preview:large, max-video-preview:-1\" \/>\n<link rel=\"canonical\" href=\"https:\/\/www.oarcanjo.net\/site\/pentecostes-na-capela-da-universidade-sao-judas-tadeu-com-a-bandeira-da-paz\/\" \/>\n<meta property=\"og:locale\" content=\"pt_BR\" \/>\n<meta property=\"og:type\" content=\"article\" \/>\n<meta property=\"og:title\" content=\"Pentecostes na Capela da Universidade S\u00e3o Judas Tadeu com a Bandeira da Paz - O Arcanjo no ar\" \/>\n<meta property=\"og:description\" content=\"O vermelho vivo nos paramentos e a reflex\u00e3o de Pentecostes, neste domingo 08\/06\/14, na missa das dez na Capela da Universidade S\u00e3o Judas Tadeu. &#8220;Na manh\u00e3 luminosa de Pentecostes, Jerusal\u00e9m tornou-se um sinal vis\u00edvel da comunh\u00e3o que a miss\u00e3o do Filho e do Esp\u00edrito realizou no mundo. Os povos se entendiam, as m\u00e3os se encontravam [&hellip;]\" \/>\n<meta property=\"og:url\" content=\"https:\/\/www.oarcanjo.net\/site\/pentecostes-na-capela-da-universidade-sao-judas-tadeu-com-a-bandeira-da-paz\/\" \/>\n<meta property=\"og:site_name\" content=\"O Arcanjo no ar\" \/>\n<meta property=\"article:publisher\" content=\"https:\/\/www.facebook.com\/OArcanjoNoAr\/\" \/>\n<meta property=\"article:published_time\" content=\"2014-06-09T22:59:53+00:00\" \/>\n<meta property=\"article:modified_time\" content=\"2014-06-11T01:59:39+00:00\" \/>\n<meta property=\"og:image\" content=\"https:\/\/www.oarcanjo.net\/site\/wp-content\/uploads\/logo-o-arcanjo-no-ar-facebook.png\" \/>\n\t<meta property=\"og:image:width\" content=\"300\" \/>\n\t<meta property=\"og:image:height\" content=\"300\" \/>\n\t<meta property=\"og:image:type\" content=\"image\/png\" \/>\n<meta name=\"author\" content=\"carlos\" \/>\n<meta name=\"twitter:card\" content=\"summary_large_image\" \/>\n<meta name=\"twitter:label1\" content=\"Escrito por\" \/>\n\t<meta name=\"twitter:data1\" content=\"carlos\" \/>\n\t<meta name=\"twitter:label2\" content=\"Est. tempo de leitura\" \/>\n\t<meta name=\"twitter:data2\" content=\"2 minutos\" \/>\n<script type=\"application\/ld+json\" class=\"yoast-schema-graph\">{\"@context\":\"https:\/\/schema.org\",\"@graph\":[{\"@type\":\"Article\",\"@id\":\"https:\/\/www.oarcanjo.net\/site\/pentecostes-na-capela-da-universidade-sao-judas-tadeu-com-a-bandeira-da-paz\/#article\",\"isPartOf\":{\"@id\":\"https:\/\/www.oarcanjo.net\/site\/pentecostes-na-capela-da-universidade-sao-judas-tadeu-com-a-bandeira-da-paz\/\"},\"author\":{\"name\":\"carlos\",\"@id\":\"https:\/\/www.oarcanjo.net\/site\/#\/schema\/person\/f7870e710d8c8c30673de3a0ac2e451d\"},\"headline\":\"Pentecostes na Capela da Universidade S\u00e3o Judas Tadeu com a Bandeira da Paz\",\"datePublished\":\"2014-06-09T22:59:53+00:00\",\"dateModified\":\"2014-06-11T01:59:39+00:00\",\"mainEntityOfPage\":{\"@id\":\"https:\/\/www.oarcanjo.net\/site\/pentecostes-na-capela-da-universidade-sao-judas-tadeu-com-a-bandeira-da-paz\/\"},\"wordCount\":382,\"commentCount\":0,\"publisher\":{\"@id\":\"https:\/\/www.oarcanjo.net\/site\/#organization\"},\"articleSection\":[\"Not\u00edcias\",\"Rosto da comunidade\"],\"inLanguage\":\"pt-BR\",\"potentialAction\":[{\"@type\":\"CommentAction\",\"name\":\"Comment\",\"target\":[\"https:\/\/www.oarcanjo.net\/site\/pentecostes-na-capela-da-universidade-sao-judas-tadeu-com-a-bandeira-da-paz\/#respond\"]}]},{\"@type\":\"WebPage\",\"@id\":\"https:\/\/www.oarcanjo.net\/site\/pentecostes-na-capela-da-universidade-sao-judas-tadeu-com-a-bandeira-da-paz\/\",\"url\":\"https:\/\/www.oarcanjo.net\/site\/pentecostes-na-capela-da-universidade-sao-judas-tadeu-com-a-bandeira-da-paz\/\",\"name\":\"Pentecostes na Capela da Universidade S\u00e3o Judas Tadeu com a Bandeira da Paz - O Arcanjo no ar\",\"isPartOf\":{\"@id\":\"https:\/\/www.oarcanjo.net\/site\/#website\"},\"datePublished\":\"2014-06-09T22:59:53+00:00\",\"dateModified\":\"2014-06-11T01:59:39+00:00\",\"breadcrumb\":{\"@id\":\"https:\/\/www.oarcanjo.net\/site\/pentecostes-na-capela-da-universidade-sao-judas-tadeu-com-a-bandeira-da-paz\/#breadcrumb\"},\"inLanguage\":\"pt-BR\",\"potentialAction\":[{\"@type\":\"ReadAction\",\"target\":[\"https:\/\/www.oarcanjo.net\/site\/pentecostes-na-capela-da-universidade-sao-judas-tadeu-com-a-bandeira-da-paz\/\"]}]},{\"@type\":\"BreadcrumbList\",\"@id\":\"https:\/\/www.oarcanjo.net\/site\/pentecostes-na-capela-da-universidade-sao-judas-tadeu-com-a-bandeira-da-paz\/#breadcrumb\",\"itemListElement\":[{\"@type\":\"ListItem\",\"position\":1,\"name\":\"In\u00edcio\",\"item\":\"https:\/\/www.oarcanjo.net\/site\/\"},{\"@type\":\"ListItem\",\"position\":2,\"name\":\"Pentecostes na Capela da Universidade S\u00e3o Judas Tadeu com a Bandeira da Paz\"}]},{\"@type\":\"WebSite\",\"@id\":\"https:\/\/www.oarcanjo.net\/site\/#website\",\"url\":\"https:\/\/www.oarcanjo.net\/site\/\",\"name\":\"O Arcanjo no ar\",\"description\":\"Site da Par\u00f3quia S\u00e3o Miguel Arcanjo (Arquidiocese de SP)\",\"publisher\":{\"@id\":\"https:\/\/www.oarcanjo.net\/site\/#organization\"},\"potentialAction\":[{\"@type\":\"SearchAction\",\"target\":{\"@type\":\"EntryPoint\",\"urlTemplate\":\"https:\/\/www.oarcanjo.net\/site\/?s={search_term_string}\"},\"query-input\":{\"@type\":\"PropertyValueSpecification\",\"valueRequired\":true,\"valueName\":\"search_term_string\"}}],\"inLanguage\":\"pt-BR\"},{\"@type\":\"Organization\",\"@id\":\"https:\/\/www.oarcanjo.net\/site\/#organization\",\"name\":\"Par\u00f3quia S\u00e3o Miguel Arcanjo\",\"url\":\"https:\/\/www.oarcanjo.net\/site\/\",\"logo\":{\"@type\":\"ImageObject\",\"inLanguage\":\"pt-BR\",\"@id\":\"https:\/\/www.oarcanjo.net\/site\/#\/schema\/logo\/image\/\",\"url\":\"https:\/\/www.oarcanjo.net\/site\/wp-content\/uploads\/LogoOArcanjo.png\",\"contentUrl\":\"https:\/\/www.oarcanjo.net\/site\/wp-content\/uploads\/LogoOArcanjo.png\",\"width\":319,\"height\":99,\"caption\":\"Par\u00f3quia S\u00e3o Miguel Arcanjo\"},\"image\":{\"@id\":\"https:\/\/www.oarcanjo.net\/site\/#\/schema\/logo\/image\/\"},\"sameAs\":[\"https:\/\/www.facebook.com\/OArcanjoNoAr\/\"]},{\"@type\":\"Person\",\"@id\":\"https:\/\/www.oarcanjo.net\/site\/#\/schema\/person\/f7870e710d8c8c30673de3a0ac2e451d\",\"name\":\"carlos\"}]}<\/script>\n<!-- \/ Yoast SEO plugin. -->","yoast_head_json":{"title":"Pentecostes na Capela da Universidade S\u00e3o Judas Tadeu com a Bandeira da Paz - O Arcanjo no ar","robots":{"index":"index","follow":"follow","max-snippet":"max-snippet:-1","max-image-preview":"max-image-preview:large","max-video-preview":"max-video-preview:-1"},"canonical":"https:\/\/www.oarcanjo.net\/site\/pentecostes-na-capela-da-universidade-sao-judas-tadeu-com-a-bandeira-da-paz\/","og_locale":"pt_BR","og_type":"article","og_title":"Pentecostes na Capela da Universidade S\u00e3o Judas Tadeu com a Bandeira da Paz - O Arcanjo no ar","og_description":"O vermelho vivo nos paramentos e a reflex\u00e3o de Pentecostes, neste domingo 08\/06\/14, na missa das dez na Capela da Universidade S\u00e3o Judas Tadeu. &#8220;Na manh\u00e3 luminosa de Pentecostes, Jerusal\u00e9m tornou-se um sinal vis\u00edvel da comunh\u00e3o que a miss\u00e3o do Filho e do Esp\u00edrito realizou no mundo. Os povos se entendiam, as m\u00e3os se encontravam [&hellip;]","og_url":"https:\/\/www.oarcanjo.net\/site\/pentecostes-na-capela-da-universidade-sao-judas-tadeu-com-a-bandeira-da-paz\/","og_site_name":"O Arcanjo no ar","article_publisher":"https:\/\/www.facebook.com\/OArcanjoNoAr\/","article_published_time":"2014-06-09T22:59:53+00:00","article_modified_time":"2014-06-11T01:59:39+00:00","og_image":[{"width":300,"height":300,"url":"https:\/\/www.oarcanjo.net\/site\/wp-content\/uploads\/logo-o-arcanjo-no-ar-facebook.png","type":"image\/png"}],"author":"carlos","twitter_card":"summary_large_image","twitter_misc":{"Escrito por":"carlos","Est. tempo de leitura":"2 minutos"},"schema":{"@context":"https:\/\/schema.org","@graph":[{"@type":"Article","@id":"https:\/\/www.oarcanjo.net\/site\/pentecostes-na-capela-da-universidade-sao-judas-tadeu-com-a-bandeira-da-paz\/#article","isPartOf":{"@id":"https:\/\/www.oarcanjo.net\/site\/pentecostes-na-capela-da-universidade-sao-judas-tadeu-com-a-bandeira-da-paz\/"},"author":{"name":"carlos","@id":"https:\/\/www.oarcanjo.net\/site\/#\/schema\/person\/f7870e710d8c8c30673de3a0ac2e451d"},"headline":"Pentecostes na Capela da Universidade S\u00e3o Judas Tadeu com a Bandeira da Paz","datePublished":"2014-06-09T22:59:53+00:00","dateModified":"2014-06-11T01:59:39+00:00","mainEntityOfPage":{"@id":"https:\/\/www.oarcanjo.net\/site\/pentecostes-na-capela-da-universidade-sao-judas-tadeu-com-a-bandeira-da-paz\/"},"wordCount":382,"commentCount":0,"publisher":{"@id":"https:\/\/www.oarcanjo.net\/site\/#organization"},"articleSection":["Not\u00edcias","Rosto da comunidade"],"inLanguage":"pt-BR","potentialAction":[{"@type":"CommentAction","name":"Comment","target":["https:\/\/www.oarcanjo.net\/site\/pentecostes-na-capela-da-universidade-sao-judas-tadeu-com-a-bandeira-da-paz\/#respond"]}]},{"@type":"WebPage","@id":"https:\/\/www.oarcanjo.net\/site\/pentecostes-na-capela-da-universidade-sao-judas-tadeu-com-a-bandeira-da-paz\/","url":"https:\/\/www.oarcanjo.net\/site\/pentecostes-na-capela-da-universidade-sao-judas-tadeu-com-a-bandeira-da-paz\/","name":"Pentecostes na Capela da Universidade S\u00e3o Judas Tadeu com a Bandeira da Paz - O Arcanjo no ar","isPartOf":{"@id":"https:\/\/www.oarcanjo.net\/site\/#website"},"datePublished":"2014-06-09T22:59:53+00:00","dateModified":"2014-06-11T01:59:39+00:00","breadcrumb":{"@id":"https:\/\/www.oarcanjo.net\/site\/pentecostes-na-capela-da-universidade-sao-judas-tadeu-com-a-bandeira-da-paz\/#breadcrumb"},"inLanguage":"pt-BR","potentialAction":[{"@type":"ReadAction","target":["https:\/\/www.oarcanjo.net\/site\/pentecostes-na-capela-da-universidade-sao-judas-tadeu-com-a-bandeira-da-paz\/"]}]},{"@type":"BreadcrumbList","@id":"https:\/\/www.oarcanjo.net\/site\/pentecostes-na-capela-da-universidade-sao-judas-tadeu-com-a-bandeira-da-paz\/#breadcrumb","itemListElement":[{"@type":"ListItem","position":1,"name":"In\u00edcio","item":"https:\/\/www.oarcanjo.net\/site\/"},{"@type":"ListItem","position":2,"name":"Pentecostes na Capela da Universidade S\u00e3o Judas Tadeu com a Bandeira da Paz"}]},{"@type":"WebSite","@id":"https:\/\/www.oarcanjo.net\/site\/#website","url":"https:\/\/www.oarcanjo.net\/site\/","name":"O Arcanjo no ar","description":"Site da Par\u00f3quia S\u00e3o Miguel Arcanjo (Arquidiocese de SP)","publisher":{"@id":"https:\/\/www.oarcanjo.net\/site\/#organization"},"potentialAction":[{"@type":"SearchAction","target":{"@type":"EntryPoint","urlTemplate":"https:\/\/www.oarcanjo.net\/site\/?s={search_term_string}"},"query-input":{"@type":"PropertyValueSpecification","valueRequired":true,"valueName":"search_term_string"}}],"inLanguage":"pt-BR"},{"@type":"Organization","@id":"https:\/\/www.oarcanjo.net\/site\/#organization","name":"Par\u00f3quia S\u00e3o Miguel Arcanjo","url":"https:\/\/www.oarcanjo.net\/site\/","logo":{"@type":"ImageObject","inLanguage":"pt-BR","@id":"https:\/\/www.oarcanjo.net\/site\/#\/schema\/logo\/image\/","url":"https:\/\/www.oarcanjo.net\/site\/wp-content\/uploads\/LogoOArcanjo.png","contentUrl":"https:\/\/www.oarcanjo.net\/site\/wp-content\/uploads\/LogoOArcanjo.png","width":319,"height":99,"caption":"Par\u00f3quia S\u00e3o Miguel Arcanjo"},"image":{"@id":"https:\/\/www.oarcanjo.net\/site\/#\/schema\/logo\/image\/"},"sameAs":["https:\/\/www.facebook.com\/OArcanjoNoAr\/"]},{"@type":"Person","@id":"https:\/\/www.oarcanjo.net\/site\/#\/schema\/person\/f7870e710d8c8c30673de3a0ac2e451d","name":"carlos"}]}},"publishpress_future_action":{"enabled":false,"date":"2026-05-09 06:18:55","action":"category","newStatus":"draft","terms":[],"taxonomy":"category"},"publishpress_future_workflow_manual_trigger":{"enabledWorkflows":[]},"_links":{"self":[{"href":"https:\/\/www.oarcanjo.net\/site\/wp-json\/wp\/v2\/posts\/44713"}],"collection":[{"href":"https:\/\/www.oarcanjo.net\/site\/wp-json\/wp\/v2\/posts"}],"about":[{"href":"https:\/\/www.oarcanjo.net\/site\/wp-json\/wp\/v2\/types\/post"}],"author":[{"embeddable":true,"href":"https:\/\/www.oarcanjo.net\/site\/wp-json\/wp\/v2\/users\/10"}],"replies":[{"embeddable":true,"href":"https:\/\/www.oarcanjo.net\/site\/wp-json\/wp\/v2\/comments?post=44713"}],"version-history":[{"count":0,"href":"https:\/\/www.oarcanjo.net\/site\/wp-json\/wp\/v2\/posts\/44713\/revisions"}],"wp:attachment":[{"href":"https:\/\/www.oarcanjo.net\/site\/wp-json\/wp\/v2\/media?parent=44713"}],"wp:term":[{"taxonomy":"category","embeddable":true,"href":"https:\/\/www.oarcanjo.net\/site\/wp-json\/wp\/v2\/categories?post=44713"},{"taxonomy":"post_tag","embeddable":true,"href":"https:\/\/www.oarcanjo.net\/site\/wp-json\/wp\/v2\/tags?post=44713"}],"curies":[{"name":"wp","href":"https:\/\/api.w.org\/{rel}","templated":true}]}}